{"id":168521,"date":"2020-09-11T00:01:01","date_gmt":"2020-09-11T03:01:01","guid":{"rendered":"https:\/\/aconteceunovale.com.br\/portal\/?p=168521"},"modified":"2020-09-11T00:01:18","modified_gmt":"2020-09-11T03:01:18","slug":"covid-19-brasil-tem-1295-mil-mortes-e-42-milhoes-de-casos-confirmados","status":"publish","type":"post","link":"https:\/\/aconteceunovale.com.br\/portal\/?p=168521","title":{"rendered":"Covid-19: Brasil tem 129,5 mil mortes e 4,2 milh\u00f5es de casos confirmados"},"content":{"rendered":"\n<p>A atualiza\u00e7\u00e3o do Minist\u00e9rio da Sa\u00fade divulgada na noite desta quinta-feira (10\/9\/2020) mostrou que o Brasil j\u00e1 registrou 129.522 mortes em fun\u00e7\u00e3o da Covid-19. Nas \u00faltimas 24 horas, as autoridades de sa\u00fade confirmaram 983 \u00f3bitos. Ainda h\u00e1 2.501 mortes em investiga\u00e7\u00e3o.<\/p>\n\n\n\n<p>O n\u00famero de pessoas infectadas desde o in\u00edcio da pandemia soma 4.238.446. Entre ontem e hoje, foram notificados 40.557 novos diagn\u00f3sticos positivos de infec\u00e7\u00e3o pelo coronav\u00edrus. De acordo com a atualiza\u00e7\u00e3o, 611.587 pessoas est\u00e3o em acompanhamento e mais 3.497.337 se recuperaram.<\/p>\n\n\n\n<figure class=\"wp-block-image size-large\"><img loading=\"lazy\" decoding=\"async\" width=\"678\" height=\"257\" src=\"https:\/\/aconteceunovale.com.br\/portal\/wp-content\/uploads\/2020\/09\/corona_br_10setembro.jpeg\" alt=\"\" class=\"wp-image-168522\" srcset=\"https:\/\/aconteceunovale.com.br\/portal\/wp-content\/uploads\/2020\/09\/corona_br_10setembro.jpeg 678w, https:\/\/aconteceunovale.com.br\/portal\/wp-content\/uploads\/2020\/09\/corona_br_10setembro-300x114.jpeg 300w\" sizes=\"auto, (max-width: 678px) 100vw, 678px\" \/><\/figure>\n\n\n\n<p class=\"has-white-color has-black-background-color has-text-color has-background\">Quer saber as not\u00edcias do <strong>Aconteceu no Vale<\/strong> em primeira m\u00e3o? Siga-nos no Facebook <a rel=\"noreferrer noopener\" href=\"http:\/\/facebook.com\/aconteceunovale\" target=\"_blank\">@aconteceunovale<\/a>, Twitter <a rel=\"noreferrer noopener\" href=\"https:\/\/twitter.com\/noticiadosvales\" target=\"_blank\">@noticiadosvales<\/a> e Instagram <a rel=\"noreferrer noopener\" href=\"https:\/\/www.instagram.com\/aconteceunovale\" target=\"_blank\">@aconteceunovale<\/a>.<\/p>\n","protected":false},"excerpt":{"rendered":"<p>A atualiza\u00e7\u00e3o do Minist\u00e9rio da Sa\u00fade divulgada na noite desta quinta-feira (10\/9\/2020) mostrou que o Brasil j\u00e1 registrou 129.522 mortes em fun\u00e7\u00e3o da Covid-19. Nas \u00faltimas 24 horas, as autoridades de sa\u00fade confirmaram 983 \u00f3bitos. Ainda h\u00e1 2.501 mortes em investiga\u00e7\u00e3o. O n\u00famero de pessoas infectadas desde o in\u00edcio da pandemia soma 4.238.446. Entre ontem [&hellip;]<\/p>\n","protected":false},"author":4,"featured_media":162057,"comment_status":"open","ping_status":"closed","sticky":false,"template":"","format":"standard","meta":{"amp_status":"","footnotes":""},"categories":[6,40242],"tags":[4785,220477,220660,219520,218049,218205,214884,215394,216498,218043,19326,220349,218044,218045,215653,218206,219105,219104,218876,219519,140166,217692,220478,220479,220944,220945],"class_list":["post-168521","post","type-post","status-publish","format-standard","has-post-thumbnail","hentry","category-br","category-saude-2","tag-brasil","tag-brasil-bate-recorde-de-obitos-e-casos-confirmados-em-um-dia","tag-brasil-ultrapassa-marca-de-4-mil-obitos-por-covid-19","tag-casos-confirmados-e-obitos-no-brasil","tag-casos-de-coronavirus-no-brasil","tag-casos-de-covid-19-no-brasil","tag-coronavirus","tag-coronavirus-no-brasil","tag-covid-19","tag-covid-19-no-brasil","tag-ministerio-da-saude","tag-ministerio-da-saude-atualiza-numeros-do-coronavirus-no-brasil","tag-mortes-por-coronavirus-no-brasil","tag-mortes-por-covid-19-no-brasil","tag-novo-coronavirus","tag-numero-de-casos-de-covid-19-confirmados-no-brasil","tag-numeros-da-covid-19-no-brasil","tag-numeros-do-coronavirus-no-brasil","tag-obitos-por-coronavirus-no-brasil","tag-obitos-por-covid-19-no-brasil","tag-pandemia","tag-pandemia-de-coronavirus","tag-recorde-de-obitos-por-coronavirus-no-brasil","tag-recorde-de-obitos-por-covid-19-no-brasil","tag-virus-vai-atingir-70-da-populacao","tag-virus-vai-atingir-70-da-populacao-diz-jair-bolsonaro"],"_links":{"self":[{"href":"https:\/\/aconteceunovale.com.br\/portal\/index.php?rest_route=\/wp\/v2\/posts\/168521","targetHints":{"allow":["GET"]}}],"collection":[{"href":"https:\/\/aconteceunovale.com.br\/portal\/index.php?rest_route=\/wp\/v2\/posts"}],"about":[{"href":"https:\/\/aconteceunovale.com.br\/portal\/index.php?rest_route=\/wp\/v2\/types\/post"}],"author":[{"embeddable":true,"href":"https:\/\/aconteceunovale.com.br\/portal\/index.php?rest_route=\/wp\/v2\/users\/4"}],"replies":[{"embeddable":true,"href":"https:\/\/aconteceunovale.com.br\/portal\/index.php?rest_route=%2Fwp%2Fv2%2Fcomments&post=168521"}],"version-history":[{"count":1,"href":"https:\/\/aconteceunovale.com.br\/portal\/index.php?rest_route=\/wp\/v2\/posts\/168521\/revisions"}],"predecessor-version":[{"id":168523,"href":"https:\/\/aconteceunovale.com.br\/portal\/index.php?rest_route=\/wp\/v2\/posts\/168521\/revisions\/168523"}],"wp:featuredmedia":[{"embeddable":true,"href":"https:\/\/aconteceunovale.com.br\/portal\/index.php?rest_route=\/wp\/v2\/media\/162057"}],"wp:attachment":[{"href":"https:\/\/aconteceunovale.com.br\/portal\/index.php?rest_route=%2Fwp%2Fv2%2Fmedia&parent=168521"}],"wp:term":[{"taxonomy":"category","embeddable":true,"href":"https:\/\/aconteceunovale.com.br\/portal\/index.php?rest_route=%2Fwp%2Fv2%2Fcategories&post=168521"},{"taxonomy":"post_tag","embeddable":true,"href":"https:\/\/aconteceunovale.com.br\/portal\/index.php?rest_route=%2Fwp%2Fv2%2Ftags&post=168521"}],"curies":[{"name":"wp","href":"https:\/\/api.w.org\/{rel}","templated":true}]}}