{"id":168402,"date":"2020-09-07T11:14:24","date_gmt":"2020-09-07T14:14:24","guid":{"rendered":"https:\/\/aconteceunovale.com.br\/portal\/?p=168402"},"modified":"2020-09-07T11:18:13","modified_gmt":"2020-09-07T14:18:13","slug":"os-papeis-de-dom-pedro-i-e-leopoldina-na-independencia-do-brasil","status":"publish","type":"post","link":"https:\/\/aconteceunovale.com.br\/portal\/?p=168402","title":{"rendered":"Os pap\u00e9is de Dom Pedro I e Leopoldina na Independ\u00eancia do Brasil"},"content":{"rendered":"\n<p>A Independ\u00eancia do Brasil est\u00e1 marcada pela complexidade dos atores pol\u00edticos como Dom Pedro I e Maria Leopoldina.&nbsp;\u201cO que mais me atrai nessas hist\u00f3rias s\u00e3o esses personagens envolvidos nesse processo da Independ\u00eancia. Poderia ter acontecido tudo ali\u201d, confessa Paulo Rezzutti, escritor de biografias do per\u00edodo colonial.<\/p>\n\n\n\n<p>Pedro chegou crian\u00e7a (7 anos de idade) \u00e0 nova terra. \u201cDepois de 12 anos no pa\u00eds, ele j\u00e1 era mais brasileiro do que portugu\u00eas\u201d, diz Rezzutti. A esposa, Maria Leopoldina (da \u00c1ustria), chegou ao Brasil em 1817 e foi s\u00f3 ent\u00e3o que conheceu o marido (em um casamento acordado por procura\u00e7\u00e3o). Ela, ali\u00e1s, revelou-se uma articuladora h\u00e1bil e se liga a movimentos autonomistas, que desejavam que a situa\u00e7\u00e3o permanecesse como estava. Uma personagem determinante para a mudan\u00e7a da rota da hist\u00f3ria.<\/p>\n\n\n\n<p>\u201cA situa\u00e7\u00e3o se acirra. Se por um lado, Pedro est\u00e1 preocupado com os acontecimentos em Portugal, Leopoldina estava ligada \u00e0 manuten\u00e7\u00e3o do trono no Brasil. Pedro considerava ficar desde que pudesse nomear os pr\u00f3prios ministros. Isso acontece no dia 9 de janeiro de 1822, o Dia do Fico\u201d, conta o bi\u00f3grafo, que j\u00e1 escreveu livros sobre Dom Pedro I, Leopoldina, Marquesa de Santos, Dom Pedro II, entre outros.&nbsp;<\/p>\n\n\n\n<p>A decis\u00e3o de Dom Pedro I ficar no Brasil&nbsp;cai como uma bomba em Portugal. \u201cAs Cortes revogam tudo o que Dom Pedro faz. Mas o navio com essa comunica\u00e7\u00e3o s\u00f3 chega em 28 agosto de 1822\u201d, explica Rezzutti.<\/p>\n\n\n\n<figure class=\"wp-block-image size-large\"><img loading=\"lazy\" decoding=\"async\" width=\"678\" height=\"406\" src=\"https:\/\/aconteceunovale.com.br\/portal\/wp-content\/uploads\/2020\/09\/dom_pedro_leopoldina.jpg\" alt=\"\" class=\"wp-image-168405\" srcset=\"https:\/\/aconteceunovale.com.br\/portal\/wp-content\/uploads\/2020\/09\/dom_pedro_leopoldina.jpg 678w, https:\/\/aconteceunovale.com.br\/portal\/wp-content\/uploads\/2020\/09\/dom_pedro_leopoldina-300x180.jpg 300w\" sizes=\"auto, (max-width: 678px) 100vw, 678px\" \/><figcaption><em>A imagem \u00e9 um recorte de Dom Pedro I e Dona Leopoldina sobre a pintura Pintura de Julien Palliere (\u00f3leo sobre tela, 1826). A ocasi\u00e3o retratada mostra os dois visitando a Casa Dos Expostos, atualmente o orfanato Rom\u00e3o Duarte no Flamengo (RJ). Cr\u00e9ditos: Dom\u00ednio p\u00fablico.<\/em><\/figcaption><\/figure>\n\n\n\n<p>Depois de tanto tempo, as ordens de Lisboa determinavam ainda que Pedro e fam\u00edlia deviam voltar para a metr\u00f3pole imediatamente, e os auxiliares, como Jos\u00e9 Bonif\u00e1cio e Clemente Pereira, que participaram do aconselhamento deviam ser demitidos, presos e levados para Lisboa. A rea\u00e7\u00e3o no Brasil desencadeia uma sucess\u00e3o de acontecimentos com as caracter\u00edsticas da velocidade da \u00e9poca. \u201cAt\u00e9 reunir o conselho de ministros, foi 2 de setembro. Os auxiliares levam a Dom Pedro I a ideia de declarar a independ\u00eancia. Jos\u00e9 Bonif\u00e1cio manda oficial de chancelaria encontrar Dom Pedro urgentemente. Isso acontece em 7 de Setembro, no Ipiranga, em S\u00e3o Paulo. At\u00e9 Portugal saber o que estava acontecendo, tamb\u00e9m demora\u201d, destaca Rezzutti.&nbsp;<\/p>\n\n\n\n<figure class=\"wp-block-embed-youtube wp-block-embed is-type-rich is-provider-incorporar-manipulador wp-embed-aspect-16-9 wp-has-aspect-ratio\"><div class=\"wp-block-embed__wrapper\">\n<iframe loading=\"lazy\" title=\"Os personagens da Independ\u00eancia do Brasil\" width=\"696\" height=\"392\" src=\"https:\/\/www.youtube.com\/embed\/mylAnc-j79s?feature=oembed\" frameborder=\"0\" allow=\"accelerometer; autoplay; encrypted-media; gyroscope; picture-in-picture\" allowfullscreen><\/iframe>\n<\/div><\/figure>\n\n\n\n<h2 class=\"wp-block-heading\">Leopoldina, a articuladora<\/h2>\n\n\n\n<p>Um detalhe ressaltado pelo bi\u00f3grafo de Maria Leopoldina \u00e9 que ela tem participa\u00e7\u00e3o determinante no conselho de ministros em rela\u00e7\u00e3o \u00e0 declara\u00e7\u00e3o formal da Independ\u00eancia. \u201cEla era articuladora h\u00e1bil. Tinha conhecimento de pol\u00edtica e funcionou como uma mediadora importante nos bastidores do pal\u00e1cio para encontrar uma solu\u00e7\u00e3o adequada.\u201d<\/p>\n\n\n\n<p>Ap\u00f3s a independ\u00eancia, a situa\u00e7\u00e3o continuou efervescente. A professora de hist\u00f3ria da Universidade de Bras\u00edlia (UnB) Teresa Marques destaca que a decis\u00e3o pela independ\u00eancia tamb\u00e9m n\u00e3o era consensual. \u201cDe fato, existem protestos no Nordeste do pa\u00eds que se levantam contra a Corte. Em Pernambuco, em 1817 e em 1824, h\u00e1 manifesta\u00e7\u00f5es contra a Constitui\u00e7\u00e3o imposta\u201d.&nbsp;<\/p>\n\n\n\n<p>Ela explica que a forma de lidar com as prov\u00edncias era conturbada. \u201cAs pessoas comuns n\u00e3o entendiam direito o que estava acontecendo. Nem sempre Dom Pedro se aconselhava com mentes mais moderadas. Quem dera ele ouvisse mais a esposa\u201d.<\/p>\n\n\n\n<p>As prov\u00edncias reagiram a ter que obedecer ao Rio de Janeiro e n\u00e3o mais a Portugal. Pelo caminho da diplomacia, a independ\u00eancia s\u00f3 foi reconhecida pela Europa em 1825 mediante o pagamento de duas milh\u00f5es de libras esterlinas para Portugal.<\/p>\n\n\n\n<h2 class=\"wp-block-heading\">Independ\u00eancia x Brasilidade<\/h2>\n\n\n\n<p>O conceito de brasilidade&nbsp;acontece em n\u00e3o menos do que duas d\u00e9cadas depois, segundo os pesquisadores entrevistados. Teresa Marques destaca o papel da imprensa&nbsp;que, a par das dificuldades de dar conta de explicar o tempo presente, traz discuss\u00f5es relevantes para os jornais.<\/p>\n\n\n\n<p>Para o historiador Deusdedith Rocha Junior, o 7 de Setembro, em boa parte pelo imp\u00e9rio portugu\u00eas, n\u00e3o era tratado de forma importante. \u201cQuando destacamos a independ\u00eancia como fruto da a\u00e7\u00e3o determinada de uma pessoa que \u00e9, no caso o imperador, abafam-se os interesses dos poderosos e tamb\u00e9m a ideia de que essas elites e Dom Pedro tomaram todo cuidado para que a popula\u00e7\u00e3o n\u00e3o participasse disso.\u201d Ele cita que as manifesta\u00e7\u00f5es na Bahia e no Par\u00e1 foram tratadas com viol\u00eancia policial, incluindo centenas de mortes.<\/p>\n\n\n\n<p>\u201cN\u00e3o \u00e9 uma hist\u00f3ria pac\u00edfica. Isso tudo cai no esquecimento para confirmar uma ideia de mansid\u00e3o do brasileiro.\u201d Os pesquisadores avaliam que n\u00e3o \u00e9 poss\u00edvel entender aquele per\u00edodo apenas por uma ideia de \u201cgrito\u201d, como se fosse o \u00faltimo epis\u00f3dio.<\/p>\n\n\n\n<p>A hist\u00f3ria barulhenta, cheia de nuances, inclusive de sil\u00eancios, ainda vai ecoar pelos s\u00e9culos.<\/p>\n\n\n\n<figure class=\"wp-block-embed-youtube wp-block-embed is-type-rich is-provider-incorporar-manipulador wp-embed-aspect-16-9 wp-has-aspect-ratio\"><div class=\"wp-block-embed__wrapper\">\n<iframe loading=\"lazy\" title=\"A import\u00e2ncia do 7 de Setembro para o Brasil\" width=\"696\" height=\"392\" src=\"https:\/\/www.youtube.com\/embed\/rGd8yAEN_jk?feature=oembed\" frameborder=\"0\" allow=\"accelerometer; autoplay; encrypted-media; gyroscope; picture-in-picture\" allowfullscreen><\/iframe>\n<\/div><\/figure>\n\n\n\n<h2 class=\"wp-block-heading\"><strong>Leia as mat\u00e9rias desta s\u00e9rie:<\/strong><\/h2>\n\n\n\n<figure class=\"wp-block-table\"><table><tbody><tr><td class=\"has-text-align-center\" data-align=\"center\"><a href=\"https:\/\/aconteceunovale.com.br\/portal\/?p=168393\" target=\"_blank\" rel=\"noreferrer noopener\"><strong>Independ\u00eancia<\/strong><\/a><\/td><td class=\"has-text-align-center\" data-align=\"center\"><a href=\"https:\/\/aconteceunovale.com.br\/portal\/?p=168397\" target=\"_blank\" rel=\"noreferrer noopener\"><strong>Revolu\u00e7\u00e3o do Porto<\/strong><\/a><\/td><td class=\"has-text-align-center\" data-align=\"center\"><a href=\"https:\/\/aconteceunovale.com.br\/portal\/?p=168402\" target=\"_blank\" rel=\"noreferrer noopener\"><strong>Personagens<\/strong><\/a><\/td><\/tr><\/tbody><\/table><\/figure>\n\n\n\n<p class=\"has-white-color has-black-background-color has-text-color has-background\">Quer saber as not\u00edcias do <strong>Aconteceu no Vale<\/strong> em primeira m\u00e3o? Siga-nos no Facebook <a rel=\"noreferrer noopener\" href=\"http:\/\/facebook.com\/aconteceunovale\" target=\"_blank\">@aconteceunovale<\/a>, Twitter <a rel=\"noreferrer noopener\" href=\"https:\/\/twitter.com\/noticiadosvales\" target=\"_blank\">@noticiadosvales<\/a> e Instagram <a rel=\"noreferrer noopener\" href=\"https:\/\/www.instagram.com\/aconteceunovale\" target=\"_blank\">@aconteceunovale<\/a>.<\/p>\n","protected":false},"excerpt":{"rendered":"<p>A Independ\u00eancia do Brasil est\u00e1 marcada pela complexidade dos atores pol\u00edticos como Dom Pedro I e Maria Leopoldina.&nbsp;\u201cO que mais me atrai nessas hist\u00f3rias s\u00e3o esses personagens envolvidos nesse processo da Independ\u00eancia. Poderia ter acontecido tudo ali\u201d, confessa Paulo Rezzutti, escritor de biografias do per\u00edodo colonial. Pedro chegou crian\u00e7a (7 anos de idade) \u00e0 nova [&hellip;]<\/p>\n","protected":false},"author":4,"featured_media":168405,"comment_status":"open","ping_status":"closed","sticky":false,"template":"","format":"standard","meta":{"amp_status":"","footnotes":""},"categories":[6],"tags":[113652,228961,228964,228963,228960,113654,228962],"class_list":["post-168402","post","type-post","status-publish","format-standard","has-post-thumbnail","hentry","category-br","tag-7-de-setembro","tag-antes-e-depois-da-independencia-do-brasil","tag-dia-da-independencia","tag-grito-do-ipiranga","tag-historias-sobre-a-independencia-do-brasil","tag-independencia-do-brasil","tag-independencia-ou-morte"],"_links":{"self":[{"href":"https:\/\/aconteceunovale.com.br\/portal\/index.php?rest_route=\/wp\/v2\/posts\/168402","targetHints":{"allow":["GET"]}}],"collection":[{"href":"https:\/\/aconteceunovale.com.br\/portal\/index.php?rest_route=\/wp\/v2\/posts"}],"about":[{"href":"https:\/\/aconteceunovale.com.br\/portal\/index.php?rest_route=\/wp\/v2\/types\/post"}],"author":[{"embeddable":true,"href":"https:\/\/aconteceunovale.com.br\/portal\/index.php?rest_route=\/wp\/v2\/users\/4"}],"replies":[{"embeddable":true,"href":"https:\/\/aconteceunovale.com.br\/portal\/index.php?rest_route=%2Fwp%2Fv2%2Fcomments&post=168402"}],"version-history":[{"count":2,"href":"https:\/\/aconteceunovale.com.br\/portal\/index.php?rest_route=\/wp\/v2\/posts\/168402\/revisions"}],"predecessor-version":[{"id":168407,"href":"https:\/\/aconteceunovale.com.br\/portal\/index.php?rest_route=\/wp\/v2\/posts\/168402\/revisions\/168407"}],"wp:featuredmedia":[{"embeddable":true,"href":"https:\/\/aconteceunovale.com.br\/portal\/index.php?rest_route=\/wp\/v2\/media\/168405"}],"wp:attachment":[{"href":"https:\/\/aconteceunovale.com.br\/portal\/index.php?rest_route=%2Fwp%2Fv2%2Fmedia&parent=168402"}],"wp:term":[{"taxonomy":"category","embeddable":true,"href":"https:\/\/aconteceunovale.com.br\/portal\/index.php?rest_route=%2Fwp%2Fv2%2Fcategories&post=168402"},{"taxonomy":"post_tag","embeddable":true,"href":"https:\/\/aconteceunovale.com.br\/portal\/index.php?rest_route=%2Fwp%2Fv2%2Ftags&post=168402"}],"curies":[{"name":"wp","href":"https:\/\/api.w.org\/{rel}","templated":true}]}}