{"id":168391,"date":"2020-09-07T10:31:49","date_gmt":"2020-09-07T13:31:49","guid":{"rendered":"https:\/\/aconteceunovale.com.br\/portal\/?p=168391"},"modified":"2020-09-07T10:32:35","modified_gmt":"2020-09-07T13:32:35","slug":"estado-inclui-casos-suspeitos-de-reinfeccao-por-coronavirus-em-novo-protocolo","status":"publish","type":"post","link":"https:\/\/aconteceunovale.com.br\/portal\/?p=168391","title":{"rendered":"Estado inclui casos suspeitos de reinfec\u00e7\u00e3o por coronav\u00edrus em novo protocolo"},"content":{"rendered":"\n<p>Com a confirma\u00e7\u00e3o de casos de reinfec\u00e7\u00e3o pelo novo coronav\u00edrus no mundo, o\u00a0Governo de Minas\u00a0orienta profissionais da Sa\u00fade com novas medidas referentes ao ressurgimento de sintomas em quem j\u00e1 foi infectado pela doen\u00e7a. A partir de agora, todos os casos positivos para a covid-19 com novo quadro cl\u00ednico em per\u00edodo maior ou igual a 90 dias da primeira confirma\u00e7\u00e3o devem ser testados e notificados ao Estado e as amostras positivas devem ser enviadas \u00e0\u00a0Funda\u00e7\u00e3o Ezequiel Dias (Funed), que far\u00e1 sequenciamento gen\u00e9tico para verificar a presen\u00e7a de muta\u00e7\u00f5es.\u00a0<\/p>\n\n\n\n<p>Pelo protocolo, a\u00a0Secretaria de Estado de Sa\u00fade (SES-MG)\u00a0considera casos suspeitos de reinfec\u00e7\u00e3o aqueles em que a pessoa apresentou novo quadro cl\u00ednico em per\u00edodo acima de 90 dias do primeiro epis\u00f3dio confirmado laboratorialmente.<\/p>\n\n\n\n<p>&nbsp;\u201cMinas Gerais est\u00e1 acompanhando as pesquisas e conclus\u00f5es sobre o novo coronav\u00edrus em todo o mundo. Em agosto, pesquisadores de Hong Kong confirmaram a primeira reinfec\u00e7\u00e3o no mundo pelo novo coronav\u00edrus. A partir disso, estamos atentos a qualquer suspeita e pedimos a aten\u00e7\u00e3o dos munic\u00edpios para que casos suspeitos sejam testados e notificados \u201d, ressalta o secret\u00e1rio de Estado de Sa\u00fade (SES-MG), Carlos Eduardo Amaral. &nbsp;<\/p>\n\n\n\n<p>O primeiro caso de reinfec\u00e7\u00e3o foi confirmado por pesquisadores chineses e se refere a um homem saud\u00e1vel com o segundo caso de covid-19 diagnosticado 4 meses e meio depois do primeiro. O sequenciamento do genoma mostrou que as duas cepas do v\u00edrus s\u00e3o diferentes, o que comprova a reinfec\u00e7\u00e3o.&nbsp;<\/p>\n\n\n\n<h2 class=\"wp-block-heading\"><strong>Casos suspeitos<\/strong>&nbsp;<\/h2>\n\n\n\n<p>\u201cDe acordo com dados atuais, a maioria das pessoas que teve a infec\u00e7\u00e3o pelo novo coronav\u00edrus fica imune por um per\u00edodo de at\u00e9 tr\u00eas meses. Por esse motivo, casos com ressurgimento de sintomas em menos de 90 dias ap\u00f3s confirma\u00e7\u00e3o da doen\u00e7a, devem ter outras infec\u00e7\u00f5es descartadas\u201d, explica a infectologista da SES-MG, T\u00e2nia Marcial.&nbsp;<\/p>\n\n\n\n<p>At\u00e9 que novas evid\u00eancias cient\u00edficas sejam comprovadas, ser\u00e3o adotadas algumas medidas, como o isolamento social do paciente em caso de RT-PCR positivo e encaminhamento das duas amostras \u00e0 Funed para que seja feita investiga\u00e7\u00e3o que verifica a presen\u00e7a de muta\u00e7\u00f5es.&nbsp;<br>A infectologista esclarece que, quando um paciente faz o teste para o coronav\u00edrus, as amostras s\u00e3o guardadas pelos laborat\u00f3rios. Em caso de suspeita de reinfec\u00e7\u00e3o, esse material, recolhido na primeira e na segunda manifesta\u00e7\u00e3o, dever\u00e1 ser enviado \u00e0 Funed para an\u00e1lise.<\/p>\n\n\n\n<h2 class=\"wp-block-heading\"><strong>Mudan\u00e7as&nbsp;<\/strong><\/h2>\n\n\n\n<p>As novas orienta\u00e7\u00f5es para casos suspeitos de reinfec\u00e7\u00e3o no estado fazem parte da atualiza\u00e7\u00e3o t\u00e9cnica ao protocolo de Infec\u00e7\u00e3o Humana. &nbsp;Foram inclu\u00eddos novos grupos de testagem por biologia molecular (RT-PCR), como os profissionais de servi\u00e7os essenciais e os contatos de casos confirmados em surtos, mediante avalia\u00e7\u00e3o do Centro de Informa\u00e7\u00f5es Estrat\u00e9gicas em Vigil\u00e2ncia em Sa\u00fade (CIEVS).&nbsp;<\/p>\n\n\n\n<p>Tamb\u00e9m houve mudan\u00e7as no tempo de isolamento social para pacientes graves e leves. &nbsp;Para indiv\u00edduos com quadro de S\u00edndrome Respirat\u00f3ria Aguda Grave (SRAG) com confirma\u00e7\u00e3o por qualquer um dos crit\u00e9rios (cl\u00ednico, cl\u00ednico-epidemiol\u00f3gico, cl\u00ednico-imagem ou laboratorial) para covid-19 \u00e9 recomendado o isolamento pelo per\u00edodo de 20 dias ap\u00f3s in\u00edcio dos sintomas ou ap\u00f3s 10 dias, desde que 24 horas sem febre sem uso de medicamentos.&nbsp;<\/p>\n\n\n\n<p>Para os casos leves, a recomenda\u00e7\u00e3o \u00e9 de que o isolamento seja feito por 10 dias, ap\u00f3s o in\u00edcio dos sintomas, desde que passem 24 horas ap\u00f3s resolu\u00e7\u00e3o de febre sem uso de medicamentos. Antes, eram esperadas 72 horas. As altera\u00e7\u00f5es seguem a Organiza\u00e7\u00e3o Mundial de Sa\u00fade (OMS) e o Minist\u00e9rio da Sa\u00fade (MS).&nbsp;<\/p>\n\n\n\n<p>Confira o Protocolo\u00a0<a rel=\"noreferrer noopener\" href=\"http:\/\/www.coronavirus.saude.mg.gov.br\/images\/profissionais-e-gestores\/Protocolo_Vers%C3%A3o_7.pdf\" target=\"_blank\">aqui<\/a>.<\/p>\n\n\n\n<p class=\"has-white-color has-black-background-color has-text-color has-background\">Quer saber as not\u00edcias do <strong>Aconteceu no Vale<\/strong> em primeira m\u00e3o? Siga-nos no Facebook <a rel=\"noreferrer noopener\" href=\"http:\/\/facebook.com\/aconteceunovale\" target=\"_blank\">@aconteceunovale<\/a>, Twitter <a rel=\"noreferrer noopener\" href=\"https:\/\/twitter.com\/noticiadosvales\" target=\"_blank\">@noticiadosvales<\/a> e Instagram <a rel=\"noreferrer noopener\" href=\"https:\/\/www.instagram.com\/aconteceunovale\" target=\"_blank\">@aconteceunovale<\/a>.<\/p>\n","protected":false},"excerpt":{"rendered":"<p>Com a confirma\u00e7\u00e3o de casos de reinfec\u00e7\u00e3o pelo novo coronav\u00edrus no mundo, o\u00a0Governo de Minas\u00a0orienta profissionais da Sa\u00fade com novas medidas referentes ao ressurgimento de sintomas em quem j\u00e1 foi infectado pela doen\u00e7a. A partir de agora, todos os casos positivos para a covid-19 com novo quadro cl\u00ednico em per\u00edodo maior ou igual a 90 [&hellip;]<\/p>\n","protected":false},"author":4,"featured_media":166273,"comment_status":"open","ping_status":"closed","sticky":false,"template":"","format":"standard","meta":{"amp_status":"","footnotes":""},"categories":[123,40242],"tags":[217799,219851,219853,214884,228156,216498,221718,1018,228152,219855,215653,221717,219854,219852,140166,217692,221719,228155,228153,228154,220285,220287,220286,163287],"class_list":["post-168391","post","type-post","status-publish","format-standard","has-post-thumbnail","hentry","category-gerais","category-saude-2","tag-casos-de-coronavirus-em-minas-gerais","tag-casos-de-covid-19-em-minas-gerais","tag-cidades-com-casos-de-coronavirus-em-minas-gerais","tag-coronavirus","tag-covid-18","tag-covid-19","tag-curados-do-coronavirus-em-minas-gerais","tag-destaque","tag-estudo-mostra-que-homem-foi-reinfectado-pelo-novo-coronavirus","tag-mortes-por-coronavirus-em-minas-gerais","tag-novo-coronavirus","tag-numero-de-curados-do-coronavirus-em-minas-gerais","tag-numeros-do-coronavirus-em-minas-gerais","tag-obitos-por-coronavirus-em-minas-gerias","tag-pandemia","tag-pandemia-de-coronavirus","tag-recuperados-do-coronavirus-em-minas-gerais","tag-reinfeccao-por-coronavirus","tag-reinfectado-pelo-novo-coronavirus","tag-reinfectado-por-coronavirus","tag-secretaria-de-saude-atualiza-numeros-do-coronavirus-em-minas-gerais","tag-secretaria-de-saude-de-minas-gerais-atualiza-numeros-do-coronavirus","tag-ses-mg-atualiza-numeros-do-coronavirus","tag-universidade-de-hong-kong"],"_links":{"self":[{"href":"https:\/\/aconteceunovale.com.br\/portal\/index.php?rest_route=\/wp\/v2\/posts\/168391","targetHints":{"allow":["GET"]}}],"collection":[{"href":"https:\/\/aconteceunovale.com.br\/portal\/index.php?rest_route=\/wp\/v2\/posts"}],"about":[{"href":"https:\/\/aconteceunovale.com.br\/portal\/index.php?rest_route=\/wp\/v2\/types\/post"}],"author":[{"embeddable":true,"href":"https:\/\/aconteceunovale.com.br\/portal\/index.php?rest_route=\/wp\/v2\/users\/4"}],"replies":[{"embeddable":true,"href":"https:\/\/aconteceunovale.com.br\/portal\/index.php?rest_route=%2Fwp%2Fv2%2Fcomments&post=168391"}],"version-history":[{"count":1,"href":"https:\/\/aconteceunovale.com.br\/portal\/index.php?rest_route=\/wp\/v2\/posts\/168391\/revisions"}],"predecessor-version":[{"id":168392,"href":"https:\/\/aconteceunovale.com.br\/portal\/index.php?rest_route=\/wp\/v2\/posts\/168391\/revisions\/168392"}],"wp:featuredmedia":[{"embeddable":true,"href":"https:\/\/aconteceunovale.com.br\/portal\/index.php?rest_route=\/wp\/v2\/media\/166273"}],"wp:attachment":[{"href":"https:\/\/aconteceunovale.com.br\/portal\/index.php?rest_route=%2Fwp%2Fv2%2Fmedia&parent=168391"}],"wp:term":[{"taxonomy":"category","embeddable":true,"href":"https:\/\/aconteceunovale.com.br\/portal\/index.php?rest_route=%2Fwp%2Fv2%2Fcategories&post=168391"},{"taxonomy":"post_tag","embeddable":true,"href":"https:\/\/aconteceunovale.com.br\/portal\/index.php?rest_route=%2Fwp%2Fv2%2Ftags&post=168391"}],"curies":[{"name":"wp","href":"https:\/\/api.w.org\/{rel}","templated":true}]}}