{"id":168388,"date":"2020-09-07T10:25:47","date_gmt":"2020-09-07T13:25:47","guid":{"rendered":"https:\/\/aconteceunovale.com.br\/portal\/?p=168388"},"modified":"2020-09-07T10:34:18","modified_gmt":"2020-09-07T13:34:18","slug":"acidente-deixa-tres-mortos-em-governador-valadares","status":"publish","type":"post","link":"https:\/\/aconteceunovale.com.br\/portal\/?p=168388","title":{"rendered":"Acidente deixa tr\u00eas mortos em Governador Valadares"},"content":{"rendered":"\n<p>Tr\u00eas pessoas morreram em um grav\u00edssimo acidente na BR-381, no munic\u00edpio de Governador Valadares, na madrugada desta segunda-feira (7\/9\/2020). A colis\u00e3o frontal entre uma carreta e um Chevrolet Vectra, licenciado em Ipatinga (MG), aconteceu na altura do km 165 da rodovia.<\/p>\n\n\n\n<p>De acordo com informa\u00e7\u00f5es da Pol\u00edcia Rodovi\u00e1ria Federal (PRF), o ve\u00edculo de carga seguia no sentido Governador Valadares\/Belo Horizonte quando ocorreu a colis\u00e3o com o autom\u00f3vel. Com o forte impacto, a carreta saiu da pista e caiu em uma \u00e1rea de ribanceira na margem da rodovia.<\/p>\n\n\n\n<p>Tr\u00eas ocupantes do carro, duas mulheres e um homem, que ainda n\u00e3o foram identificados, morreram no local. Um quarto ocupante do ve\u00edculo foi socorrido por uma equipe do SAMU (Servi\u00e7o de Atendimento M\u00f3vel de Urg\u00eancia) e encaminhado ao Hospital Municipal de Governador Valadares. O caminhoneiro teve ferimentos leves e foi levado para a mesma unidade de sa\u00fade.<\/p>\n\n\n\n<p>Os tr\u00eas corpos foram encaminhados para o Instituto M\u00e9dico Legal (IML) de Governador Valadares. As causas do acidente ser\u00e3o investigadas pela Pol\u00edcia Civil.<\/p>\n\n\n\n<figure class=\"wp-block-gallery columns-1 is-cropped wp-block-gallery-1 is-layout-flex wp-block-gallery-is-layout-flex\"><ul class=\"blocks-gallery-grid\"><li class=\"blocks-gallery-item\"><figure><img loading=\"lazy\" decoding=\"async\" width=\"673\" height=\"450\" src=\"https:\/\/aconteceunovale.com.br\/portal\/wp-content\/uploads\/2020\/09\/acidente_gv_1.jpg\" alt=\"\" data-id=\"168389\" data-full-url=\"https:\/\/aconteceunovale.com.br\/portal\/wp-content\/uploads\/2020\/09\/acidente_gv_1.jpg\" data-link=\"https:\/\/aconteceunovale.com.br\/portal\/?attachment_id=168389\" class=\"wp-image-168389\" srcset=\"https:\/\/aconteceunovale.com.br\/portal\/wp-content\/uploads\/2020\/09\/acidente_gv_1.jpg 673w, https:\/\/aconteceunovale.com.br\/portal\/wp-content\/uploads\/2020\/09\/acidente_gv_1-300x201.jpg 300w, https:\/\/aconteceunovale.com.br\/portal\/wp-content\/uploads\/2020\/09\/acidente_gv_1-628x420.jpg 628w\" sizes=\"auto, (max-width: 673px) 100vw, 673px\" \/><figcaption class=\"blocks-gallery-item__caption\"><em>Tr\u00eas ocupantes do carro morreram no local (Foto: Leandro Silva)<\/em><\/figcaption><\/figure><\/li><\/ul><\/figure>\n\n\n\n<p class=\"has-white-color has-black-background-color has-text-color has-background\">Quer saber as not\u00edcias do <strong>Aconteceu no Vale<\/strong> em primeira m\u00e3o? Siga-nos no Facebook <a rel=\"noreferrer noopener\" href=\"http:\/\/facebook.com\/aconteceunovale\" target=\"_blank\">@aconteceunovale<\/a>, Twitter <a rel=\"noreferrer noopener\" href=\"https:\/\/twitter.com\/noticiadosvales\" target=\"_blank\">@noticiadosvales<\/a> e Instagram <a rel=\"noreferrer noopener\" href=\"https:\/\/www.instagram.com\/aconteceunovale\" target=\"_blank\">@aconteceunovale<\/a>.<\/p>\n","protected":false},"excerpt":{"rendered":"<p>Tr\u00eas pessoas morreram em um grav\u00edssimo acidente na BR-381, no munic\u00edpio de Governador Valadares, na madrugada desta segunda-feira (7\/9\/2020). A colis\u00e3o frontal entre uma carreta e um Chevrolet Vectra, licenciado em Ipatinga (MG), aconteceu na altura do km 165 da rodovia. De acordo com informa\u00e7\u00f5es da Pol\u00edcia Rodovi\u00e1ria Federal (PRF), o ve\u00edculo de carga seguia [&hellip;]<\/p>\n","protected":false},"author":4,"featured_media":168389,"comment_status":"open","ping_status":"closed","sticky":false,"template":"","format":"standard","meta":{"amp_status":"","footnotes":""},"categories":[121],"tags":[74091,57562,228958,228957,46961,228959,12667,110109,209594,12666,16932,1018,247,201],"class_list":["post-168388","post","type-post","status-publish","format-standard","has-post-thumbnail","hentry","category-leste","tag-acidente-com-carro-de-ipatinga","tag-acidente-com-vectra-de-ipatinga","tag-acidente-com-vectra-em-governador-valadares","tag-acidente-deixa-tres-mortos-em-governador-valadares","tag-acidente-em-baguari","tag-acidente-em-baguari-em-valadares","tag-acidente-em-governador-valadares","tag-acidente-entre-carro-e-carreta-em-governador-valadares","tag-acidente-na-br-381-em-governador-valadares-2","tag-acidente-perto-de-baguari","tag-acidente-proximo-a-baguari","tag-destaque","tag-governador-valadares","tag-ipatinga"],"_links":{"self":[{"href":"https:\/\/aconteceunovale.com.br\/portal\/index.php?rest_route=\/wp\/v2\/posts\/168388","targetHints":{"allow":["GET"]}}],"collection":[{"href":"https:\/\/aconteceunovale.com.br\/portal\/index.php?rest_route=\/wp\/v2\/posts"}],"about":[{"href":"https:\/\/aconteceunovale.com.br\/portal\/index.php?rest_route=\/wp\/v2\/types\/post"}],"author":[{"embeddable":true,"href":"https:\/\/aconteceunovale.com.br\/portal\/index.php?rest_route=\/wp\/v2\/users\/4"}],"replies":[{"embeddable":true,"href":"https:\/\/aconteceunovale.com.br\/portal\/index.php?rest_route=%2Fwp%2Fv2%2Fcomments&post=168388"}],"version-history":[{"count":1,"href":"https:\/\/aconteceunovale.com.br\/portal\/index.php?rest_route=\/wp\/v2\/posts\/168388\/revisions"}],"predecessor-version":[{"id":168390,"href":"https:\/\/aconteceunovale.com.br\/portal\/index.php?rest_route=\/wp\/v2\/posts\/168388\/revisions\/168390"}],"wp:featuredmedia":[{"embeddable":true,"href":"https:\/\/aconteceunovale.com.br\/portal\/index.php?rest_route=\/wp\/v2\/media\/168389"}],"wp:attachment":[{"href":"https:\/\/aconteceunovale.com.br\/portal\/index.php?rest_route=%2Fwp%2Fv2%2Fmedia&parent=168388"}],"wp:term":[{"taxonomy":"category","embeddable":true,"href":"https:\/\/aconteceunovale.com.br\/portal\/index.php?rest_route=%2Fwp%2Fv2%2Fcategories&post=168388"},{"taxonomy":"post_tag","embeddable":true,"href":"https:\/\/aconteceunovale.com.br\/portal\/index.php?rest_route=%2Fwp%2Fv2%2Ftags&post=168388"}],"curies":[{"name":"wp","href":"https:\/\/api.w.org\/{rel}","templated":true}]}}