{"id":168340,"date":"2020-09-05T00:08:02","date_gmt":"2020-09-05T03:08:02","guid":{"rendered":"https:\/\/aconteceunovale.com.br\/portal\/?p=168340"},"modified":"2020-09-05T00:09:03","modified_gmt":"2020-09-05T03:09:03","slug":"suspeito-de-tentativa-de-homicidio-e-preso-em-turmalina","status":"publish","type":"post","link":"https:\/\/aconteceunovale.com.br\/portal\/?p=168340","title":{"rendered":"Suspeito de tentativa de homic\u00eddio \u00e9 preso em Turmalina"},"content":{"rendered":"\n<p>Um homem de 47 anos foi preso em Turmalina, nesta sexta-feira (4\/9\/2020), suspeito de cometer tentativa de homic\u00eddio qualificado. Segundo informa\u00e7\u00f5es da Pol\u00edcia Civil de Minas Gerais (PCMG), o crime ocorreu no povoado de Bertouro, na zona rural do munic\u00edpio, no dia 30 de julho.<\/p>\n\n\n\n<p>Ainda segundo a PCMG, o mandado de pris\u00e3o contra o suspeito foi cumprido na comunidade de Cabeceira do Alto Mato Grande, tamb\u00e9m na zona rural de Turmalina. Ele foi encaminhado ao Sistema Prisional.<\/p>\n\n\n\n<p class=\"has-white-color has-black-background-color has-text-color has-background\">Quer saber as not\u00edcias do <strong>Aconteceu no Vale<\/strong> em primeira m\u00e3o? Siga-nos no Facebook <a rel=\"noreferrer noopener\" href=\"http:\/\/facebook.com\/aconteceunovale\" target=\"_blank\">@aconteceunovale<\/a>, Twitter <a rel=\"noreferrer noopener\" href=\"https:\/\/twitter.com\/noticiadosvales\" target=\"_blank\">@noticiadosvales<\/a> e Instagram <a rel=\"noreferrer noopener\" href=\"https:\/\/www.instagram.com\/aconteceunovale\" target=\"_blank\">@aconteceunovale<\/a>.<\/p>\n","protected":false},"excerpt":{"rendered":"<p>Um homem de 47 anos foi preso em Turmalina, nesta sexta-feira (4\/9\/2020), suspeito de cometer tentativa de homic\u00eddio qualificado. Segundo informa\u00e7\u00f5es da Pol\u00edcia Civil de Minas Gerais (PCMG), o crime ocorreu no povoado de Bertouro, na zona rural do munic\u00edpio, no dia 30 de julho. Ainda segundo a PCMG, o mandado de pris\u00e3o contra o [&hellip;]<\/p>\n","protected":false},"author":4,"featured_media":168341,"comment_status":"open","ping_status":"closed","sticky":false,"template":"","format":"standard","meta":{"amp_status":"","footnotes":""},"categories":[120],"tags":[228918,228919,228916,604,228914,228917,228913,228915,178],"class_list":["post-168340","post","type-post","status-publish","format-standard","has-post-thumbnail","hentry","category-jequi","tag-bertouro","tag-cabeceira-do-alto-mato-grande","tag-homem-preso-em-turmalina","tag-pcmg","tag-preso-em-turmalina","tag-preso-por-tentativa-de-homicidio-em-turmalina","tag-suspeito-de-tentativa-de-homicidio-e-preso-em-turmalina","tag-tentativa-de-homicidio-em-turmalina","tag-turmalina"],"_links":{"self":[{"href":"https:\/\/aconteceunovale.com.br\/portal\/index.php?rest_route=\/wp\/v2\/posts\/168340","targetHints":{"allow":["GET"]}}],"collection":[{"href":"https:\/\/aconteceunovale.com.br\/portal\/index.php?rest_route=\/wp\/v2\/posts"}],"about":[{"href":"https:\/\/aconteceunovale.com.br\/portal\/index.php?rest_route=\/wp\/v2\/types\/post"}],"author":[{"embeddable":true,"href":"https:\/\/aconteceunovale.com.br\/portal\/index.php?rest_route=\/wp\/v2\/users\/4"}],"replies":[{"embeddable":true,"href":"https:\/\/aconteceunovale.com.br\/portal\/index.php?rest_route=%2Fwp%2Fv2%2Fcomments&post=168340"}],"version-history":[{"count":1,"href":"https:\/\/aconteceunovale.com.br\/portal\/index.php?rest_route=\/wp\/v2\/posts\/168340\/revisions"}],"predecessor-version":[{"id":168342,"href":"https:\/\/aconteceunovale.com.br\/portal\/index.php?rest_route=\/wp\/v2\/posts\/168340\/revisions\/168342"}],"wp:featuredmedia":[{"embeddable":true,"href":"https:\/\/aconteceunovale.com.br\/portal\/index.php?rest_route=\/wp\/v2\/media\/168341"}],"wp:attachment":[{"href":"https:\/\/aconteceunovale.com.br\/portal\/index.php?rest_route=%2Fwp%2Fv2%2Fmedia&parent=168340"}],"wp:term":[{"taxonomy":"category","embeddable":true,"href":"https:\/\/aconteceunovale.com.br\/portal\/index.php?rest_route=%2Fwp%2Fv2%2Fcategories&post=168340"},{"taxonomy":"post_tag","embeddable":true,"href":"https:\/\/aconteceunovale.com.br\/portal\/index.php?rest_route=%2Fwp%2Fv2%2Ftags&post=168340"}],"curies":[{"name":"wp","href":"https:\/\/api.w.org\/{rel}","templated":true}]}}