{"id":168338,"date":"2020-09-04T23:32:48","date_gmt":"2020-09-05T02:32:48","guid":{"rendered":"https:\/\/aconteceunovale.com.br\/portal\/?p=168338"},"modified":"2020-09-04T23:34:20","modified_gmt":"2020-09-05T02:34:20","slug":"oms-nao-espera-vacinacao-ampla-contra-covid-19-antes-de-meados-de-2021","status":"publish","type":"post","link":"https:\/\/aconteceunovale.com.br\/portal\/?p=168338","title":{"rendered":"OMS n\u00e3o espera vacina\u00e7\u00e3o ampla contra Covid-19 antes de meados de 2021"},"content":{"rendered":"\n<p>A Organiza\u00e7\u00e3o Mundial de Sa\u00fade (OMS) n\u00e3o espera uma vacina\u00e7\u00e3o ampla contra a covid-19 at\u00e9 meados do ano que vem, disse uma porta-voz da entidade,&nbsp;Margaret Harris, nesta sexta-feira (4), enfatizando a import\u00e2ncia de checagens rigorosas sobre a efic\u00e1cia e a seguran\u00e7a das vacinas.<\/p>\n\n\n\n<p>Nenhuma das candidatas a vacina que est\u00e3o em testes cl\u00ednicos avan\u00e7ados demonstrou, at\u00e9 agora, sinal claro de efic\u00e1cia em um n\u00edvel m\u00ednimo de 50% buscado pela OMS, disse a porta-voz Margaret Harris.<\/p>\n\n\n\n<p>A R\u00fassia deu aprova\u00e7\u00e3o regulat\u00f3ria para uma vacina contra a covid-19 em agosto ap\u00f3s menos de dois meses de testes em humanos, levando alguns especialistas ocidentais a questionaram a efic\u00e1cia e a seguran\u00e7a do imunizante.<\/p>\n\n\n\n<p>Autoridades de sa\u00fade p\u00fablica dos Estados Unidos (EUA) e a Pfizer disseram na quinta-feira (3) que a vacina pode estar pronta para distribui\u00e7\u00e3o at\u00e9 o final de outubro. Este prazo \u00e9 um pouco antes da elei\u00e7\u00e3o presidencial norte-americana de 3 de novembro, na qual a pandemia do novo coronav\u00edrus deve ser um fator importante entre os eleitores que decidir\u00e3o se o presidente dos EUA, Donald Trump, ter\u00e1 um segundo mandato.<\/p>\n\n\n\n<p>&#8220;Realmente n\u00e3o estamos esperando ver uma vacina\u00e7\u00e3o ampla at\u00e9 meados do ano que vem&#8221;, disse Harris durante um&nbsp;<em>briefing<\/em>&nbsp;da Organiza\u00e7\u00e3o das Na\u00e7\u00f5es Unidas em Genebra.<\/p>\n\n\n\n<p>&#8220;Esta Fase 3 (de testes cl\u00ednicos) tem que ser mais longa, porque precisamos ver qu\u00e3o realmente protetora a vacina \u00e9 e tamb\u00e9m precisamos ver qu\u00e3o segura ela \u00e9&#8221;, disse ela. Harris n\u00e3o se referiu a qualquer vacina em potencial especificamente.<\/p>\n\n\n\n<p>Todos os dados dos testes t\u00eam de ser compartilhados e comparados, disse ela. &#8220;Muitas pessoas foram vacinadas e o que n\u00e3o sabemos \u00e9 se a vacina funciona neste momento n\u00e3o temos um sinal claro se tem ou n\u00e3o o n\u00edvel se efic\u00e1cia e seguran\u00e7a necess\u00e1rios.&#8221;<\/p>\n\n\n\n<p class=\"has-white-color has-black-background-color has-text-color has-background\">Quer saber as not\u00edcias do <strong>Aconteceu no Vale<\/strong> em primeira m\u00e3o? Siga-nos no Facebook <a rel=\"noreferrer noopener\" href=\"http:\/\/facebook.com\/aconteceunovale\" target=\"_blank\">@aconteceunovale<\/a>, Twitter <a rel=\"noreferrer noopener\" href=\"https:\/\/twitter.com\/noticiadosvales\" target=\"_blank\">@noticiadosvales<\/a> e Instagram <a rel=\"noreferrer noopener\" href=\"https:\/\/www.instagram.com\/aconteceunovale\" target=\"_blank\">@aconteceunovale<\/a>.<\/p>\n","protected":false},"excerpt":{"rendered":"<p>A Organiza\u00e7\u00e3o Mundial de Sa\u00fade (OMS) n\u00e3o espera uma vacina\u00e7\u00e3o ampla contra a covid-19 at\u00e9 meados do ano que vem, disse uma porta-voz da entidade,&nbsp;Margaret Harris, nesta sexta-feira (4), enfatizando a import\u00e2ncia de checagens rigorosas sobre a efic\u00e1cia e a seguran\u00e7a das vacinas. Nenhuma das candidatas a vacina que est\u00e3o em testes cl\u00ednicos avan\u00e7ados demonstrou, [&hellip;]<\/p>\n","protected":false},"author":4,"featured_media":164878,"comment_status":"open","ping_status":"closed","sticky":false,"template":"","format":"standard","meta":{"amp_status":"","footnotes":""},"categories":[28848,40242],"tags":[228089,227850,2278,224214,224638,224211,214884,228090,228091,216498,227845,1018,224636,81258,105724,224479,43376,227325,227848,177056,224213,224635,19326,224483,215653,23476,23479,140166,219687,224485,218365,219103,224484,224482,224481,75388,227324,227329,227330,227331,227332,224480,224637,21341,227326,228092,224212,224215,78002,80737,227851,224210,219775,227327,219773,227328,224627,227846,227847,227849,160110,75389],"class_list":["post-168338","post","type-post","status-publish","format-standard","has-post-thumbnail","hentry","category-mundo","category-saude-2","tag-172-paises-estao-envolvidos-em-planos-para-vacina-contra-covid-19","tag-ad26-cov2-s","tag-anvisa","tag-astrazeneca","tag-astrazeneca-brazil","tag-chadox1-ncov-19","tag-coronavirus","tag-covax","tag-covax-oms","tag-covid-19","tag-covid-19-anvisa-autoriza-testes-para-nova-vacina-da-johnson-johnson","tag-destaque","tag-diretora-do-grupo-astrazeneca","tag-fundacao-lemann","tag-governo-brasileiro","tag-governo-brasileiro-anuncia-parceria-para-producao-de-vacina-contra-covid-19","tag-instituto-butantan","tag-instituto-gamaleya-de-moscou","tag-jansen-cilag","tag-johnson-johnson","tag-jorge-paulo-lemann","tag-maria-augusta-bernardini","tag-ministerio-da-saude","tag-ministerio-da-saude-brasileiro-anuncia-parceria-para-producao-de-vacina-contra-covid-19","tag-novo-coronavirus","tag-oms","tag-organizacao-mundial-da-saude","tag-pandemia","tag-pandemia-da-covid-19","tag-pandemia-da-covid-19-no-brasil","tag-pandemia-do-coronavirus","tag-pandemia-do-coronavirus-no-brasil","tag-pandemia-no-brasil","tag-parceria-para-producao-de-vacina-contra-covid-19","tag-parceria-para-vacina-contra-covid-19","tag-presidente-da-russia","tag-presidente-vladimir-putin","tag-primeira-vacina-contra-coronavirus","tag-primeira-vacina-contra-covid-19","tag-primeira-vacina-do-mundo-contra-coronavirus","tag-primeira-vacina-do-mundo-contra-covid-19","tag-producao-de-vacina-contra-covid-19","tag-reino-unido-no-brasil","tag-russia","tag-tatyana-golikova","tag-tedros-adhanom-gebreyesus","tag-teste-da-vacina-chadox1-ncov-19","tag-testes-com-vacina-contra-covid-19-comecam-em-sao-paulo","tag-unifesp","tag-universidade-de-oxford","tag-vacina-ad26-cov2-s","tag-vacina-chadox1-ncov-19","tag-vacina-contra-coronavirus","tag-vacina-contra-coronavirus-da-russia","tag-vacina-contra-covid-19","tag-vacina-contra-covid-19-da-russia","tag-vacina-contra-o-novo-coronavirus","tag-vacina-da-johnson-johnson-para-coronavirus","tag-vacina-da-johnson-johnson-para-covid-19","tag-vacina-jansen-cilag","tag-vijay-rangarajan","tag-vladimir-putin"],"_links":{"self":[{"href":"https:\/\/aconteceunovale.com.br\/portal\/index.php?rest_route=\/wp\/v2\/posts\/168338","targetHints":{"allow":["GET"]}}],"collection":[{"href":"https:\/\/aconteceunovale.com.br\/portal\/index.php?rest_route=\/wp\/v2\/posts"}],"about":[{"href":"https:\/\/aconteceunovale.com.br\/portal\/index.php?rest_route=\/wp\/v2\/types\/post"}],"author":[{"embeddable":true,"href":"https:\/\/aconteceunovale.com.br\/portal\/index.php?rest_route=\/wp\/v2\/users\/4"}],"replies":[{"embeddable":true,"href":"https:\/\/aconteceunovale.com.br\/portal\/index.php?rest_route=%2Fwp%2Fv2%2Fcomments&post=168338"}],"version-history":[{"count":1,"href":"https:\/\/aconteceunovale.com.br\/portal\/index.php?rest_route=\/wp\/v2\/posts\/168338\/revisions"}],"predecessor-version":[{"id":168339,"href":"https:\/\/aconteceunovale.com.br\/portal\/index.php?rest_route=\/wp\/v2\/posts\/168338\/revisions\/168339"}],"wp:featuredmedia":[{"embeddable":true,"href":"https:\/\/aconteceunovale.com.br\/portal\/index.php?rest_route=\/wp\/v2\/media\/164878"}],"wp:attachment":[{"href":"https:\/\/aconteceunovale.com.br\/portal\/index.php?rest_route=%2Fwp%2Fv2%2Fmedia&parent=168338"}],"wp:term":[{"taxonomy":"category","embeddable":true,"href":"https:\/\/aconteceunovale.com.br\/portal\/index.php?rest_route=%2Fwp%2Fv2%2Fcategories&post=168338"},{"taxonomy":"post_tag","embeddable":true,"href":"https:\/\/aconteceunovale.com.br\/portal\/index.php?rest_route=%2Fwp%2Fv2%2Ftags&post=168338"}],"curies":[{"name":"wp","href":"https:\/\/api.w.org\/{rel}","templated":true}]}}