{"id":168186,"date":"2020-09-02T09:33:51","date_gmt":"2020-09-02T12:33:51","guid":{"rendered":"https:\/\/aconteceunovale.com.br\/portal\/?p=168186"},"modified":"2020-09-02T09:34:04","modified_gmt":"2020-09-02T12:34:04","slug":"anvisa-suspende-retencao-de-receita-para-ivermectina-e-nitazoxanida","status":"publish","type":"post","link":"https:\/\/aconteceunovale.com.br\/portal\/?p=168186","title":{"rendered":"Anvisa suspende reten\u00e7\u00e3o de receita para Ivermectina e Nitazoxanida"},"content":{"rendered":"\n<p class=\"wp-block-paragraph\">A Diretoria Colegiada da Ag\u00eancia Nacional de Vigil\u00e2ncia Sanit\u00e1ria (Anvisa) revisou, durante reuni\u00e3o realizada nessa ter\u00e7a-feira (1\/9\/2020), a exig\u00eancia de reten\u00e7\u00e3o de receita para os medicamentos Ivermectina e Nitazoxanida. \u00a0<\/p>\n\n\n\n<p class=\"wp-block-paragraph\">\u201cNeste contexto, verificou-se que os medicamentos Ivermectina e Nitazoxanida, no momento, n\u00e3o se encontram sob amea\u00e7a de desabastecimento de mercado. A altera\u00e7\u00e3o foi adotada visando garantir o acesso da popula\u00e7\u00e3o ao tratamento de verminoses e parasitoses bastante conhecidas e bem significativas&#8221;, diz a Ag\u00eancia.<\/p>\n\n\n\n<p class=\"wp-block-paragraph\">De acordo com a Anvisa, a medida faz parte do monitoramento de subst\u00e2ncias sujeitas a controle em virtude da emerg\u00eancia de sa\u00fade p\u00fablica em fun\u00e7\u00e3o da pandemia relacionada ao novo coronav\u00edrus (covid-19).<\/p>\n\n\n\n<p class=\"wp-block-paragraph\">\u201cA decis\u00e3o considera ainda que os dois medicamentos j\u00e1 s\u00e3o de prescri\u00e7\u00e3o m\u00e9dica e n\u00e3o v\u00eam sendo utilizados em doen\u00e7as e pacientes cr\u00f4nicos\u201d. A medida come\u00e7a a valer a partir da publica\u00e7\u00e3o no\u00a0<em>Di\u00e1rio Oficial da Uni\u00e3o<\/em>.<\/p>\n\n\n\n<p class=\"has-white-color has-black-background-color has-text-color has-background wp-block-paragraph\">Quer saber as not\u00edcias do <strong>Aconteceu no Vale<\/strong> em primeira m\u00e3o? Siga-nos no Facebook <a rel=\"noreferrer noopener\" href=\"http:\/\/facebook.com\/aconteceunovale\" target=\"_blank\">@aconteceunovale<\/a>, Twitter <a rel=\"noreferrer noopener\" href=\"https:\/\/twitter.com\/noticiadosvales\" target=\"_blank\">@noticiadosvales<\/a> e Instagram <a rel=\"noreferrer noopener\" href=\"https:\/\/www.instagram.com\/aconteceunovale\" target=\"_blank\">@aconteceunovale<\/a>.<\/p>\n","protected":false},"excerpt":{"rendered":"<p>A Diretoria Colegiada da Ag\u00eancia Nacional de Vigil\u00e2ncia Sanit\u00e1ria (Anvisa) revisou, durante reuni\u00e3o realizada nessa ter\u00e7a-feira (1\/9\/2020), a exig\u00eancia de reten\u00e7\u00e3o de receita para os medicamentos Ivermectina e Nitazoxanida. \u00a0 \u201cNeste contexto, verificou-se que os medicamentos Ivermectina e Nitazoxanida, no momento, n\u00e3o se encontram sob amea\u00e7a de desabastecimento de mercado. A altera\u00e7\u00e3o foi adotada visando [&hellip;]<\/p>\n","protected":false},"author":4,"featured_media":168187,"comment_status":"open","ping_status":"closed","sticky":false,"template":"","format":"standard","meta":{"amp_status":"","footnotes":""},"categories":[6,40242],"tags":[25793,2278,225316,226037,228774,228777,228773,228775,226035,228776],"class_list":["post-168186","post","type-post","status-publish","format-standard","has-post-thumbnail","hentry","category-br","category-saude-2","tag-agencia-nacional-de-vigilancia-sanitaria","tag-anvisa","tag-ivermectina","tag-nitazoxanida","tag-receita-de-ivermectina","tag-receita-de-nitazoxanida","tag-retencao-de-receita-para-ivermectina","tag-retencao-de-receita-para-nitazoxanida","tag-venda-de-ivermectina","tag-venda-de-nitazoxanida"],"yoast_head":"<!-- This site is optimized with the Yoast SEO plugin v28.3 - https:\/\/yoast.com\/product\/yoast-seo-wordpress\/ -->\n<title>Anvisa suspende reten\u00e7\u00e3o de receita para Ivermectina e Nitazoxanida - Aconteceu no Vale<\/title>\n<meta name=\"robots\" content=\"index, follow, max-snippet:-1, max-image-preview:large, max-video-preview:-1\" \/>\n<link rel=\"canonical\" href=\"https:\/\/aconteceunovale.com.br\/portal\/?p=168186\" \/>\n<meta property=\"og:locale\" content=\"pt_BR\" \/>\n<meta property=\"og:type\" content=\"article\" \/>\n<meta property=\"og:title\" content=\"Anvisa suspende reten\u00e7\u00e3o de receita para Ivermectina e Nitazoxanida - Aconteceu no Vale\" \/>\n<meta property=\"og:description\" content=\"A Diretoria Colegiada da Ag\u00eancia Nacional de Vigil\u00e2ncia Sanit\u00e1ria (Anvisa) revisou, durante reuni\u00e3o realizada nessa ter\u00e7a-feira (1\/9\/2020), a exig\u00eancia de reten\u00e7\u00e3o de receita para os medicamentos Ivermectina e Nitazoxanida. \u00a0 \u201cNeste contexto, verificou-se que os medicamentos Ivermectina e Nitazoxanida, no momento, n\u00e3o se encontram sob amea\u00e7a de desabastecimento de mercado. A altera\u00e7\u00e3o foi adotada visando [&hellip;]\" \/>\n<meta property=\"og:url\" content=\"https:\/\/aconteceunovale.com.br\/portal\/?p=168186\" \/>\n<meta property=\"og:site_name\" content=\"Aconteceu no Vale\" \/>\n<meta property=\"article:publisher\" content=\"https:\/\/www.facebook.com\/aconteceunovale\/\" \/>\n<meta property=\"article:published_time\" content=\"2020-09-02T12:33:51+00:00\" \/>\n<meta property=\"article:modified_time\" content=\"2020-09-02T12:34:04+00:00\" \/>\n<meta property=\"og:image\" content=\"https:\/\/aconteceunovale.com.br\/portal\/wp-content\/uploads\/2020\/09\/ivermectina.jpeg\" \/>\n\t<meta property=\"og:image:width\" content=\"660\" \/>\n\t<meta property=\"og:image:height\" content=\"360\" \/>\n\t<meta property=\"og:image:type\" content=\"image\/jpeg\" \/>\n<meta name=\"author\" content=\"Reda\u00e7\u00e3o Aconteceu no Vale\" \/>\n<meta name=\"twitter:card\" content=\"summary_large_image\" \/>\n<meta name=\"twitter:creator\" content=\"@noticiadosvales\" \/>\n<meta name=\"twitter:site\" content=\"@noticiadosvales\" \/>\n<meta name=\"twitter:label1\" content=\"Escrito por\" \/>\n\t<meta name=\"twitter:data1\" content=\"Reda\u00e7\u00e3o Aconteceu no Vale\" \/>\n\t<meta name=\"twitter:label2\" content=\"Est. tempo de leitura\" \/>\n\t<meta name=\"twitter:data2\" content=\"1 minuto\" \/>\n<script type=\"application\/ld+json\" class=\"yoast-schema-graph\">{\"@context\":\"https:\\\/\\\/schema.org\",\"@graph\":[{\"@type\":\"Article\",\"@id\":\"https:\\\/\\\/aconteceunovale.com.br\\\/portal\\\/?p=168186#article\",\"isPartOf\":{\"@id\":\"https:\\\/\\\/aconteceunovale.com.br\\\/portal\\\/?p=168186\"},\"author\":{\"name\":\"Reda\u00e7\u00e3o Aconteceu no Vale\",\"@id\":\"https:\\\/\\\/aconteceunovale.com.br\\\/portal\\\/#\\\/schema\\\/person\\\/7d2f26d1483f8a63de73da1ee0754d35\"},\"headline\":\"Anvisa suspende reten\u00e7\u00e3o de receita para Ivermectina e Nitazoxanida\",\"datePublished\":\"2020-09-02T12:33:51+00:00\",\"dateModified\":\"2020-09-02T12:34:04+00:00\",\"mainEntityOfPage\":{\"@id\":\"https:\\\/\\\/aconteceunovale.com.br\\\/portal\\\/?p=168186\"},\"wordCount\":203,\"commentCount\":0,\"image\":{\"@id\":\"https:\\\/\\\/aconteceunovale.com.br\\\/portal\\\/?p=168186#primaryimage\"},\"thumbnailUrl\":\"https:\\\/\\\/aconteceunovale.com.br\\\/portal\\\/wp-content\\\/uploads\\\/2020\\\/09\\\/ivermectina.jpeg\",\"keywords\":[\"Ag\u00eancia Nacional de Vigil\u00e2ncia Sanit\u00e1ria\",\"Anvisa\",\"Ivermectina\",\"nitazoxanida\",\"Receita de Ivermectina\",\"Receita de Nitazoxanida\",\"Reten\u00e7\u00e3o de receita para Ivermectina\",\"Reten\u00e7\u00e3o de receita para Nitazoxanida\",\"Venda de Ivermectina\",\"Venda de Nitazoxanida\"],\"articleSection\":[\"Brasil\",\"Sa\u00fade\"],\"inLanguage\":\"pt-BR\",\"potentialAction\":[{\"@type\":\"CommentAction\",\"name\":\"Comment\",\"target\":[\"https:\\\/\\\/aconteceunovale.com.br\\\/portal\\\/?p=168186#respond\"]}]},{\"@type\":\"WebPage\",\"@id\":\"https:\\\/\\\/aconteceunovale.com.br\\\/portal\\\/?p=168186\",\"url\":\"https:\\\/\\\/aconteceunovale.com.br\\\/portal\\\/?p=168186\",\"name\":\"Anvisa suspende reten\u00e7\u00e3o de receita para Ivermectina e Nitazoxanida - Aconteceu no Vale\",\"isPartOf\":{\"@id\":\"https:\\\/\\\/aconteceunovale.com.br\\\/portal\\\/#website\"},\"primaryImageOfPage\":{\"@id\":\"https:\\\/\\\/aconteceunovale.com.br\\\/portal\\\/?p=168186#primaryimage\"},\"image\":{\"@id\":\"https:\\\/\\\/aconteceunovale.com.br\\\/portal\\\/?p=168186#primaryimage\"},\"thumbnailUrl\":\"https:\\\/\\\/aconteceunovale.com.br\\\/portal\\\/wp-content\\\/uploads\\\/2020\\\/09\\\/ivermectina.jpeg\",\"datePublished\":\"2020-09-02T12:33:51+00:00\",\"dateModified\":\"2020-09-02T12:34:04+00:00\",\"author\":{\"@id\":\"https:\\\/\\\/aconteceunovale.com.br\\\/portal\\\/#\\\/schema\\\/person\\\/7d2f26d1483f8a63de73da1ee0754d35\"},\"breadcrumb\":{\"@id\":\"https:\\\/\\\/aconteceunovale.com.br\\\/portal\\\/?p=168186#breadcrumb\"},\"inLanguage\":\"pt-BR\",\"potentialAction\":[{\"@type\":\"ReadAction\",\"target\":[\"https:\\\/\\\/aconteceunovale.com.br\\\/portal\\\/?p=168186\"]}]},{\"@type\":\"ImageObject\",\"inLanguage\":\"pt-BR\",\"@id\":\"https:\\\/\\\/aconteceunovale.com.br\\\/portal\\\/?p=168186#primaryimage\",\"url\":\"https:\\\/\\\/aconteceunovale.com.br\\\/portal\\\/wp-content\\\/uploads\\\/2020\\\/09\\\/ivermectina.jpeg\",\"contentUrl\":\"https:\\\/\\\/aconteceunovale.com.br\\\/portal\\\/wp-content\\\/uploads\\\/2020\\\/09\\\/ivermectina.jpeg\",\"width\":660,\"height\":360},{\"@type\":\"BreadcrumbList\",\"@id\":\"https:\\\/\\\/aconteceunovale.com.br\\\/portal\\\/?p=168186#breadcrumb\",\"itemListElement\":[{\"@type\":\"ListItem\",\"position\":1,\"name\":\"In\u00edcio\",\"item\":\"https:\\\/\\\/aconteceunovale.com.br\\\/portal\\\/\"},{\"@type\":\"ListItem\",\"position\":2,\"name\":\"Anvisa suspende reten\u00e7\u00e3o de receita para Ivermectina e Nitazoxanida\"}]},{\"@type\":\"WebSite\",\"@id\":\"https:\\\/\\\/aconteceunovale.com.br\\\/portal\\\/#website\",\"url\":\"https:\\\/\\\/aconteceunovale.com.br\\\/portal\\\/\",\"name\":\"Aconteceu no Vale\",\"description\":\"Portal de Not\u00edcias\",\"potentialAction\":[{\"@type\":\"SearchAction\",\"target\":{\"@type\":\"EntryPoint\",\"urlTemplate\":\"https:\\\/\\\/aconteceunovale.com.br\\\/portal\\\/?s={search_term_string}\"},\"query-input\":{\"@type\":\"PropertyValueSpecification\",\"valueRequired\":true,\"valueName\":\"search_term_string\"}}],\"inLanguage\":\"pt-BR\"},{\"@type\":\"Person\",\"@id\":\"https:\\\/\\\/aconteceunovale.com.br\\\/portal\\\/#\\\/schema\\\/person\\\/7d2f26d1483f8a63de73da1ee0754d35\",\"name\":\"Reda\u00e7\u00e3o Aconteceu no Vale\",\"description\":\"Equipe de reportagem do Aconteceu no Vale, portal de not\u00edcias do Vale do Jequitinhonha, em Minas Gerais. Cobrimos as 51 cidades do Vale desde 2013. Sugest\u00f5es de pauta e pedidos de corre\u00e7\u00e3o: contato@aconteceunovale.com.br\",\"url\":\"https:\\\/\\\/aconteceunovale.com.br\\\/portal\\\/?author=4\"}]}<\/script>\n<!-- \/ Yoast SEO plugin. -->","yoast_head_json":{"title":"Anvisa suspende reten\u00e7\u00e3o de receita para Ivermectina e Nitazoxanida - Aconteceu no Vale","robots":{"index":"index","follow":"follow","max-snippet":"max-snippet:-1","max-image-preview":"max-image-preview:large","max-video-preview":"max-video-preview:-1"},"canonical":"https:\/\/aconteceunovale.com.br\/portal\/?p=168186","og_locale":"pt_BR","og_type":"article","og_title":"Anvisa suspende reten\u00e7\u00e3o de receita para Ivermectina e Nitazoxanida - Aconteceu no Vale","og_description":"A Diretoria Colegiada da Ag\u00eancia Nacional de Vigil\u00e2ncia Sanit\u00e1ria (Anvisa) revisou, durante reuni\u00e3o realizada nessa ter\u00e7a-feira (1\/9\/2020), a exig\u00eancia de reten\u00e7\u00e3o de receita para os medicamentos Ivermectina e Nitazoxanida. \u00a0 \u201cNeste contexto, verificou-se que os medicamentos Ivermectina e Nitazoxanida, no momento, n\u00e3o se encontram sob amea\u00e7a de desabastecimento de mercado. A altera\u00e7\u00e3o foi adotada visando [&hellip;]","og_url":"https:\/\/aconteceunovale.com.br\/portal\/?p=168186","og_site_name":"Aconteceu no Vale","article_publisher":"https:\/\/www.facebook.com\/aconteceunovale\/","article_published_time":"2020-09-02T12:33:51+00:00","article_modified_time":"2020-09-02T12:34:04+00:00","og_image":[{"width":660,"height":360,"url":"https:\/\/aconteceunovale.com.br\/portal\/wp-content\/uploads\/2020\/09\/ivermectina.jpeg","type":"image\/jpeg"}],"author":"Reda\u00e7\u00e3o Aconteceu no Vale","twitter_card":"summary_large_image","twitter_creator":"@noticiadosvales","twitter_site":"@noticiadosvales","twitter_misc":{"Escrito por":"Reda\u00e7\u00e3o Aconteceu no Vale","Est. tempo de leitura":"1 minuto"},"schema":{"@context":"https:\/\/schema.org","@graph":[{"@type":"Article","@id":"https:\/\/aconteceunovale.com.br\/portal\/?p=168186#article","isPartOf":{"@id":"https:\/\/aconteceunovale.com.br\/portal\/?p=168186"},"author":{"name":"Reda\u00e7\u00e3o Aconteceu no Vale","@id":"https:\/\/aconteceunovale.com.br\/portal\/#\/schema\/person\/7d2f26d1483f8a63de73da1ee0754d35"},"headline":"Anvisa suspende reten\u00e7\u00e3o de receita para Ivermectina e Nitazoxanida","datePublished":"2020-09-02T12:33:51+00:00","dateModified":"2020-09-02T12:34:04+00:00","mainEntityOfPage":{"@id":"https:\/\/aconteceunovale.com.br\/portal\/?p=168186"},"wordCount":203,"commentCount":0,"image":{"@id":"https:\/\/aconteceunovale.com.br\/portal\/?p=168186#primaryimage"},"thumbnailUrl":"https:\/\/aconteceunovale.com.br\/portal\/wp-content\/uploads\/2020\/09\/ivermectina.jpeg","keywords":["Ag\u00eancia Nacional de Vigil\u00e2ncia Sanit\u00e1ria","Anvisa","Ivermectina","nitazoxanida","Receita de Ivermectina","Receita de Nitazoxanida","Reten\u00e7\u00e3o de receita para Ivermectina","Reten\u00e7\u00e3o de receita para Nitazoxanida","Venda de Ivermectina","Venda de Nitazoxanida"],"articleSection":["Brasil","Sa\u00fade"],"inLanguage":"pt-BR","potentialAction":[{"@type":"CommentAction","name":"Comment","target":["https:\/\/aconteceunovale.com.br\/portal\/?p=168186#respond"]}]},{"@type":"WebPage","@id":"https:\/\/aconteceunovale.com.br\/portal\/?p=168186","url":"https:\/\/aconteceunovale.com.br\/portal\/?p=168186","name":"Anvisa suspende reten\u00e7\u00e3o de receita para Ivermectina e Nitazoxanida - Aconteceu no Vale","isPartOf":{"@id":"https:\/\/aconteceunovale.com.br\/portal\/#website"},"primaryImageOfPage":{"@id":"https:\/\/aconteceunovale.com.br\/portal\/?p=168186#primaryimage"},"image":{"@id":"https:\/\/aconteceunovale.com.br\/portal\/?p=168186#primaryimage"},"thumbnailUrl":"https:\/\/aconteceunovale.com.br\/portal\/wp-content\/uploads\/2020\/09\/ivermectina.jpeg","datePublished":"2020-09-02T12:33:51+00:00","dateModified":"2020-09-02T12:34:04+00:00","author":{"@id":"https:\/\/aconteceunovale.com.br\/portal\/#\/schema\/person\/7d2f26d1483f8a63de73da1ee0754d35"},"breadcrumb":{"@id":"https:\/\/aconteceunovale.com.br\/portal\/?p=168186#breadcrumb"},"inLanguage":"pt-BR","potentialAction":[{"@type":"ReadAction","target":["https:\/\/aconteceunovale.com.br\/portal\/?p=168186"]}]},{"@type":"ImageObject","inLanguage":"pt-BR","@id":"https:\/\/aconteceunovale.com.br\/portal\/?p=168186#primaryimage","url":"https:\/\/aconteceunovale.com.br\/portal\/wp-content\/uploads\/2020\/09\/ivermectina.jpeg","contentUrl":"https:\/\/aconteceunovale.com.br\/portal\/wp-content\/uploads\/2020\/09\/ivermectina.jpeg","width":660,"height":360},{"@type":"BreadcrumbList","@id":"https:\/\/aconteceunovale.com.br\/portal\/?p=168186#breadcrumb","itemListElement":[{"@type":"ListItem","position":1,"name":"In\u00edcio","item":"https:\/\/aconteceunovale.com.br\/portal\/"},{"@type":"ListItem","position":2,"name":"Anvisa suspende reten\u00e7\u00e3o de receita para Ivermectina e Nitazoxanida"}]},{"@type":"WebSite","@id":"https:\/\/aconteceunovale.com.br\/portal\/#website","url":"https:\/\/aconteceunovale.com.br\/portal\/","name":"Aconteceu no Vale","description":"Portal de Not\u00edcias","potentialAction":[{"@type":"SearchAction","target":{"@type":"EntryPoint","urlTemplate":"https:\/\/aconteceunovale.com.br\/portal\/?s={search_term_string}"},"query-input":{"@type":"PropertyValueSpecification","valueRequired":true,"valueName":"search_term_string"}}],"inLanguage":"pt-BR"},{"@type":"Person","@id":"https:\/\/aconteceunovale.com.br\/portal\/#\/schema\/person\/7d2f26d1483f8a63de73da1ee0754d35","name":"Reda\u00e7\u00e3o Aconteceu no Vale","description":"Equipe de reportagem do Aconteceu no Vale, portal de not\u00edcias do Vale do Jequitinhonha, em Minas Gerais. Cobrimos as 51 cidades do Vale desde 2013. Sugest\u00f5es de pauta e pedidos de corre\u00e7\u00e3o: contato@aconteceunovale.com.br","url":"https:\/\/aconteceunovale.com.br\/portal\/?author=4"}]}},"_links":{"self":[{"href":"https:\/\/aconteceunovale.com.br\/portal\/index.php?rest_route=\/wp\/v2\/posts\/168186","targetHints":{"allow":["GET"]}}],"collection":[{"href":"https:\/\/aconteceunovale.com.br\/portal\/index.php?rest_route=\/wp\/v2\/posts"}],"about":[{"href":"https:\/\/aconteceunovale.com.br\/portal\/index.php?rest_route=\/wp\/v2\/types\/post"}],"author":[{"embeddable":true,"href":"https:\/\/aconteceunovale.com.br\/portal\/index.php?rest_route=\/wp\/v2\/users\/4"}],"replies":[{"embeddable":true,"href":"https:\/\/aconteceunovale.com.br\/portal\/index.php?rest_route=%2Fwp%2Fv2%2Fcomments&post=168186"}],"version-history":[{"count":1,"href":"https:\/\/aconteceunovale.com.br\/portal\/index.php?rest_route=\/wp\/v2\/posts\/168186\/revisions"}],"predecessor-version":[{"id":168188,"href":"https:\/\/aconteceunovale.com.br\/portal\/index.php?rest_route=\/wp\/v2\/posts\/168186\/revisions\/168188"}],"wp:featuredmedia":[{"embeddable":true,"href":"https:\/\/aconteceunovale.com.br\/portal\/index.php?rest_route=\/wp\/v2\/media\/168187"}],"wp:attachment":[{"href":"https:\/\/aconteceunovale.com.br\/portal\/index.php?rest_route=%2Fwp%2Fv2%2Fmedia&parent=168186"}],"wp:term":[{"taxonomy":"category","embeddable":true,"href":"https:\/\/aconteceunovale.com.br\/portal\/index.php?rest_route=%2Fwp%2Fv2%2Fcategories&post=168186"},{"taxonomy":"post_tag","embeddable":true,"href":"https:\/\/aconteceunovale.com.br\/portal\/index.php?rest_route=%2Fwp%2Fv2%2Ftags&post=168186"}],"curies":[{"name":"wp","href":"https:\/\/api.w.org\/{rel}","templated":true}]}}