{"id":168181,"date":"2020-09-02T09:21:48","date_gmt":"2020-09-02T12:21:48","guid":{"rendered":"https:\/\/aconteceunovale.com.br\/portal\/?p=168181"},"modified":"2020-09-02T09:22:38","modified_gmt":"2020-09-02T12:22:38","slug":"governo-de-minas-gerais-anuncia-escala-de-pagamento-dos-servidores-2","status":"publish","type":"post","link":"https:\/\/aconteceunovale.com.br\/portal\/?p=168181","title":{"rendered":"Governo de Minas Gerais anuncia escala de pagamento dos servidores"},"content":{"rendered":"\n<p class=\"wp-block-paragraph\">O&nbsp;<a href=\"https:\/\/www.mg.gov.br\/\" target=\"_blank\" rel=\"noreferrer noopener\">Governo de Minas<\/a>&nbsp;anunciou, nesta quarta-feira (2\/9\/2020), a escala de pagamento do sal\u00e1rio dos servidores estaduais referente ao m\u00eas de agosto. As \u00e1reas de Sa\u00fade e Seguran\u00e7a, que atuam na linha de frente do combate \u00e0 covid-19, receber\u00e3o o sal\u00e1rio integral no dia 11\/9. Na mesma data, ser\u00e1 depositada a primeira parcela, no valor de R$ 2 mil, das demais categorias do funcionalismo.<\/p>\n\n\n\n<p class=\"wp-block-paragraph\">O pagamento da segunda parcela ser\u00e1 realizado no dia 22\/9. Os recursos para quita\u00e7\u00e3o dos sal\u00e1rios s\u00e3o oriundos do repasse emergencial da Uni\u00e3o a estados e munic\u00edpios, para compensar as perdas de arrecada\u00e7\u00e3o e os gastos extras decorrentes da pandemia do coronav\u00edrus.<\/p>\n\n\n\n<p class=\"has-white-color has-black-background-color has-text-color has-background wp-block-paragraph\">Quer saber as not\u00edcias do <strong>Aconteceu no Vale<\/strong> em primeira m\u00e3o? Siga-nos no Facebook <a rel=\"noreferrer noopener\" href=\"http:\/\/facebook.com\/aconteceunovale\" target=\"_blank\">@aconteceunovale<\/a>, Twitter <a rel=\"noreferrer noopener\" href=\"https:\/\/twitter.com\/noticiadosvales\" target=\"_blank\">@noticiadosvales<\/a> e Instagram <a rel=\"noreferrer noopener\" href=\"https:\/\/www.instagram.com\/aconteceunovale\" target=\"_blank\">@aconteceunovale<\/a>.<\/p>\n","protected":false},"excerpt":{"rendered":"<p>O&nbsp;Governo de Minas&nbsp;anunciou, nesta quarta-feira (2\/9\/2020), a escala de pagamento do sal\u00e1rio dos servidores estaduais referente ao m\u00eas de agosto. As \u00e1reas de Sa\u00fade e Seguran\u00e7a, que atuam na linha de frente do combate \u00e0 covid-19, receber\u00e3o o sal\u00e1rio integral no dia 11\/9. Na mesma data, ser\u00e1 depositada a primeira parcela, no valor de R$ [&hellip;]<\/p>\n","protected":false},"author":4,"featured_media":168182,"comment_status":"open","ping_status":"closed","sticky":false,"template":"","format":"standard","meta":{"amp_status":"","footnotes":""},"categories":[123],"tags":[222086,1018,204221,204222,179027,179026,204223,228770,204224,204225,51191,224971,222083,204226,165569,204228,228771,204227,177628,228772],"class_list":["post-168181","post","type-post","status-publish","format-standard","has-post-thumbnail","hentry","category-gerais","tag-13o-de-2019-governo-de-minas","tag-destaque","tag-escala-de-pagamento-do-mes-de-agosto-para-os-servidores-publicos","tag-escala-de-pagamento-do-mes-de-agosto-para-os-servidores-publicos-de-minas-gerais","tag-escala-de-pagamento-governo-de-minas-gerais","tag-escala-governo-de-minas-gerais","tag-governo-de-minas-anuncia-escala-de-pagamento-para-agosto","tag-governo-de-minas-anuncia-escala-de-pagamento-para-agosto-e-quitacao-integral-do-13o-de-2018","tag-governo-de-minas-anuncia-escala-de-pagamento-para-o-mes-de-agosto","tag-governo-de-minas-divulga-a-escala-de-pagamento-do-mes-de-agosto","tag-governo-de-minas-gerais","tag-governo-de-minas-gerais-anuncia-escala-de-pagamento-dos-servidores","tag-governo-de-minas-gerais-anuncia-escala-de-pagamento-para-servidores","tag-governo-de-minas-gerais-divulga-escala-de-pagamento-de-agosto-aos-servidores","tag-pagamento-13o-governo-de-minas","tag-pagamento-agosto-governo-de-minas","tag-pagamento-do-salario-de-agosto-do-governo-de-minas","tag-pagamento-governo-de-minas-agosto","tag-pagamento-governo-de-minas-gerais","tag-salario-de-agosto-governo-de-minas"],"yoast_head":"<!-- This site is optimized with the Yoast SEO plugin v28.3 - https:\/\/yoast.com\/product\/yoast-seo-wordpress\/ -->\n<title>Governo de Minas Gerais anuncia escala de pagamento dos servidores - Aconteceu no Vale<\/title>\n<meta name=\"robots\" content=\"index, follow, max-snippet:-1, max-image-preview:large, max-video-preview:-1\" \/>\n<link rel=\"canonical\" href=\"https:\/\/aconteceunovale.com.br\/portal\/?p=168181\" \/>\n<meta property=\"og:locale\" content=\"pt_BR\" \/>\n<meta property=\"og:type\" content=\"article\" \/>\n<meta property=\"og:title\" content=\"Governo de Minas Gerais anuncia escala de pagamento dos servidores - Aconteceu no Vale\" \/>\n<meta property=\"og:description\" content=\"O&nbsp;Governo de Minas&nbsp;anunciou, nesta quarta-feira (2\/9\/2020), a escala de pagamento do sal\u00e1rio dos servidores estaduais referente ao m\u00eas de agosto. As \u00e1reas de Sa\u00fade e Seguran\u00e7a, que atuam na linha de frente do combate \u00e0 covid-19, receber\u00e3o o sal\u00e1rio integral no dia 11\/9. Na mesma data, ser\u00e1 depositada a primeira parcela, no valor de R$ [&hellip;]\" \/>\n<meta property=\"og:url\" content=\"https:\/\/aconteceunovale.com.br\/portal\/?p=168181\" \/>\n<meta property=\"og:site_name\" content=\"Aconteceu no Vale\" \/>\n<meta property=\"article:publisher\" content=\"https:\/\/www.facebook.com\/aconteceunovale\/\" \/>\n<meta property=\"article:published_time\" content=\"2020-09-02T12:21:48+00:00\" \/>\n<meta property=\"article:modified_time\" content=\"2020-09-02T12:22:38+00:00\" \/>\n<meta property=\"og:image\" content=\"https:\/\/aconteceunovale.com.br\/portal\/wp-content\/uploads\/2020\/09\/cidade_adm.jpg\" \/>\n\t<meta property=\"og:image:width\" content=\"674\" \/>\n\t<meta property=\"og:image:height\" content=\"450\" \/>\n\t<meta property=\"og:image:type\" content=\"image\/jpeg\" \/>\n<meta name=\"author\" content=\"Reda\u00e7\u00e3o Aconteceu no Vale\" \/>\n<meta name=\"twitter:card\" content=\"summary_large_image\" \/>\n<meta name=\"twitter:creator\" content=\"@noticiadosvales\" \/>\n<meta name=\"twitter:site\" content=\"@noticiadosvales\" \/>\n<meta name=\"twitter:label1\" content=\"Escrito por\" \/>\n\t<meta name=\"twitter:data1\" content=\"Reda\u00e7\u00e3o Aconteceu no Vale\" \/>\n\t<meta name=\"twitter:label2\" content=\"Est. tempo de leitura\" \/>\n\t<meta name=\"twitter:data2\" content=\"1 minuto\" \/>\n<script type=\"application\/ld+json\" class=\"yoast-schema-graph\">{\"@context\":\"https:\\\/\\\/schema.org\",\"@graph\":[{\"@type\":\"Article\",\"@id\":\"https:\\\/\\\/aconteceunovale.com.br\\\/portal\\\/?p=168181#article\",\"isPartOf\":{\"@id\":\"https:\\\/\\\/aconteceunovale.com.br\\\/portal\\\/?p=168181\"},\"author\":{\"name\":\"Reda\u00e7\u00e3o Aconteceu no Vale\",\"@id\":\"https:\\\/\\\/aconteceunovale.com.br\\\/portal\\\/#\\\/schema\\\/person\\\/7d2f26d1483f8a63de73da1ee0754d35\"},\"headline\":\"Governo de Minas Gerais anuncia escala de pagamento dos servidores\",\"datePublished\":\"2020-09-02T12:21:48+00:00\",\"dateModified\":\"2020-09-02T12:22:38+00:00\",\"mainEntityOfPage\":{\"@id\":\"https:\\\/\\\/aconteceunovale.com.br\\\/portal\\\/?p=168181\"},\"wordCount\":148,\"commentCount\":0,\"image\":{\"@id\":\"https:\\\/\\\/aconteceunovale.com.br\\\/portal\\\/?p=168181#primaryimage\"},\"thumbnailUrl\":\"https:\\\/\\\/aconteceunovale.com.br\\\/portal\\\/wp-content\\\/uploads\\\/2020\\\/09\\\/cidade_adm.jpg\",\"keywords\":[\"13\u00ba de 2019 Governo de Minas\",\"destaque\",\"escala de pagamento do m\u00eas de agosto para os servidores p\u00fablicos\",\"escala de pagamento do m\u00eas de agosto para os servidores p\u00fablicos de Minas Gerais\",\"Escala de pagamento Governo de Minas Gerais\",\"Escala Governo de Minas Gerais\",\"Governo de Minas anuncia escala de pagamento para agosto\",\"Governo de Minas anuncia escala de pagamento para agosto e quita\u00e7\u00e3o integral do 13\u00ba de 2018\",\"Governo de Minas anuncia escala de pagamento para o m\u00eas de agosto\",\"Governo de Minas divulga a escala de pagamento do m\u00eas de agosto\",\"Governo de Minas Gerais\",\"Governo de Minas Gerais anuncia escala de pagamento dos servidores\",\"Governo de Minas Gerais anuncia escala de pagamento para servidores\",\"Governo de Minas Gerais divulga escala de pagamento de agosto aos servidores\",\"Pagamento 13\u00ba Governo de Minas\",\"Pagamento agosto governo de minas\",\"Pagamento do sal\u00e1rio de agosto do governo de Minas\",\"Pagamento governo de Minas agosto\",\"Pagamento Governo de Minas Gerais\",\"Sal\u00e1rio de agosto governo de Minas\"],\"articleSection\":[\"Minas Gerais\"],\"inLanguage\":\"pt-BR\",\"potentialAction\":[{\"@type\":\"CommentAction\",\"name\":\"Comment\",\"target\":[\"https:\\\/\\\/aconteceunovale.com.br\\\/portal\\\/?p=168181#respond\"]}]},{\"@type\":\"WebPage\",\"@id\":\"https:\\\/\\\/aconteceunovale.com.br\\\/portal\\\/?p=168181\",\"url\":\"https:\\\/\\\/aconteceunovale.com.br\\\/portal\\\/?p=168181\",\"name\":\"Governo de Minas Gerais anuncia escala de pagamento dos servidores - Aconteceu no Vale\",\"isPartOf\":{\"@id\":\"https:\\\/\\\/aconteceunovale.com.br\\\/portal\\\/#website\"},\"primaryImageOfPage\":{\"@id\":\"https:\\\/\\\/aconteceunovale.com.br\\\/portal\\\/?p=168181#primaryimage\"},\"image\":{\"@id\":\"https:\\\/\\\/aconteceunovale.com.br\\\/portal\\\/?p=168181#primaryimage\"},\"thumbnailUrl\":\"https:\\\/\\\/aconteceunovale.com.br\\\/portal\\\/wp-content\\\/uploads\\\/2020\\\/09\\\/cidade_adm.jpg\",\"datePublished\":\"2020-09-02T12:21:48+00:00\",\"dateModified\":\"2020-09-02T12:22:38+00:00\",\"author\":{\"@id\":\"https:\\\/\\\/aconteceunovale.com.br\\\/portal\\\/#\\\/schema\\\/person\\\/7d2f26d1483f8a63de73da1ee0754d35\"},\"breadcrumb\":{\"@id\":\"https:\\\/\\\/aconteceunovale.com.br\\\/portal\\\/?p=168181#breadcrumb\"},\"inLanguage\":\"pt-BR\",\"potentialAction\":[{\"@type\":\"ReadAction\",\"target\":[\"https:\\\/\\\/aconteceunovale.com.br\\\/portal\\\/?p=168181\"]}]},{\"@type\":\"ImageObject\",\"inLanguage\":\"pt-BR\",\"@id\":\"https:\\\/\\\/aconteceunovale.com.br\\\/portal\\\/?p=168181#primaryimage\",\"url\":\"https:\\\/\\\/aconteceunovale.com.br\\\/portal\\\/wp-content\\\/uploads\\\/2020\\\/09\\\/cidade_adm.jpg\",\"contentUrl\":\"https:\\\/\\\/aconteceunovale.com.br\\\/portal\\\/wp-content\\\/uploads\\\/2020\\\/09\\\/cidade_adm.jpg\",\"width\":674,\"height\":450,\"caption\":\"Cidade Administrativa Presidente Tancredo Neves Cr\u00e9dito: Gil Leonardi\\\/Imprensa MG Data: 02-08-2013 Local: Belo Horizonte MG\"},{\"@type\":\"BreadcrumbList\",\"@id\":\"https:\\\/\\\/aconteceunovale.com.br\\\/portal\\\/?p=168181#breadcrumb\",\"itemListElement\":[{\"@type\":\"ListItem\",\"position\":1,\"name\":\"In\u00edcio\",\"item\":\"https:\\\/\\\/aconteceunovale.com.br\\\/portal\\\/\"},{\"@type\":\"ListItem\",\"position\":2,\"name\":\"Governo de Minas Gerais anuncia escala de pagamento dos servidores\"}]},{\"@type\":\"WebSite\",\"@id\":\"https:\\\/\\\/aconteceunovale.com.br\\\/portal\\\/#website\",\"url\":\"https:\\\/\\\/aconteceunovale.com.br\\\/portal\\\/\",\"name\":\"Aconteceu no Vale\",\"description\":\"Portal de Not\u00edcias\",\"potentialAction\":[{\"@type\":\"SearchAction\",\"target\":{\"@type\":\"EntryPoint\",\"urlTemplate\":\"https:\\\/\\\/aconteceunovale.com.br\\\/portal\\\/?s={search_term_string}\"},\"query-input\":{\"@type\":\"PropertyValueSpecification\",\"valueRequired\":true,\"valueName\":\"search_term_string\"}}],\"inLanguage\":\"pt-BR\"},{\"@type\":\"Person\",\"@id\":\"https:\\\/\\\/aconteceunovale.com.br\\\/portal\\\/#\\\/schema\\\/person\\\/7d2f26d1483f8a63de73da1ee0754d35\",\"name\":\"Reda\u00e7\u00e3o Aconteceu no Vale\",\"description\":\"Equipe de reportagem do Aconteceu no Vale, portal de not\u00edcias do Vale do Jequitinhonha, em Minas Gerais. Cobrimos as 51 cidades do Vale desde 2013. Sugest\u00f5es de pauta e pedidos de corre\u00e7\u00e3o: contato@aconteceunovale.com.br\",\"url\":\"https:\\\/\\\/aconteceunovale.com.br\\\/portal\\\/?author=4\"}]}<\/script>\n<!-- \/ Yoast SEO plugin. -->","yoast_head_json":{"title":"Governo de Minas Gerais anuncia escala de pagamento dos servidores - Aconteceu no Vale","robots":{"index":"index","follow":"follow","max-snippet":"max-snippet:-1","max-image-preview":"max-image-preview:large","max-video-preview":"max-video-preview:-1"},"canonical":"https:\/\/aconteceunovale.com.br\/portal\/?p=168181","og_locale":"pt_BR","og_type":"article","og_title":"Governo de Minas Gerais anuncia escala de pagamento dos servidores - Aconteceu no Vale","og_description":"O&nbsp;Governo de Minas&nbsp;anunciou, nesta quarta-feira (2\/9\/2020), a escala de pagamento do sal\u00e1rio dos servidores estaduais referente ao m\u00eas de agosto. As \u00e1reas de Sa\u00fade e Seguran\u00e7a, que atuam na linha de frente do combate \u00e0 covid-19, receber\u00e3o o sal\u00e1rio integral no dia 11\/9. Na mesma data, ser\u00e1 depositada a primeira parcela, no valor de R$ [&hellip;]","og_url":"https:\/\/aconteceunovale.com.br\/portal\/?p=168181","og_site_name":"Aconteceu no Vale","article_publisher":"https:\/\/www.facebook.com\/aconteceunovale\/","article_published_time":"2020-09-02T12:21:48+00:00","article_modified_time":"2020-09-02T12:22:38+00:00","og_image":[{"width":674,"height":450,"url":"https:\/\/aconteceunovale.com.br\/portal\/wp-content\/uploads\/2020\/09\/cidade_adm.jpg","type":"image\/jpeg"}],"author":"Reda\u00e7\u00e3o Aconteceu no Vale","twitter_card":"summary_large_image","twitter_creator":"@noticiadosvales","twitter_site":"@noticiadosvales","twitter_misc":{"Escrito por":"Reda\u00e7\u00e3o Aconteceu no Vale","Est. tempo de leitura":"1 minuto"},"schema":{"@context":"https:\/\/schema.org","@graph":[{"@type":"Article","@id":"https:\/\/aconteceunovale.com.br\/portal\/?p=168181#article","isPartOf":{"@id":"https:\/\/aconteceunovale.com.br\/portal\/?p=168181"},"author":{"name":"Reda\u00e7\u00e3o Aconteceu no Vale","@id":"https:\/\/aconteceunovale.com.br\/portal\/#\/schema\/person\/7d2f26d1483f8a63de73da1ee0754d35"},"headline":"Governo de Minas Gerais anuncia escala de pagamento dos servidores","datePublished":"2020-09-02T12:21:48+00:00","dateModified":"2020-09-02T12:22:38+00:00","mainEntityOfPage":{"@id":"https:\/\/aconteceunovale.com.br\/portal\/?p=168181"},"wordCount":148,"commentCount":0,"image":{"@id":"https:\/\/aconteceunovale.com.br\/portal\/?p=168181#primaryimage"},"thumbnailUrl":"https:\/\/aconteceunovale.com.br\/portal\/wp-content\/uploads\/2020\/09\/cidade_adm.jpg","keywords":["13\u00ba de 2019 Governo de Minas","destaque","escala de pagamento do m\u00eas de agosto para os servidores p\u00fablicos","escala de pagamento do m\u00eas de agosto para os servidores p\u00fablicos de Minas Gerais","Escala de pagamento Governo de Minas Gerais","Escala Governo de Minas Gerais","Governo de Minas anuncia escala de pagamento para agosto","Governo de Minas anuncia escala de pagamento para agosto e quita\u00e7\u00e3o integral do 13\u00ba de 2018","Governo de Minas anuncia escala de pagamento para o m\u00eas de agosto","Governo de Minas divulga a escala de pagamento do m\u00eas de agosto","Governo de Minas Gerais","Governo de Minas Gerais anuncia escala de pagamento dos servidores","Governo de Minas Gerais anuncia escala de pagamento para servidores","Governo de Minas Gerais divulga escala de pagamento de agosto aos servidores","Pagamento 13\u00ba Governo de Minas","Pagamento agosto governo de minas","Pagamento do sal\u00e1rio de agosto do governo de Minas","Pagamento governo de Minas agosto","Pagamento Governo de Minas Gerais","Sal\u00e1rio de agosto governo de Minas"],"articleSection":["Minas Gerais"],"inLanguage":"pt-BR","potentialAction":[{"@type":"CommentAction","name":"Comment","target":["https:\/\/aconteceunovale.com.br\/portal\/?p=168181#respond"]}]},{"@type":"WebPage","@id":"https:\/\/aconteceunovale.com.br\/portal\/?p=168181","url":"https:\/\/aconteceunovale.com.br\/portal\/?p=168181","name":"Governo de Minas Gerais anuncia escala de pagamento dos servidores - Aconteceu no Vale","isPartOf":{"@id":"https:\/\/aconteceunovale.com.br\/portal\/#website"},"primaryImageOfPage":{"@id":"https:\/\/aconteceunovale.com.br\/portal\/?p=168181#primaryimage"},"image":{"@id":"https:\/\/aconteceunovale.com.br\/portal\/?p=168181#primaryimage"},"thumbnailUrl":"https:\/\/aconteceunovale.com.br\/portal\/wp-content\/uploads\/2020\/09\/cidade_adm.jpg","datePublished":"2020-09-02T12:21:48+00:00","dateModified":"2020-09-02T12:22:38+00:00","author":{"@id":"https:\/\/aconteceunovale.com.br\/portal\/#\/schema\/person\/7d2f26d1483f8a63de73da1ee0754d35"},"breadcrumb":{"@id":"https:\/\/aconteceunovale.com.br\/portal\/?p=168181#breadcrumb"},"inLanguage":"pt-BR","potentialAction":[{"@type":"ReadAction","target":["https:\/\/aconteceunovale.com.br\/portal\/?p=168181"]}]},{"@type":"ImageObject","inLanguage":"pt-BR","@id":"https:\/\/aconteceunovale.com.br\/portal\/?p=168181#primaryimage","url":"https:\/\/aconteceunovale.com.br\/portal\/wp-content\/uploads\/2020\/09\/cidade_adm.jpg","contentUrl":"https:\/\/aconteceunovale.com.br\/portal\/wp-content\/uploads\/2020\/09\/cidade_adm.jpg","width":674,"height":450,"caption":"Cidade Administrativa Presidente Tancredo Neves Cr\u00e9dito: Gil Leonardi\/Imprensa MG Data: 02-08-2013 Local: Belo Horizonte MG"},{"@type":"BreadcrumbList","@id":"https:\/\/aconteceunovale.com.br\/portal\/?p=168181#breadcrumb","itemListElement":[{"@type":"ListItem","position":1,"name":"In\u00edcio","item":"https:\/\/aconteceunovale.com.br\/portal\/"},{"@type":"ListItem","position":2,"name":"Governo de Minas Gerais anuncia escala de pagamento dos servidores"}]},{"@type":"WebSite","@id":"https:\/\/aconteceunovale.com.br\/portal\/#website","url":"https:\/\/aconteceunovale.com.br\/portal\/","name":"Aconteceu no Vale","description":"Portal de Not\u00edcias","potentialAction":[{"@type":"SearchAction","target":{"@type":"EntryPoint","urlTemplate":"https:\/\/aconteceunovale.com.br\/portal\/?s={search_term_string}"},"query-input":{"@type":"PropertyValueSpecification","valueRequired":true,"valueName":"search_term_string"}}],"inLanguage":"pt-BR"},{"@type":"Person","@id":"https:\/\/aconteceunovale.com.br\/portal\/#\/schema\/person\/7d2f26d1483f8a63de73da1ee0754d35","name":"Reda\u00e7\u00e3o Aconteceu no Vale","description":"Equipe de reportagem do Aconteceu no Vale, portal de not\u00edcias do Vale do Jequitinhonha, em Minas Gerais. Cobrimos as 51 cidades do Vale desde 2013. Sugest\u00f5es de pauta e pedidos de corre\u00e7\u00e3o: contato@aconteceunovale.com.br","url":"https:\/\/aconteceunovale.com.br\/portal\/?author=4"}]}},"_links":{"self":[{"href":"https:\/\/aconteceunovale.com.br\/portal\/index.php?rest_route=\/wp\/v2\/posts\/168181","targetHints":{"allow":["GET"]}}],"collection":[{"href":"https:\/\/aconteceunovale.com.br\/portal\/index.php?rest_route=\/wp\/v2\/posts"}],"about":[{"href":"https:\/\/aconteceunovale.com.br\/portal\/index.php?rest_route=\/wp\/v2\/types\/post"}],"author":[{"embeddable":true,"href":"https:\/\/aconteceunovale.com.br\/portal\/index.php?rest_route=\/wp\/v2\/users\/4"}],"replies":[{"embeddable":true,"href":"https:\/\/aconteceunovale.com.br\/portal\/index.php?rest_route=%2Fwp%2Fv2%2Fcomments&post=168181"}],"version-history":[{"count":1,"href":"https:\/\/aconteceunovale.com.br\/portal\/index.php?rest_route=\/wp\/v2\/posts\/168181\/revisions"}],"predecessor-version":[{"id":168183,"href":"https:\/\/aconteceunovale.com.br\/portal\/index.php?rest_route=\/wp\/v2\/posts\/168181\/revisions\/168183"}],"wp:featuredmedia":[{"embeddable":true,"href":"https:\/\/aconteceunovale.com.br\/portal\/index.php?rest_route=\/wp\/v2\/media\/168182"}],"wp:attachment":[{"href":"https:\/\/aconteceunovale.com.br\/portal\/index.php?rest_route=%2Fwp%2Fv2%2Fmedia&parent=168181"}],"wp:term":[{"taxonomy":"category","embeddable":true,"href":"https:\/\/aconteceunovale.com.br\/portal\/index.php?rest_route=%2Fwp%2Fv2%2Fcategories&post=168181"},{"taxonomy":"post_tag","embeddable":true,"href":"https:\/\/aconteceunovale.com.br\/portal\/index.php?rest_route=%2Fwp%2Fv2%2Ftags&post=168181"}],"curies":[{"name":"wp","href":"https:\/\/api.w.org\/{rel}","templated":true}]}}