{"id":168170,"date":"2020-09-01T21:10:48","date_gmt":"2020-09-02T00:10:48","guid":{"rendered":"https:\/\/aconteceunovale.com.br\/portal\/?p=168170"},"modified":"2020-09-01T21:11:15","modified_gmt":"2020-09-02T00:11:15","slug":"homem-morre-em-acidente-com-moto-roubada-no-vale-do-aco","status":"publish","type":"post","link":"https:\/\/aconteceunovale.com.br\/portal\/?p=168170","title":{"rendered":"Homem morre em acidente com moto roubada no Vale do A\u00e7o"},"content":{"rendered":"\n<p class=\"wp-block-paragraph\">Um homem de 33 anos morreu em um acidente na LMG-759, no munic\u00edpio de Bom Jesus do Galho, na noite de segunda-feira (31\/8\/2020). Jos\u00e9 J\u00fanio Alves da Silva, natural de Governador Valadares, pilotava uma moto que havia sido roubada em Coronel Fabriciano.<\/p>\n\n\n\n<p class=\"wp-block-paragraph\">Testemunhas informaram \u00e0 Pol\u00edcia Militar Rodovi\u00e1ria que o homem perdeu o controle do ve\u00edculo na altura do km 13, pr\u00f3ximo \u00e0 ponte do Ribeir\u00e3o do Boi, e colidiu contra obst\u00e1culos na margem da pista. O \u00f3bito foi confirmado por uma equipe do Corpo de Bombeiros.<\/p>\n\n\n\n<p class=\"wp-block-paragraph\">De acordo com a Pol\u00edcia Rodovi\u00e1ria, foi constatado que a motocicleta em que ele estava havia sido roubada no bairro Caladinho, em Coronel Fabriciano, na mesma noite. A v\u00edtima, de 18 anos, relatou aos policiais que estava parada em frente \u00e0 uma farm\u00e1cia, por volta das 19h30, quando foi rendida pelo suspeito.<\/p>\n\n\n\n<p class=\"wp-block-paragraph\">A Pol\u00edcia Civil vai investigar o caso. O homem morto no acidente era considerado fugitivo da Penitenci\u00e1ria Professor Ariovaldo Campos Pires, em Juiz de Fora, na Zona da Mata mineira.<\/p>\n\n\n\n<figure class=\"wp-block-gallery columns-1 is-cropped wp-block-gallery-1 is-layout-flex wp-block-gallery-is-layout-flex\"><ul class=\"blocks-gallery-grid\"><li class=\"blocks-gallery-item\"><figure><img loading=\"lazy\" decoding=\"async\" width=\"658\" height=\"450\" src=\"https:\/\/aconteceunovale.com.br\/portal\/wp-content\/uploads\/2020\/09\/acidente_moto_fabri.jpeg\" alt=\"\" data-id=\"168171\" data-full-url=\"https:\/\/aconteceunovale.com.br\/portal\/wp-content\/uploads\/2020\/09\/acidente_moto_fabri.jpeg\" data-link=\"https:\/\/aconteceunovale.com.br\/portal\/?attachment_id=168171\" class=\"wp-image-168171\" srcset=\"https:\/\/aconteceunovale.com.br\/portal\/wp-content\/uploads\/2020\/09\/acidente_moto_fabri.jpeg 658w, https:\/\/aconteceunovale.com.br\/portal\/wp-content\/uploads\/2020\/09\/acidente_moto_fabri-300x205.jpeg 300w, https:\/\/aconteceunovale.com.br\/portal\/wp-content\/uploads\/2020\/09\/acidente_moto_fabri-218x150.jpeg 218w, https:\/\/aconteceunovale.com.br\/portal\/wp-content\/uploads\/2020\/09\/acidente_moto_fabri-614x420.jpeg 614w\" sizes=\"auto, (max-width: 658px) 100vw, 658px\" \/><figcaption class=\"blocks-gallery-item__caption\"><em>Foto: Pol\u00edcia Militar Rodovi\u00e1ria \/ Divulga\u00e7\u00e3o<\/em><\/figcaption><\/figure><\/li><\/ul><\/figure>\n\n\n\n<p class=\"has-white-color has-black-background-color has-text-color has-background wp-block-paragraph\">Quer saber as not\u00edcias do <strong>Aconteceu no Vale<\/strong> em primeira m\u00e3o? Siga-nos no Facebook <a rel=\"noreferrer noopener\" href=\"http:\/\/facebook.com\/aconteceunovale\" target=\"_blank\">@aconteceunovale<\/a>, Twitter <a rel=\"noreferrer noopener\" href=\"https:\/\/twitter.com\/noticiadosvales\" target=\"_blank\">@noticiadosvales<\/a> e Instagram <a rel=\"noreferrer noopener\" href=\"https:\/\/www.instagram.com\/aconteceunovale\" target=\"_blank\">@aconteceunovale<\/a>.<\/p>\n","protected":false},"excerpt":{"rendered":"<p>Um homem de 33 anos morreu em um acidente na LMG-759, no munic\u00edpio de Bom Jesus do Galho, na noite de segunda-feira (31\/8\/2020). Jos\u00e9 J\u00fanio Alves da Silva, natural de Governador Valadares, pilotava uma moto que havia sido roubada em Coronel Fabriciano. Testemunhas informaram \u00e0 Pol\u00edcia Militar Rodovi\u00e1ria que o homem perdeu o controle do [&hellip;]<\/p>\n","protected":false},"author":4,"featured_media":168171,"comment_status":"open","ping_status":"closed","sticky":false,"template":"","format":"standard","meta":{"amp_status":"","footnotes":""},"categories":[121],"tags":[147878,52883,1101,228764,1524,1018,247,228763,228762,228761,228766,206,147877,228765],"class_list":["post-168170","post","type-post","status-publish","format-standard","has-post-thumbnail","hentry","category-leste","tag-acidente-na-lmg-759","tag-assalto-em-coronel-fabriciano","tag-bom-jesus-do-galho","tag-caladinho","tag-coronel-fabriciano","tag-destaque","tag-governador-valadares","tag-homem-morre-em-acidente-com-moto-roubada-em-coronel-fabriciano","tag-homem-morre-em-acidente-com-moto-roubada-no-caladinho","tag-homem-morre-em-acidente-com-moto-roubada-no-vale-do-aco","tag-jose-junio-alves-da-silva","tag-juiz-de-fora","tag-lmg-759","tag-moto-roubada-em-coronel-fabriciano"],"yoast_head":"<!-- This site is optimized with the Yoast SEO plugin v28.3 - https:\/\/yoast.com\/product\/yoast-seo-wordpress\/ -->\n<title>Homem morre em acidente com moto roubada no Vale do A\u00e7o - Aconteceu no Vale<\/title>\n<meta name=\"robots\" content=\"index, follow, max-snippet:-1, max-image-preview:large, max-video-preview:-1\" \/>\n<link rel=\"canonical\" href=\"https:\/\/aconteceunovale.com.br\/portal\/?p=168170\" \/>\n<meta property=\"og:locale\" content=\"pt_BR\" \/>\n<meta property=\"og:type\" content=\"article\" \/>\n<meta property=\"og:title\" content=\"Homem morre em acidente com moto roubada no Vale do A\u00e7o - Aconteceu no Vale\" \/>\n<meta property=\"og:description\" content=\"Um homem de 33 anos morreu em um acidente na LMG-759, no munic\u00edpio de Bom Jesus do Galho, na noite de segunda-feira (31\/8\/2020). Jos\u00e9 J\u00fanio Alves da Silva, natural de Governador Valadares, pilotava uma moto que havia sido roubada em Coronel Fabriciano. Testemunhas informaram \u00e0 Pol\u00edcia Militar Rodovi\u00e1ria que o homem perdeu o controle do [&hellip;]\" \/>\n<meta property=\"og:url\" content=\"https:\/\/aconteceunovale.com.br\/portal\/?p=168170\" \/>\n<meta property=\"og:site_name\" content=\"Aconteceu no Vale\" \/>\n<meta property=\"article:publisher\" content=\"https:\/\/www.facebook.com\/aconteceunovale\/\" \/>\n<meta property=\"article:published_time\" content=\"2020-09-02T00:10:48+00:00\" \/>\n<meta property=\"article:modified_time\" content=\"2020-09-02T00:11:15+00:00\" \/>\n<meta property=\"og:image\" content=\"https:\/\/aconteceunovale.com.br\/portal\/wp-content\/uploads\/2020\/09\/acidente_moto_fabri.jpeg\" \/>\n\t<meta property=\"og:image:width\" content=\"658\" \/>\n\t<meta property=\"og:image:height\" content=\"450\" \/>\n\t<meta property=\"og:image:type\" content=\"image\/jpeg\" \/>\n<meta name=\"author\" content=\"Reda\u00e7\u00e3o Aconteceu no Vale\" \/>\n<meta name=\"twitter:card\" content=\"summary_large_image\" \/>\n<meta name=\"twitter:creator\" content=\"@noticiadosvales\" \/>\n<meta name=\"twitter:site\" content=\"@noticiadosvales\" \/>\n<meta name=\"twitter:label1\" content=\"Escrito por\" \/>\n\t<meta name=\"twitter:data1\" content=\"Reda\u00e7\u00e3o Aconteceu no Vale\" \/>\n\t<meta name=\"twitter:label2\" content=\"Est. tempo de leitura\" \/>\n\t<meta name=\"twitter:data2\" content=\"1 minuto\" \/>\n<script type=\"application\/ld+json\" class=\"yoast-schema-graph\">{\"@context\":\"https:\\\/\\\/schema.org\",\"@graph\":[{\"@type\":\"Article\",\"@id\":\"https:\\\/\\\/aconteceunovale.com.br\\\/portal\\\/?p=168170#article\",\"isPartOf\":{\"@id\":\"https:\\\/\\\/aconteceunovale.com.br\\\/portal\\\/?p=168170\"},\"author\":{\"name\":\"Reda\u00e7\u00e3o Aconteceu no Vale\",\"@id\":\"https:\\\/\\\/aconteceunovale.com.br\\\/portal\\\/#\\\/schema\\\/person\\\/7d2f26d1483f8a63de73da1ee0754d35\"},\"headline\":\"Homem morre em acidente com moto roubada no Vale do A\u00e7o\",\"datePublished\":\"2020-09-02T00:10:48+00:00\",\"dateModified\":\"2020-09-02T00:11:15+00:00\",\"mainEntityOfPage\":{\"@id\":\"https:\\\/\\\/aconteceunovale.com.br\\\/portal\\\/?p=168170\"},\"wordCount\":218,\"commentCount\":0,\"image\":{\"@id\":\"https:\\\/\\\/aconteceunovale.com.br\\\/portal\\\/?p=168170#primaryimage\"},\"thumbnailUrl\":\"https:\\\/\\\/aconteceunovale.com.br\\\/portal\\\/wp-content\\\/uploads\\\/2020\\\/09\\\/acidente_moto_fabri.jpeg\",\"keywords\":[\"Acidente na LMG-759\",\"assalto em coronel fabriciano\",\"Bom Jesus do Galho\",\"Caladinho\",\"Coronel Fabriciano\",\"destaque\",\"Governador Valadares\",\"Homem morre em acidente com moto roubada em Coronel Fabriciano\",\"Homem morre em acidente com moto roubada no Caladinho\",\"Homem morre em acidente com moto roubada no Vale do A\u00e7o\",\"Jos\u00e9 J\u00fanio Alves da Silva\",\"Juiz de Fora\",\"LMG-759\",\"Moto roubada em Coronel Fabriciano\"],\"articleSection\":[\"Leste de Minas\"],\"inLanguage\":\"pt-BR\",\"potentialAction\":[{\"@type\":\"CommentAction\",\"name\":\"Comment\",\"target\":[\"https:\\\/\\\/aconteceunovale.com.br\\\/portal\\\/?p=168170#respond\"]}]},{\"@type\":\"WebPage\",\"@id\":\"https:\\\/\\\/aconteceunovale.com.br\\\/portal\\\/?p=168170\",\"url\":\"https:\\\/\\\/aconteceunovale.com.br\\\/portal\\\/?p=168170\",\"name\":\"Homem morre em acidente com moto roubada no Vale do A\u00e7o - Aconteceu no Vale\",\"isPartOf\":{\"@id\":\"https:\\\/\\\/aconteceunovale.com.br\\\/portal\\\/#website\"},\"primaryImageOfPage\":{\"@id\":\"https:\\\/\\\/aconteceunovale.com.br\\\/portal\\\/?p=168170#primaryimage\"},\"image\":{\"@id\":\"https:\\\/\\\/aconteceunovale.com.br\\\/portal\\\/?p=168170#primaryimage\"},\"thumbnailUrl\":\"https:\\\/\\\/aconteceunovale.com.br\\\/portal\\\/wp-content\\\/uploads\\\/2020\\\/09\\\/acidente_moto_fabri.jpeg\",\"datePublished\":\"2020-09-02T00:10:48+00:00\",\"dateModified\":\"2020-09-02T00:11:15+00:00\",\"author\":{\"@id\":\"https:\\\/\\\/aconteceunovale.com.br\\\/portal\\\/#\\\/schema\\\/person\\\/7d2f26d1483f8a63de73da1ee0754d35\"},\"breadcrumb\":{\"@id\":\"https:\\\/\\\/aconteceunovale.com.br\\\/portal\\\/?p=168170#breadcrumb\"},\"inLanguage\":\"pt-BR\",\"potentialAction\":[{\"@type\":\"ReadAction\",\"target\":[\"https:\\\/\\\/aconteceunovale.com.br\\\/portal\\\/?p=168170\"]}]},{\"@type\":\"ImageObject\",\"inLanguage\":\"pt-BR\",\"@id\":\"https:\\\/\\\/aconteceunovale.com.br\\\/portal\\\/?p=168170#primaryimage\",\"url\":\"https:\\\/\\\/aconteceunovale.com.br\\\/portal\\\/wp-content\\\/uploads\\\/2020\\\/09\\\/acidente_moto_fabri.jpeg\",\"contentUrl\":\"https:\\\/\\\/aconteceunovale.com.br\\\/portal\\\/wp-content\\\/uploads\\\/2020\\\/09\\\/acidente_moto_fabri.jpeg\",\"width\":658,\"height\":450},{\"@type\":\"BreadcrumbList\",\"@id\":\"https:\\\/\\\/aconteceunovale.com.br\\\/portal\\\/?p=168170#breadcrumb\",\"itemListElement\":[{\"@type\":\"ListItem\",\"position\":1,\"name\":\"In\u00edcio\",\"item\":\"https:\\\/\\\/aconteceunovale.com.br\\\/portal\\\/\"},{\"@type\":\"ListItem\",\"position\":2,\"name\":\"Homem morre em acidente com moto roubada no Vale do A\u00e7o\"}]},{\"@type\":\"WebSite\",\"@id\":\"https:\\\/\\\/aconteceunovale.com.br\\\/portal\\\/#website\",\"url\":\"https:\\\/\\\/aconteceunovale.com.br\\\/portal\\\/\",\"name\":\"Aconteceu no Vale\",\"description\":\"Portal de Not\u00edcias\",\"potentialAction\":[{\"@type\":\"SearchAction\",\"target\":{\"@type\":\"EntryPoint\",\"urlTemplate\":\"https:\\\/\\\/aconteceunovale.com.br\\\/portal\\\/?s={search_term_string}\"},\"query-input\":{\"@type\":\"PropertyValueSpecification\",\"valueRequired\":true,\"valueName\":\"search_term_string\"}}],\"inLanguage\":\"pt-BR\"},{\"@type\":\"Person\",\"@id\":\"https:\\\/\\\/aconteceunovale.com.br\\\/portal\\\/#\\\/schema\\\/person\\\/7d2f26d1483f8a63de73da1ee0754d35\",\"name\":\"Reda\u00e7\u00e3o Aconteceu no Vale\",\"description\":\"Equipe de reportagem do Aconteceu no Vale, portal de not\u00edcias do Vale do Jequitinhonha, em Minas Gerais. Cobrimos as 51 cidades do Vale desde 2013. Sugest\u00f5es de pauta e pedidos de corre\u00e7\u00e3o: contato@aconteceunovale.com.br\",\"url\":\"https:\\\/\\\/aconteceunovale.com.br\\\/portal\\\/?author=4\"}]}<\/script>\n<!-- \/ Yoast SEO plugin. -->","yoast_head_json":{"title":"Homem morre em acidente com moto roubada no Vale do A\u00e7o - Aconteceu no Vale","robots":{"index":"index","follow":"follow","max-snippet":"max-snippet:-1","max-image-preview":"max-image-preview:large","max-video-preview":"max-video-preview:-1"},"canonical":"https:\/\/aconteceunovale.com.br\/portal\/?p=168170","og_locale":"pt_BR","og_type":"article","og_title":"Homem morre em acidente com moto roubada no Vale do A\u00e7o - Aconteceu no Vale","og_description":"Um homem de 33 anos morreu em um acidente na LMG-759, no munic\u00edpio de Bom Jesus do Galho, na noite de segunda-feira (31\/8\/2020). Jos\u00e9 J\u00fanio Alves da Silva, natural de Governador Valadares, pilotava uma moto que havia sido roubada em Coronel Fabriciano. Testemunhas informaram \u00e0 Pol\u00edcia Militar Rodovi\u00e1ria que o homem perdeu o controle do [&hellip;]","og_url":"https:\/\/aconteceunovale.com.br\/portal\/?p=168170","og_site_name":"Aconteceu no Vale","article_publisher":"https:\/\/www.facebook.com\/aconteceunovale\/","article_published_time":"2020-09-02T00:10:48+00:00","article_modified_time":"2020-09-02T00:11:15+00:00","og_image":[{"width":658,"height":450,"url":"https:\/\/aconteceunovale.com.br\/portal\/wp-content\/uploads\/2020\/09\/acidente_moto_fabri.jpeg","type":"image\/jpeg"}],"author":"Reda\u00e7\u00e3o Aconteceu no Vale","twitter_card":"summary_large_image","twitter_creator":"@noticiadosvales","twitter_site":"@noticiadosvales","twitter_misc":{"Escrito por":"Reda\u00e7\u00e3o Aconteceu no Vale","Est. tempo de leitura":"1 minuto"},"schema":{"@context":"https:\/\/schema.org","@graph":[{"@type":"Article","@id":"https:\/\/aconteceunovale.com.br\/portal\/?p=168170#article","isPartOf":{"@id":"https:\/\/aconteceunovale.com.br\/portal\/?p=168170"},"author":{"name":"Reda\u00e7\u00e3o Aconteceu no Vale","@id":"https:\/\/aconteceunovale.com.br\/portal\/#\/schema\/person\/7d2f26d1483f8a63de73da1ee0754d35"},"headline":"Homem morre em acidente com moto roubada no Vale do A\u00e7o","datePublished":"2020-09-02T00:10:48+00:00","dateModified":"2020-09-02T00:11:15+00:00","mainEntityOfPage":{"@id":"https:\/\/aconteceunovale.com.br\/portal\/?p=168170"},"wordCount":218,"commentCount":0,"image":{"@id":"https:\/\/aconteceunovale.com.br\/portal\/?p=168170#primaryimage"},"thumbnailUrl":"https:\/\/aconteceunovale.com.br\/portal\/wp-content\/uploads\/2020\/09\/acidente_moto_fabri.jpeg","keywords":["Acidente na LMG-759","assalto em coronel fabriciano","Bom Jesus do Galho","Caladinho","Coronel Fabriciano","destaque","Governador Valadares","Homem morre em acidente com moto roubada em Coronel Fabriciano","Homem morre em acidente com moto roubada no Caladinho","Homem morre em acidente com moto roubada no Vale do A\u00e7o","Jos\u00e9 J\u00fanio Alves da Silva","Juiz de Fora","LMG-759","Moto roubada em Coronel Fabriciano"],"articleSection":["Leste de Minas"],"inLanguage":"pt-BR","potentialAction":[{"@type":"CommentAction","name":"Comment","target":["https:\/\/aconteceunovale.com.br\/portal\/?p=168170#respond"]}]},{"@type":"WebPage","@id":"https:\/\/aconteceunovale.com.br\/portal\/?p=168170","url":"https:\/\/aconteceunovale.com.br\/portal\/?p=168170","name":"Homem morre em acidente com moto roubada no Vale do A\u00e7o - Aconteceu no Vale","isPartOf":{"@id":"https:\/\/aconteceunovale.com.br\/portal\/#website"},"primaryImageOfPage":{"@id":"https:\/\/aconteceunovale.com.br\/portal\/?p=168170#primaryimage"},"image":{"@id":"https:\/\/aconteceunovale.com.br\/portal\/?p=168170#primaryimage"},"thumbnailUrl":"https:\/\/aconteceunovale.com.br\/portal\/wp-content\/uploads\/2020\/09\/acidente_moto_fabri.jpeg","datePublished":"2020-09-02T00:10:48+00:00","dateModified":"2020-09-02T00:11:15+00:00","author":{"@id":"https:\/\/aconteceunovale.com.br\/portal\/#\/schema\/person\/7d2f26d1483f8a63de73da1ee0754d35"},"breadcrumb":{"@id":"https:\/\/aconteceunovale.com.br\/portal\/?p=168170#breadcrumb"},"inLanguage":"pt-BR","potentialAction":[{"@type":"ReadAction","target":["https:\/\/aconteceunovale.com.br\/portal\/?p=168170"]}]},{"@type":"ImageObject","inLanguage":"pt-BR","@id":"https:\/\/aconteceunovale.com.br\/portal\/?p=168170#primaryimage","url":"https:\/\/aconteceunovale.com.br\/portal\/wp-content\/uploads\/2020\/09\/acidente_moto_fabri.jpeg","contentUrl":"https:\/\/aconteceunovale.com.br\/portal\/wp-content\/uploads\/2020\/09\/acidente_moto_fabri.jpeg","width":658,"height":450},{"@type":"BreadcrumbList","@id":"https:\/\/aconteceunovale.com.br\/portal\/?p=168170#breadcrumb","itemListElement":[{"@type":"ListItem","position":1,"name":"In\u00edcio","item":"https:\/\/aconteceunovale.com.br\/portal\/"},{"@type":"ListItem","position":2,"name":"Homem morre em acidente com moto roubada no Vale do A\u00e7o"}]},{"@type":"WebSite","@id":"https:\/\/aconteceunovale.com.br\/portal\/#website","url":"https:\/\/aconteceunovale.com.br\/portal\/","name":"Aconteceu no Vale","description":"Portal de Not\u00edcias","potentialAction":[{"@type":"SearchAction","target":{"@type":"EntryPoint","urlTemplate":"https:\/\/aconteceunovale.com.br\/portal\/?s={search_term_string}"},"query-input":{"@type":"PropertyValueSpecification","valueRequired":true,"valueName":"search_term_string"}}],"inLanguage":"pt-BR"},{"@type":"Person","@id":"https:\/\/aconteceunovale.com.br\/portal\/#\/schema\/person\/7d2f26d1483f8a63de73da1ee0754d35","name":"Reda\u00e7\u00e3o Aconteceu no Vale","description":"Equipe de reportagem do Aconteceu no Vale, portal de not\u00edcias do Vale do Jequitinhonha, em Minas Gerais. Cobrimos as 51 cidades do Vale desde 2013. Sugest\u00f5es de pauta e pedidos de corre\u00e7\u00e3o: contato@aconteceunovale.com.br","url":"https:\/\/aconteceunovale.com.br\/portal\/?author=4"}]}},"_links":{"self":[{"href":"https:\/\/aconteceunovale.com.br\/portal\/index.php?rest_route=\/wp\/v2\/posts\/168170","targetHints":{"allow":["GET"]}}],"collection":[{"href":"https:\/\/aconteceunovale.com.br\/portal\/index.php?rest_route=\/wp\/v2\/posts"}],"about":[{"href":"https:\/\/aconteceunovale.com.br\/portal\/index.php?rest_route=\/wp\/v2\/types\/post"}],"author":[{"embeddable":true,"href":"https:\/\/aconteceunovale.com.br\/portal\/index.php?rest_route=\/wp\/v2\/users\/4"}],"replies":[{"embeddable":true,"href":"https:\/\/aconteceunovale.com.br\/portal\/index.php?rest_route=%2Fwp%2Fv2%2Fcomments&post=168170"}],"version-history":[{"count":1,"href":"https:\/\/aconteceunovale.com.br\/portal\/index.php?rest_route=\/wp\/v2\/posts\/168170\/revisions"}],"predecessor-version":[{"id":168172,"href":"https:\/\/aconteceunovale.com.br\/portal\/index.php?rest_route=\/wp\/v2\/posts\/168170\/revisions\/168172"}],"wp:featuredmedia":[{"embeddable":true,"href":"https:\/\/aconteceunovale.com.br\/portal\/index.php?rest_route=\/wp\/v2\/media\/168171"}],"wp:attachment":[{"href":"https:\/\/aconteceunovale.com.br\/portal\/index.php?rest_route=%2Fwp%2Fv2%2Fmedia&parent=168170"}],"wp:term":[{"taxonomy":"category","embeddable":true,"href":"https:\/\/aconteceunovale.com.br\/portal\/index.php?rest_route=%2Fwp%2Fv2%2Fcategories&post=168170"},{"taxonomy":"post_tag","embeddable":true,"href":"https:\/\/aconteceunovale.com.br\/portal\/index.php?rest_route=%2Fwp%2Fv2%2Ftags&post=168170"}],"curies":[{"name":"wp","href":"https:\/\/api.w.org\/{rel}","templated":true}]}}