{"id":168151,"date":"2020-09-01T19:46:35","date_gmt":"2020-09-01T22:46:35","guid":{"rendered":"https:\/\/aconteceunovale.com.br\/portal\/?p=168151"},"modified":"2020-09-01T19:46:52","modified_gmt":"2020-09-01T22:46:52","slug":"inscricoes-em-processo-seletivo-para-nutricionista-terminam-no-dia-3-de-setembro","status":"publish","type":"post","link":"https:\/\/aconteceunovale.com.br\/portal\/?p=168151","title":{"rendered":"Inscri\u00e7\u00f5es em processo seletivo para nutricionista terminam no dia 3 de setembro"},"content":{"rendered":"\n<p class=\"wp-block-paragraph\">As inscri\u00e7\u00f5es do processo seletivo simplificado para preenchimento de vagas na fun\u00e7\u00e3o de nutricionista, com atua\u00e7\u00e3o na\u00a0Secretaria de Estado de Educa\u00e7\u00e3o de Minas Gerais (SEE\/MG), terminam \u00e0s 18h desta quinta-feira (3\/9).<\/p>\n\n\n\n<p class=\"wp-block-paragraph\">As vagas para forma\u00e7\u00e3o de cadastro reserva s\u00e3o para o cargo de Analista Educacional (ANE\/Nutricionista). A inscri\u00e7\u00e3o \u00e9 on-line e gratuita. Confira o edital SEE 06\/2020&nbsp;<a href=\"http:\/\/agenciaminas.mg.gov.br\/ckeditor_assets\/attachments\/9197\/edital_see_n_006-2020_-_processo_seletivo_simplificado_-regulamento_see_n_01-2020.pdf\" target=\"_blank\" rel=\"noreferrer noopener\">aqui<\/a>&nbsp;e acesse o formul\u00e1rio neste&nbsp;<a href=\"https:\/\/docs.google.com\/forms\/d\/e\/1FAIpQLSd3fBOTMbKHbGYg-zQqzIQt8jw8ElnniNyFPo6e07OhFXUd6g\/viewform\" target=\"_blank\" rel=\"noreferrer noopener\">link<\/a>.<\/p>\n\n\n\n<p class=\"wp-block-paragraph\">Os profissionais selecionados v\u00e3o atuar no \u00f3rg\u00e3o central, na Cidade Administrativa, em Belo Horizonte, e nas Superintend\u00eancias Regionais de Ensino (SREs), localizadas em 47 diferentes cidades do estado.<\/p>\n\n\n\n<p class=\"wp-block-paragraph\"><strong>Etapas e classifica\u00e7\u00e3o<\/strong><\/p>\n\n\n\n<p class=\"wp-block-paragraph\">De acordo com o edital, o processo seletivo simplificado ser\u00e1 realizado em duas etapas. Na primeira haver\u00e1 an\u00e1lise do requisito de contrata\u00e7\u00e3o, de car\u00e1ter eliminat\u00f3rio, e an\u00e1lise das informa\u00e7\u00f5es curriculares, de car\u00e1ter classificat\u00f3rio. A segunda etapa, de car\u00e1ter classificat\u00f3rio e eliminat\u00f3rio, \u00e9 uma entrevista t\u00e9cnico\/comportamental (por videoconfer\u00eancia).<\/p>\n\n\n\n<p class=\"wp-block-paragraph\">O resultado da classifica\u00e7\u00e3o e demais informa\u00e7\u00f5es sobre as etapas do processo seletivo ser\u00e3o divulgadas no site da SEE\/MG, no endere\u00e7o eletr\u00f4nico\u00a0<a href=\"http:\/\/agenciaminas.mg.gov.br\/noticia\/www.educacao.mg.gov.br\" target=\"_blank\" rel=\"noreferrer noopener\">www.educacao.mg.gov.br<\/a>.<\/p>\n\n\n\n<p class=\"has-white-color has-black-background-color has-text-color has-background wp-block-paragraph\">Quer saber as not\u00edcias do <strong>Aconteceu no Vale<\/strong> em primeira m\u00e3o? Siga-nos no Facebook <a rel=\"noreferrer noopener\" href=\"http:\/\/facebook.com\/aconteceunovale\" target=\"_blank\">@aconteceunovale<\/a>, Twitter <a rel=\"noreferrer noopener\" href=\"https:\/\/twitter.com\/noticiadosvales\" target=\"_blank\">@noticiadosvales<\/a> e Instagram <a rel=\"noreferrer noopener\" href=\"https:\/\/www.instagram.com\/aconteceunovale\" target=\"_blank\">@aconteceunovale<\/a>.<\/p>\n","protected":false},"excerpt":{"rendered":"<p>As inscri\u00e7\u00f5es do processo seletivo simplificado para preenchimento de vagas na fun\u00e7\u00e3o de nutricionista, com atua\u00e7\u00e3o na\u00a0Secretaria de Estado de Educa\u00e7\u00e3o de Minas Gerais (SEE\/MG), terminam \u00e0s 18h desta quinta-feira (3\/9). As vagas para forma\u00e7\u00e3o de cadastro reserva s\u00e3o para o cargo de Analista Educacional (ANE\/Nutricionista). A inscri\u00e7\u00e3o \u00e9 on-line e gratuita. Confira o edital [&hellip;]<\/p>\n","protected":false},"author":4,"featured_media":168152,"comment_status":"open","ping_status":"closed","sticky":false,"template":"","format":"standard","meta":{"amp_status":"","footnotes":""},"categories":[40237,40238,123],"tags":[228744,228741,228742,228743,30838,133841],"class_list":["post-168151","post","type-post","status-publish","format-standard","has-post-thumbnail","hentry","category-concursos","category-educacao-2","category-gerais","tag-edital-nutricionista-see-mg","tag-inscricoes-em-processo-seletivo-para-nutricionista-terminam-no-dia-3-de-setembro","tag-processo-seletivo-para-nutricionista","tag-processo-seletivo-see-mg","tag-secretaria-de-estado-de-educacao-de-minas-gerais","tag-see-mg"],"yoast_head":"<!-- This site is optimized with the Yoast SEO plugin v28.3 - https:\/\/yoast.com\/product\/yoast-seo-wordpress\/ -->\n<title>Inscri\u00e7\u00f5es em processo seletivo para nutricionista terminam no dia 3 de setembro - Aconteceu no Vale<\/title>\n<meta name=\"robots\" content=\"index, follow, max-snippet:-1, max-image-preview:large, max-video-preview:-1\" \/>\n<link rel=\"canonical\" href=\"https:\/\/aconteceunovale.com.br\/portal\/?p=168151\" \/>\n<meta property=\"og:locale\" content=\"pt_BR\" \/>\n<meta property=\"og:type\" content=\"article\" \/>\n<meta property=\"og:title\" content=\"Inscri\u00e7\u00f5es em processo seletivo para nutricionista terminam no dia 3 de setembro - Aconteceu no Vale\" \/>\n<meta property=\"og:description\" content=\"As inscri\u00e7\u00f5es do processo seletivo simplificado para preenchimento de vagas na fun\u00e7\u00e3o de nutricionista, com atua\u00e7\u00e3o na\u00a0Secretaria de Estado de Educa\u00e7\u00e3o de Minas Gerais (SEE\/MG), terminam \u00e0s 18h desta quinta-feira (3\/9). As vagas para forma\u00e7\u00e3o de cadastro reserva s\u00e3o para o cargo de Analista Educacional (ANE\/Nutricionista). A inscri\u00e7\u00e3o \u00e9 on-line e gratuita. Confira o edital [&hellip;]\" \/>\n<meta property=\"og:url\" content=\"https:\/\/aconteceunovale.com.br\/portal\/?p=168151\" \/>\n<meta property=\"og:site_name\" content=\"Aconteceu no Vale\" \/>\n<meta property=\"article:publisher\" content=\"https:\/\/www.facebook.com\/aconteceunovale\/\" \/>\n<meta property=\"article:published_time\" content=\"2020-09-01T22:46:35+00:00\" \/>\n<meta property=\"article:modified_time\" content=\"2020-09-01T22:46:52+00:00\" \/>\n<meta property=\"og:image\" content=\"https:\/\/aconteceunovale.com.br\/portal\/wp-content\/uploads\/2020\/09\/nutricionista.jpeg\" \/>\n\t<meta property=\"og:image:width\" content=\"678\" \/>\n\t<meta property=\"og:image:height\" content=\"411\" \/>\n\t<meta property=\"og:image:type\" content=\"image\/jpeg\" \/>\n<meta name=\"author\" content=\"Reda\u00e7\u00e3o Aconteceu no Vale\" \/>\n<meta name=\"twitter:card\" content=\"summary_large_image\" \/>\n<meta name=\"twitter:creator\" content=\"@noticiadosvales\" \/>\n<meta name=\"twitter:site\" content=\"@noticiadosvales\" \/>\n<meta name=\"twitter:label1\" content=\"Escrito por\" \/>\n\t<meta name=\"twitter:data1\" content=\"Reda\u00e7\u00e3o Aconteceu no Vale\" \/>\n\t<meta name=\"twitter:label2\" content=\"Est. tempo de leitura\" \/>\n\t<meta name=\"twitter:data2\" content=\"1 minuto\" \/>\n<script type=\"application\/ld+json\" class=\"yoast-schema-graph\">{\"@context\":\"https:\\\/\\\/schema.org\",\"@graph\":[{\"@type\":\"Article\",\"@id\":\"https:\\\/\\\/aconteceunovale.com.br\\\/portal\\\/?p=168151#article\",\"isPartOf\":{\"@id\":\"https:\\\/\\\/aconteceunovale.com.br\\\/portal\\\/?p=168151\"},\"author\":{\"name\":\"Reda\u00e7\u00e3o Aconteceu no Vale\",\"@id\":\"https:\\\/\\\/aconteceunovale.com.br\\\/portal\\\/#\\\/schema\\\/person\\\/7d2f26d1483f8a63de73da1ee0754d35\"},\"headline\":\"Inscri\u00e7\u00f5es em processo seletivo para nutricionista terminam no dia 3 de setembro\",\"datePublished\":\"2020-09-01T22:46:35+00:00\",\"dateModified\":\"2020-09-01T22:46:52+00:00\",\"mainEntityOfPage\":{\"@id\":\"https:\\\/\\\/aconteceunovale.com.br\\\/portal\\\/?p=168151\"},\"wordCount\":236,\"commentCount\":0,\"image\":{\"@id\":\"https:\\\/\\\/aconteceunovale.com.br\\\/portal\\\/?p=168151#primaryimage\"},\"thumbnailUrl\":\"https:\\\/\\\/aconteceunovale.com.br\\\/portal\\\/wp-content\\\/uploads\\\/2020\\\/09\\\/nutricionista.jpeg\",\"keywords\":[\"Edital nutricionista SEE-MG\",\"Inscri\u00e7\u00f5es em processo seletivo para nutricionista terminam no dia 3 de setembro\",\"Processo seletivo para nutricionista\",\"Processo seletivo SEE-MG\",\"Secretaria de Estado de Educa\u00e7\u00e3o de Minas Gerais\",\"SEE-MG\"],\"articleSection\":[\"Concursos\",\"Educa\u00e7\u00e3o\",\"Minas Gerais\"],\"inLanguage\":\"pt-BR\",\"potentialAction\":[{\"@type\":\"CommentAction\",\"name\":\"Comment\",\"target\":[\"https:\\\/\\\/aconteceunovale.com.br\\\/portal\\\/?p=168151#respond\"]}]},{\"@type\":\"WebPage\",\"@id\":\"https:\\\/\\\/aconteceunovale.com.br\\\/portal\\\/?p=168151\",\"url\":\"https:\\\/\\\/aconteceunovale.com.br\\\/portal\\\/?p=168151\",\"name\":\"Inscri\u00e7\u00f5es em processo seletivo para nutricionista terminam no dia 3 de setembro - Aconteceu no Vale\",\"isPartOf\":{\"@id\":\"https:\\\/\\\/aconteceunovale.com.br\\\/portal\\\/#website\"},\"primaryImageOfPage\":{\"@id\":\"https:\\\/\\\/aconteceunovale.com.br\\\/portal\\\/?p=168151#primaryimage\"},\"image\":{\"@id\":\"https:\\\/\\\/aconteceunovale.com.br\\\/portal\\\/?p=168151#primaryimage\"},\"thumbnailUrl\":\"https:\\\/\\\/aconteceunovale.com.br\\\/portal\\\/wp-content\\\/uploads\\\/2020\\\/09\\\/nutricionista.jpeg\",\"datePublished\":\"2020-09-01T22:46:35+00:00\",\"dateModified\":\"2020-09-01T22:46:52+00:00\",\"author\":{\"@id\":\"https:\\\/\\\/aconteceunovale.com.br\\\/portal\\\/#\\\/schema\\\/person\\\/7d2f26d1483f8a63de73da1ee0754d35\"},\"breadcrumb\":{\"@id\":\"https:\\\/\\\/aconteceunovale.com.br\\\/portal\\\/?p=168151#breadcrumb\"},\"inLanguage\":\"pt-BR\",\"potentialAction\":[{\"@type\":\"ReadAction\",\"target\":[\"https:\\\/\\\/aconteceunovale.com.br\\\/portal\\\/?p=168151\"]}]},{\"@type\":\"ImageObject\",\"inLanguage\":\"pt-BR\",\"@id\":\"https:\\\/\\\/aconteceunovale.com.br\\\/portal\\\/?p=168151#primaryimage\",\"url\":\"https:\\\/\\\/aconteceunovale.com.br\\\/portal\\\/wp-content\\\/uploads\\\/2020\\\/09\\\/nutricionista.jpeg\",\"contentUrl\":\"https:\\\/\\\/aconteceunovale.com.br\\\/portal\\\/wp-content\\\/uploads\\\/2020\\\/09\\\/nutricionista.jpeg\",\"width\":678,\"height\":411},{\"@type\":\"BreadcrumbList\",\"@id\":\"https:\\\/\\\/aconteceunovale.com.br\\\/portal\\\/?p=168151#breadcrumb\",\"itemListElement\":[{\"@type\":\"ListItem\",\"position\":1,\"name\":\"In\u00edcio\",\"item\":\"https:\\\/\\\/aconteceunovale.com.br\\\/portal\\\/\"},{\"@type\":\"ListItem\",\"position\":2,\"name\":\"Inscri\u00e7\u00f5es em processo seletivo para nutricionista terminam no dia 3 de setembro\"}]},{\"@type\":\"WebSite\",\"@id\":\"https:\\\/\\\/aconteceunovale.com.br\\\/portal\\\/#website\",\"url\":\"https:\\\/\\\/aconteceunovale.com.br\\\/portal\\\/\",\"name\":\"Aconteceu no Vale\",\"description\":\"Portal de Not\u00edcias\",\"potentialAction\":[{\"@type\":\"SearchAction\",\"target\":{\"@type\":\"EntryPoint\",\"urlTemplate\":\"https:\\\/\\\/aconteceunovale.com.br\\\/portal\\\/?s={search_term_string}\"},\"query-input\":{\"@type\":\"PropertyValueSpecification\",\"valueRequired\":true,\"valueName\":\"search_term_string\"}}],\"inLanguage\":\"pt-BR\"},{\"@type\":\"Person\",\"@id\":\"https:\\\/\\\/aconteceunovale.com.br\\\/portal\\\/#\\\/schema\\\/person\\\/7d2f26d1483f8a63de73da1ee0754d35\",\"name\":\"Reda\u00e7\u00e3o Aconteceu no Vale\",\"description\":\"Equipe de reportagem do Aconteceu no Vale, portal de not\u00edcias do Vale do Jequitinhonha, em Minas Gerais. Cobrimos as 51 cidades do Vale desde 2013. Sugest\u00f5es de pauta e pedidos de corre\u00e7\u00e3o: contato@aconteceunovale.com.br\",\"url\":\"https:\\\/\\\/aconteceunovale.com.br\\\/portal\\\/?author=4\"}]}<\/script>\n<!-- \/ Yoast SEO plugin. -->","yoast_head_json":{"title":"Inscri\u00e7\u00f5es em processo seletivo para nutricionista terminam no dia 3 de setembro - Aconteceu no Vale","robots":{"index":"index","follow":"follow","max-snippet":"max-snippet:-1","max-image-preview":"max-image-preview:large","max-video-preview":"max-video-preview:-1"},"canonical":"https:\/\/aconteceunovale.com.br\/portal\/?p=168151","og_locale":"pt_BR","og_type":"article","og_title":"Inscri\u00e7\u00f5es em processo seletivo para nutricionista terminam no dia 3 de setembro - Aconteceu no Vale","og_description":"As inscri\u00e7\u00f5es do processo seletivo simplificado para preenchimento de vagas na fun\u00e7\u00e3o de nutricionista, com atua\u00e7\u00e3o na\u00a0Secretaria de Estado de Educa\u00e7\u00e3o de Minas Gerais (SEE\/MG), terminam \u00e0s 18h desta quinta-feira (3\/9). As vagas para forma\u00e7\u00e3o de cadastro reserva s\u00e3o para o cargo de Analista Educacional (ANE\/Nutricionista). A inscri\u00e7\u00e3o \u00e9 on-line e gratuita. Confira o edital [&hellip;]","og_url":"https:\/\/aconteceunovale.com.br\/portal\/?p=168151","og_site_name":"Aconteceu no Vale","article_publisher":"https:\/\/www.facebook.com\/aconteceunovale\/","article_published_time":"2020-09-01T22:46:35+00:00","article_modified_time":"2020-09-01T22:46:52+00:00","og_image":[{"width":678,"height":411,"url":"https:\/\/aconteceunovale.com.br\/portal\/wp-content\/uploads\/2020\/09\/nutricionista.jpeg","type":"image\/jpeg"}],"author":"Reda\u00e7\u00e3o Aconteceu no Vale","twitter_card":"summary_large_image","twitter_creator":"@noticiadosvales","twitter_site":"@noticiadosvales","twitter_misc":{"Escrito por":"Reda\u00e7\u00e3o Aconteceu no Vale","Est. tempo de leitura":"1 minuto"},"schema":{"@context":"https:\/\/schema.org","@graph":[{"@type":"Article","@id":"https:\/\/aconteceunovale.com.br\/portal\/?p=168151#article","isPartOf":{"@id":"https:\/\/aconteceunovale.com.br\/portal\/?p=168151"},"author":{"name":"Reda\u00e7\u00e3o Aconteceu no Vale","@id":"https:\/\/aconteceunovale.com.br\/portal\/#\/schema\/person\/7d2f26d1483f8a63de73da1ee0754d35"},"headline":"Inscri\u00e7\u00f5es em processo seletivo para nutricionista terminam no dia 3 de setembro","datePublished":"2020-09-01T22:46:35+00:00","dateModified":"2020-09-01T22:46:52+00:00","mainEntityOfPage":{"@id":"https:\/\/aconteceunovale.com.br\/portal\/?p=168151"},"wordCount":236,"commentCount":0,"image":{"@id":"https:\/\/aconteceunovale.com.br\/portal\/?p=168151#primaryimage"},"thumbnailUrl":"https:\/\/aconteceunovale.com.br\/portal\/wp-content\/uploads\/2020\/09\/nutricionista.jpeg","keywords":["Edital nutricionista SEE-MG","Inscri\u00e7\u00f5es em processo seletivo para nutricionista terminam no dia 3 de setembro","Processo seletivo para nutricionista","Processo seletivo SEE-MG","Secretaria de Estado de Educa\u00e7\u00e3o de Minas Gerais","SEE-MG"],"articleSection":["Concursos","Educa\u00e7\u00e3o","Minas Gerais"],"inLanguage":"pt-BR","potentialAction":[{"@type":"CommentAction","name":"Comment","target":["https:\/\/aconteceunovale.com.br\/portal\/?p=168151#respond"]}]},{"@type":"WebPage","@id":"https:\/\/aconteceunovale.com.br\/portal\/?p=168151","url":"https:\/\/aconteceunovale.com.br\/portal\/?p=168151","name":"Inscri\u00e7\u00f5es em processo seletivo para nutricionista terminam no dia 3 de setembro - Aconteceu no Vale","isPartOf":{"@id":"https:\/\/aconteceunovale.com.br\/portal\/#website"},"primaryImageOfPage":{"@id":"https:\/\/aconteceunovale.com.br\/portal\/?p=168151#primaryimage"},"image":{"@id":"https:\/\/aconteceunovale.com.br\/portal\/?p=168151#primaryimage"},"thumbnailUrl":"https:\/\/aconteceunovale.com.br\/portal\/wp-content\/uploads\/2020\/09\/nutricionista.jpeg","datePublished":"2020-09-01T22:46:35+00:00","dateModified":"2020-09-01T22:46:52+00:00","author":{"@id":"https:\/\/aconteceunovale.com.br\/portal\/#\/schema\/person\/7d2f26d1483f8a63de73da1ee0754d35"},"breadcrumb":{"@id":"https:\/\/aconteceunovale.com.br\/portal\/?p=168151#breadcrumb"},"inLanguage":"pt-BR","potentialAction":[{"@type":"ReadAction","target":["https:\/\/aconteceunovale.com.br\/portal\/?p=168151"]}]},{"@type":"ImageObject","inLanguage":"pt-BR","@id":"https:\/\/aconteceunovale.com.br\/portal\/?p=168151#primaryimage","url":"https:\/\/aconteceunovale.com.br\/portal\/wp-content\/uploads\/2020\/09\/nutricionista.jpeg","contentUrl":"https:\/\/aconteceunovale.com.br\/portal\/wp-content\/uploads\/2020\/09\/nutricionista.jpeg","width":678,"height":411},{"@type":"BreadcrumbList","@id":"https:\/\/aconteceunovale.com.br\/portal\/?p=168151#breadcrumb","itemListElement":[{"@type":"ListItem","position":1,"name":"In\u00edcio","item":"https:\/\/aconteceunovale.com.br\/portal\/"},{"@type":"ListItem","position":2,"name":"Inscri\u00e7\u00f5es em processo seletivo para nutricionista terminam no dia 3 de setembro"}]},{"@type":"WebSite","@id":"https:\/\/aconteceunovale.com.br\/portal\/#website","url":"https:\/\/aconteceunovale.com.br\/portal\/","name":"Aconteceu no Vale","description":"Portal de Not\u00edcias","potentialAction":[{"@type":"SearchAction","target":{"@type":"EntryPoint","urlTemplate":"https:\/\/aconteceunovale.com.br\/portal\/?s={search_term_string}"},"query-input":{"@type":"PropertyValueSpecification","valueRequired":true,"valueName":"search_term_string"}}],"inLanguage":"pt-BR"},{"@type":"Person","@id":"https:\/\/aconteceunovale.com.br\/portal\/#\/schema\/person\/7d2f26d1483f8a63de73da1ee0754d35","name":"Reda\u00e7\u00e3o Aconteceu no Vale","description":"Equipe de reportagem do Aconteceu no Vale, portal de not\u00edcias do Vale do Jequitinhonha, em Minas Gerais. Cobrimos as 51 cidades do Vale desde 2013. Sugest\u00f5es de pauta e pedidos de corre\u00e7\u00e3o: contato@aconteceunovale.com.br","url":"https:\/\/aconteceunovale.com.br\/portal\/?author=4"}]}},"_links":{"self":[{"href":"https:\/\/aconteceunovale.com.br\/portal\/index.php?rest_route=\/wp\/v2\/posts\/168151","targetHints":{"allow":["GET"]}}],"collection":[{"href":"https:\/\/aconteceunovale.com.br\/portal\/index.php?rest_route=\/wp\/v2\/posts"}],"about":[{"href":"https:\/\/aconteceunovale.com.br\/portal\/index.php?rest_route=\/wp\/v2\/types\/post"}],"author":[{"embeddable":true,"href":"https:\/\/aconteceunovale.com.br\/portal\/index.php?rest_route=\/wp\/v2\/users\/4"}],"replies":[{"embeddable":true,"href":"https:\/\/aconteceunovale.com.br\/portal\/index.php?rest_route=%2Fwp%2Fv2%2Fcomments&post=168151"}],"version-history":[{"count":1,"href":"https:\/\/aconteceunovale.com.br\/portal\/index.php?rest_route=\/wp\/v2\/posts\/168151\/revisions"}],"predecessor-version":[{"id":168153,"href":"https:\/\/aconteceunovale.com.br\/portal\/index.php?rest_route=\/wp\/v2\/posts\/168151\/revisions\/168153"}],"wp:featuredmedia":[{"embeddable":true,"href":"https:\/\/aconteceunovale.com.br\/portal\/index.php?rest_route=\/wp\/v2\/media\/168152"}],"wp:attachment":[{"href":"https:\/\/aconteceunovale.com.br\/portal\/index.php?rest_route=%2Fwp%2Fv2%2Fmedia&parent=168151"}],"wp:term":[{"taxonomy":"category","embeddable":true,"href":"https:\/\/aconteceunovale.com.br\/portal\/index.php?rest_route=%2Fwp%2Fv2%2Fcategories&post=168151"},{"taxonomy":"post_tag","embeddable":true,"href":"https:\/\/aconteceunovale.com.br\/portal\/index.php?rest_route=%2Fwp%2Fv2%2Ftags&post=168151"}],"curies":[{"name":"wp","href":"https:\/\/api.w.org\/{rel}","templated":true}]}}