{"id":168148,"date":"2020-09-01T19:37:32","date_gmt":"2020-09-01T22:37:32","guid":{"rendered":"https:\/\/aconteceunovale.com.br\/portal\/?p=168148"},"modified":"2020-09-01T19:39:06","modified_gmt":"2020-09-01T22:39:06","slug":"vale-abre-processo-seletivo-com-mais-de-130-vagas-para-trainees","status":"publish","type":"post","link":"https:\/\/aconteceunovale.com.br\/portal\/?p=168148","title":{"rendered":"Vale abre processo seletivo com mais de 130 vagas para trainees"},"content":{"rendered":"\n<p class=\"wp-block-paragraph\">Est\u00e3o abertas, de 1\u00ba a 30 de setembro, as inscri\u00e7\u00f5es para dois programas de contrata\u00e7\u00e3o de trainees da Vale: o Global Trainee Program e o Programa Trainee Especialista em Engenharia e Geologia. O objetivo \u00e9 atrair talentos rec\u00e9m-graduados que desejam ocupar posi\u00e7\u00f5es de lideran\u00e7a e estejam alinhados com o processo de transforma\u00e7\u00e3o cultural da empresa, que tem foco na diversidade. S\u00e3o cerca de 30 vagas para trainees globais e mais de 100 vagas de trainees especialistas distribu\u00eddas em diversas cidades do pa\u00eds onde a Vale atua. Todo o processo seletivo ser\u00e1 online e os trainees come\u00e7am a trabalhar em maio de 2021. Os candidatos n\u00e3o precisam ter experi\u00eancia pr\u00e9via e podem ter se formado em qualquer institui\u00e7\u00e3o de ensino superior reconhecida pelo Minist\u00e9rio da Educa\u00e7\u00e3o. Tamb\u00e9m n\u00e3o h\u00e1 restri\u00e7\u00e3o de idade. As inscri\u00e7\u00f5es devem ser feitas em\u00a0<a href=\"http:\/\/www.vale.com\/brasil\/PT\/people\/opportunities-in-other-countries\/Paginas\/programa-recem-graduados.aspx\" target=\"_blank\" rel=\"noreferrer noopener\">www.vale.com\/trainee<\/a><\/p>\n\n\n\n<p class=\"wp-block-paragraph\">O Programa Trainee Especialista em Engenharia e Geologia \u00e9 direcionado a profissionais formados em engenharia ou geologia entre dezembro de 2017 e dezembro de 2020, que tenham esp\u00edrito de lideran\u00e7a e desejo de construir uma trajet\u00f3ria focada em posi\u00e7\u00f5es com demanda por conhecimento t\u00e9cnico aprofundado. O Global Trainee Program, tamb\u00e9m focado em desenvolvimento de futuros l\u00edderes, tem foco em posi\u00e7\u00f5es de neg\u00f3cios que demandam ampla vis\u00e3o da cadeia e da estrat\u00e9gia. Os candidatos \u00e0s vagas de trainee global podem ser formados em qualquer curso superior e precisam ter conclu\u00eddo a gradua\u00e7\u00e3o entre julho de 2018 e dezembro de 2020. Para os dois programas, casos de atraso na gradua\u00e7\u00e3o em decorr\u00eancia da pandemia de covid-19 ser\u00e3o estudados.<\/p>\n\n\n\n<p class=\"wp-block-paragraph\">A gerente global de Atra\u00e7\u00e3o de Talentos da Vale, Mira Noronha, explica que a Vale est\u00e1 mudando e deseja contar com profissionais dispostos a fazer parte dessa evolu\u00e7\u00e3o. &#8220;Queremos atrair e potencializar talentos que sejam diversos, pois entendemos que eles ser\u00e3o parte essencial no processo de transforma\u00e7\u00e3o cultural da empresa, que tem foco em diversidade e inclus\u00e3o. Ao selecionar um grupo plural de trainees por meio dos dois programas, buscamos garantir que nossa futura lideran\u00e7a tamb\u00e9m ser\u00e1 diversa e inclusiva&#8221;, explica.<\/p>\n\n\n\n<p class=\"wp-block-paragraph\">A empresa estabeleceu a meta de dobrar o n\u00famero de mulheres at\u00e9 2030 e, alinhada com o compromisso com a equidade de g\u00eanero, pretende que 50% das vagas dos dois programas de rec\u00e9m-formados sejam destinadas preferencialmente a mulheres. &#8220;Nosso objetivo \u00e9 gerar ainda mais oportunidades, ampliar e reter a for\u00e7a de trabalho feminina na ind\u00fastria de minera\u00e7\u00e3o, contribuindo com a diversidade no setor&#8221;, complementa Mira Noronha.<\/p>\n\n\n\n<figure class=\"wp-block-gallery columns-1 is-cropped wp-block-gallery-1 is-layout-flex wp-block-gallery-is-layout-flex\"><ul class=\"blocks-gallery-grid\"><li class=\"blocks-gallery-item\"><figure><img loading=\"lazy\" decoding=\"async\" width=\"678\" height=\"441\" src=\"https:\/\/aconteceunovale.com.br\/portal\/wp-content\/uploads\/2020\/09\/trainee_vale.jpg\" alt=\"\" data-id=\"168149\" data-full-url=\"https:\/\/aconteceunovale.com.br\/portal\/wp-content\/uploads\/2020\/09\/trainee_vale.jpg\" data-link=\"https:\/\/aconteceunovale.com.br\/portal\/?attachment_id=168149\" class=\"wp-image-168149\" srcset=\"https:\/\/aconteceunovale.com.br\/portal\/wp-content\/uploads\/2020\/09\/trainee_vale.jpg 678w, https:\/\/aconteceunovale.com.br\/portal\/wp-content\/uploads\/2020\/09\/trainee_vale-300x195.jpg 300w, https:\/\/aconteceunovale.com.br\/portal\/wp-content\/uploads\/2020\/09\/trainee_vale-646x420.jpg 646w\" sizes=\"auto, (max-width: 678px) 100vw, 678px\" \/><figcaption class=\"blocks-gallery-item__caption\"><em>J\u00e9ssica Rodrigues \u00e9 engenheira de minas e foi trainee da Vale em 2019 (Foto: Vale)<\/em><\/figcaption><\/figure><\/li><\/ul><\/figure>\n\n\n\n<h3 class=\"wp-block-heading\">Programa Trainee Especialista em Engenharia e Geologia<\/h3>\n\n\n\n<p class=\"wp-block-paragraph\">Uma das premissas do Programa Trainee Especialista \u00e9 proporcionar e expandir o conhecimento t\u00e9cnico dos profissionais nas \u00e1reas de minera\u00e7\u00e3o e log\u00edstica. Ao longo do programa, o aprendizado ser\u00e1 promovido por meio de um curso de forma\u00e7\u00e3o espec\u00edfico para cada \u00e1rea de atua\u00e7\u00e3o e, ao mesmo tempo, na aplica\u00e7\u00e3o pr\u00e1tica e experi\u00eancia na rotina de trabalho. S\u00e3o mais de 100 vagas para profissionais formados em geologia ou engenharias e formatura entre dezembro de 2017 e dezembro de 2020.<\/p>\n\n\n\n<p class=\"wp-block-paragraph\">O Programa Trainee Especialista ter\u00e1 dura\u00e7\u00e3o de 12 meses e os candidatos precisam ter n\u00edvel de ingl\u00eas intermedi\u00e1rio e disponibilidade para mudan\u00e7a ou viagens. Al\u00e9m disso, espera-se dos rec\u00e9m-graduados: alinhamento com os valores e a cultura da Vale; vis\u00e3o sist\u00eamica; interesse em se desenvolver para, no m\u00e9dio ou longo prazo, ocupar posi\u00e7\u00f5es de lideran\u00e7a que demandem aprofundamento t\u00e9cnico em alguma \u00e1rea espec\u00edfica da cadeia da Vale.<\/p>\n\n\n\n<h3 class=\"wp-block-heading\">Global Trainee Program<\/h3>\n\n\n\n<p class=\"wp-block-paragraph\">Os trainees globais ter\u00e3o a oportunidade de aprender e expandir habilidades de neg\u00f3cio como gest\u00e3o de projetos, gest\u00e3o de mudan\u00e7a e transforma\u00e7\u00e3o digital. Al\u00e9m disso, ser\u00e3o desafiados em projetos de grande relev\u00e2ncia para a Vale globalmente, trabalhando de forma integrada com trainees e equipes de outros pa\u00edses onde a Vale atua e desenvolvendo comportamentos-chave para lideran\u00e7a. Os trainees ter\u00e3o uma vis\u00e3o geral do neg\u00f3cio, proporcionada por meio de job rotations. S\u00e3o cerca de 30 vagas e podem se candidatar pessoas formadas em todos os cursos, inclusive engenharia, entre julho de 2018 e dezembro de 2020.<\/p>\n\n\n\n<p class=\"wp-block-paragraph\">O Global Trainee Program ter\u00e1 dura\u00e7\u00e3o de 18 meses e os candidatos precisam ter n\u00edvel de ingl\u00eas avan\u00e7ado ou fluente e disponibilidade para mudan\u00e7as ou viagens. Al\u00e9m disso, espera-se dos rec\u00e9m-graduados: alinhamento com os valores e a cultura da Vale; vis\u00e3o estrat\u00e9gica; ampla vis\u00e3o do neg\u00f3cio; mindset digital; e interesse em se desenvolver para, no m\u00e9dio ou longo prazo, ocupar posi\u00e7\u00f5es de lideran\u00e7a com foco em neg\u00f3cio.<\/p>\n\n\n\n<ul class=\"wp-block-list\"><li><a rel=\"noreferrer noopener\" href=\"http:\/\/www.vale.com\/brasil\/PT\/people\/opportunities-in-other-countries\/Paginas\/programa-recem-graduados.aspx\" target=\"_blank\">Saiba mais sobre o processo seletivo e inscreva-se<\/a><\/li><\/ul>\n\n\n\n<p class=\"has-white-color has-black-background-color has-text-color has-background wp-block-paragraph\">Quer saber as not\u00edcias do <strong>Aconteceu no Vale<\/strong> em primeira m\u00e3o? Siga-nos no Facebook <a rel=\"noreferrer noopener\" href=\"http:\/\/facebook.com\/aconteceunovale\" target=\"_blank\">@aconteceunovale<\/a>, Twitter <a rel=\"noreferrer noopener\" href=\"https:\/\/twitter.com\/noticiadosvales\" target=\"_blank\">@noticiadosvales<\/a> e Instagram <a rel=\"noreferrer noopener\" href=\"https:\/\/www.instagram.com\/aconteceunovale\" target=\"_blank\">@aconteceunovale<\/a>.<\/p>\n","protected":false},"excerpt":{"rendered":"<p>Est\u00e3o abertas, de 1\u00ba a 30 de setembro, as inscri\u00e7\u00f5es para dois programas de contrata\u00e7\u00e3o de trainees da Vale: o Global Trainee Program e o Programa Trainee Especialista em Engenharia e Geologia. O objetivo \u00e9 atrair talentos rec\u00e9m-graduados que desejam ocupar posi\u00e7\u00f5es de lideran\u00e7a e estejam alinhados com o processo de transforma\u00e7\u00e3o cultural da empresa, [&hellip;]<\/p>\n","protected":false},"author":4,"featured_media":168149,"comment_status":"open","ping_status":"closed","sticky":false,"template":"","format":"standard","meta":{"amp_status":"","footnotes":""},"categories":[6,40236,123],"tags":[228738,64979,228736,228740,228739,228732,228733,228734,228735,228737,228731,228730],"class_list":["post-168148","post","type-post","status-publish","format-standard","has-post-thumbnail","hentry","category-br","category-empregos-2","category-gerais","tag-atracao-de-talentos-da-vale","tag-emprego-na-vale","tag-global-trainee-program","tag-jessica-rodrigues","tag-mira-noronha","tag-oportunidade-na-vale","tag-processo-seletivo-da-vale","tag-processo-seletivo-para-programa-de-trainee-da-vale","tag-programa-de-trainee-da-vale","tag-programa-trainee-especialista-em-engenharia-e-geologia","tag-trainee-da-vale","tag-vale-abre-processo-seletivo-com-mais-de-130-vagas-para-trainees"],"yoast_head":"<!-- This site is optimized with the Yoast SEO plugin v28.3 - https:\/\/yoast.com\/product\/yoast-seo-wordpress\/ -->\n<title>Vale abre processo seletivo com mais de 130 vagas para trainees - Aconteceu no Vale<\/title>\n<meta name=\"robots\" content=\"index, follow, max-snippet:-1, max-image-preview:large, max-video-preview:-1\" \/>\n<link rel=\"canonical\" href=\"https:\/\/aconteceunovale.com.br\/portal\/?p=168148\" \/>\n<meta property=\"og:locale\" content=\"pt_BR\" \/>\n<meta property=\"og:type\" content=\"article\" \/>\n<meta property=\"og:title\" content=\"Vale abre processo seletivo com mais de 130 vagas para trainees - Aconteceu no Vale\" \/>\n<meta property=\"og:description\" content=\"Est\u00e3o abertas, de 1\u00ba a 30 de setembro, as inscri\u00e7\u00f5es para dois programas de contrata\u00e7\u00e3o de trainees da Vale: o Global Trainee Program e o Programa Trainee Especialista em Engenharia e Geologia. O objetivo \u00e9 atrair talentos rec\u00e9m-graduados que desejam ocupar posi\u00e7\u00f5es de lideran\u00e7a e estejam alinhados com o processo de transforma\u00e7\u00e3o cultural da empresa, [&hellip;]\" \/>\n<meta property=\"og:url\" content=\"https:\/\/aconteceunovale.com.br\/portal\/?p=168148\" \/>\n<meta property=\"og:site_name\" content=\"Aconteceu no Vale\" \/>\n<meta property=\"article:publisher\" content=\"https:\/\/www.facebook.com\/aconteceunovale\/\" \/>\n<meta property=\"article:published_time\" content=\"2020-09-01T22:37:32+00:00\" \/>\n<meta property=\"article:modified_time\" content=\"2020-09-01T22:39:06+00:00\" \/>\n<meta property=\"og:image\" content=\"https:\/\/aconteceunovale.com.br\/portal\/wp-content\/uploads\/2020\/09\/trainee_vale.jpg\" \/>\n\t<meta property=\"og:image:width\" content=\"678\" \/>\n\t<meta property=\"og:image:height\" content=\"441\" \/>\n\t<meta property=\"og:image:type\" content=\"image\/jpeg\" \/>\n<meta name=\"author\" content=\"Reda\u00e7\u00e3o Aconteceu no Vale\" \/>\n<meta name=\"twitter:card\" content=\"summary_large_image\" \/>\n<meta name=\"twitter:creator\" content=\"@noticiadosvales\" \/>\n<meta name=\"twitter:site\" content=\"@noticiadosvales\" \/>\n<meta name=\"twitter:label1\" content=\"Escrito por\" \/>\n\t<meta name=\"twitter:data1\" content=\"Reda\u00e7\u00e3o Aconteceu no Vale\" \/>\n\t<meta name=\"twitter:label2\" content=\"Est. tempo de leitura\" \/>\n\t<meta name=\"twitter:data2\" content=\"4 minutos\" \/>\n<script type=\"application\/ld+json\" class=\"yoast-schema-graph\">{\"@context\":\"https:\\\/\\\/schema.org\",\"@graph\":[{\"@type\":\"Article\",\"@id\":\"https:\\\/\\\/aconteceunovale.com.br\\\/portal\\\/?p=168148#article\",\"isPartOf\":{\"@id\":\"https:\\\/\\\/aconteceunovale.com.br\\\/portal\\\/?p=168148\"},\"author\":{\"name\":\"Reda\u00e7\u00e3o Aconteceu no Vale\",\"@id\":\"https:\\\/\\\/aconteceunovale.com.br\\\/portal\\\/#\\\/schema\\\/person\\\/7d2f26d1483f8a63de73da1ee0754d35\"},\"headline\":\"Vale abre processo seletivo com mais de 130 vagas para trainees\",\"datePublished\":\"2020-09-01T22:37:32+00:00\",\"dateModified\":\"2020-09-01T22:39:06+00:00\",\"mainEntityOfPage\":{\"@id\":\"https:\\\/\\\/aconteceunovale.com.br\\\/portal\\\/?p=168148\"},\"wordCount\":855,\"commentCount\":0,\"image\":{\"@id\":\"https:\\\/\\\/aconteceunovale.com.br\\\/portal\\\/?p=168148#primaryimage\"},\"thumbnailUrl\":\"https:\\\/\\\/aconteceunovale.com.br\\\/portal\\\/wp-content\\\/uploads\\\/2020\\\/09\\\/trainee_vale.jpg\",\"keywords\":[\"Atra\u00e7\u00e3o de Talentos da Vale\",\"Emprego na Vale\",\"Global Trainee Program\",\"J\u00e9ssica Rodrigues\",\"Mira Noronha\",\"Oportunidade na Vale\",\"Processo seletivo da Vale\",\"Processo seletivo para programa de trainee da Vale\",\"Programa de trainee da Vale\",\"Programa Trainee Especialista em Engenharia e Geologia\",\"Trainee da Vale\",\"Vale abre processo seletivo com mais de 130 vagas para trainees\"],\"articleSection\":[\"Brasil\",\"Empregos\",\"Minas Gerais\"],\"inLanguage\":\"pt-BR\",\"potentialAction\":[{\"@type\":\"CommentAction\",\"name\":\"Comment\",\"target\":[\"https:\\\/\\\/aconteceunovale.com.br\\\/portal\\\/?p=168148#respond\"]}]},{\"@type\":\"WebPage\",\"@id\":\"https:\\\/\\\/aconteceunovale.com.br\\\/portal\\\/?p=168148\",\"url\":\"https:\\\/\\\/aconteceunovale.com.br\\\/portal\\\/?p=168148\",\"name\":\"Vale abre processo seletivo com mais de 130 vagas para trainees - Aconteceu no Vale\",\"isPartOf\":{\"@id\":\"https:\\\/\\\/aconteceunovale.com.br\\\/portal\\\/#website\"},\"primaryImageOfPage\":{\"@id\":\"https:\\\/\\\/aconteceunovale.com.br\\\/portal\\\/?p=168148#primaryimage\"},\"image\":{\"@id\":\"https:\\\/\\\/aconteceunovale.com.br\\\/portal\\\/?p=168148#primaryimage\"},\"thumbnailUrl\":\"https:\\\/\\\/aconteceunovale.com.br\\\/portal\\\/wp-content\\\/uploads\\\/2020\\\/09\\\/trainee_vale.jpg\",\"datePublished\":\"2020-09-01T22:37:32+00:00\",\"dateModified\":\"2020-09-01T22:39:06+00:00\",\"author\":{\"@id\":\"https:\\\/\\\/aconteceunovale.com.br\\\/portal\\\/#\\\/schema\\\/person\\\/7d2f26d1483f8a63de73da1ee0754d35\"},\"breadcrumb\":{\"@id\":\"https:\\\/\\\/aconteceunovale.com.br\\\/portal\\\/?p=168148#breadcrumb\"},\"inLanguage\":\"pt-BR\",\"potentialAction\":[{\"@type\":\"ReadAction\",\"target\":[\"https:\\\/\\\/aconteceunovale.com.br\\\/portal\\\/?p=168148\"]}]},{\"@type\":\"ImageObject\",\"inLanguage\":\"pt-BR\",\"@id\":\"https:\\\/\\\/aconteceunovale.com.br\\\/portal\\\/?p=168148#primaryimage\",\"url\":\"https:\\\/\\\/aconteceunovale.com.br\\\/portal\\\/wp-content\\\/uploads\\\/2020\\\/09\\\/trainee_vale.jpg\",\"contentUrl\":\"https:\\\/\\\/aconteceunovale.com.br\\\/portal\\\/wp-content\\\/uploads\\\/2020\\\/09\\\/trainee_vale.jpg\",\"width\":678,\"height\":441},{\"@type\":\"BreadcrumbList\",\"@id\":\"https:\\\/\\\/aconteceunovale.com.br\\\/portal\\\/?p=168148#breadcrumb\",\"itemListElement\":[{\"@type\":\"ListItem\",\"position\":1,\"name\":\"In\u00edcio\",\"item\":\"https:\\\/\\\/aconteceunovale.com.br\\\/portal\\\/\"},{\"@type\":\"ListItem\",\"position\":2,\"name\":\"Vale abre processo seletivo com mais de 130 vagas para trainees\"}]},{\"@type\":\"WebSite\",\"@id\":\"https:\\\/\\\/aconteceunovale.com.br\\\/portal\\\/#website\",\"url\":\"https:\\\/\\\/aconteceunovale.com.br\\\/portal\\\/\",\"name\":\"Aconteceu no Vale\",\"description\":\"Portal de Not\u00edcias\",\"potentialAction\":[{\"@type\":\"SearchAction\",\"target\":{\"@type\":\"EntryPoint\",\"urlTemplate\":\"https:\\\/\\\/aconteceunovale.com.br\\\/portal\\\/?s={search_term_string}\"},\"query-input\":{\"@type\":\"PropertyValueSpecification\",\"valueRequired\":true,\"valueName\":\"search_term_string\"}}],\"inLanguage\":\"pt-BR\"},{\"@type\":\"Person\",\"@id\":\"https:\\\/\\\/aconteceunovale.com.br\\\/portal\\\/#\\\/schema\\\/person\\\/7d2f26d1483f8a63de73da1ee0754d35\",\"name\":\"Reda\u00e7\u00e3o Aconteceu no Vale\",\"description\":\"Equipe de reportagem do Aconteceu no Vale, portal de not\u00edcias do Vale do Jequitinhonha, em Minas Gerais. Cobrimos as 51 cidades do Vale desde 2013. Sugest\u00f5es de pauta e pedidos de corre\u00e7\u00e3o: contato@aconteceunovale.com.br\",\"url\":\"https:\\\/\\\/aconteceunovale.com.br\\\/portal\\\/?author=4\"}]}<\/script>\n<!-- \/ Yoast SEO plugin. -->","yoast_head_json":{"title":"Vale abre processo seletivo com mais de 130 vagas para trainees - Aconteceu no Vale","robots":{"index":"index","follow":"follow","max-snippet":"max-snippet:-1","max-image-preview":"max-image-preview:large","max-video-preview":"max-video-preview:-1"},"canonical":"https:\/\/aconteceunovale.com.br\/portal\/?p=168148","og_locale":"pt_BR","og_type":"article","og_title":"Vale abre processo seletivo com mais de 130 vagas para trainees - Aconteceu no Vale","og_description":"Est\u00e3o abertas, de 1\u00ba a 30 de setembro, as inscri\u00e7\u00f5es para dois programas de contrata\u00e7\u00e3o de trainees da Vale: o Global Trainee Program e o Programa Trainee Especialista em Engenharia e Geologia. O objetivo \u00e9 atrair talentos rec\u00e9m-graduados que desejam ocupar posi\u00e7\u00f5es de lideran\u00e7a e estejam alinhados com o processo de transforma\u00e7\u00e3o cultural da empresa, [&hellip;]","og_url":"https:\/\/aconteceunovale.com.br\/portal\/?p=168148","og_site_name":"Aconteceu no Vale","article_publisher":"https:\/\/www.facebook.com\/aconteceunovale\/","article_published_time":"2020-09-01T22:37:32+00:00","article_modified_time":"2020-09-01T22:39:06+00:00","og_image":[{"width":678,"height":441,"url":"https:\/\/aconteceunovale.com.br\/portal\/wp-content\/uploads\/2020\/09\/trainee_vale.jpg","type":"image\/jpeg"}],"author":"Reda\u00e7\u00e3o Aconteceu no Vale","twitter_card":"summary_large_image","twitter_creator":"@noticiadosvales","twitter_site":"@noticiadosvales","twitter_misc":{"Escrito por":"Reda\u00e7\u00e3o Aconteceu no Vale","Est. tempo de leitura":"4 minutos"},"schema":{"@context":"https:\/\/schema.org","@graph":[{"@type":"Article","@id":"https:\/\/aconteceunovale.com.br\/portal\/?p=168148#article","isPartOf":{"@id":"https:\/\/aconteceunovale.com.br\/portal\/?p=168148"},"author":{"name":"Reda\u00e7\u00e3o Aconteceu no Vale","@id":"https:\/\/aconteceunovale.com.br\/portal\/#\/schema\/person\/7d2f26d1483f8a63de73da1ee0754d35"},"headline":"Vale abre processo seletivo com mais de 130 vagas para trainees","datePublished":"2020-09-01T22:37:32+00:00","dateModified":"2020-09-01T22:39:06+00:00","mainEntityOfPage":{"@id":"https:\/\/aconteceunovale.com.br\/portal\/?p=168148"},"wordCount":855,"commentCount":0,"image":{"@id":"https:\/\/aconteceunovale.com.br\/portal\/?p=168148#primaryimage"},"thumbnailUrl":"https:\/\/aconteceunovale.com.br\/portal\/wp-content\/uploads\/2020\/09\/trainee_vale.jpg","keywords":["Atra\u00e7\u00e3o de Talentos da Vale","Emprego na Vale","Global Trainee Program","J\u00e9ssica Rodrigues","Mira Noronha","Oportunidade na Vale","Processo seletivo da Vale","Processo seletivo para programa de trainee da Vale","Programa de trainee da Vale","Programa Trainee Especialista em Engenharia e Geologia","Trainee da Vale","Vale abre processo seletivo com mais de 130 vagas para trainees"],"articleSection":["Brasil","Empregos","Minas Gerais"],"inLanguage":"pt-BR","potentialAction":[{"@type":"CommentAction","name":"Comment","target":["https:\/\/aconteceunovale.com.br\/portal\/?p=168148#respond"]}]},{"@type":"WebPage","@id":"https:\/\/aconteceunovale.com.br\/portal\/?p=168148","url":"https:\/\/aconteceunovale.com.br\/portal\/?p=168148","name":"Vale abre processo seletivo com mais de 130 vagas para trainees - Aconteceu no Vale","isPartOf":{"@id":"https:\/\/aconteceunovale.com.br\/portal\/#website"},"primaryImageOfPage":{"@id":"https:\/\/aconteceunovale.com.br\/portal\/?p=168148#primaryimage"},"image":{"@id":"https:\/\/aconteceunovale.com.br\/portal\/?p=168148#primaryimage"},"thumbnailUrl":"https:\/\/aconteceunovale.com.br\/portal\/wp-content\/uploads\/2020\/09\/trainee_vale.jpg","datePublished":"2020-09-01T22:37:32+00:00","dateModified":"2020-09-01T22:39:06+00:00","author":{"@id":"https:\/\/aconteceunovale.com.br\/portal\/#\/schema\/person\/7d2f26d1483f8a63de73da1ee0754d35"},"breadcrumb":{"@id":"https:\/\/aconteceunovale.com.br\/portal\/?p=168148#breadcrumb"},"inLanguage":"pt-BR","potentialAction":[{"@type":"ReadAction","target":["https:\/\/aconteceunovale.com.br\/portal\/?p=168148"]}]},{"@type":"ImageObject","inLanguage":"pt-BR","@id":"https:\/\/aconteceunovale.com.br\/portal\/?p=168148#primaryimage","url":"https:\/\/aconteceunovale.com.br\/portal\/wp-content\/uploads\/2020\/09\/trainee_vale.jpg","contentUrl":"https:\/\/aconteceunovale.com.br\/portal\/wp-content\/uploads\/2020\/09\/trainee_vale.jpg","width":678,"height":441},{"@type":"BreadcrumbList","@id":"https:\/\/aconteceunovale.com.br\/portal\/?p=168148#breadcrumb","itemListElement":[{"@type":"ListItem","position":1,"name":"In\u00edcio","item":"https:\/\/aconteceunovale.com.br\/portal\/"},{"@type":"ListItem","position":2,"name":"Vale abre processo seletivo com mais de 130 vagas para trainees"}]},{"@type":"WebSite","@id":"https:\/\/aconteceunovale.com.br\/portal\/#website","url":"https:\/\/aconteceunovale.com.br\/portal\/","name":"Aconteceu no Vale","description":"Portal de Not\u00edcias","potentialAction":[{"@type":"SearchAction","target":{"@type":"EntryPoint","urlTemplate":"https:\/\/aconteceunovale.com.br\/portal\/?s={search_term_string}"},"query-input":{"@type":"PropertyValueSpecification","valueRequired":true,"valueName":"search_term_string"}}],"inLanguage":"pt-BR"},{"@type":"Person","@id":"https:\/\/aconteceunovale.com.br\/portal\/#\/schema\/person\/7d2f26d1483f8a63de73da1ee0754d35","name":"Reda\u00e7\u00e3o Aconteceu no Vale","description":"Equipe de reportagem do Aconteceu no Vale, portal de not\u00edcias do Vale do Jequitinhonha, em Minas Gerais. Cobrimos as 51 cidades do Vale desde 2013. Sugest\u00f5es de pauta e pedidos de corre\u00e7\u00e3o: contato@aconteceunovale.com.br","url":"https:\/\/aconteceunovale.com.br\/portal\/?author=4"}]}},"_links":{"self":[{"href":"https:\/\/aconteceunovale.com.br\/portal\/index.php?rest_route=\/wp\/v2\/posts\/168148","targetHints":{"allow":["GET"]}}],"collection":[{"href":"https:\/\/aconteceunovale.com.br\/portal\/index.php?rest_route=\/wp\/v2\/posts"}],"about":[{"href":"https:\/\/aconteceunovale.com.br\/portal\/index.php?rest_route=\/wp\/v2\/types\/post"}],"author":[{"embeddable":true,"href":"https:\/\/aconteceunovale.com.br\/portal\/index.php?rest_route=\/wp\/v2\/users\/4"}],"replies":[{"embeddable":true,"href":"https:\/\/aconteceunovale.com.br\/portal\/index.php?rest_route=%2Fwp%2Fv2%2Fcomments&post=168148"}],"version-history":[{"count":1,"href":"https:\/\/aconteceunovale.com.br\/portal\/index.php?rest_route=\/wp\/v2\/posts\/168148\/revisions"}],"predecessor-version":[{"id":168150,"href":"https:\/\/aconteceunovale.com.br\/portal\/index.php?rest_route=\/wp\/v2\/posts\/168148\/revisions\/168150"}],"wp:featuredmedia":[{"embeddable":true,"href":"https:\/\/aconteceunovale.com.br\/portal\/index.php?rest_route=\/wp\/v2\/media\/168149"}],"wp:attachment":[{"href":"https:\/\/aconteceunovale.com.br\/portal\/index.php?rest_route=%2Fwp%2Fv2%2Fmedia&parent=168148"}],"wp:term":[{"taxonomy":"category","embeddable":true,"href":"https:\/\/aconteceunovale.com.br\/portal\/index.php?rest_route=%2Fwp%2Fv2%2Fcategories&post=168148"},{"taxonomy":"post_tag","embeddable":true,"href":"https:\/\/aconteceunovale.com.br\/portal\/index.php?rest_route=%2Fwp%2Fv2%2Ftags&post=168148"}],"curies":[{"name":"wp","href":"https:\/\/api.w.org\/{rel}","templated":true}]}}