{"id":168143,"date":"2020-09-01T17:06:13","date_gmt":"2020-09-01T20:06:13","guid":{"rendered":"https:\/\/aconteceunovale.com.br\/portal\/?p=168143"},"modified":"2020-09-01T17:06:50","modified_gmt":"2020-09-01T20:06:50","slug":"covid-19-apenas-quatro-estados-brasileiros-tem-nota-maxima-em-transparencia","status":"publish","type":"post","link":"https:\/\/aconteceunovale.com.br\/portal\/?p=168143","title":{"rendered":"Covid-19: apenas quatro estados brasileiros t\u00eam nota m\u00e1xima em transpar\u00eancia"},"content":{"rendered":"\n<p class=\"wp-block-paragraph\">Lan\u00e7ado em maio deste ano, o&nbsp;<em>Ranking de Transpar\u00eancia no Combate \u00e0 Covid-19<\/em>&nbsp;registrou 4 estados com nota m\u00e1xima em rela\u00e7\u00e3o \u00e0s informa\u00e7\u00f5es sobre os protocolos contra o novo coronav\u00edrus. A informa\u00e7\u00e3o foi divulgada hoje (1\u00ba) pela organiza\u00e7\u00e3o n\u00e3o governamental Transpar\u00eancia Internacional, e \u00e9 o quarto relat\u00f3rio sobre o assunto desde o in\u00edcio da pandemia.<img decoding=\"async\" src=\"https:\/\/agenciabrasil.ebc.com.br\/ebc.png?id=1386685&amp;o=node\"><img decoding=\"async\" src=\"https:\/\/agenciabrasil.ebc.com.br\/ebc.gif?id=1386685&amp;o=node\"><\/p>\n\n\n\n<p class=\"wp-block-paragraph\">Alagoas, Cear\u00e1, Esp\u00edrito Santo e Rond\u00f4nia conseguiram marcar a nota m\u00e1xima em transpar\u00eancia nacional &#8211; 100 pontos. Segundo o levantamento, programas de est\u00edmulo econ\u00f4mico, doa\u00e7\u00f5es recebidas e medidas de prote\u00e7\u00e3o social s\u00e3o crit\u00e9rios usados para elaborar a lista, al\u00e9m da facilidade em achar dados e informa\u00e7\u00f5es sobre as medidas tomadas por administradores p\u00fablicos.<\/p>\n\n\n\n<p class=\"wp-block-paragraph\">O levantamento mostra que a avalia\u00e7\u00e3o das administra\u00e7\u00f5es p\u00fablicas estaduais e municipais \u00e9, em m\u00e9dia, \u201cboa\u201d ou \u201c\u00f3tima\u201d.&nbsp;<\/p>\n\n\n\n<p class=\"wp-block-paragraph\"><strong>Veja o&nbsp;<em>ranking<\/em>&nbsp;dos estados:<\/strong><\/p>\n\n\n\n<figure class=\"wp-block-table\"><table><thead><tr><th scope=\"col\">Estado<\/th><th class=\"has-text-align-center\" data-align=\"center\" scope=\"col\">Pontua\u00e7\u00e3o<\/th><th class=\"has-text-align-center\" data-align=\"center\" scope=\"col\">Avalia\u00e7\u00e3o<\/th><\/tr><\/thead><tbody><tr><td>Alagoas<\/td><td class=\"has-text-align-center\" data-align=\"center\">100 pts<\/td><td class=\"has-text-align-center\" data-align=\"center\">\u00f3timo<\/td><\/tr><tr><td>Cear\u00e1<\/td><td class=\"has-text-align-center\" data-align=\"center\">100 pts<\/td><td class=\"has-text-align-center\" data-align=\"center\">\u00f3timo<\/td><\/tr><tr><td>Esp\u00edrito Santo<\/td><td class=\"has-text-align-center\" data-align=\"center\">100 pts<\/td><td class=\"has-text-align-center\" data-align=\"center\">\u00f3timo<\/td><\/tr><tr><td>Rond\u00f4nia<\/td><td class=\"has-text-align-center\" data-align=\"center\">100 pts<\/td><td class=\"has-text-align-center\" data-align=\"center\">\u00f3timo<\/td><\/tr><tr><td>Amap\u00e1<\/td><td class=\"has-text-align-center\" data-align=\"center\">99 pts<\/td><td class=\"has-text-align-center\" data-align=\"center\">\u00f3timo<\/td><\/tr><tr><td>Mato Grosso do Sul<\/td><td class=\"has-text-align-center\" data-align=\"center\">99 pts<\/td><td class=\"has-text-align-center\" data-align=\"center\">\u00f3timo<\/td><\/tr><tr><td>Tocantins<\/td><td class=\"has-text-align-center\" data-align=\"center\">98 pts<\/td><td class=\"has-text-align-center\" data-align=\"center\">\u00f3timo<\/td><\/tr><tr><td>Distrito Federal<\/td><td class=\"has-text-align-center\" data-align=\"center\">97 pts<\/td><td class=\"has-text-align-center\" data-align=\"center\">\u00f3timo<\/td><\/tr><tr><td>Minas Gerais<\/td><td class=\"has-text-align-center\" data-align=\"center\">96 pts<\/td><td class=\"has-text-align-center\" data-align=\"center\">\u00f3timo<\/td><\/tr><tr><td>Rio Grande do Sul<\/td><td class=\"has-text-align-center\" data-align=\"center\">96 pts<\/td><td class=\"has-text-align-center\" data-align=\"center\">\u00f3timo<\/td><\/tr><tr><td>Pernambuco<\/td><td class=\"has-text-align-center\" data-align=\"center\">95 pts<\/td><td class=\"has-text-align-center\" data-align=\"center\">\u00f3timo<\/td><\/tr><tr><td>Maranh\u00e3o<\/td><td class=\"has-text-align-center\" data-align=\"center\">91 pts<\/td><td class=\"has-text-align-center\" data-align=\"center\">\u00f3timo<\/td><\/tr><tr><td>Paran\u00e1<\/td><td class=\"has-text-align-center\" data-align=\"center\">89 pts<\/td><td class=\"has-text-align-center\" data-align=\"center\">\u00f3timo<\/td><\/tr><tr><td>Goi\u00e1s<\/td><td class=\"has-text-align-center\" data-align=\"center\">88 pts<\/td><td class=\"has-text-align-center\" data-align=\"center\">\u00f3timo<\/td><\/tr><tr><td>Amazonas<\/td><td class=\"has-text-align-center\" data-align=\"center\">87 pts<\/td><td class=\"has-text-align-center\" data-align=\"center\">\u00f3timo<\/td><\/tr><tr><td>Bahia<\/td><td class=\"has-text-align-center\" data-align=\"center\">87 pts<\/td><td class=\"has-text-align-center\" data-align=\"center\">\u00f3timo<\/td><\/tr><tr><td>Mato Grosso<\/td><td class=\"has-text-align-center\" data-align=\"center\">85 pts<\/td><td class=\"has-text-align-center\" data-align=\"center\">\u00f3timo<\/td><\/tr><tr><td>S\u00e3o Paulo<\/td><td class=\"has-text-align-center\" data-align=\"center\">82 pts<\/td><td class=\"has-text-align-center\" data-align=\"center\">\u00f3timo<\/td><\/tr><tr><td>Para\u00edba<\/td><td class=\"has-text-align-center\" data-align=\"center\">80 pts<\/td><td class=\"has-text-align-center\" data-align=\"center\">\u00f3timo<\/td><\/tr><tr><td>Rio Grande do Norte<\/td><td class=\"has-text-align-center\" data-align=\"center\">80 pts<\/td><td class=\"has-text-align-center\" data-align=\"center\">\u00f3timo<\/td><\/tr><tr><td>Par\u00e1<\/td><td class=\"has-text-align-center\" data-align=\"center\">72 pts<\/td><td class=\"has-text-align-center\" data-align=\"center\">bom<\/td><\/tr><tr><td>Roraima<\/td><td class=\"has-text-align-center\" data-align=\"center\">71 pts<\/td><td class=\"has-text-align-center\" data-align=\"center\">bom<\/td><\/tr><tr><td>Santa Catarina<\/td><td class=\"has-text-align-center\" data-align=\"center\">68 pts<\/td><td class=\"has-text-align-center\" data-align=\"center\">bom<\/td><\/tr><tr><td>Sergipe<\/td><td class=\"has-text-align-center\" data-align=\"center\">66 pts<\/td><td class=\"has-text-align-center\" data-align=\"center\">bom<\/td><\/tr><tr><td>Rio de Janeiro<\/td><td class=\"has-text-align-center\" data-align=\"center\">61 pts<\/td><td class=\"has-text-align-center\" data-align=\"center\">bom<\/td><\/tr><tr><td>Piau\u00ed<\/td><td class=\"has-text-align-center\" data-align=\"center\">49 pts<\/td><td class=\"has-text-align-center\" data-align=\"center\">regular<\/td><\/tr><tr><td>Acre<\/td><td class=\"has-text-align-center\" data-align=\"center\">38 pts<\/td><td class=\"has-text-align-center\" data-align=\"center\">ruim<\/td><\/tr><tr><\/tr><\/tbody><\/table><\/figure>\n\n\n\n<p class=\"wp-block-paragraph\">Dois estados &#8211; Piau\u00ed e Acre &#8211; n\u00e3o foram classificados como \u201cbons\u201d ou \u201c\u00f3timos\u201d. Piau\u00ed, com 49 pontos, foi classificado como \u201cregular\u201d. Acre, que est\u00e1 no final da lista, registrou 38 pontos, e tem o \u00edndice de transpar\u00eancia classificado como \u201cruim\u201d. A organiza\u00e7\u00e3o informa que, al\u00e9m das m\u00e9tricas e par\u00e2metros que normalmente s\u00e3o utilizados para o estudo, uma mudan\u00e7a metodol\u00f3gica foi implementada nesta edi\u00e7\u00e3o. A compara\u00e7\u00e3o com edi\u00e7\u00f5es anteriores \u00e9, portanto, inv\u00e1lida.<\/p>\n\n\n\n<p class=\"wp-block-paragraph\">Na classifica\u00e7\u00e3o das cidades, o&nbsp;<em>ranking<\/em>&nbsp;mostra que nenhuma capital alcan\u00e7ou nota m\u00e1xima. Goi\u00e2nia, Jo\u00e3o Pessoa, Macap\u00e1 e Vit\u00f3ria ficaram empatadas na primeira coloca\u00e7\u00e3o, todas com 99 pontos. Teresina (PI), com 56 pontos, S\u00e3o Lu\u00eds (MA), com 52 pontos, Aracaju (SE) com 51 pontos e Macei\u00f3, tamb\u00e9m com 51 pontos, est\u00e3o no final da lista. Todas constam como \u201cregulares\u201d. Nenhuma cidade foi classificada como \u201cruim\u201d.<\/p>\n\n\n\n<p class=\"wp-block-paragraph\"><strong>Veja o&nbsp;<em>ranking<\/em>&nbsp;das cidades:<\/strong><\/p>\n\n\n\n<figure class=\"wp-block-table\"><table><thead><tr><th scope=\"col\">Capital:<\/th><th class=\"has-text-align-center\" data-align=\"center\" scope=\"col\">Pontua\u00e7\u00e3o<\/th><th class=\"has-text-align-center\" data-align=\"center\" scope=\"col\">Avalia\u00e7\u00e3o<\/th><\/tr><\/thead><tbody><tr><td>Goi\u00e2nia<\/td><td class=\"has-text-align-center\" data-align=\"center\">99 pts<\/td><td class=\"has-text-align-center\" data-align=\"center\">\u00f3timo<\/td><\/tr><tr><td>Jo\u00e3o Pessoa<\/td><td class=\"has-text-align-center\" data-align=\"center\">99 pts<\/td><td class=\"has-text-align-center\" data-align=\"center\">\u00f3timo<\/td><\/tr><tr><td>Macap\u00e1<\/td><td class=\"has-text-align-center\" data-align=\"center\">99 pts<\/td><td class=\"has-text-align-center\" data-align=\"center\">\u00f3timo<\/td><\/tr><tr><td>Vit\u00f3ria<\/td><td class=\"has-text-align-center\" data-align=\"center\">99 pts<\/td><td class=\"has-text-align-center\" data-align=\"center\">\u00f3timo<\/td><\/tr><tr><td>Porto Velho<\/td><td class=\"has-text-align-center\" data-align=\"center\">98 pts<\/td><td class=\"has-text-align-center\" data-align=\"center\">\u00f3timo<\/td><\/tr><tr><td>Rio Branco<\/td><td class=\"has-text-align-center\" data-align=\"center\">98 pts<\/td><td class=\"has-text-align-center\" data-align=\"center\">\u00f3timo<\/td><\/tr><tr><td>Manaus<\/td><td class=\"has-text-align-center\" data-align=\"center\">97 pts<\/td><td class=\"has-text-align-center\" data-align=\"center\">\u00f3timo<\/td><\/tr><tr><td>Palmas<\/td><td class=\"has-text-align-center\" data-align=\"center\">97 pts<\/td><td class=\"has-text-align-center\" data-align=\"center\">\u00f3timo<\/td><\/tr><tr><td>Fortaleza<\/td><td class=\"has-text-align-center\" data-align=\"center\">96 pts<\/td><td class=\"has-text-align-center\" data-align=\"center\">\u00f3timo<\/td><\/tr><tr><td>Boa Vista<\/td><td class=\"has-text-align-center\" data-align=\"center\">95 pts<\/td><td class=\"has-text-align-center\" data-align=\"center\">\u00f3timo<\/td><\/tr><tr><td>Campo Grande<\/td><td class=\"has-text-align-center\" data-align=\"center\">94 pts<\/td><td class=\"has-text-align-center\" data-align=\"center\">\u00f3timo<\/td><\/tr><tr><td>Porto Alegre<\/td><td class=\"has-text-align-center\" data-align=\"center\">94 pts<\/td><td class=\"has-text-align-center\" data-align=\"center\">\u00f3timo<\/td><\/tr><tr><td>Belo Horizonte<\/td><td class=\"has-text-align-center\" data-align=\"center\">93 pts<\/td><td class=\"has-text-align-center\" data-align=\"center\">\u00f3timo<\/td><\/tr><tr><td>S\u00e3o Paulo<\/td><td class=\"has-text-align-center\" data-align=\"center\">92 pts<\/td><td class=\"has-text-align-center\" data-align=\"center\">\u00f3timo<\/td><\/tr><tr><td>Florian\u00f3polis<\/td><td class=\"has-text-align-center\" data-align=\"center\">89 pts<\/td><td class=\"has-text-align-center\" data-align=\"center\">\u00f3timo<\/td><\/tr><tr><td>Recife<\/td><td class=\"has-text-align-center\" data-align=\"center\">86 pts<\/td><td class=\"has-text-align-center\" data-align=\"center\">\u00f3timo<\/td><\/tr><tr><td>Natal<\/td><td class=\"has-text-align-center\" data-align=\"center\">85 pts<\/td><td class=\"has-text-align-center\" data-align=\"center\">\u00f3timo<\/td><\/tr><tr><td>Salvador<\/td><td class=\"has-text-align-center\" data-align=\"center\">84 pts<\/td><td class=\"has-text-align-center\" data-align=\"center\">\u00f3timo<\/td><\/tr><tr><td>Curitiba<\/td><td class=\"has-text-align-center\" data-align=\"center\">83 pts<\/td><td class=\"has-text-align-center\" data-align=\"center\">\u00f3timo<\/td><\/tr><tr><td>Bel\u00e9m<\/td><td class=\"has-text-align-center\" data-align=\"center\">78 pts<\/td><td class=\"has-text-align-center\" data-align=\"center\">bom<\/td><\/tr><tr><td>Cuiab\u00e1<\/td><td class=\"has-text-align-center\" data-align=\"center\">73 pts<\/td><td class=\"has-text-align-center\" data-align=\"center\">bom<\/td><\/tr><tr><td>Rio de Janeiro<\/td><td class=\"has-text-align-center\" data-align=\"center\">69 pts<\/td><td class=\"has-text-align-center\" data-align=\"center\">bom<\/td><\/tr><tr><td>Teresina<\/td><td class=\"has-text-align-center\" data-align=\"center\">56 pts<\/td><td class=\"has-text-align-center\" data-align=\"center\">regular<\/td><\/tr><tr><td>S\u00e3o Lu\u00eds<\/td><td class=\"has-text-align-center\" data-align=\"center\">52 pts<\/td><td class=\"has-text-align-center\" data-align=\"center\">regular<\/td><\/tr><tr><td>Aracaju<\/td><td class=\"has-text-align-center\" data-align=\"center\">51 pts<\/td><td class=\"has-text-align-center\" data-align=\"center\">regular<\/td><\/tr><tr><td>Macei\u00f3<\/td><td class=\"has-text-align-center\" data-align=\"center\">51 pts<\/td><td class=\"has-text-align-center\" data-align=\"center\">regular<\/td><\/tr><tr><\/tr><\/tbody><\/table><\/figure>\n\n\n\n<p class=\"wp-block-paragraph\">&#8220;As novas fases de enfrentamento \u00e0 pandemia exigir\u00e3o cont\u00ednua aten\u00e7\u00e3o do poder p\u00fablico para garantir a transpar\u00eancia de suas a\u00e7\u00f5es, agora em outras frentes. As cidades, em particular, devem redobrar seus esfor\u00e7os\u201d, afirma Guilherme France, coordenador do&nbsp;<em>ranking<\/em>, em nota.&nbsp;<\/p>\n\n\n\n<p class=\"wp-block-paragraph\">O&nbsp;<em>ranking<\/em>&nbsp;avaliou o desempenho geral do governo como \u201cbom\u201d, com 71 pontos. Segundo o boletim, ainda n\u00e3o h\u00e1 divulga\u00e7\u00e3o ampla e f\u00e1cil de dados de contratos, notas de empenho e documentos que permitam o monitoramento das a\u00e7\u00f5es.<\/p>\n\n\n\n<h2 class=\"wp-block-heading\">Metodologia e rob\u00f4s<\/h2>\n\n\n\n<p class=\"wp-block-paragraph\">O boletim informa que nesta 4\u00ba edi\u00e7\u00e3o, as metodologias utilizadas foram mais rigorosas e trouxeram mais pontos de avalia\u00e7\u00e3o. Entretanto, a m\u00e9dia geral permaneceu no mesmo patamar, tendo variado em apenas um ponto &#8211; 84 pontos nesta edi\u00e7\u00e3o contra 85 pontos na edi\u00e7\u00e3o passada.<\/p>\n\n\n\n<p class=\"wp-block-paragraph\">O estudo revela ainda que um dos crit\u00e9rios essenciais para formula\u00e7\u00e3o do\u00a0<em>ranking<\/em>\u00a0\u00e9 a possibilidade dos dados estarem dispon\u00edveis para a leitura por \u201crob\u00f4s\u201d &#8211; programas criados para extra\u00e7\u00e3o massiva de dados que ficam dispon\u00edveis abertamente em portais de informa\u00e7\u00e3o p\u00fablica. A avalia\u00e7\u00e3o tamb\u00e9m contabiliza o esfor\u00e7o do governo em criar canais para escutar a sociedade sobre as a\u00e7\u00f5es em rela\u00e7\u00e3o \u00e0 pandemia do novo coronav\u00edrus.<\/p>\n\n\n\n<p class=\"has-white-color has-black-background-color has-text-color has-background wp-block-paragraph\">Quer saber as not\u00edcias do <strong>Aconteceu no Vale<\/strong> em primeira m\u00e3o? Siga-nos no Facebook <a rel=\"noreferrer noopener\" href=\"http:\/\/facebook.com\/aconteceunovale\" target=\"_blank\">@aconteceunovale<\/a>, Twitter <a rel=\"noreferrer noopener\" href=\"https:\/\/twitter.com\/noticiadosvales\" target=\"_blank\">@noticiadosvales<\/a> e Instagram <a rel=\"noreferrer noopener\" href=\"https:\/\/www.instagram.com\/aconteceunovale\" target=\"_blank\">@aconteceunovale<\/a>.<\/p>\n","protected":false},"excerpt":{"rendered":"<p>Lan\u00e7ado em maio deste ano, o&nbsp;Ranking de Transpar\u00eancia no Combate \u00e0 Covid-19&nbsp;registrou 4 estados com nota m\u00e1xima em rela\u00e7\u00e3o \u00e0s informa\u00e7\u00f5es sobre os protocolos contra o novo coronav\u00edrus. A informa\u00e7\u00e3o foi divulgada hoje (1\u00ba) pela organiza\u00e7\u00e3o n\u00e3o governamental Transpar\u00eancia Internacional, e \u00e9 o quarto relat\u00f3rio sobre o assunto desde o in\u00edcio da pandemia. Alagoas, Cear\u00e1, [&hellip;]<\/p>\n","protected":false},"author":4,"featured_media":168144,"comment_status":"open","ping_status":"closed","sticky":false,"template":"","format":"standard","meta":{"amp_status":"","footnotes":""},"categories":[6,40242],"tags":[4785,220477,220660,219520,218049,218205,214884,215394,216498,218043,228723,19326,220349,218044,218045,215653,218206,219105,219104,218876,219519,140166,217692,220478,220479,228725,228724,228726,220944,220945],"class_list":["post-168143","post","type-post","status-publish","format-standard","has-post-thumbnail","hentry","category-br","category-saude-2","tag-brasil","tag-brasil-bate-recorde-de-obitos-e-casos-confirmados-em-um-dia","tag-brasil-ultrapassa-marca-de-4-mil-obitos-por-covid-19","tag-casos-confirmados-e-obitos-no-brasil","tag-casos-de-coronavirus-no-brasil","tag-casos-de-covid-19-no-brasil","tag-coronavirus","tag-coronavirus-no-brasil","tag-covid-19","tag-covid-19-no-brasil","tag-covid-19-apenas-quatro-estados-brasileiros-tem-nota-maxima-em-transparencia","tag-ministerio-da-saude","tag-ministerio-da-saude-atualiza-numeros-do-coronavirus-no-brasil","tag-mortes-por-coronavirus-no-brasil","tag-mortes-por-covid-19-no-brasil","tag-novo-coronavirus","tag-numero-de-casos-de-covid-19-confirmados-no-brasil","tag-numeros-da-covid-19-no-brasil","tag-numeros-do-coronavirus-no-brasil","tag-obitos-por-coronavirus-no-brasil","tag-obitos-por-covid-19-no-brasil","tag-pandemia","tag-pandemia-de-coronavirus","tag-recorde-de-obitos-por-coronavirus-no-brasil","tag-recorde-de-obitos-por-covid-19-no-brasil","tag-transparencia-coronavirus","tag-transparencia-covid","tag-transparencia-covid-19","tag-virus-vai-atingir-70-da-populacao","tag-virus-vai-atingir-70-da-populacao-diz-jair-bolsonaro"],"yoast_head":"<!-- This site is optimized with the Yoast SEO plugin v28.3 - https:\/\/yoast.com\/product\/yoast-seo-wordpress\/ -->\n<title>Covid-19: apenas quatro estados brasileiros t\u00eam nota m\u00e1xima em transpar\u00eancia - Aconteceu no Vale<\/title>\n<meta name=\"robots\" content=\"index, follow, max-snippet:-1, max-image-preview:large, max-video-preview:-1\" \/>\n<link rel=\"canonical\" href=\"https:\/\/aconteceunovale.com.br\/portal\/?p=168143\" \/>\n<meta property=\"og:locale\" content=\"pt_BR\" \/>\n<meta property=\"og:type\" content=\"article\" \/>\n<meta property=\"og:title\" content=\"Covid-19: apenas quatro estados brasileiros t\u00eam nota m\u00e1xima em transpar\u00eancia - Aconteceu no Vale\" \/>\n<meta property=\"og:description\" content=\"Lan\u00e7ado em maio deste ano, o&nbsp;Ranking de Transpar\u00eancia no Combate \u00e0 Covid-19&nbsp;registrou 4 estados com nota m\u00e1xima em rela\u00e7\u00e3o \u00e0s informa\u00e7\u00f5es sobre os protocolos contra o novo coronav\u00edrus. A informa\u00e7\u00e3o foi divulgada hoje (1\u00ba) pela organiza\u00e7\u00e3o n\u00e3o governamental Transpar\u00eancia Internacional, e \u00e9 o quarto relat\u00f3rio sobre o assunto desde o in\u00edcio da pandemia. Alagoas, Cear\u00e1, [&hellip;]\" \/>\n<meta property=\"og:url\" content=\"https:\/\/aconteceunovale.com.br\/portal\/?p=168143\" \/>\n<meta property=\"og:site_name\" content=\"Aconteceu no Vale\" \/>\n<meta property=\"article:publisher\" content=\"https:\/\/www.facebook.com\/aconteceunovale\/\" \/>\n<meta property=\"article:published_time\" content=\"2020-09-01T20:06:13+00:00\" \/>\n<meta property=\"article:modified_time\" content=\"2020-09-01T20:06:50+00:00\" \/>\n<meta property=\"og:image\" content=\"https:\/\/aconteceunovale.com.br\/portal\/wp-content\/uploads\/2020\/09\/hospital_campanha.jpg\" \/>\n\t<meta property=\"og:image:width\" content=\"678\" \/>\n\t<meta property=\"og:image:height\" content=\"406\" \/>\n\t<meta property=\"og:image:type\" content=\"image\/jpeg\" \/>\n<meta name=\"author\" content=\"Reda\u00e7\u00e3o Aconteceu no Vale\" \/>\n<meta name=\"twitter:card\" content=\"summary_large_image\" \/>\n<meta name=\"twitter:creator\" content=\"@noticiadosvales\" \/>\n<meta name=\"twitter:site\" content=\"@noticiadosvales\" \/>\n<meta name=\"twitter:label1\" content=\"Escrito por\" \/>\n\t<meta name=\"twitter:data1\" content=\"Reda\u00e7\u00e3o Aconteceu no Vale\" \/>\n\t<meta name=\"twitter:label2\" content=\"Est. tempo de leitura\" \/>\n\t<meta name=\"twitter:data2\" content=\"4 minutos\" \/>\n<script type=\"application\/ld+json\" class=\"yoast-schema-graph\">{\"@context\":\"https:\\\/\\\/schema.org\",\"@graph\":[{\"@type\":\"Article\",\"@id\":\"https:\\\/\\\/aconteceunovale.com.br\\\/portal\\\/?p=168143#article\",\"isPartOf\":{\"@id\":\"https:\\\/\\\/aconteceunovale.com.br\\\/portal\\\/?p=168143\"},\"author\":{\"name\":\"Reda\u00e7\u00e3o Aconteceu no Vale\",\"@id\":\"https:\\\/\\\/aconteceunovale.com.br\\\/portal\\\/#\\\/schema\\\/person\\\/7d2f26d1483f8a63de73da1ee0754d35\"},\"headline\":\"Covid-19: apenas quatro estados brasileiros t\u00eam nota m\u00e1xima em transpar\u00eancia\",\"datePublished\":\"2020-09-01T20:06:13+00:00\",\"dateModified\":\"2020-09-01T20:06:50+00:00\",\"mainEntityOfPage\":{\"@id\":\"https:\\\/\\\/aconteceunovale.com.br\\\/portal\\\/?p=168143\"},\"wordCount\":787,\"commentCount\":0,\"image\":{\"@id\":\"https:\\\/\\\/aconteceunovale.com.br\\\/portal\\\/?p=168143#primaryimage\"},\"thumbnailUrl\":\"https:\\\/\\\/aconteceunovale.com.br\\\/portal\\\/wp-content\\\/uploads\\\/2020\\\/09\\\/hospital_campanha.jpg\",\"keywords\":[\"brasil\",\"Brasil bate recorde de \u00f3bitos e casos confirmados em um dia\",\"Brasil ultrapassa marca de 4 mil \u00f3bitos por Covid-19\",\"Casos confirmados e \u00f3bitos no Brasil\",\"Casos de coronav\u00edrus no Brasil\",\"Casos de Covid-19 no Brasil\",\"Coronav\u00edrus\",\"Coronav\u00edrus no Brasil\",\"COVID-19\",\"Covid-19 no Brasil\",\"Covid-19: apenas quatro estados brasileiros t\u00eam nota m\u00e1xima em transpar\u00eancia\",\"Minist\u00e9rio da Sa\u00fade\",\"Minist\u00e9rio da Sa\u00fade atualiza n\u00fameros do coronav\u00edrus no Brasil\",\"Mortes por coronav\u00edrus no Brasil\",\"Mortes por Covid-19 no Brasil\",\"Novo coronav\u00edrus\",\"N\u00famero de casos de covid-19 confirmados no Brasil\",\"N\u00fameros da Covid-19 no Brasil\",\"N\u00fameros do coronav\u00edrus no Brasil\",\"\u00d3bitos por coronav\u00edrus no Brasil\",\"\u00d3bitos por Covid-19 no Brasil\",\"pandemia\",\"Pandemia de coronav\u00edrus\",\"Recorde de \u00f3bitos por coronav\u00edrus no Brasil\",\"Recorde de \u00f3bitos por Covid-19 no Brasil\",\"Transpar\u00eancia Coronav\u00edrus\",\"Transpar\u00eancia Covid\",\"Transpar\u00eancia Covid-19\",\"V\u00edrus vai atingir 70% da popula\u00e7\u00e3o\",\"V\u00edrus vai atingir 70% da popula\u00e7\u00e3o diz Jair Bolsonaro\"],\"articleSection\":[\"Brasil\",\"Sa\u00fade\"],\"inLanguage\":\"pt-BR\",\"potentialAction\":[{\"@type\":\"CommentAction\",\"name\":\"Comment\",\"target\":[\"https:\\\/\\\/aconteceunovale.com.br\\\/portal\\\/?p=168143#respond\"]}]},{\"@type\":\"WebPage\",\"@id\":\"https:\\\/\\\/aconteceunovale.com.br\\\/portal\\\/?p=168143\",\"url\":\"https:\\\/\\\/aconteceunovale.com.br\\\/portal\\\/?p=168143\",\"name\":\"Covid-19: apenas quatro estados brasileiros t\u00eam nota m\u00e1xima em transpar\u00eancia - Aconteceu no Vale\",\"isPartOf\":{\"@id\":\"https:\\\/\\\/aconteceunovale.com.br\\\/portal\\\/#website\"},\"primaryImageOfPage\":{\"@id\":\"https:\\\/\\\/aconteceunovale.com.br\\\/portal\\\/?p=168143#primaryimage\"},\"image\":{\"@id\":\"https:\\\/\\\/aconteceunovale.com.br\\\/portal\\\/?p=168143#primaryimage\"},\"thumbnailUrl\":\"https:\\\/\\\/aconteceunovale.com.br\\\/portal\\\/wp-content\\\/uploads\\\/2020\\\/09\\\/hospital_campanha.jpg\",\"datePublished\":\"2020-09-01T20:06:13+00:00\",\"dateModified\":\"2020-09-01T20:06:50+00:00\",\"author\":{\"@id\":\"https:\\\/\\\/aconteceunovale.com.br\\\/portal\\\/#\\\/schema\\\/person\\\/7d2f26d1483f8a63de73da1ee0754d35\"},\"breadcrumb\":{\"@id\":\"https:\\\/\\\/aconteceunovale.com.br\\\/portal\\\/?p=168143#breadcrumb\"},\"inLanguage\":\"pt-BR\",\"potentialAction\":[{\"@type\":\"ReadAction\",\"target\":[\"https:\\\/\\\/aconteceunovale.com.br\\\/portal\\\/?p=168143\"]}]},{\"@type\":\"ImageObject\",\"inLanguage\":\"pt-BR\",\"@id\":\"https:\\\/\\\/aconteceunovale.com.br\\\/portal\\\/?p=168143#primaryimage\",\"url\":\"https:\\\/\\\/aconteceunovale.com.br\\\/portal\\\/wp-content\\\/uploads\\\/2020\\\/09\\\/hospital_campanha.jpg\",\"contentUrl\":\"https:\\\/\\\/aconteceunovale.com.br\\\/portal\\\/wp-content\\\/uploads\\\/2020\\\/09\\\/hospital_campanha.jpg\",\"width\":678,\"height\":406,\"caption\":\"O Hospital de Cl\u00ednicas de Porto Alegre (HCPA) ampliou sua capacidade de atendimento para pacientes de coronav\u00edrus que precisam de terapia intensiva. A institui\u00e7\u00e3o passou a contar com 99 leitos em um novo Centro de Terapia Intensiva (CTI). At\u00e9 mar\u00e7o, a unidade contava com 53 leitos.\"},{\"@type\":\"BreadcrumbList\",\"@id\":\"https:\\\/\\\/aconteceunovale.com.br\\\/portal\\\/?p=168143#breadcrumb\",\"itemListElement\":[{\"@type\":\"ListItem\",\"position\":1,\"name\":\"In\u00edcio\",\"item\":\"https:\\\/\\\/aconteceunovale.com.br\\\/portal\\\/\"},{\"@type\":\"ListItem\",\"position\":2,\"name\":\"Covid-19: apenas quatro estados brasileiros t\u00eam nota m\u00e1xima em transpar\u00eancia\"}]},{\"@type\":\"WebSite\",\"@id\":\"https:\\\/\\\/aconteceunovale.com.br\\\/portal\\\/#website\",\"url\":\"https:\\\/\\\/aconteceunovale.com.br\\\/portal\\\/\",\"name\":\"Aconteceu no Vale\",\"description\":\"Portal de Not\u00edcias\",\"potentialAction\":[{\"@type\":\"SearchAction\",\"target\":{\"@type\":\"EntryPoint\",\"urlTemplate\":\"https:\\\/\\\/aconteceunovale.com.br\\\/portal\\\/?s={search_term_string}\"},\"query-input\":{\"@type\":\"PropertyValueSpecification\",\"valueRequired\":true,\"valueName\":\"search_term_string\"}}],\"inLanguage\":\"pt-BR\"},{\"@type\":\"Person\",\"@id\":\"https:\\\/\\\/aconteceunovale.com.br\\\/portal\\\/#\\\/schema\\\/person\\\/7d2f26d1483f8a63de73da1ee0754d35\",\"name\":\"Reda\u00e7\u00e3o Aconteceu no Vale\",\"description\":\"Equipe de reportagem do Aconteceu no Vale, portal de not\u00edcias do Vale do Jequitinhonha, em Minas Gerais. Cobrimos as 51 cidades do Vale desde 2013. Sugest\u00f5es de pauta e pedidos de corre\u00e7\u00e3o: contato@aconteceunovale.com.br\",\"url\":\"https:\\\/\\\/aconteceunovale.com.br\\\/portal\\\/?author=4\"}]}<\/script>\n<!-- \/ Yoast SEO plugin. -->","yoast_head_json":{"title":"Covid-19: apenas quatro estados brasileiros t\u00eam nota m\u00e1xima em transpar\u00eancia - Aconteceu no Vale","robots":{"index":"index","follow":"follow","max-snippet":"max-snippet:-1","max-image-preview":"max-image-preview:large","max-video-preview":"max-video-preview:-1"},"canonical":"https:\/\/aconteceunovale.com.br\/portal\/?p=168143","og_locale":"pt_BR","og_type":"article","og_title":"Covid-19: apenas quatro estados brasileiros t\u00eam nota m\u00e1xima em transpar\u00eancia - Aconteceu no Vale","og_description":"Lan\u00e7ado em maio deste ano, o&nbsp;Ranking de Transpar\u00eancia no Combate \u00e0 Covid-19&nbsp;registrou 4 estados com nota m\u00e1xima em rela\u00e7\u00e3o \u00e0s informa\u00e7\u00f5es sobre os protocolos contra o novo coronav\u00edrus. A informa\u00e7\u00e3o foi divulgada hoje (1\u00ba) pela organiza\u00e7\u00e3o n\u00e3o governamental Transpar\u00eancia Internacional, e \u00e9 o quarto relat\u00f3rio sobre o assunto desde o in\u00edcio da pandemia. Alagoas, Cear\u00e1, [&hellip;]","og_url":"https:\/\/aconteceunovale.com.br\/portal\/?p=168143","og_site_name":"Aconteceu no Vale","article_publisher":"https:\/\/www.facebook.com\/aconteceunovale\/","article_published_time":"2020-09-01T20:06:13+00:00","article_modified_time":"2020-09-01T20:06:50+00:00","og_image":[{"width":678,"height":406,"url":"https:\/\/aconteceunovale.com.br\/portal\/wp-content\/uploads\/2020\/09\/hospital_campanha.jpg","type":"image\/jpeg"}],"author":"Reda\u00e7\u00e3o Aconteceu no Vale","twitter_card":"summary_large_image","twitter_creator":"@noticiadosvales","twitter_site":"@noticiadosvales","twitter_misc":{"Escrito por":"Reda\u00e7\u00e3o Aconteceu no Vale","Est. tempo de leitura":"4 minutos"},"schema":{"@context":"https:\/\/schema.org","@graph":[{"@type":"Article","@id":"https:\/\/aconteceunovale.com.br\/portal\/?p=168143#article","isPartOf":{"@id":"https:\/\/aconteceunovale.com.br\/portal\/?p=168143"},"author":{"name":"Reda\u00e7\u00e3o Aconteceu no Vale","@id":"https:\/\/aconteceunovale.com.br\/portal\/#\/schema\/person\/7d2f26d1483f8a63de73da1ee0754d35"},"headline":"Covid-19: apenas quatro estados brasileiros t\u00eam nota m\u00e1xima em transpar\u00eancia","datePublished":"2020-09-01T20:06:13+00:00","dateModified":"2020-09-01T20:06:50+00:00","mainEntityOfPage":{"@id":"https:\/\/aconteceunovale.com.br\/portal\/?p=168143"},"wordCount":787,"commentCount":0,"image":{"@id":"https:\/\/aconteceunovale.com.br\/portal\/?p=168143#primaryimage"},"thumbnailUrl":"https:\/\/aconteceunovale.com.br\/portal\/wp-content\/uploads\/2020\/09\/hospital_campanha.jpg","keywords":["brasil","Brasil bate recorde de \u00f3bitos e casos confirmados em um dia","Brasil ultrapassa marca de 4 mil \u00f3bitos por Covid-19","Casos confirmados e \u00f3bitos no Brasil","Casos de coronav\u00edrus no Brasil","Casos de Covid-19 no Brasil","Coronav\u00edrus","Coronav\u00edrus no Brasil","COVID-19","Covid-19 no Brasil","Covid-19: apenas quatro estados brasileiros t\u00eam nota m\u00e1xima em transpar\u00eancia","Minist\u00e9rio da Sa\u00fade","Minist\u00e9rio da Sa\u00fade atualiza n\u00fameros do coronav\u00edrus no Brasil","Mortes por coronav\u00edrus no Brasil","Mortes por Covid-19 no Brasil","Novo coronav\u00edrus","N\u00famero de casos de covid-19 confirmados no Brasil","N\u00fameros da Covid-19 no Brasil","N\u00fameros do coronav\u00edrus no Brasil","\u00d3bitos por coronav\u00edrus no Brasil","\u00d3bitos por Covid-19 no Brasil","pandemia","Pandemia de coronav\u00edrus","Recorde de \u00f3bitos por coronav\u00edrus no Brasil","Recorde de \u00f3bitos por Covid-19 no Brasil","Transpar\u00eancia Coronav\u00edrus","Transpar\u00eancia Covid","Transpar\u00eancia Covid-19","V\u00edrus vai atingir 70% da popula\u00e7\u00e3o","V\u00edrus vai atingir 70% da popula\u00e7\u00e3o diz Jair Bolsonaro"],"articleSection":["Brasil","Sa\u00fade"],"inLanguage":"pt-BR","potentialAction":[{"@type":"CommentAction","name":"Comment","target":["https:\/\/aconteceunovale.com.br\/portal\/?p=168143#respond"]}]},{"@type":"WebPage","@id":"https:\/\/aconteceunovale.com.br\/portal\/?p=168143","url":"https:\/\/aconteceunovale.com.br\/portal\/?p=168143","name":"Covid-19: apenas quatro estados brasileiros t\u00eam nota m\u00e1xima em transpar\u00eancia - Aconteceu no Vale","isPartOf":{"@id":"https:\/\/aconteceunovale.com.br\/portal\/#website"},"primaryImageOfPage":{"@id":"https:\/\/aconteceunovale.com.br\/portal\/?p=168143#primaryimage"},"image":{"@id":"https:\/\/aconteceunovale.com.br\/portal\/?p=168143#primaryimage"},"thumbnailUrl":"https:\/\/aconteceunovale.com.br\/portal\/wp-content\/uploads\/2020\/09\/hospital_campanha.jpg","datePublished":"2020-09-01T20:06:13+00:00","dateModified":"2020-09-01T20:06:50+00:00","author":{"@id":"https:\/\/aconteceunovale.com.br\/portal\/#\/schema\/person\/7d2f26d1483f8a63de73da1ee0754d35"},"breadcrumb":{"@id":"https:\/\/aconteceunovale.com.br\/portal\/?p=168143#breadcrumb"},"inLanguage":"pt-BR","potentialAction":[{"@type":"ReadAction","target":["https:\/\/aconteceunovale.com.br\/portal\/?p=168143"]}]},{"@type":"ImageObject","inLanguage":"pt-BR","@id":"https:\/\/aconteceunovale.com.br\/portal\/?p=168143#primaryimage","url":"https:\/\/aconteceunovale.com.br\/portal\/wp-content\/uploads\/2020\/09\/hospital_campanha.jpg","contentUrl":"https:\/\/aconteceunovale.com.br\/portal\/wp-content\/uploads\/2020\/09\/hospital_campanha.jpg","width":678,"height":406,"caption":"O Hospital de Cl\u00ednicas de Porto Alegre (HCPA) ampliou sua capacidade de atendimento para pacientes de coronav\u00edrus que precisam de terapia intensiva. A institui\u00e7\u00e3o passou a contar com 99 leitos em um novo Centro de Terapia Intensiva (CTI). At\u00e9 mar\u00e7o, a unidade contava com 53 leitos."},{"@type":"BreadcrumbList","@id":"https:\/\/aconteceunovale.com.br\/portal\/?p=168143#breadcrumb","itemListElement":[{"@type":"ListItem","position":1,"name":"In\u00edcio","item":"https:\/\/aconteceunovale.com.br\/portal\/"},{"@type":"ListItem","position":2,"name":"Covid-19: apenas quatro estados brasileiros t\u00eam nota m\u00e1xima em transpar\u00eancia"}]},{"@type":"WebSite","@id":"https:\/\/aconteceunovale.com.br\/portal\/#website","url":"https:\/\/aconteceunovale.com.br\/portal\/","name":"Aconteceu no Vale","description":"Portal de Not\u00edcias","potentialAction":[{"@type":"SearchAction","target":{"@type":"EntryPoint","urlTemplate":"https:\/\/aconteceunovale.com.br\/portal\/?s={search_term_string}"},"query-input":{"@type":"PropertyValueSpecification","valueRequired":true,"valueName":"search_term_string"}}],"inLanguage":"pt-BR"},{"@type":"Person","@id":"https:\/\/aconteceunovale.com.br\/portal\/#\/schema\/person\/7d2f26d1483f8a63de73da1ee0754d35","name":"Reda\u00e7\u00e3o Aconteceu no Vale","description":"Equipe de reportagem do Aconteceu no Vale, portal de not\u00edcias do Vale do Jequitinhonha, em Minas Gerais. Cobrimos as 51 cidades do Vale desde 2013. Sugest\u00f5es de pauta e pedidos de corre\u00e7\u00e3o: contato@aconteceunovale.com.br","url":"https:\/\/aconteceunovale.com.br\/portal\/?author=4"}]}},"_links":{"self":[{"href":"https:\/\/aconteceunovale.com.br\/portal\/index.php?rest_route=\/wp\/v2\/posts\/168143","targetHints":{"allow":["GET"]}}],"collection":[{"href":"https:\/\/aconteceunovale.com.br\/portal\/index.php?rest_route=\/wp\/v2\/posts"}],"about":[{"href":"https:\/\/aconteceunovale.com.br\/portal\/index.php?rest_route=\/wp\/v2\/types\/post"}],"author":[{"embeddable":true,"href":"https:\/\/aconteceunovale.com.br\/portal\/index.php?rest_route=\/wp\/v2\/users\/4"}],"replies":[{"embeddable":true,"href":"https:\/\/aconteceunovale.com.br\/portal\/index.php?rest_route=%2Fwp%2Fv2%2Fcomments&post=168143"}],"version-history":[{"count":1,"href":"https:\/\/aconteceunovale.com.br\/portal\/index.php?rest_route=\/wp\/v2\/posts\/168143\/revisions"}],"predecessor-version":[{"id":168145,"href":"https:\/\/aconteceunovale.com.br\/portal\/index.php?rest_route=\/wp\/v2\/posts\/168143\/revisions\/168145"}],"wp:featuredmedia":[{"embeddable":true,"href":"https:\/\/aconteceunovale.com.br\/portal\/index.php?rest_route=\/wp\/v2\/media\/168144"}],"wp:attachment":[{"href":"https:\/\/aconteceunovale.com.br\/portal\/index.php?rest_route=%2Fwp%2Fv2%2Fmedia&parent=168143"}],"wp:term":[{"taxonomy":"category","embeddable":true,"href":"https:\/\/aconteceunovale.com.br\/portal\/index.php?rest_route=%2Fwp%2Fv2%2Fcategories&post=168143"},{"taxonomy":"post_tag","embeddable":true,"href":"https:\/\/aconteceunovale.com.br\/portal\/index.php?rest_route=%2Fwp%2Fv2%2Ftags&post=168143"}],"curies":[{"name":"wp","href":"https:\/\/api.w.org\/{rel}","templated":true}]}}