{"id":168139,"date":"2020-09-01T16:55:18","date_gmt":"2020-09-01T19:55:18","guid":{"rendered":"https:\/\/aconteceunovale.com.br\/portal\/?p=168139"},"modified":"2020-09-01T16:56:54","modified_gmt":"2020-09-01T19:56:54","slug":"mei-fica-dispensado-de-obter-alvara-de-funcionamento","status":"publish","type":"post","link":"https:\/\/aconteceunovale.com.br\/portal\/?p=168139","title":{"rendered":"MEI fica dispensado de obter alvar\u00e1 de funcionamento"},"content":{"rendered":"\n<p class=\"wp-block-paragraph\">A partir desta ter\u00e7a-feira (1\/9\/2020), come\u00e7a a valer a resolu\u00e7\u00e3o que permite que microempreendedores individuais (MEI) sejam dispensados de alvar\u00e1, ato\u00a0p\u00fablico\u00a0de libera\u00e7\u00e3o de atividades econ\u00f4micas relativas \u00e0 categoria. A regra foi aprovada em agosto pelo Comit\u00ea para Gest\u00e3o da Rede Nacional para Simplifica\u00e7\u00e3o do Registro e da Legaliza\u00e7\u00e3o de Empresas e Neg\u00f3cios (CGSIM).<img decoding=\"async\" src=\"https:\/\/agenciabrasil.ebc.com.br\/ebc.png?id=1386687&amp;o=node\"><img decoding=\"async\" src=\"https:\/\/agenciabrasil.ebc.com.br\/ebc.gif?id=1386687&amp;o=node\"><\/p>\n\n\n\n<p class=\"wp-block-paragraph\">Segundo o Minist\u00e9rio da Economia, a norma \u00e9 reflexo da Lei de Liberdade Econ\u00f4mica, em vigor desde setembro do ano passado, que visa tornar o ambiente de neg\u00f3cios no pa\u00eds mais simples e menos burocr\u00e1tico.<\/p>\n\n\n\n<p class=\"wp-block-paragraph\">Ap\u00f3s inscri\u00e7\u00e3o no <a href=\"http:\/\/www.portaldoempreendedor.gov.br\/\" target=\"_blank\" rel=\"noreferrer noopener\">Portal do Empreendedor<\/a>, o candidato a MEI manifestar\u00e1 sua concord\u00e2ncia com o conte\u00fado do Termo de Ci\u00eancia e Responsabilidade com Efeito de Dispensa de Alvar\u00e1 de Licen\u00e7a de Funcionamento. O documento ser\u00e1 emitido eletronicamente e permite o exerc\u00edcio imediato de suas atividades.<\/p>\n\n\n\n<p class=\"wp-block-paragraph\">As fiscaliza\u00e7\u00f5es para verifica\u00e7\u00e3o dos requisitos de dispensa continuar\u00e3o a ser realizadas, mas o empreendedor n\u00e3o necessitar\u00e1 aguardar a visita dos agentes p\u00fablicos para abrir a empresa.<\/p>\n\n\n\n<h2 class=\"wp-block-heading\">Registro e Legaliza\u00e7\u00e3o de PJ<\/h2>\n\n\n\n<p class=\"wp-block-paragraph\">Tamb\u00e9m entrou em vigor a medida relativa \u00e0 dispensa de pesquisa pr\u00e9via de viabilidade locacional, quando a atividade realizada pelo empreendedor for exclusivamente digital. Al\u00e9m disso, a dispensa tamb\u00e9m valer\u00e1 para os casos em que o munic\u00edpio n\u00e3o responder \u00e0 consulta de viabilidade de forma autom\u00e1tica e quando n\u00e3o for realizada no sistema das Juntas Comerciais.<\/p>\n\n\n\n<p class=\"wp-block-paragraph\">O colegiado decidiu tamb\u00e9m pela dispensa da pesquisa pr\u00e9via de nome para os empres\u00e1rios que optem pela utiliza\u00e7\u00e3o apenas do n\u00famero do Cadastro Nacional de Pessoa Jur\u00eddica (CNPJ) como nome empresarial. A norma pretende eliminar a possibilidade de coincid\u00eancia de nome no registro empresarial.<\/p>\n\n\n\n<p class=\"wp-block-paragraph\">A nova norma possibilita ainda uma coleta \u00fanica de dados nas Juntas Comerciais, propiciando ao empreendedor agilidade e simplicidade para abertura de empresas em um \u00fanico portal e de forma totalmente digital.<\/p>\n\n\n\n<p class=\"has-white-color has-black-background-color has-text-color has-background wp-block-paragraph\">Quer saber as not\u00edcias do <strong>Aconteceu no Vale<\/strong> em primeira m\u00e3o? Siga-nos no Facebook <a rel=\"noreferrer noopener\" href=\"http:\/\/facebook.com\/aconteceunovale\" target=\"_blank\">@aconteceunovale<\/a>, Twitter <a rel=\"noreferrer noopener\" href=\"https:\/\/twitter.com\/noticiadosvales\" target=\"_blank\">@noticiadosvales<\/a> e Instagram <a rel=\"noreferrer noopener\" href=\"https:\/\/www.instagram.com\/aconteceunovale\" target=\"_blank\">@aconteceunovale<\/a>.<\/p>\n","protected":false},"excerpt":{"rendered":"<p>A partir desta ter\u00e7a-feira (1\/9\/2020), come\u00e7a a valer a resolu\u00e7\u00e3o que permite que microempreendedores individuais (MEI) sejam dispensados de alvar\u00e1, ato\u00a0p\u00fablico\u00a0de libera\u00e7\u00e3o de atividades econ\u00f4micas relativas \u00e0 categoria. A regra foi aprovada em agosto pelo Comit\u00ea para Gest\u00e3o da Rede Nacional para Simplifica\u00e7\u00e3o do Registro e da Legaliza\u00e7\u00e3o de Empresas e Neg\u00f3cios (CGSIM). Segundo o [&hellip;]<\/p>\n","protected":false},"author":4,"featured_media":149232,"comment_status":"open","ping_status":"closed","sticky":false,"template":"","format":"standard","meta":{"amp_status":"","footnotes":""},"categories":[6,40236],"tags":[194547,228720,228719,228721,227438,126999,1018,227436,227435,227437,227433,142802,228718,142801,184661,159923,227434],"class_list":["post-168139","post","type-post","status-publish","format-standard","has-post-thumbnail","hentry","category-br","category-empregos-2","tag-alvara","tag-alvara-de-funcionamento-para-mei","tag-alvara-para-mei","tag-alvara-para-microempreendedor-indiviadual","tag-alvara-para-pequenos-negocios-no-brasil","tag-comercio","tag-destaque","tag-dispensa-de-alvara-para-microempreendedor","tag-dispensa-de-alvara-para-microempreendedor-entra-em-vigor-em-setembro","tag-dispensa-de-alvara-para-pequenos-negocios-no-brasil","tag-lei-de-liberdade-economica","tag-mei","tag-microempreendedor-indiviadual","tag-microempreendedor-individual","tag-ministerio-da-economia","tag-portal-do-empreendedor","tag-registro-de-empresas"],"yoast_head":"<!-- This site is optimized with the Yoast SEO plugin v28.3 - https:\/\/yoast.com\/product\/yoast-seo-wordpress\/ -->\n<title>MEI fica dispensado de obter alvar\u00e1 de funcionamento - Aconteceu no Vale<\/title>\n<meta name=\"robots\" content=\"index, follow, max-snippet:-1, max-image-preview:large, max-video-preview:-1\" \/>\n<link rel=\"canonical\" href=\"https:\/\/aconteceunovale.com.br\/portal\/?p=168139\" \/>\n<meta property=\"og:locale\" content=\"pt_BR\" \/>\n<meta property=\"og:type\" content=\"article\" \/>\n<meta property=\"og:title\" content=\"MEI fica dispensado de obter alvar\u00e1 de funcionamento - Aconteceu no Vale\" \/>\n<meta property=\"og:description\" content=\"A partir desta ter\u00e7a-feira (1\/9\/2020), come\u00e7a a valer a resolu\u00e7\u00e3o que permite que microempreendedores individuais (MEI) sejam dispensados de alvar\u00e1, ato\u00a0p\u00fablico\u00a0de libera\u00e7\u00e3o de atividades econ\u00f4micas relativas \u00e0 categoria. A regra foi aprovada em agosto pelo Comit\u00ea para Gest\u00e3o da Rede Nacional para Simplifica\u00e7\u00e3o do Registro e da Legaliza\u00e7\u00e3o de Empresas e Neg\u00f3cios (CGSIM). Segundo o [&hellip;]\" \/>\n<meta property=\"og:url\" content=\"https:\/\/aconteceunovale.com.br\/portal\/?p=168139\" \/>\n<meta property=\"og:site_name\" content=\"Aconteceu no Vale\" \/>\n<meta property=\"article:publisher\" content=\"https:\/\/www.facebook.com\/aconteceunovale\/\" \/>\n<meta property=\"article:published_time\" content=\"2020-09-01T19:55:18+00:00\" \/>\n<meta property=\"article:modified_time\" content=\"2020-09-01T19:56:54+00:00\" \/>\n<meta property=\"og:image\" content=\"https:\/\/aconteceunovale.com.br\/portal\/wp-content\/uploads\/2019\/06\/alvara.png\" \/>\n\t<meta property=\"og:image:width\" content=\"678\" \/>\n\t<meta property=\"og:image:height\" content=\"353\" \/>\n\t<meta property=\"og:image:type\" content=\"image\/png\" \/>\n<meta name=\"author\" content=\"Reda\u00e7\u00e3o Aconteceu no Vale\" \/>\n<meta name=\"twitter:card\" content=\"summary_large_image\" \/>\n<meta name=\"twitter:creator\" content=\"@noticiadosvales\" \/>\n<meta name=\"twitter:site\" content=\"@noticiadosvales\" \/>\n<meta name=\"twitter:label1\" content=\"Escrito por\" \/>\n\t<meta name=\"twitter:data1\" content=\"Reda\u00e7\u00e3o Aconteceu no Vale\" \/>\n\t<meta name=\"twitter:label2\" content=\"Est. tempo de leitura\" \/>\n\t<meta name=\"twitter:data2\" content=\"2 minutos\" \/>\n<script type=\"application\/ld+json\" class=\"yoast-schema-graph\">{\"@context\":\"https:\\\/\\\/schema.org\",\"@graph\":[{\"@type\":\"Article\",\"@id\":\"https:\\\/\\\/aconteceunovale.com.br\\\/portal\\\/?p=168139#article\",\"isPartOf\":{\"@id\":\"https:\\\/\\\/aconteceunovale.com.br\\\/portal\\\/?p=168139\"},\"author\":{\"name\":\"Reda\u00e7\u00e3o Aconteceu no Vale\",\"@id\":\"https:\\\/\\\/aconteceunovale.com.br\\\/portal\\\/#\\\/schema\\\/person\\\/7d2f26d1483f8a63de73da1ee0754d35\"},\"headline\":\"MEI fica dispensado de obter alvar\u00e1 de funcionamento\",\"datePublished\":\"2020-09-01T19:55:18+00:00\",\"dateModified\":\"2020-09-01T19:56:54+00:00\",\"mainEntityOfPage\":{\"@id\":\"https:\\\/\\\/aconteceunovale.com.br\\\/portal\\\/?p=168139\"},\"wordCount\":367,\"commentCount\":0,\"image\":{\"@id\":\"https:\\\/\\\/aconteceunovale.com.br\\\/portal\\\/?p=168139#primaryimage\"},\"thumbnailUrl\":\"https:\\\/\\\/aconteceunovale.com.br\\\/portal\\\/wp-content\\\/uploads\\\/2019\\\/06\\\/alvara.png\",\"keywords\":[\"alvar\u00e1\",\"Alvar\u00e1 de funcionamento para MEI\",\"Alvar\u00e1 para MEI\",\"Alvar\u00e1 para Microempreendedor indiviadual\",\"Alvar\u00e1 para pequenos neg\u00f3cios no Brasil\",\"com\u00e9rcio\",\"destaque\",\"Dispensa de alvar\u00e1 para microempreendedor\",\"Dispensa de alvar\u00e1 para microempreendedor entra em vigor em setembro\",\"Dispensa de alvar\u00e1 para pequenos neg\u00f3cios no Brasil\",\"Lei de Liberdade Econ\u00f4mica\",\"MEI\",\"Microempreendedor indiviadual\",\"Microempreendedor Individual\",\"Minist\u00e9rio da Economia\",\"Portal do Empreendedor\",\"Registro de empresas\"],\"articleSection\":[\"Brasil\",\"Empregos\"],\"inLanguage\":\"pt-BR\",\"potentialAction\":[{\"@type\":\"CommentAction\",\"name\":\"Comment\",\"target\":[\"https:\\\/\\\/aconteceunovale.com.br\\\/portal\\\/?p=168139#respond\"]}]},{\"@type\":\"WebPage\",\"@id\":\"https:\\\/\\\/aconteceunovale.com.br\\\/portal\\\/?p=168139\",\"url\":\"https:\\\/\\\/aconteceunovale.com.br\\\/portal\\\/?p=168139\",\"name\":\"MEI fica dispensado de obter alvar\u00e1 de funcionamento - Aconteceu no Vale\",\"isPartOf\":{\"@id\":\"https:\\\/\\\/aconteceunovale.com.br\\\/portal\\\/#website\"},\"primaryImageOfPage\":{\"@id\":\"https:\\\/\\\/aconteceunovale.com.br\\\/portal\\\/?p=168139#primaryimage\"},\"image\":{\"@id\":\"https:\\\/\\\/aconteceunovale.com.br\\\/portal\\\/?p=168139#primaryimage\"},\"thumbnailUrl\":\"https:\\\/\\\/aconteceunovale.com.br\\\/portal\\\/wp-content\\\/uploads\\\/2019\\\/06\\\/alvara.png\",\"datePublished\":\"2020-09-01T19:55:18+00:00\",\"dateModified\":\"2020-09-01T19:56:54+00:00\",\"author\":{\"@id\":\"https:\\\/\\\/aconteceunovale.com.br\\\/portal\\\/#\\\/schema\\\/person\\\/7d2f26d1483f8a63de73da1ee0754d35\"},\"breadcrumb\":{\"@id\":\"https:\\\/\\\/aconteceunovale.com.br\\\/portal\\\/?p=168139#breadcrumb\"},\"inLanguage\":\"pt-BR\",\"potentialAction\":[{\"@type\":\"ReadAction\",\"target\":[\"https:\\\/\\\/aconteceunovale.com.br\\\/portal\\\/?p=168139\"]}]},{\"@type\":\"ImageObject\",\"inLanguage\":\"pt-BR\",\"@id\":\"https:\\\/\\\/aconteceunovale.com.br\\\/portal\\\/?p=168139#primaryimage\",\"url\":\"https:\\\/\\\/aconteceunovale.com.br\\\/portal\\\/wp-content\\\/uploads\\\/2019\\\/06\\\/alvara.png\",\"contentUrl\":\"https:\\\/\\\/aconteceunovale.com.br\\\/portal\\\/wp-content\\\/uploads\\\/2019\\\/06\\\/alvara.png\",\"width\":678,\"height\":353},{\"@type\":\"BreadcrumbList\",\"@id\":\"https:\\\/\\\/aconteceunovale.com.br\\\/portal\\\/?p=168139#breadcrumb\",\"itemListElement\":[{\"@type\":\"ListItem\",\"position\":1,\"name\":\"In\u00edcio\",\"item\":\"https:\\\/\\\/aconteceunovale.com.br\\\/portal\\\/\"},{\"@type\":\"ListItem\",\"position\":2,\"name\":\"MEI fica dispensado de obter alvar\u00e1 de funcionamento\"}]},{\"@type\":\"WebSite\",\"@id\":\"https:\\\/\\\/aconteceunovale.com.br\\\/portal\\\/#website\",\"url\":\"https:\\\/\\\/aconteceunovale.com.br\\\/portal\\\/\",\"name\":\"Aconteceu no Vale\",\"description\":\"Portal de Not\u00edcias\",\"potentialAction\":[{\"@type\":\"SearchAction\",\"target\":{\"@type\":\"EntryPoint\",\"urlTemplate\":\"https:\\\/\\\/aconteceunovale.com.br\\\/portal\\\/?s={search_term_string}\"},\"query-input\":{\"@type\":\"PropertyValueSpecification\",\"valueRequired\":true,\"valueName\":\"search_term_string\"}}],\"inLanguage\":\"pt-BR\"},{\"@type\":\"Person\",\"@id\":\"https:\\\/\\\/aconteceunovale.com.br\\\/portal\\\/#\\\/schema\\\/person\\\/7d2f26d1483f8a63de73da1ee0754d35\",\"name\":\"Reda\u00e7\u00e3o Aconteceu no Vale\",\"description\":\"Equipe de reportagem do Aconteceu no Vale, portal de not\u00edcias do Vale do Jequitinhonha, em Minas Gerais. Cobrimos as 51 cidades do Vale desde 2013. Sugest\u00f5es de pauta e pedidos de corre\u00e7\u00e3o: contato@aconteceunovale.com.br\",\"url\":\"https:\\\/\\\/aconteceunovale.com.br\\\/portal\\\/?author=4\"}]}<\/script>\n<!-- \/ Yoast SEO plugin. -->","yoast_head_json":{"title":"MEI fica dispensado de obter alvar\u00e1 de funcionamento - Aconteceu no Vale","robots":{"index":"index","follow":"follow","max-snippet":"max-snippet:-1","max-image-preview":"max-image-preview:large","max-video-preview":"max-video-preview:-1"},"canonical":"https:\/\/aconteceunovale.com.br\/portal\/?p=168139","og_locale":"pt_BR","og_type":"article","og_title":"MEI fica dispensado de obter alvar\u00e1 de funcionamento - Aconteceu no Vale","og_description":"A partir desta ter\u00e7a-feira (1\/9\/2020), come\u00e7a a valer a resolu\u00e7\u00e3o que permite que microempreendedores individuais (MEI) sejam dispensados de alvar\u00e1, ato\u00a0p\u00fablico\u00a0de libera\u00e7\u00e3o de atividades econ\u00f4micas relativas \u00e0 categoria. A regra foi aprovada em agosto pelo Comit\u00ea para Gest\u00e3o da Rede Nacional para Simplifica\u00e7\u00e3o do Registro e da Legaliza\u00e7\u00e3o de Empresas e Neg\u00f3cios (CGSIM). Segundo o [&hellip;]","og_url":"https:\/\/aconteceunovale.com.br\/portal\/?p=168139","og_site_name":"Aconteceu no Vale","article_publisher":"https:\/\/www.facebook.com\/aconteceunovale\/","article_published_time":"2020-09-01T19:55:18+00:00","article_modified_time":"2020-09-01T19:56:54+00:00","og_image":[{"width":678,"height":353,"url":"https:\/\/aconteceunovale.com.br\/portal\/wp-content\/uploads\/2019\/06\/alvara.png","type":"image\/png"}],"author":"Reda\u00e7\u00e3o Aconteceu no Vale","twitter_card":"summary_large_image","twitter_creator":"@noticiadosvales","twitter_site":"@noticiadosvales","twitter_misc":{"Escrito por":"Reda\u00e7\u00e3o Aconteceu no Vale","Est. tempo de leitura":"2 minutos"},"schema":{"@context":"https:\/\/schema.org","@graph":[{"@type":"Article","@id":"https:\/\/aconteceunovale.com.br\/portal\/?p=168139#article","isPartOf":{"@id":"https:\/\/aconteceunovale.com.br\/portal\/?p=168139"},"author":{"name":"Reda\u00e7\u00e3o Aconteceu no Vale","@id":"https:\/\/aconteceunovale.com.br\/portal\/#\/schema\/person\/7d2f26d1483f8a63de73da1ee0754d35"},"headline":"MEI fica dispensado de obter alvar\u00e1 de funcionamento","datePublished":"2020-09-01T19:55:18+00:00","dateModified":"2020-09-01T19:56:54+00:00","mainEntityOfPage":{"@id":"https:\/\/aconteceunovale.com.br\/portal\/?p=168139"},"wordCount":367,"commentCount":0,"image":{"@id":"https:\/\/aconteceunovale.com.br\/portal\/?p=168139#primaryimage"},"thumbnailUrl":"https:\/\/aconteceunovale.com.br\/portal\/wp-content\/uploads\/2019\/06\/alvara.png","keywords":["alvar\u00e1","Alvar\u00e1 de funcionamento para MEI","Alvar\u00e1 para MEI","Alvar\u00e1 para Microempreendedor indiviadual","Alvar\u00e1 para pequenos neg\u00f3cios no Brasil","com\u00e9rcio","destaque","Dispensa de alvar\u00e1 para microempreendedor","Dispensa de alvar\u00e1 para microempreendedor entra em vigor em setembro","Dispensa de alvar\u00e1 para pequenos neg\u00f3cios no Brasil","Lei de Liberdade Econ\u00f4mica","MEI","Microempreendedor indiviadual","Microempreendedor Individual","Minist\u00e9rio da Economia","Portal do Empreendedor","Registro de empresas"],"articleSection":["Brasil","Empregos"],"inLanguage":"pt-BR","potentialAction":[{"@type":"CommentAction","name":"Comment","target":["https:\/\/aconteceunovale.com.br\/portal\/?p=168139#respond"]}]},{"@type":"WebPage","@id":"https:\/\/aconteceunovale.com.br\/portal\/?p=168139","url":"https:\/\/aconteceunovale.com.br\/portal\/?p=168139","name":"MEI fica dispensado de obter alvar\u00e1 de funcionamento - Aconteceu no Vale","isPartOf":{"@id":"https:\/\/aconteceunovale.com.br\/portal\/#website"},"primaryImageOfPage":{"@id":"https:\/\/aconteceunovale.com.br\/portal\/?p=168139#primaryimage"},"image":{"@id":"https:\/\/aconteceunovale.com.br\/portal\/?p=168139#primaryimage"},"thumbnailUrl":"https:\/\/aconteceunovale.com.br\/portal\/wp-content\/uploads\/2019\/06\/alvara.png","datePublished":"2020-09-01T19:55:18+00:00","dateModified":"2020-09-01T19:56:54+00:00","author":{"@id":"https:\/\/aconteceunovale.com.br\/portal\/#\/schema\/person\/7d2f26d1483f8a63de73da1ee0754d35"},"breadcrumb":{"@id":"https:\/\/aconteceunovale.com.br\/portal\/?p=168139#breadcrumb"},"inLanguage":"pt-BR","potentialAction":[{"@type":"ReadAction","target":["https:\/\/aconteceunovale.com.br\/portal\/?p=168139"]}]},{"@type":"ImageObject","inLanguage":"pt-BR","@id":"https:\/\/aconteceunovale.com.br\/portal\/?p=168139#primaryimage","url":"https:\/\/aconteceunovale.com.br\/portal\/wp-content\/uploads\/2019\/06\/alvara.png","contentUrl":"https:\/\/aconteceunovale.com.br\/portal\/wp-content\/uploads\/2019\/06\/alvara.png","width":678,"height":353},{"@type":"BreadcrumbList","@id":"https:\/\/aconteceunovale.com.br\/portal\/?p=168139#breadcrumb","itemListElement":[{"@type":"ListItem","position":1,"name":"In\u00edcio","item":"https:\/\/aconteceunovale.com.br\/portal\/"},{"@type":"ListItem","position":2,"name":"MEI fica dispensado de obter alvar\u00e1 de funcionamento"}]},{"@type":"WebSite","@id":"https:\/\/aconteceunovale.com.br\/portal\/#website","url":"https:\/\/aconteceunovale.com.br\/portal\/","name":"Aconteceu no Vale","description":"Portal de Not\u00edcias","potentialAction":[{"@type":"SearchAction","target":{"@type":"EntryPoint","urlTemplate":"https:\/\/aconteceunovale.com.br\/portal\/?s={search_term_string}"},"query-input":{"@type":"PropertyValueSpecification","valueRequired":true,"valueName":"search_term_string"}}],"inLanguage":"pt-BR"},{"@type":"Person","@id":"https:\/\/aconteceunovale.com.br\/portal\/#\/schema\/person\/7d2f26d1483f8a63de73da1ee0754d35","name":"Reda\u00e7\u00e3o Aconteceu no Vale","description":"Equipe de reportagem do Aconteceu no Vale, portal de not\u00edcias do Vale do Jequitinhonha, em Minas Gerais. Cobrimos as 51 cidades do Vale desde 2013. Sugest\u00f5es de pauta e pedidos de corre\u00e7\u00e3o: contato@aconteceunovale.com.br","url":"https:\/\/aconteceunovale.com.br\/portal\/?author=4"}]}},"_links":{"self":[{"href":"https:\/\/aconteceunovale.com.br\/portal\/index.php?rest_route=\/wp\/v2\/posts\/168139","targetHints":{"allow":["GET"]}}],"collection":[{"href":"https:\/\/aconteceunovale.com.br\/portal\/index.php?rest_route=\/wp\/v2\/posts"}],"about":[{"href":"https:\/\/aconteceunovale.com.br\/portal\/index.php?rest_route=\/wp\/v2\/types\/post"}],"author":[{"embeddable":true,"href":"https:\/\/aconteceunovale.com.br\/portal\/index.php?rest_route=\/wp\/v2\/users\/4"}],"replies":[{"embeddable":true,"href":"https:\/\/aconteceunovale.com.br\/portal\/index.php?rest_route=%2Fwp%2Fv2%2Fcomments&post=168139"}],"version-history":[{"count":1,"href":"https:\/\/aconteceunovale.com.br\/portal\/index.php?rest_route=\/wp\/v2\/posts\/168139\/revisions"}],"predecessor-version":[{"id":168140,"href":"https:\/\/aconteceunovale.com.br\/portal\/index.php?rest_route=\/wp\/v2\/posts\/168139\/revisions\/168140"}],"wp:featuredmedia":[{"embeddable":true,"href":"https:\/\/aconteceunovale.com.br\/portal\/index.php?rest_route=\/wp\/v2\/media\/149232"}],"wp:attachment":[{"href":"https:\/\/aconteceunovale.com.br\/portal\/index.php?rest_route=%2Fwp%2Fv2%2Fmedia&parent=168139"}],"wp:term":[{"taxonomy":"category","embeddable":true,"href":"https:\/\/aconteceunovale.com.br\/portal\/index.php?rest_route=%2Fwp%2Fv2%2Fcategories&post=168139"},{"taxonomy":"post_tag","embeddable":true,"href":"https:\/\/aconteceunovale.com.br\/portal\/index.php?rest_route=%2Fwp%2Fv2%2Ftags&post=168139"}],"curies":[{"name":"wp","href":"https:\/\/api.w.org\/{rel}","templated":true}]}}