{"id":168136,"date":"2020-09-01T16:10:56","date_gmt":"2020-09-01T19:10:56","guid":{"rendered":"https:\/\/aconteceunovale.com.br\/portal\/?p=168136"},"modified":"2020-09-01T16:11:59","modified_gmt":"2020-09-01T19:11:59","slug":"policias-civil-e-militar-realizam-buscas-em-acao-contra-o-trafico-em-governador-valadares","status":"publish","type":"post","link":"https:\/\/aconteceunovale.com.br\/portal\/?p=168136","title":{"rendered":"Pol\u00edcias Civil e Militar realizam buscas em a\u00e7\u00e3o contra o tr\u00e1fico em Governador Valadares"},"content":{"rendered":"\n<p class=\"wp-block-paragraph\">Na manh\u00e3 desta ter\u00e7a-feira (1\/9\/2020), as Pol\u00edcias Civil e Militar deflagraram opera\u00e7\u00e3o conjunta em Governador Valadares, no Vale do Rio Doce, para cumprimento de dez mandados de busca e apreens\u00e3o. A a\u00e7\u00e3o, desencadeada nos bairros Carapina, Nossa Senhora das Gra\u00e7as e Gr\u00e3 Duquesa, teve car\u00e1ter preventivo, com objetivo de coibir os crimes de tr\u00e1fico de drogas e associa\u00e7\u00e3o para o tr\u00e1fico na cidade.<\/p>\n\n\n\n<p class=\"wp-block-paragraph\">Durante os trabalhos, foram apreendidos celulares e uma por\u00e7\u00e3o de maconha. Os aparelhos arrecadados ser\u00e3o devidamente periciados e poder\u00e3o auxiliar a Pol\u00edcia Civil na apura\u00e7\u00e3o de investiga\u00e7\u00f5es em andamento. Um homem, de 35 anos, chegou a ser conduzido \u00e0 Delegacia de Plant\u00e3o, onde prestou esclarecimentos e foi liberado.<\/p>\n\n\n\n<p class=\"wp-block-paragraph\">A opera\u00e7\u00e3o contou, tamb\u00e9m, com o apoio da 5\u00aa Brave (Base Regional de Avia\u00e7\u00e3o do Estado) e do canil da Pol\u00edcia Militar.<\/p>\n\n\n\n<p class=\"has-white-color has-black-background-color has-text-color has-background wp-block-paragraph\">Quer saber as not\u00edcias do <strong>Aconteceu no Vale<\/strong> em primeira m\u00e3o? Siga-nos no Facebook <a rel=\"noreferrer noopener\" href=\"http:\/\/facebook.com\/aconteceunovale\" target=\"_blank\">@aconteceunovale<\/a>, Twitter <a rel=\"noreferrer noopener\" href=\"https:\/\/twitter.com\/noticiadosvales\" target=\"_blank\">@noticiadosvales<\/a> e Instagram <a rel=\"noreferrer noopener\" href=\"https:\/\/www.instagram.com\/aconteceunovale\" target=\"_blank\">@aconteceunovale<\/a>.<\/p>\n","protected":false},"excerpt":{"rendered":"<p>Na manh\u00e3 desta ter\u00e7a-feira (1\/9\/2020), as Pol\u00edcias Civil e Militar deflagraram opera\u00e7\u00e3o conjunta em Governador Valadares, no Vale do Rio Doce, para cumprimento de dez mandados de busca e apreens\u00e3o. A a\u00e7\u00e3o, desencadeada nos bairros Carapina, Nossa Senhora das Gra\u00e7as e Gr\u00e3 Duquesa, teve car\u00e1ter preventivo, com objetivo de coibir os crimes de tr\u00e1fico de [&hellip;]<\/p>\n","protected":false},"author":4,"featured_media":168137,"comment_status":"open","ping_status":"closed","sticky":false,"template":"","format":"standard","meta":{"amp_status":"","footnotes":""},"categories":[121],"tags":[247,157121,228717,83206,604,38187,228716,46661,62424],"class_list":["post-168136","post","type-post","status-publish","format-standard","has-post-thumbnail","hentry","category-leste","tag-governador-valadares","tag-operacao-contra-o-trafico-em-governador-valadares","tag-operacao-contra-traficantes-em-governador-valadares","tag-operacao-em-governador-valadares","tag-pcmg","tag-pmmg","tag-policias-civil-e-militar-realizam-buscas-em-acao-contra-o-trafico-em-governador-valadares","tag-trafico-de-drogas-em-governador-valadares","tag-trafico-em-governador-valadares"],"yoast_head":"<!-- This site is optimized with the Yoast SEO plugin v28.3 - https:\/\/yoast.com\/product\/yoast-seo-wordpress\/ -->\n<title>Pol\u00edcias Civil e Militar realizam buscas em a\u00e7\u00e3o contra o tr\u00e1fico em Governador Valadares - Aconteceu no Vale<\/title>\n<meta name=\"robots\" content=\"index, follow, max-snippet:-1, max-image-preview:large, max-video-preview:-1\" \/>\n<link rel=\"canonical\" href=\"https:\/\/aconteceunovale.com.br\/portal\/?p=168136\" \/>\n<meta property=\"og:locale\" content=\"pt_BR\" \/>\n<meta property=\"og:type\" content=\"article\" \/>\n<meta property=\"og:title\" content=\"Pol\u00edcias Civil e Militar realizam buscas em a\u00e7\u00e3o contra o tr\u00e1fico em Governador Valadares - Aconteceu no Vale\" \/>\n<meta property=\"og:description\" content=\"Na manh\u00e3 desta ter\u00e7a-feira (1\/9\/2020), as Pol\u00edcias Civil e Militar deflagraram opera\u00e7\u00e3o conjunta em Governador Valadares, no Vale do Rio Doce, para cumprimento de dez mandados de busca e apreens\u00e3o. A a\u00e7\u00e3o, desencadeada nos bairros Carapina, Nossa Senhora das Gra\u00e7as e Gr\u00e3 Duquesa, teve car\u00e1ter preventivo, com objetivo de coibir os crimes de tr\u00e1fico de [&hellip;]\" \/>\n<meta property=\"og:url\" content=\"https:\/\/aconteceunovale.com.br\/portal\/?p=168136\" \/>\n<meta property=\"og:site_name\" content=\"Aconteceu no Vale\" \/>\n<meta property=\"article:publisher\" content=\"https:\/\/www.facebook.com\/aconteceunovale\/\" \/>\n<meta property=\"article:published_time\" content=\"2020-09-01T19:10:56+00:00\" \/>\n<meta property=\"article:modified_time\" content=\"2020-09-01T19:11:59+00:00\" \/>\n<meta property=\"og:image\" content=\"https:\/\/aconteceunovale.com.br\/portal\/wp-content\/uploads\/2020\/09\/buscas_gv.jpg\" \/>\n\t<meta property=\"og:image:width\" content=\"650\" \/>\n\t<meta property=\"og:image:height\" content=\"376\" \/>\n\t<meta property=\"og:image:type\" content=\"image\/jpeg\" \/>\n<meta name=\"author\" content=\"Reda\u00e7\u00e3o Aconteceu no Vale\" \/>\n<meta name=\"twitter:card\" content=\"summary_large_image\" \/>\n<meta name=\"twitter:creator\" content=\"@noticiadosvales\" \/>\n<meta name=\"twitter:site\" content=\"@noticiadosvales\" \/>\n<meta name=\"twitter:label1\" content=\"Escrito por\" \/>\n\t<meta name=\"twitter:data1\" content=\"Reda\u00e7\u00e3o Aconteceu no Vale\" \/>\n\t<meta name=\"twitter:label2\" content=\"Est. tempo de leitura\" \/>\n\t<meta name=\"twitter:data2\" content=\"1 minuto\" \/>\n<script type=\"application\/ld+json\" class=\"yoast-schema-graph\">{\"@context\":\"https:\\\/\\\/schema.org\",\"@graph\":[{\"@type\":\"Article\",\"@id\":\"https:\\\/\\\/aconteceunovale.com.br\\\/portal\\\/?p=168136#article\",\"isPartOf\":{\"@id\":\"https:\\\/\\\/aconteceunovale.com.br\\\/portal\\\/?p=168136\"},\"author\":{\"name\":\"Reda\u00e7\u00e3o Aconteceu no Vale\",\"@id\":\"https:\\\/\\\/aconteceunovale.com.br\\\/portal\\\/#\\\/schema\\\/person\\\/7d2f26d1483f8a63de73da1ee0754d35\"},\"headline\":\"Pol\u00edcias Civil e Militar realizam buscas em a\u00e7\u00e3o contra o tr\u00e1fico em Governador Valadares\",\"datePublished\":\"2020-09-01T19:10:56+00:00\",\"dateModified\":\"2020-09-01T19:11:59+00:00\",\"mainEntityOfPage\":{\"@id\":\"https:\\\/\\\/aconteceunovale.com.br\\\/portal\\\/?p=168136\"},\"wordCount\":189,\"commentCount\":0,\"image\":{\"@id\":\"https:\\\/\\\/aconteceunovale.com.br\\\/portal\\\/?p=168136#primaryimage\"},\"thumbnailUrl\":\"https:\\\/\\\/aconteceunovale.com.br\\\/portal\\\/wp-content\\\/uploads\\\/2020\\\/09\\\/buscas_gv.jpg\",\"keywords\":[\"Governador Valadares\",\"Opera\u00e7\u00e3o contra o tr\u00e1fico em Governador Valadares\",\"Opera\u00e7\u00e3o contra traficantes em Governador Valadares\",\"Opera\u00e7\u00e3o em Governador Valadares\",\"PCMG\",\"PMMG\",\"Pol\u00edcias Civil e Militar realizam buscas em a\u00e7\u00e3o contra o tr\u00e1fico em Governador Valadares\",\"tr\u00e1fico de drogas em Governador Valadares\",\"tr\u00e1fico em Governador Valadares\"],\"articleSection\":[\"Leste de Minas\"],\"inLanguage\":\"pt-BR\",\"potentialAction\":[{\"@type\":\"CommentAction\",\"name\":\"Comment\",\"target\":[\"https:\\\/\\\/aconteceunovale.com.br\\\/portal\\\/?p=168136#respond\"]}]},{\"@type\":\"WebPage\",\"@id\":\"https:\\\/\\\/aconteceunovale.com.br\\\/portal\\\/?p=168136\",\"url\":\"https:\\\/\\\/aconteceunovale.com.br\\\/portal\\\/?p=168136\",\"name\":\"Pol\u00edcias Civil e Militar realizam buscas em a\u00e7\u00e3o contra o tr\u00e1fico em Governador Valadares - Aconteceu no Vale\",\"isPartOf\":{\"@id\":\"https:\\\/\\\/aconteceunovale.com.br\\\/portal\\\/#website\"},\"primaryImageOfPage\":{\"@id\":\"https:\\\/\\\/aconteceunovale.com.br\\\/portal\\\/?p=168136#primaryimage\"},\"image\":{\"@id\":\"https:\\\/\\\/aconteceunovale.com.br\\\/portal\\\/?p=168136#primaryimage\"},\"thumbnailUrl\":\"https:\\\/\\\/aconteceunovale.com.br\\\/portal\\\/wp-content\\\/uploads\\\/2020\\\/09\\\/buscas_gv.jpg\",\"datePublished\":\"2020-09-01T19:10:56+00:00\",\"dateModified\":\"2020-09-01T19:11:59+00:00\",\"author\":{\"@id\":\"https:\\\/\\\/aconteceunovale.com.br\\\/portal\\\/#\\\/schema\\\/person\\\/7d2f26d1483f8a63de73da1ee0754d35\"},\"breadcrumb\":{\"@id\":\"https:\\\/\\\/aconteceunovale.com.br\\\/portal\\\/?p=168136#breadcrumb\"},\"inLanguage\":\"pt-BR\",\"potentialAction\":[{\"@type\":\"ReadAction\",\"target\":[\"https:\\\/\\\/aconteceunovale.com.br\\\/portal\\\/?p=168136\"]}]},{\"@type\":\"ImageObject\",\"inLanguage\":\"pt-BR\",\"@id\":\"https:\\\/\\\/aconteceunovale.com.br\\\/portal\\\/?p=168136#primaryimage\",\"url\":\"https:\\\/\\\/aconteceunovale.com.br\\\/portal\\\/wp-content\\\/uploads\\\/2020\\\/09\\\/buscas_gv.jpg\",\"contentUrl\":\"https:\\\/\\\/aconteceunovale.com.br\\\/portal\\\/wp-content\\\/uploads\\\/2020\\\/09\\\/buscas_gv.jpg\",\"width\":650,\"height\":376},{\"@type\":\"BreadcrumbList\",\"@id\":\"https:\\\/\\\/aconteceunovale.com.br\\\/portal\\\/?p=168136#breadcrumb\",\"itemListElement\":[{\"@type\":\"ListItem\",\"position\":1,\"name\":\"In\u00edcio\",\"item\":\"https:\\\/\\\/aconteceunovale.com.br\\\/portal\\\/\"},{\"@type\":\"ListItem\",\"position\":2,\"name\":\"Pol\u00edcias Civil e Militar realizam buscas em a\u00e7\u00e3o contra o tr\u00e1fico em Governador Valadares\"}]},{\"@type\":\"WebSite\",\"@id\":\"https:\\\/\\\/aconteceunovale.com.br\\\/portal\\\/#website\",\"url\":\"https:\\\/\\\/aconteceunovale.com.br\\\/portal\\\/\",\"name\":\"Aconteceu no Vale\",\"description\":\"Portal de Not\u00edcias\",\"potentialAction\":[{\"@type\":\"SearchAction\",\"target\":{\"@type\":\"EntryPoint\",\"urlTemplate\":\"https:\\\/\\\/aconteceunovale.com.br\\\/portal\\\/?s={search_term_string}\"},\"query-input\":{\"@type\":\"PropertyValueSpecification\",\"valueRequired\":true,\"valueName\":\"search_term_string\"}}],\"inLanguage\":\"pt-BR\"},{\"@type\":\"Person\",\"@id\":\"https:\\\/\\\/aconteceunovale.com.br\\\/portal\\\/#\\\/schema\\\/person\\\/7d2f26d1483f8a63de73da1ee0754d35\",\"name\":\"Reda\u00e7\u00e3o Aconteceu no Vale\",\"description\":\"Equipe de reportagem do Aconteceu no Vale, portal de not\u00edcias do Vale do Jequitinhonha, em Minas Gerais. Cobrimos as 51 cidades do Vale desde 2013. Sugest\u00f5es de pauta e pedidos de corre\u00e7\u00e3o: contato@aconteceunovale.com.br\",\"url\":\"https:\\\/\\\/aconteceunovale.com.br\\\/portal\\\/?author=4\"}]}<\/script>\n<!-- \/ Yoast SEO plugin. -->","yoast_head_json":{"title":"Pol\u00edcias Civil e Militar realizam buscas em a\u00e7\u00e3o contra o tr\u00e1fico em Governador Valadares - Aconteceu no Vale","robots":{"index":"index","follow":"follow","max-snippet":"max-snippet:-1","max-image-preview":"max-image-preview:large","max-video-preview":"max-video-preview:-1"},"canonical":"https:\/\/aconteceunovale.com.br\/portal\/?p=168136","og_locale":"pt_BR","og_type":"article","og_title":"Pol\u00edcias Civil e Militar realizam buscas em a\u00e7\u00e3o contra o tr\u00e1fico em Governador Valadares - Aconteceu no Vale","og_description":"Na manh\u00e3 desta ter\u00e7a-feira (1\/9\/2020), as Pol\u00edcias Civil e Militar deflagraram opera\u00e7\u00e3o conjunta em Governador Valadares, no Vale do Rio Doce, para cumprimento de dez mandados de busca e apreens\u00e3o. A a\u00e7\u00e3o, desencadeada nos bairros Carapina, Nossa Senhora das Gra\u00e7as e Gr\u00e3 Duquesa, teve car\u00e1ter preventivo, com objetivo de coibir os crimes de tr\u00e1fico de [&hellip;]","og_url":"https:\/\/aconteceunovale.com.br\/portal\/?p=168136","og_site_name":"Aconteceu no Vale","article_publisher":"https:\/\/www.facebook.com\/aconteceunovale\/","article_published_time":"2020-09-01T19:10:56+00:00","article_modified_time":"2020-09-01T19:11:59+00:00","og_image":[{"width":650,"height":376,"url":"https:\/\/aconteceunovale.com.br\/portal\/wp-content\/uploads\/2020\/09\/buscas_gv.jpg","type":"image\/jpeg"}],"author":"Reda\u00e7\u00e3o Aconteceu no Vale","twitter_card":"summary_large_image","twitter_creator":"@noticiadosvales","twitter_site":"@noticiadosvales","twitter_misc":{"Escrito por":"Reda\u00e7\u00e3o Aconteceu no Vale","Est. tempo de leitura":"1 minuto"},"schema":{"@context":"https:\/\/schema.org","@graph":[{"@type":"Article","@id":"https:\/\/aconteceunovale.com.br\/portal\/?p=168136#article","isPartOf":{"@id":"https:\/\/aconteceunovale.com.br\/portal\/?p=168136"},"author":{"name":"Reda\u00e7\u00e3o Aconteceu no Vale","@id":"https:\/\/aconteceunovale.com.br\/portal\/#\/schema\/person\/7d2f26d1483f8a63de73da1ee0754d35"},"headline":"Pol\u00edcias Civil e Militar realizam buscas em a\u00e7\u00e3o contra o tr\u00e1fico em Governador Valadares","datePublished":"2020-09-01T19:10:56+00:00","dateModified":"2020-09-01T19:11:59+00:00","mainEntityOfPage":{"@id":"https:\/\/aconteceunovale.com.br\/portal\/?p=168136"},"wordCount":189,"commentCount":0,"image":{"@id":"https:\/\/aconteceunovale.com.br\/portal\/?p=168136#primaryimage"},"thumbnailUrl":"https:\/\/aconteceunovale.com.br\/portal\/wp-content\/uploads\/2020\/09\/buscas_gv.jpg","keywords":["Governador Valadares","Opera\u00e7\u00e3o contra o tr\u00e1fico em Governador Valadares","Opera\u00e7\u00e3o contra traficantes em Governador Valadares","Opera\u00e7\u00e3o em Governador Valadares","PCMG","PMMG","Pol\u00edcias Civil e Militar realizam buscas em a\u00e7\u00e3o contra o tr\u00e1fico em Governador Valadares","tr\u00e1fico de drogas em Governador Valadares","tr\u00e1fico em Governador Valadares"],"articleSection":["Leste de Minas"],"inLanguage":"pt-BR","potentialAction":[{"@type":"CommentAction","name":"Comment","target":["https:\/\/aconteceunovale.com.br\/portal\/?p=168136#respond"]}]},{"@type":"WebPage","@id":"https:\/\/aconteceunovale.com.br\/portal\/?p=168136","url":"https:\/\/aconteceunovale.com.br\/portal\/?p=168136","name":"Pol\u00edcias Civil e Militar realizam buscas em a\u00e7\u00e3o contra o tr\u00e1fico em Governador Valadares - Aconteceu no Vale","isPartOf":{"@id":"https:\/\/aconteceunovale.com.br\/portal\/#website"},"primaryImageOfPage":{"@id":"https:\/\/aconteceunovale.com.br\/portal\/?p=168136#primaryimage"},"image":{"@id":"https:\/\/aconteceunovale.com.br\/portal\/?p=168136#primaryimage"},"thumbnailUrl":"https:\/\/aconteceunovale.com.br\/portal\/wp-content\/uploads\/2020\/09\/buscas_gv.jpg","datePublished":"2020-09-01T19:10:56+00:00","dateModified":"2020-09-01T19:11:59+00:00","author":{"@id":"https:\/\/aconteceunovale.com.br\/portal\/#\/schema\/person\/7d2f26d1483f8a63de73da1ee0754d35"},"breadcrumb":{"@id":"https:\/\/aconteceunovale.com.br\/portal\/?p=168136#breadcrumb"},"inLanguage":"pt-BR","potentialAction":[{"@type":"ReadAction","target":["https:\/\/aconteceunovale.com.br\/portal\/?p=168136"]}]},{"@type":"ImageObject","inLanguage":"pt-BR","@id":"https:\/\/aconteceunovale.com.br\/portal\/?p=168136#primaryimage","url":"https:\/\/aconteceunovale.com.br\/portal\/wp-content\/uploads\/2020\/09\/buscas_gv.jpg","contentUrl":"https:\/\/aconteceunovale.com.br\/portal\/wp-content\/uploads\/2020\/09\/buscas_gv.jpg","width":650,"height":376},{"@type":"BreadcrumbList","@id":"https:\/\/aconteceunovale.com.br\/portal\/?p=168136#breadcrumb","itemListElement":[{"@type":"ListItem","position":1,"name":"In\u00edcio","item":"https:\/\/aconteceunovale.com.br\/portal\/"},{"@type":"ListItem","position":2,"name":"Pol\u00edcias Civil e Militar realizam buscas em a\u00e7\u00e3o contra o tr\u00e1fico em Governador Valadares"}]},{"@type":"WebSite","@id":"https:\/\/aconteceunovale.com.br\/portal\/#website","url":"https:\/\/aconteceunovale.com.br\/portal\/","name":"Aconteceu no Vale","description":"Portal de Not\u00edcias","potentialAction":[{"@type":"SearchAction","target":{"@type":"EntryPoint","urlTemplate":"https:\/\/aconteceunovale.com.br\/portal\/?s={search_term_string}"},"query-input":{"@type":"PropertyValueSpecification","valueRequired":true,"valueName":"search_term_string"}}],"inLanguage":"pt-BR"},{"@type":"Person","@id":"https:\/\/aconteceunovale.com.br\/portal\/#\/schema\/person\/7d2f26d1483f8a63de73da1ee0754d35","name":"Reda\u00e7\u00e3o Aconteceu no Vale","description":"Equipe de reportagem do Aconteceu no Vale, portal de not\u00edcias do Vale do Jequitinhonha, em Minas Gerais. Cobrimos as 51 cidades do Vale desde 2013. Sugest\u00f5es de pauta e pedidos de corre\u00e7\u00e3o: contato@aconteceunovale.com.br","url":"https:\/\/aconteceunovale.com.br\/portal\/?author=4"}]}},"_links":{"self":[{"href":"https:\/\/aconteceunovale.com.br\/portal\/index.php?rest_route=\/wp\/v2\/posts\/168136","targetHints":{"allow":["GET"]}}],"collection":[{"href":"https:\/\/aconteceunovale.com.br\/portal\/index.php?rest_route=\/wp\/v2\/posts"}],"about":[{"href":"https:\/\/aconteceunovale.com.br\/portal\/index.php?rest_route=\/wp\/v2\/types\/post"}],"author":[{"embeddable":true,"href":"https:\/\/aconteceunovale.com.br\/portal\/index.php?rest_route=\/wp\/v2\/users\/4"}],"replies":[{"embeddable":true,"href":"https:\/\/aconteceunovale.com.br\/portal\/index.php?rest_route=%2Fwp%2Fv2%2Fcomments&post=168136"}],"version-history":[{"count":1,"href":"https:\/\/aconteceunovale.com.br\/portal\/index.php?rest_route=\/wp\/v2\/posts\/168136\/revisions"}],"predecessor-version":[{"id":168138,"href":"https:\/\/aconteceunovale.com.br\/portal\/index.php?rest_route=\/wp\/v2\/posts\/168136\/revisions\/168138"}],"wp:featuredmedia":[{"embeddable":true,"href":"https:\/\/aconteceunovale.com.br\/portal\/index.php?rest_route=\/wp\/v2\/media\/168137"}],"wp:attachment":[{"href":"https:\/\/aconteceunovale.com.br\/portal\/index.php?rest_route=%2Fwp%2Fv2%2Fmedia&parent=168136"}],"wp:term":[{"taxonomy":"category","embeddable":true,"href":"https:\/\/aconteceunovale.com.br\/portal\/index.php?rest_route=%2Fwp%2Fv2%2Fcategories&post=168136"},{"taxonomy":"post_tag","embeddable":true,"href":"https:\/\/aconteceunovale.com.br\/portal\/index.php?rest_route=%2Fwp%2Fv2%2Ftags&post=168136"}],"curies":[{"name":"wp","href":"https:\/\/api.w.org\/{rel}","templated":true}]}}