{"id":168133,"date":"2020-09-01T11:38:40","date_gmt":"2020-09-01T14:38:40","guid":{"rendered":"https:\/\/aconteceunovale.com.br\/portal\/?p=168133"},"modified":"2020-09-01T11:39:19","modified_gmt":"2020-09-01T14:39:19","slug":"governo-federal-prorroga-auxilio-emergencial-ate-o-fim-do-ano","status":"publish","type":"post","link":"https:\/\/aconteceunovale.com.br\/portal\/?p=168133","title":{"rendered":"Governo federal prorroga aux\u00edlio emergencial at\u00e9 o fim do ano"},"content":{"rendered":"\n<p class=\"wp-block-paragraph\">O presidente Jair Bolsonaro anunciou hoje (1\/9\/2020) que o aux\u00edlio emergencial ser\u00e1 prorrogado em mais quatro parcelas de R$ 300. Ele se reuniu na manh\u00e3 desta ter\u00e7a-feira com ministros e parlamentares da base do governo, no Pal\u00e1cio da Alvorada, para alinhar as pr\u00f3ximas a\u00e7\u00f5es do governo na \u00e1rea econ\u00f4mica.<\/p>\n\n\n\n<p class=\"wp-block-paragraph\">O aux\u00edlio \u00e9 destinado aos trabalhadores informais, microempreendedores individuais, aut\u00f4nomos e desempregados, como forma de dar prote\u00e7\u00e3o emergencial durante a crise causada pela pandemia da covid-19. O\u00a0benef\u00edcio come\u00e7ou a ser pago em abril, e foi estabelecido em tr\u00eas parcelas de R$ 600.<\/p>\n\n\n\n<p class=\"wp-block-paragraph\">Em junho, por decreto, o governo prorrogou o aux\u00edlio\u00a0por mais duas parcelas, no mesmo valor. E agora, com mais quatro parcelas, em valor menor, o benef\u00edcio vai se estender at\u00e9 o final do ano.<\/p>\n\n\n\n<p class=\"wp-block-paragraph\">\u201cResolvemos prorrog\u00e1-lo, por medida provis\u00f3ria, at\u00e9 o final do ano\u201d, disse Bolsonaro, em declara\u00e7\u00e3o \u00e0 imprensa ap\u00f3s a reuni\u00e3o. \u201cO valor, como v\u00ednhamos dizendo, R$ 600 \u00e9 muito para quem paga e podemos dizer que n\u00e3o \u00e9 o valor suficiente para todas as necessidades [das fam\u00edlias], mas basicamente atende\u201d, disse.<\/p>\n\n\n\n<figure class=\"wp-block-gallery columns-1 is-cropped wp-block-gallery-1 is-layout-flex wp-block-gallery-is-layout-flex\"><ul class=\"blocks-gallery-grid\"><li class=\"blocks-gallery-item\"><figure><img loading=\"lazy\" decoding=\"async\" width=\"678\" height=\"406\" src=\"https:\/\/aconteceunovale.com.br\/portal\/wp-content\/uploads\/2020\/09\/prorrogacao_auxilio.jpg\" alt=\"\" data-id=\"168134\" data-full-url=\"https:\/\/aconteceunovale.com.br\/portal\/wp-content\/uploads\/2020\/09\/prorrogacao_auxilio.jpg\" data-link=\"https:\/\/aconteceunovale.com.br\/portal\/?attachment_id=168134\" class=\"wp-image-168134\" srcset=\"https:\/\/aconteceunovale.com.br\/portal\/wp-content\/uploads\/2020\/09\/prorrogacao_auxilio.jpg 678w, https:\/\/aconteceunovale.com.br\/portal\/wp-content\/uploads\/2020\/09\/prorrogacao_auxilio-300x180.jpg 300w\" sizes=\"auto, (max-width: 678px) 100vw, 678px\" \/><figcaption class=\"blocks-gallery-item__caption\"><em>Foto: Marcos Corr\u00eaa\/PR<\/em><\/figcaption><\/figure><\/li><\/ul><\/figure>\n\n\n\n<h2 class=\"wp-block-heading\"><strong>Reforma administrativa<\/strong><\/h2>\n\n\n\n<p class=\"wp-block-paragraph\">Durante a reuni\u00e3o, tamb\u00e9m ficou acertado que, na quinta-feira (3), o governo vai encaminhar o projeto da reforma administrativa ao Congresso, que ter\u00e1 como base a meritocracia. Bolsonaro destacou que a medida n\u00e3o atingir\u00e1 os atuais servidores p\u00fablicos, apenas os futuros concursados.<\/p>\n\n\n\n<p class=\"wp-block-paragraph\">Para o ministro da Economia, Paulo Guedes, a retomada das reformas \u00e9 uma importante sinaliza\u00e7\u00e3o do compromisso do governo com a responsabilidade fiscal e o enfrentamento da crise econ\u00f4mica causada pela pandemia da covid-19.<\/p>\n\n\n\n<p class=\"wp-block-paragraph\">\u201cEnt\u00e3o, a reforma administrativa \u00e9 importante, n\u00e3o atinge os direitos dos servidores p\u00fablicos atuais, mas redefine toda a trajet\u00f3ria do servi\u00e7o p\u00fablicos do futuro, um servi\u00e7o p\u00fablico de qualidade, com meritocracia, concursos exigentes e promo\u00e7\u00e3o por m\u00e9rito. Estamos n\u00e3o s\u00f3 com os olhos na popula\u00e7\u00e3o brasileira a curto prazo, mas toda a classe pol\u00edtica est\u00e1 pensando no futuro do pa\u00eds e implementando as reformas\u201d, disse o ministro.<\/p>\n\n\n\n<p class=\"wp-block-paragraph\">De acordo com o senador Fernando Bezerra Coelho (MDB-PE), l\u00edder do governo no Senado, Bolsonaro j\u00e1 comunicou as decis\u00f5es de hoje aos presidentes da C\u00e2mara, Rodrigo Maia, e do Senado, Davi Alcolumbre. Bezerra tamb\u00e9m adiantou que o programa de distribui\u00e7\u00e3o de renda do governo, chamado de Renda Brasil, tamb\u00e9m entrar\u00e1 em discuss\u00e3o em breve.<\/p>\n\n\n\n<p class=\"wp-block-paragraph\">\u201cExiste hoje uma sintonia muito boa entre o Poder Executivo e o Legislativo para que a gente possa retomar essa agenda de reformas que iniciou ano passado com a reforma da Previd\u00eancia, agora d\u00e1 sequ\u00eancia com a reforma administrativa. E vamos tocar outras importantes reformas como a discuss\u00e3o do Renda Brasil, que vem ap\u00f3s o aux\u00edlio emergencial, para que a gente possa apresentar o maior programa de solidariedade social da hist\u00f3ria do Brasil\u201d, disse o senador.<\/p>\n\n\n\n<h2 class=\"wp-block-heading\"><strong>Ajuda<\/strong><\/h2>\n\n\n\n<p class=\"wp-block-paragraph\">Cerca de 4,4 milh\u00f5es (6,5%) de domic\u00edlios brasileiros sobreviveram, em julho, apenas com a renda do aux\u00edlio emergencial pago pelo governo federal para enfrentar os efeitos econ\u00f4micos da pandemia de covid-19. Entre os domic\u00edlios mais pobres, os rendimentos atingiram 124% do que seriam com as rendas habituais, aponta estudo publicado nesta quinta-feira (27) pelo Instituto de Pesquisa Econ\u00f4mica Aplicada (Ipea).<\/p>\n\n\n\n<p class=\"wp-block-paragraph\">A ajuda financeira tamb\u00e9m foi suficiente para superar em 16% a perda da massa salarial entre as pessoas que permaneceram ocupadas, segundo a an\u00e1lise que usa como base os microdados da Pesquisa Nacional por Amostra de Domic\u00edlios (Pnad) Covid-19, do Instituto Brasileiro de Geografia e Estat\u00edstica (IBGE).<\/p>\n\n\n\n<p class=\"has-white-color has-black-background-color has-text-color has-background wp-block-paragraph\">Quer saber as not\u00edcias do <strong>Aconteceu no Vale<\/strong> em primeira m\u00e3o? Siga-nos no Facebook <a rel=\"noreferrer noopener\" href=\"http:\/\/facebook.com\/aconteceunovale\" target=\"_blank\">@aconteceunovale<\/a>, Twitter <a rel=\"noreferrer noopener\" href=\"https:\/\/twitter.com\/noticiadosvales\" target=\"_blank\">@noticiadosvales<\/a> e Instagram <a rel=\"noreferrer noopener\" href=\"https:\/\/www.instagram.com\/aconteceunovale\" target=\"_blank\">@aconteceunovale<\/a>.<\/p>\n","protected":false},"excerpt":{"rendered":"<p>O presidente Jair Bolsonaro anunciou hoje (1\/9\/2020) que o aux\u00edlio emergencial ser\u00e1 prorrogado em mais quatro parcelas de R$ 300. Ele se reuniu na manh\u00e3 desta ter\u00e7a-feira com ministros e parlamentares da base do governo, no Pal\u00e1cio da Alvorada, para alinhar as pr\u00f3ximas a\u00e7\u00f5es do governo na \u00e1rea econ\u00f4mica. O aux\u00edlio \u00e9 destinado aos trabalhadores [&hellip;]<\/p>\n","protected":false},"author":4,"featured_media":168134,"comment_status":"open","ping_status":"closed","sticky":false,"template":"","format":"standard","meta":{"amp_status":"","footnotes":""},"categories":[6,40240],"tags":[219405,219383,225996,219292,225074,225788,225789,225075,225949,219977,100375,225948,227485,227055,226016,228349,228081,225732,223087,226744,225178,225552,225551,20922,225787,225176,225962,226017,226018,1018,221649,223267,184405,4610,228713,26436,225826,228714,184661,224350,225077,225076,228715,223181,225550,225549,225961,225177,225548],"class_list":["post-168133","post","type-post","status-publish","format-standard","has-post-thumbnail","hentry","category-br","category-politica","tag-auxilio-de-r-600","tag-auxilio-emergencial","tag-auxilio-emergencial-chega-a-29-milhoes-de-domicilios","tag-auxilio-emergencial-de-r-600","tag-auxilio-emergencial-de-r-600-elevou-padrao-de-vida-em-23-milhoes-de-domicilios","tag-auxilio-emergencial-para-agricultor-familiar","tag-auxilio-para-agricultor-familiar","tag-beneficio-do-auxilio-emergencial-de-r-600","tag-bloqueio-de-contas-da-poupanca-social","tag-bloqueio-do-auxilio-emergencial","tag-bolsonaro","tag-caixa-bloqueia-contas-da-poupanca-social","tag-caixa-credita-auxilio-emergencial-para-4-milhoes-nascidos-em-agosto","tag-caixa-credita-auxilio-emergencial-para-nascidos-em-junho","tag-caixa-divulga-orientacao-para-desbloqueio-de-contas","tag-caixa-inicia-amanha-ciclo-2-de-pagamentos-do-auxilio-emergencial","tag-caixa-paga-auxilio-emergencial-de-r-600-a-beneficiarios-do-bolsa-familia","tag-caixa-paga-quarta-parcela-do-auxilio-emergencial-a-beneficiarios-do-bolsa-familia","tag-caixa-tem","tag-caixa-vai-pagar-auxilio-emergencial-de-r-600-a-805-mil-novos-beneficiarios","tag-calendario-para-saque-em-dinheiro-do-auxilio-emergencial","tag-calendario-quarta-parcela-do-auxilio-emergencial","tag-calendario-quinta-parcela-do-auxilio-emergencial","tag-camara-dos-deputados","tag-camara-dos-deputados-aprova-auxilio-emergencial-para-agricultor-familiar-durante-a-pandemia","tag-confira-o-calendario-para-saque-em-dinheiro-do-auxilio-emergencial-de-r-600","tag-desbloquear-as-contas-digitais-do-auxilio-emergencial","tag-desbloqueio-caixa-tem","tag-desbloqueio-de-contas-caixa-tem","tag-destaque","tag-fraude-no-auxilio-emergencial","tag-fraudes-no-auxilio-emergencial","tag-governo-bolsonaro","tag-governo-federal","tag-governo-federal-prorroga-auxilio-emergencial-ate-o-fim-do-ano","tag-jair-bolsonaro","tag-mais-de-700-mil-receberao-amanha-primeira-parcela-do-auxilio-emergencial","tag-mais-quatro-parcelas-do-auxilio-emergencial","tag-ministerio-da-economia","tag-novas-parcelas-do-auxilio-emergencial","tag-padrao-de-vida-auxilio-emergencial","tag-padrao-de-vida-auxilio-emergencial-de-r-600","tag-pagamento-de-mais-parcelas-do-auxilio-emergencial","tag-prorrogacao-do-auxilio-emergencial","tag-quarta-parcela-auxilio-emergencial","tag-quinta-parcela-auxilio-emergencial","tag-saiba-como-desbloquear-as-contas-digitais-do-auxilio-emergencial","tag-saque-em-dinheiro-do-auxilio-emergencial","tag-veja-os-calendarios-dos-novos-pagamentos-do-auxilio-emergencial-de-r-600"],"yoast_head":"<!-- This site is optimized with the Yoast SEO plugin v28.3 - https:\/\/yoast.com\/product\/yoast-seo-wordpress\/ -->\n<title>Governo federal prorroga aux\u00edlio emergencial at\u00e9 o fim do ano - Aconteceu no Vale<\/title>\n<meta name=\"robots\" content=\"index, follow, max-snippet:-1, max-image-preview:large, max-video-preview:-1\" \/>\n<link rel=\"canonical\" href=\"https:\/\/aconteceunovale.com.br\/portal\/?p=168133\" \/>\n<meta property=\"og:locale\" content=\"pt_BR\" \/>\n<meta property=\"og:type\" content=\"article\" \/>\n<meta property=\"og:title\" content=\"Governo federal prorroga aux\u00edlio emergencial at\u00e9 o fim do ano - Aconteceu no Vale\" \/>\n<meta property=\"og:description\" content=\"O presidente Jair Bolsonaro anunciou hoje (1\/9\/2020) que o aux\u00edlio emergencial ser\u00e1 prorrogado em mais quatro parcelas de R$ 300. Ele se reuniu na manh\u00e3 desta ter\u00e7a-feira com ministros e parlamentares da base do governo, no Pal\u00e1cio da Alvorada, para alinhar as pr\u00f3ximas a\u00e7\u00f5es do governo na \u00e1rea econ\u00f4mica. O aux\u00edlio \u00e9 destinado aos trabalhadores [&hellip;]\" \/>\n<meta property=\"og:url\" content=\"https:\/\/aconteceunovale.com.br\/portal\/?p=168133\" \/>\n<meta property=\"og:site_name\" content=\"Aconteceu no Vale\" \/>\n<meta property=\"article:publisher\" content=\"https:\/\/www.facebook.com\/aconteceunovale\/\" \/>\n<meta property=\"article:published_time\" content=\"2020-09-01T14:38:40+00:00\" \/>\n<meta property=\"article:modified_time\" content=\"2020-09-01T14:39:19+00:00\" \/>\n<meta property=\"og:image\" content=\"https:\/\/aconteceunovale.com.br\/portal\/wp-content\/uploads\/2020\/09\/prorrogacao_auxilio.jpg\" \/>\n\t<meta property=\"og:image:width\" content=\"678\" \/>\n\t<meta property=\"og:image:height\" content=\"406\" \/>\n\t<meta property=\"og:image:type\" content=\"image\/jpeg\" \/>\n<meta name=\"author\" content=\"Reda\u00e7\u00e3o Aconteceu no Vale\" \/>\n<meta name=\"twitter:card\" content=\"summary_large_image\" \/>\n<meta name=\"twitter:creator\" content=\"@noticiadosvales\" \/>\n<meta name=\"twitter:site\" content=\"@noticiadosvales\" \/>\n<meta name=\"twitter:label1\" content=\"Escrito por\" \/>\n\t<meta name=\"twitter:data1\" content=\"Reda\u00e7\u00e3o Aconteceu no Vale\" \/>\n\t<meta name=\"twitter:label2\" content=\"Est. tempo de leitura\" \/>\n\t<meta name=\"twitter:data2\" content=\"3 minutos\" \/>\n<script type=\"application\/ld+json\" class=\"yoast-schema-graph\">{\"@context\":\"https:\\\/\\\/schema.org\",\"@graph\":[{\"@type\":\"Article\",\"@id\":\"https:\\\/\\\/aconteceunovale.com.br\\\/portal\\\/?p=168133#article\",\"isPartOf\":{\"@id\":\"https:\\\/\\\/aconteceunovale.com.br\\\/portal\\\/?p=168133\"},\"author\":{\"name\":\"Reda\u00e7\u00e3o Aconteceu no Vale\",\"@id\":\"https:\\\/\\\/aconteceunovale.com.br\\\/portal\\\/#\\\/schema\\\/person\\\/7d2f26d1483f8a63de73da1ee0754d35\"},\"headline\":\"Governo federal prorroga aux\u00edlio emergencial at\u00e9 o fim do ano\",\"datePublished\":\"2020-09-01T14:38:40+00:00\",\"dateModified\":\"2020-09-01T14:39:19+00:00\",\"mainEntityOfPage\":{\"@id\":\"https:\\\/\\\/aconteceunovale.com.br\\\/portal\\\/?p=168133\"},\"wordCount\":647,\"commentCount\":0,\"image\":{\"@id\":\"https:\\\/\\\/aconteceunovale.com.br\\\/portal\\\/?p=168133#primaryimage\"},\"thumbnailUrl\":\"https:\\\/\\\/aconteceunovale.com.br\\\/portal\\\/wp-content\\\/uploads\\\/2020\\\/09\\\/prorrogacao_auxilio.jpg\",\"keywords\":[\"Aux\u00edlio de R$ 600\",\"aux\u00edlio emergencial\",\"Aux\u00edlio emergencial chega a 29 milh\u00f5es de domic\u00edlios\",\"Aux\u00edlio emergencial de R$ 600\",\"Aux\u00edlio emergencial de R$ 600 elevou padr\u00e3o de vida em 23 milh\u00f5es de domic\u00edlios\",\"Aux\u00edlio emergencial para agricultor familiar\",\"Aux\u00edlio para agricultor familiar\",\"Benef\u00edcio do Aux\u00edlio emergencial de R$ 600\",\"Bloqueio de contas da poupan\u00e7a social\",\"Bloqueio do aux\u00edlio emergencial\",\"Bolsonaro\",\"Caixa bloqueia contas da poupan\u00e7a social\",\"Caixa credita aux\u00edlio emergencial para 4 milh\u00f5es nascidos em agosto\",\"Caixa credita aux\u00edlio emergencial para nascidos em junho\",\"Caixa divulga orienta\u00e7\u00e3o para desbloqueio de contas\",\"Caixa inicia amanh\u00e3 Ciclo 2 de pagamentos do aux\u00edlio emergencial\",\"Caixa paga aux\u00edlio emergencial de R$ 600 a benefici\u00e1rios do Bolsa Fam\u00edlia\",\"Caixa paga quarta parcela do aux\u00edlio emergencial a benefici\u00e1rios do Bolsa Fam\u00edlia\",\"Caixa Tem\",\"Caixa vai pagar aux\u00edlio emergencial de R$ 600 a 805 mil novos benefici\u00e1rios\",\"Calend\u00e1rio para saque em dinheiro do aux\u00edlio emergencial\",\"Calend\u00e1rio quarta parcela do aux\u00edlio emergencial\",\"Calend\u00e1rio quinta parcela do aux\u00edlio emergencial\",\"C\u00e2mara dos Deputados\",\"C\u00e2mara dos Deputados aprova aux\u00edlio emergencial para agricultor familiar durante a pandemia\",\"Confira o calend\u00e1rio para saque em dinheiro do aux\u00edlio emergencial de R$ 600\",\"Desbloquear as contas digitais do aux\u00edlio emergencial\",\"Desbloqueio Caixa Tem\",\"Desbloqueio de contas Caixa Tem\",\"destaque\",\"Fraude no aux\u00edlio emergencial\",\"Fraudes no aux\u00edlio emergencial\",\"Governo Bolsonaro\",\"Governo Federal\",\"Governo federal prorroga aux\u00edlio emergencial at\u00e9 o fim do ano\",\"Jair Bolsonaro\",\"Mais de 700 mil receber\u00e3o amanh\u00e3 primeira parcela do auxilio emergencial\",\"Mais quatro parcelas do aux\u00edlio emergencial\",\"Minist\u00e9rio da Economia\",\"Novas parcelas do Aux\u00edlio emergencial\",\"Padr\u00e3o de vida Aux\u00edlio emergencial\",\"Padr\u00e3o de vida Aux\u00edlio emergencial de R$ 600\",\"Pagamento de mais parcelas do aux\u00edlio emergencial\",\"Prorroga\u00e7\u00e3o do aux\u00edlio emergencial\",\"Quarta parcela aux\u00edlio emergencial\",\"Quinta parcela aux\u00edlio emergencial\",\"Saiba como desbloquear as contas digitais do aux\u00edlio emergencial\",\"Saque em dinheiro do aux\u00edlio emergencial\",\"Veja os calend\u00e1rios dos novos pagamentos do aux\u00edlio emergencial de R$ 600\"],\"articleSection\":[\"Brasil\",\"Pol\u00edtica\"],\"inLanguage\":\"pt-BR\",\"potentialAction\":[{\"@type\":\"CommentAction\",\"name\":\"Comment\",\"target\":[\"https:\\\/\\\/aconteceunovale.com.br\\\/portal\\\/?p=168133#respond\"]}]},{\"@type\":\"WebPage\",\"@id\":\"https:\\\/\\\/aconteceunovale.com.br\\\/portal\\\/?p=168133\",\"url\":\"https:\\\/\\\/aconteceunovale.com.br\\\/portal\\\/?p=168133\",\"name\":\"Governo federal prorroga aux\u00edlio emergencial at\u00e9 o fim do ano - Aconteceu no Vale\",\"isPartOf\":{\"@id\":\"https:\\\/\\\/aconteceunovale.com.br\\\/portal\\\/#website\"},\"primaryImageOfPage\":{\"@id\":\"https:\\\/\\\/aconteceunovale.com.br\\\/portal\\\/?p=168133#primaryimage\"},\"image\":{\"@id\":\"https:\\\/\\\/aconteceunovale.com.br\\\/portal\\\/?p=168133#primaryimage\"},\"thumbnailUrl\":\"https:\\\/\\\/aconteceunovale.com.br\\\/portal\\\/wp-content\\\/uploads\\\/2020\\\/09\\\/prorrogacao_auxilio.jpg\",\"datePublished\":\"2020-09-01T14:38:40+00:00\",\"dateModified\":\"2020-09-01T14:39:19+00:00\",\"author\":{\"@id\":\"https:\\\/\\\/aconteceunovale.com.br\\\/portal\\\/#\\\/schema\\\/person\\\/7d2f26d1483f8a63de73da1ee0754d35\"},\"breadcrumb\":{\"@id\":\"https:\\\/\\\/aconteceunovale.com.br\\\/portal\\\/?p=168133#breadcrumb\"},\"inLanguage\":\"pt-BR\",\"potentialAction\":[{\"@type\":\"ReadAction\",\"target\":[\"https:\\\/\\\/aconteceunovale.com.br\\\/portal\\\/?p=168133\"]}]},{\"@type\":\"ImageObject\",\"inLanguage\":\"pt-BR\",\"@id\":\"https:\\\/\\\/aconteceunovale.com.br\\\/portal\\\/?p=168133#primaryimage\",\"url\":\"https:\\\/\\\/aconteceunovale.com.br\\\/portal\\\/wp-content\\\/uploads\\\/2020\\\/09\\\/prorrogacao_auxilio.jpg\",\"contentUrl\":\"https:\\\/\\\/aconteceunovale.com.br\\\/portal\\\/wp-content\\\/uploads\\\/2020\\\/09\\\/prorrogacao_auxilio.jpg\",\"width\":678,\"height\":406,\"caption\":\"(Bras\u00edlia - DF, 01\\\/09\\\/2020) Reuni\u00e3o com Luiz Eduardo Ramos, Ministro-Chefe da Secretaria de Governo da Preside\u0302ncia da Repu\u0301blica e Parlamentares. Foto: Marcos Corr\u00eaa\\\/PR\"},{\"@type\":\"BreadcrumbList\",\"@id\":\"https:\\\/\\\/aconteceunovale.com.br\\\/portal\\\/?p=168133#breadcrumb\",\"itemListElement\":[{\"@type\":\"ListItem\",\"position\":1,\"name\":\"In\u00edcio\",\"item\":\"https:\\\/\\\/aconteceunovale.com.br\\\/portal\\\/\"},{\"@type\":\"ListItem\",\"position\":2,\"name\":\"Governo federal prorroga aux\u00edlio emergencial at\u00e9 o fim do ano\"}]},{\"@type\":\"WebSite\",\"@id\":\"https:\\\/\\\/aconteceunovale.com.br\\\/portal\\\/#website\",\"url\":\"https:\\\/\\\/aconteceunovale.com.br\\\/portal\\\/\",\"name\":\"Aconteceu no Vale\",\"description\":\"Portal de Not\u00edcias\",\"potentialAction\":[{\"@type\":\"SearchAction\",\"target\":{\"@type\":\"EntryPoint\",\"urlTemplate\":\"https:\\\/\\\/aconteceunovale.com.br\\\/portal\\\/?s={search_term_string}\"},\"query-input\":{\"@type\":\"PropertyValueSpecification\",\"valueRequired\":true,\"valueName\":\"search_term_string\"}}],\"inLanguage\":\"pt-BR\"},{\"@type\":\"Person\",\"@id\":\"https:\\\/\\\/aconteceunovale.com.br\\\/portal\\\/#\\\/schema\\\/person\\\/7d2f26d1483f8a63de73da1ee0754d35\",\"name\":\"Reda\u00e7\u00e3o Aconteceu no Vale\",\"description\":\"Equipe de reportagem do Aconteceu no Vale, portal de not\u00edcias do Vale do Jequitinhonha, em Minas Gerais. Cobrimos as 51 cidades do Vale desde 2013. Sugest\u00f5es de pauta e pedidos de corre\u00e7\u00e3o: contato@aconteceunovale.com.br\",\"url\":\"https:\\\/\\\/aconteceunovale.com.br\\\/portal\\\/?author=4\"}]}<\/script>\n<!-- \/ Yoast SEO plugin. -->","yoast_head_json":{"title":"Governo federal prorroga aux\u00edlio emergencial at\u00e9 o fim do ano - Aconteceu no Vale","robots":{"index":"index","follow":"follow","max-snippet":"max-snippet:-1","max-image-preview":"max-image-preview:large","max-video-preview":"max-video-preview:-1"},"canonical":"https:\/\/aconteceunovale.com.br\/portal\/?p=168133","og_locale":"pt_BR","og_type":"article","og_title":"Governo federal prorroga aux\u00edlio emergencial at\u00e9 o fim do ano - Aconteceu no Vale","og_description":"O presidente Jair Bolsonaro anunciou hoje (1\/9\/2020) que o aux\u00edlio emergencial ser\u00e1 prorrogado em mais quatro parcelas de R$ 300. Ele se reuniu na manh\u00e3 desta ter\u00e7a-feira com ministros e parlamentares da base do governo, no Pal\u00e1cio da Alvorada, para alinhar as pr\u00f3ximas a\u00e7\u00f5es do governo na \u00e1rea econ\u00f4mica. O aux\u00edlio \u00e9 destinado aos trabalhadores [&hellip;]","og_url":"https:\/\/aconteceunovale.com.br\/portal\/?p=168133","og_site_name":"Aconteceu no Vale","article_publisher":"https:\/\/www.facebook.com\/aconteceunovale\/","article_published_time":"2020-09-01T14:38:40+00:00","article_modified_time":"2020-09-01T14:39:19+00:00","og_image":[{"width":678,"height":406,"url":"https:\/\/aconteceunovale.com.br\/portal\/wp-content\/uploads\/2020\/09\/prorrogacao_auxilio.jpg","type":"image\/jpeg"}],"author":"Reda\u00e7\u00e3o Aconteceu no Vale","twitter_card":"summary_large_image","twitter_creator":"@noticiadosvales","twitter_site":"@noticiadosvales","twitter_misc":{"Escrito por":"Reda\u00e7\u00e3o Aconteceu no Vale","Est. tempo de leitura":"3 minutos"},"schema":{"@context":"https:\/\/schema.org","@graph":[{"@type":"Article","@id":"https:\/\/aconteceunovale.com.br\/portal\/?p=168133#article","isPartOf":{"@id":"https:\/\/aconteceunovale.com.br\/portal\/?p=168133"},"author":{"name":"Reda\u00e7\u00e3o Aconteceu no Vale","@id":"https:\/\/aconteceunovale.com.br\/portal\/#\/schema\/person\/7d2f26d1483f8a63de73da1ee0754d35"},"headline":"Governo federal prorroga aux\u00edlio emergencial at\u00e9 o fim do ano","datePublished":"2020-09-01T14:38:40+00:00","dateModified":"2020-09-01T14:39:19+00:00","mainEntityOfPage":{"@id":"https:\/\/aconteceunovale.com.br\/portal\/?p=168133"},"wordCount":647,"commentCount":0,"image":{"@id":"https:\/\/aconteceunovale.com.br\/portal\/?p=168133#primaryimage"},"thumbnailUrl":"https:\/\/aconteceunovale.com.br\/portal\/wp-content\/uploads\/2020\/09\/prorrogacao_auxilio.jpg","keywords":["Aux\u00edlio de R$ 600","aux\u00edlio emergencial","Aux\u00edlio emergencial chega a 29 milh\u00f5es de domic\u00edlios","Aux\u00edlio emergencial de R$ 600","Aux\u00edlio emergencial de R$ 600 elevou padr\u00e3o de vida em 23 milh\u00f5es de domic\u00edlios","Aux\u00edlio emergencial para agricultor familiar","Aux\u00edlio para agricultor familiar","Benef\u00edcio do Aux\u00edlio emergencial de R$ 600","Bloqueio de contas da poupan\u00e7a social","Bloqueio do aux\u00edlio emergencial","Bolsonaro","Caixa bloqueia contas da poupan\u00e7a social","Caixa credita aux\u00edlio emergencial para 4 milh\u00f5es nascidos em agosto","Caixa credita aux\u00edlio emergencial para nascidos em junho","Caixa divulga orienta\u00e7\u00e3o para desbloqueio de contas","Caixa inicia amanh\u00e3 Ciclo 2 de pagamentos do aux\u00edlio emergencial","Caixa paga aux\u00edlio emergencial de R$ 600 a benefici\u00e1rios do Bolsa Fam\u00edlia","Caixa paga quarta parcela do aux\u00edlio emergencial a benefici\u00e1rios do Bolsa Fam\u00edlia","Caixa Tem","Caixa vai pagar aux\u00edlio emergencial de R$ 600 a 805 mil novos benefici\u00e1rios","Calend\u00e1rio para saque em dinheiro do aux\u00edlio emergencial","Calend\u00e1rio quarta parcela do aux\u00edlio emergencial","Calend\u00e1rio quinta parcela do aux\u00edlio emergencial","C\u00e2mara dos Deputados","C\u00e2mara dos Deputados aprova aux\u00edlio emergencial para agricultor familiar durante a pandemia","Confira o calend\u00e1rio para saque em dinheiro do aux\u00edlio emergencial de R$ 600","Desbloquear as contas digitais do aux\u00edlio emergencial","Desbloqueio Caixa Tem","Desbloqueio de contas Caixa Tem","destaque","Fraude no aux\u00edlio emergencial","Fraudes no aux\u00edlio emergencial","Governo Bolsonaro","Governo Federal","Governo federal prorroga aux\u00edlio emergencial at\u00e9 o fim do ano","Jair Bolsonaro","Mais de 700 mil receber\u00e3o amanh\u00e3 primeira parcela do auxilio emergencial","Mais quatro parcelas do aux\u00edlio emergencial","Minist\u00e9rio da Economia","Novas parcelas do Aux\u00edlio emergencial","Padr\u00e3o de vida Aux\u00edlio emergencial","Padr\u00e3o de vida Aux\u00edlio emergencial de R$ 600","Pagamento de mais parcelas do aux\u00edlio emergencial","Prorroga\u00e7\u00e3o do aux\u00edlio emergencial","Quarta parcela aux\u00edlio emergencial","Quinta parcela aux\u00edlio emergencial","Saiba como desbloquear as contas digitais do aux\u00edlio emergencial","Saque em dinheiro do aux\u00edlio emergencial","Veja os calend\u00e1rios dos novos pagamentos do aux\u00edlio emergencial de R$ 600"],"articleSection":["Brasil","Pol\u00edtica"],"inLanguage":"pt-BR","potentialAction":[{"@type":"CommentAction","name":"Comment","target":["https:\/\/aconteceunovale.com.br\/portal\/?p=168133#respond"]}]},{"@type":"WebPage","@id":"https:\/\/aconteceunovale.com.br\/portal\/?p=168133","url":"https:\/\/aconteceunovale.com.br\/portal\/?p=168133","name":"Governo federal prorroga aux\u00edlio emergencial at\u00e9 o fim do ano - Aconteceu no Vale","isPartOf":{"@id":"https:\/\/aconteceunovale.com.br\/portal\/#website"},"primaryImageOfPage":{"@id":"https:\/\/aconteceunovale.com.br\/portal\/?p=168133#primaryimage"},"image":{"@id":"https:\/\/aconteceunovale.com.br\/portal\/?p=168133#primaryimage"},"thumbnailUrl":"https:\/\/aconteceunovale.com.br\/portal\/wp-content\/uploads\/2020\/09\/prorrogacao_auxilio.jpg","datePublished":"2020-09-01T14:38:40+00:00","dateModified":"2020-09-01T14:39:19+00:00","author":{"@id":"https:\/\/aconteceunovale.com.br\/portal\/#\/schema\/person\/7d2f26d1483f8a63de73da1ee0754d35"},"breadcrumb":{"@id":"https:\/\/aconteceunovale.com.br\/portal\/?p=168133#breadcrumb"},"inLanguage":"pt-BR","potentialAction":[{"@type":"ReadAction","target":["https:\/\/aconteceunovale.com.br\/portal\/?p=168133"]}]},{"@type":"ImageObject","inLanguage":"pt-BR","@id":"https:\/\/aconteceunovale.com.br\/portal\/?p=168133#primaryimage","url":"https:\/\/aconteceunovale.com.br\/portal\/wp-content\/uploads\/2020\/09\/prorrogacao_auxilio.jpg","contentUrl":"https:\/\/aconteceunovale.com.br\/portal\/wp-content\/uploads\/2020\/09\/prorrogacao_auxilio.jpg","width":678,"height":406,"caption":"(Bras\u00edlia - DF, 01\/09\/2020) Reuni\u00e3o com Luiz Eduardo Ramos, Ministro-Chefe da Secretaria de Governo da Preside\u0302ncia da Repu\u0301blica e Parlamentares. Foto: Marcos Corr\u00eaa\/PR"},{"@type":"BreadcrumbList","@id":"https:\/\/aconteceunovale.com.br\/portal\/?p=168133#breadcrumb","itemListElement":[{"@type":"ListItem","position":1,"name":"In\u00edcio","item":"https:\/\/aconteceunovale.com.br\/portal\/"},{"@type":"ListItem","position":2,"name":"Governo federal prorroga aux\u00edlio emergencial at\u00e9 o fim do ano"}]},{"@type":"WebSite","@id":"https:\/\/aconteceunovale.com.br\/portal\/#website","url":"https:\/\/aconteceunovale.com.br\/portal\/","name":"Aconteceu no Vale","description":"Portal de Not\u00edcias","potentialAction":[{"@type":"SearchAction","target":{"@type":"EntryPoint","urlTemplate":"https:\/\/aconteceunovale.com.br\/portal\/?s={search_term_string}"},"query-input":{"@type":"PropertyValueSpecification","valueRequired":true,"valueName":"search_term_string"}}],"inLanguage":"pt-BR"},{"@type":"Person","@id":"https:\/\/aconteceunovale.com.br\/portal\/#\/schema\/person\/7d2f26d1483f8a63de73da1ee0754d35","name":"Reda\u00e7\u00e3o Aconteceu no Vale","description":"Equipe de reportagem do Aconteceu no Vale, portal de not\u00edcias do Vale do Jequitinhonha, em Minas Gerais. Cobrimos as 51 cidades do Vale desde 2013. Sugest\u00f5es de pauta e pedidos de corre\u00e7\u00e3o: contato@aconteceunovale.com.br","url":"https:\/\/aconteceunovale.com.br\/portal\/?author=4"}]}},"_links":{"self":[{"href":"https:\/\/aconteceunovale.com.br\/portal\/index.php?rest_route=\/wp\/v2\/posts\/168133","targetHints":{"allow":["GET"]}}],"collection":[{"href":"https:\/\/aconteceunovale.com.br\/portal\/index.php?rest_route=\/wp\/v2\/posts"}],"about":[{"href":"https:\/\/aconteceunovale.com.br\/portal\/index.php?rest_route=\/wp\/v2\/types\/post"}],"author":[{"embeddable":true,"href":"https:\/\/aconteceunovale.com.br\/portal\/index.php?rest_route=\/wp\/v2\/users\/4"}],"replies":[{"embeddable":true,"href":"https:\/\/aconteceunovale.com.br\/portal\/index.php?rest_route=%2Fwp%2Fv2%2Fcomments&post=168133"}],"version-history":[{"count":1,"href":"https:\/\/aconteceunovale.com.br\/portal\/index.php?rest_route=\/wp\/v2\/posts\/168133\/revisions"}],"predecessor-version":[{"id":168135,"href":"https:\/\/aconteceunovale.com.br\/portal\/index.php?rest_route=\/wp\/v2\/posts\/168133\/revisions\/168135"}],"wp:featuredmedia":[{"embeddable":true,"href":"https:\/\/aconteceunovale.com.br\/portal\/index.php?rest_route=\/wp\/v2\/media\/168134"}],"wp:attachment":[{"href":"https:\/\/aconteceunovale.com.br\/portal\/index.php?rest_route=%2Fwp%2Fv2%2Fmedia&parent=168133"}],"wp:term":[{"taxonomy":"category","embeddable":true,"href":"https:\/\/aconteceunovale.com.br\/portal\/index.php?rest_route=%2Fwp%2Fv2%2Fcategories&post=168133"},{"taxonomy":"post_tag","embeddable":true,"href":"https:\/\/aconteceunovale.com.br\/portal\/index.php?rest_route=%2Fwp%2Fv2%2Ftags&post=168133"}],"curies":[{"name":"wp","href":"https:\/\/api.w.org\/{rel}","templated":true}]}}