{"id":168043,"date":"2020-08-31T07:40:59","date_gmt":"2020-08-31T10:40:59","guid":{"rendered":"https:\/\/aconteceunovale.com.br\/portal\/?p=168043"},"modified":"2020-08-31T07:41:20","modified_gmt":"2020-08-31T10:41:20","slug":"caixa-credita-saque-emergencial-do-fgts-para-nascidos-em-setembro","status":"publish","type":"post","link":"https:\/\/aconteceunovale.com.br\/portal\/?p=168043","title":{"rendered":"Caixa credita saque emergencial do FGTS para nascidos em setembro"},"content":{"rendered":"\n<p class=\"wp-block-paragraph\">Cerca de 5 milh\u00f5es\u00a0trabalhadores nascidos em setembro come\u00e7am a receber\u00a0hoje\u00a0(31\/8\/2020) R$ 3,2 bilh\u00f5es em\u00a0cr\u00e9dito do saque emergencial do Fundo de Garantia do Tempo de Servi\u00e7o (FGTS) de at\u00e9 R$ 1.045. O pagamento ser\u00e1 feito por meio da conta poupan\u00e7a digital da Caixa Econ\u00f4mica Federal.<img decoding=\"async\" src=\"https:\/\/agenciabrasil.ebc.com.br\/ebc.png?id=1315122&amp;o=node\"><img decoding=\"async\" src=\"https:\/\/agenciabrasil.ebc.com.br\/ebc.gif?id=1315122&amp;o=node\"><\/p>\n\n\n\n<p class=\"wp-block-paragraph\">Apesar de a\u00a0<a rel=\"noreferrer noopener\" href=\"http:\/\/www.in.gov.br\/en\/web\/dou\/-\/medida-provisoria-n-946-de-7-de-abril-de-2020-251562794\" target=\"_blank\">Medida Provis\u00f3ria 946<\/a>, que instituiu o saque emergencial,\u00a0ter\u00a0perdido a validade, a Caixa manteve o\u00a0calend\u00e1rio de saques, com base no princ\u00edpio da seguran\u00e7a jur\u00eddica. Ao todo, o governo pretende injetar R$ 37,8 bilh\u00f5es na economia,\u00a0beneficiando cerca de 60 milh\u00f5es\u00a0de pessoas.<\/p>\n\n\n\n<p class=\"wp-block-paragraph\">Anunciado como instrumento de ajuda aos trabalhadores afetados pela pandemia do novo coronav\u00edrus, o saque emergencial permite a retirada de at\u00e9 R$ 1.045, considerando a soma dos saldos de todas as contas no FGTS. O valor abrange tanto as contas ativas quanto as inativas.<\/p>\n\n\n\n<p class=\"wp-block-paragraph\">Nesta fase, o dinheiro poder\u00e1 ser movimentado apenas por meio do aplicativo Caixa Tem. A ferramenta permite o pagamento de boletos (\u00e1gua, luz, telefone), compras com cart\u00e3o de d\u00e9bito virtual em&nbsp;sites&nbsp;e compras com c\u00f3digo QR (vers\u00e3o avan\u00e7ada do c\u00f3digo de barras) em maquininhas de cart\u00e3o de lojas parceiras, com d\u00e9bito instant\u00e2neo do saldo da poupan\u00e7a digital.<\/p>\n\n\n\n<h2 class=\"wp-block-heading\">Libera\u00e7\u00e3o para saque<\/h2>\n\n\n\n<p class=\"wp-block-paragraph\">O dinheiro s\u00f3 ser\u00e1 liberado para saque ou transfer\u00eancia para outra conta banc\u00e1ria a partir de 31&nbsp;de outubro, para os trabalhadores nascidos em setembro. O calend\u00e1rio de cr\u00e9dito na conta poupan\u00e7a digital e de saques foi estabelecido com base no m\u00eas de nascimento do trabalhador.<\/p>\n\n\n\n<p class=\"wp-block-paragraph\">At\u00e9 agora, a Caixa creditou o saque emergencial do FGTS para os trabalhadores nascidos&nbsp;de janeiro&nbsp;a agosto. Os benefici\u00e1rios nascidos em mar\u00e7o tiveram o dinheiro liberado para saque no \u00faltimo dia 22.<\/p>\n\n\n\n<p class=\"wp-block-paragraph\">O pagamento est\u00e1 sendo realizado conforme calend\u00e1rio a seguir:<\/p>\n\n\n\n<figure class=\"wp-block-table\"><table><thead><tr><th scope=\"col\">M\u00eas de nascimento<\/th><th class=\"has-text-align-center\" data-align=\"center\" scope=\"col\">Dia do cr\u00e9dito na conta poupan\u00e7a social digital<\/th><th class=\"has-text-align-center\" data-align=\"center\" scope=\"col\">data para saque em esp\u00e9cie<\/th><\/tr><\/thead><tbody><tr><td>janeiro<\/td><td class=\"has-text-align-center\" data-align=\"center\">29 de junho<\/td><td class=\"has-text-align-center\" data-align=\"center\">25 de julho<\/td><\/tr><tr><td>fevereiro<\/td><td class=\"has-text-align-center\" data-align=\"center\">06 de julho<\/td><td class=\"has-text-align-center\" data-align=\"center\">08 de agosto<\/td><\/tr><tr><td>mar\u00e7o<\/td><td class=\"has-text-align-center\" data-align=\"center\">13 de julho<\/td><td class=\"has-text-align-center\" data-align=\"center\">22 de agosto<\/td><\/tr><tr><td>abril<\/td><td class=\"has-text-align-center\" data-align=\"center\">20 de julho<\/td><td class=\"has-text-align-center\" data-align=\"center\">05 de setembro<\/td><\/tr><tr><td>maio<\/td><td class=\"has-text-align-center\" data-align=\"center\">27 de julho<\/td><td class=\"has-text-align-center\" data-align=\"center\">19 de setembro<\/td><\/tr><tr><td>junho<\/td><td class=\"has-text-align-center\" data-align=\"center\">03 de agosto<\/td><td class=\"has-text-align-center\" data-align=\"center\">03 de outubro<\/td><\/tr><tr><td>julho<\/td><td class=\"has-text-align-center\" data-align=\"center\">10 de agosto<\/td><td class=\"has-text-align-center\" data-align=\"center\">17 de outubro<\/td><\/tr><tr><td>agosto<\/td><td class=\"has-text-align-center\" data-align=\"center\">24 de agosto<\/td><td class=\"has-text-align-center\" data-align=\"center\">17 de outubro<\/td><\/tr><tr><td>setembro<\/td><td class=\"has-text-align-center\" data-align=\"center\">31 de agosto<\/td><td class=\"has-text-align-center\" data-align=\"center\">31 de outubro<\/td><\/tr><tr><td>outubro<\/td><td class=\"has-text-align-center\" data-align=\"center\">08 de setembro<\/td><td class=\"has-text-align-center\" data-align=\"center\">31 de outubro<\/td><\/tr><tr><td>novembro<\/td><td class=\"has-text-align-center\" data-align=\"center\">14 de setembro<\/td><td class=\"has-text-align-center\" data-align=\"center\">14 de novembro<\/td><\/tr><tr><td>dezembro<\/td><td class=\"has-text-align-center\" data-align=\"center\">21 de setembro<\/td><td class=\"has-text-align-center\" data-align=\"center\">14 de novembro<\/td><\/tr><\/tbody><\/table><\/figure>\n\n\n\n<h2 class=\"wp-block-heading\">Orienta\u00e7\u00f5es<\/h2>\n\n\n\n<p class=\"wp-block-paragraph\">A Caixa orienta os trabalhadores a verificar o valor do saque e a data do cr\u00e9dito nos canais de atendimento eletr\u00f4nico do banco: aplicativo FGTS,\u00a0<em>sit<\/em>e\u00a0<a rel=\"noreferrer noopener\" href=\"http:\/\/www.caixa.gov.br\/beneficios-trabalhador\/fgts\/Paginas\/default.aspx\" target=\"_blank\">fgts.caixa.gov.br<\/a>\u00a0e telefone 111 (op\u00e7\u00e3o 2). Caso o trabalhador tenha direito ao saque emergencial, mas n\u00e3o teve a conta poupan\u00e7a digital aberta automaticamente, dever\u00e1 acessar o aplicativo FGTS para complementar os dados e\u00a0receber o dinheiro.<br><br>O banco alerta que n\u00e3o envia mensagens com pedido de senhas, dados ou informa\u00e7\u00f5es pessoais. Tamb\u00e9m n\u00e3o envia\u00a0<em>links<\/em>\u00a0nem pede confirma\u00e7\u00e3o de dispositivo ou acesso \u00e0 conta por e-mail, SMS ou WhatsApp.<\/p>\n\n\n\n<h2 class=\"wp-block-heading\">Cancelamento do cr\u00e9dito autom\u00e1tico<\/h2>\n\n\n\n<p class=\"wp-block-paragraph\">O trabalhador poder\u00e1 indicar que n\u00e3o deseja receber o saque emergencial do FGTS at\u00e9 10 dias antes do in\u00edcio do seu calend\u00e1rio de cr\u00e9dito na conta poupan\u00e7a social digital, para que sua conta do FGTS n\u00e3o seja debitada.<\/p>\n\n\n\n<p class=\"wp-block-paragraph\">Caso o cr\u00e9dito dos valores tenha sido feito na poupan\u00e7a social digital do trabalhador e essa conta n\u00e3o seja movimentada at\u00e9\u00a030 de novembro\u00a0de 2020, os valores corrigidos ser\u00e3o retornados \u00e0 conta do FGTS.<\/p>\n\n\n\n<p class=\"has-white-color has-black-background-color has-text-color has-background wp-block-paragraph\">Quer saber as not\u00edcias do <strong>Aconteceu no Vale<\/strong> em primeira m\u00e3o? Siga-nos no Facebook <a rel=\"noreferrer noopener\" href=\"http:\/\/facebook.com\/aconteceunovale\" target=\"_blank\">@aconteceunovale<\/a>, Twitter <a rel=\"noreferrer noopener\" href=\"https:\/\/twitter.com\/noticiadosvales\" target=\"_blank\">@noticiadosvales<\/a> e Instagram <a rel=\"noreferrer noopener\" href=\"https:\/\/www.instagram.com\/aconteceunovale\" target=\"_blank\">@aconteceunovale<\/a>.<\/p>\n","protected":false},"excerpt":{"rendered":"<p>Cerca de 5 milh\u00f5es\u00a0trabalhadores nascidos em setembro come\u00e7am a receber\u00a0hoje\u00a0(31\/8\/2020) R$ 3,2 bilh\u00f5es em\u00a0cr\u00e9dito do saque emergencial do Fundo de Garantia do Tempo de Servi\u00e7o (FGTS) de at\u00e9 R$ 1.045. O pagamento ser\u00e1 feito por meio da conta poupan\u00e7a digital da Caixa Econ\u00f4mica Federal. Apesar de a\u00a0Medida Provis\u00f3ria 946, que instituiu o saque emergencial,\u00a0ter\u00a0perdido a [&hellip;]<\/p>\n","protected":false},"author":4,"featured_media":133149,"comment_status":"open","ping_status":"closed","sticky":false,"template":"","format":"standard","meta":{"amp_status":"","footnotes":""},"categories":[6,40236],"tags":[228059,227268,228597,214884,216498,44086,84212,219263,140166,76282,30677,88209,219269,219266,219303,131789,219268,219267],"class_list":["post-168043","post","type-post","status-publish","format-standard","has-post-thumbnail","hentry","category-br","category-empregos-2","tag-caixa-credita-saque-emergencial-do-fgts-para-nascidos-em-agosto","tag-caixa-credita-saque-emergencial-do-fgts-para-nascidos-em-julho","tag-caixa-credita-saque-emergencial-do-fgts-para-nascidos-em-setembro","tag-coronavirus","tag-covid-19","tag-fgts","tag-fundo-pis-pasep","tag-governo-acaba-com-o-pis-pasep","tag-pandemia","tag-pasep","tag-pis","tag-pispasep","tag-r-1-045-do-fgts","tag-saque-de-r-1-045-do-fgts","tag-saque-do-fgts-beneficiara-ate-60-milhoes-de-trabalhadores","tag-saque-fgts","tag-saque-temporario-de-r-1-045-do-fgts","tag-saque-temporario-do-fgts"],"yoast_head":"<!-- This site is optimized with the Yoast SEO plugin v28.3 - https:\/\/yoast.com\/product\/yoast-seo-wordpress\/ -->\n<title>Caixa credita saque emergencial do FGTS para nascidos em setembro - Aconteceu no Vale<\/title>\n<meta name=\"robots\" content=\"index, follow, max-snippet:-1, max-image-preview:large, max-video-preview:-1\" \/>\n<link rel=\"canonical\" href=\"https:\/\/aconteceunovale.com.br\/portal\/?p=168043\" \/>\n<meta property=\"og:locale\" content=\"pt_BR\" \/>\n<meta property=\"og:type\" content=\"article\" \/>\n<meta property=\"og:title\" content=\"Caixa credita saque emergencial do FGTS para nascidos em setembro - Aconteceu no Vale\" \/>\n<meta property=\"og:description\" content=\"Cerca de 5 milh\u00f5es\u00a0trabalhadores nascidos em setembro come\u00e7am a receber\u00a0hoje\u00a0(31\/8\/2020) R$ 3,2 bilh\u00f5es em\u00a0cr\u00e9dito do saque emergencial do Fundo de Garantia do Tempo de Servi\u00e7o (FGTS) de at\u00e9 R$ 1.045. O pagamento ser\u00e1 feito por meio da conta poupan\u00e7a digital da Caixa Econ\u00f4mica Federal. Apesar de a\u00a0Medida Provis\u00f3ria 946, que instituiu o saque emergencial,\u00a0ter\u00a0perdido a [&hellip;]\" \/>\n<meta property=\"og:url\" content=\"https:\/\/aconteceunovale.com.br\/portal\/?p=168043\" \/>\n<meta property=\"og:site_name\" content=\"Aconteceu no Vale\" \/>\n<meta property=\"article:publisher\" content=\"https:\/\/www.facebook.com\/aconteceunovale\/\" \/>\n<meta property=\"article:published_time\" content=\"2020-08-31T10:40:59+00:00\" \/>\n<meta property=\"article:modified_time\" content=\"2020-08-31T10:41:20+00:00\" \/>\n<meta property=\"og:image\" content=\"https:\/\/aconteceunovale.com.br\/portal\/wp-content\/uploads\/2018\/06\/ctps_dinheiro.png\" \/>\n\t<meta property=\"og:image:width\" content=\"600\" \/>\n\t<meta property=\"og:image:height\" content=\"314\" \/>\n\t<meta property=\"og:image:type\" content=\"image\/png\" \/>\n<meta name=\"author\" content=\"Reda\u00e7\u00e3o Aconteceu no Vale\" \/>\n<meta name=\"twitter:card\" content=\"summary_large_image\" \/>\n<meta name=\"twitter:creator\" content=\"@noticiadosvales\" \/>\n<meta name=\"twitter:site\" content=\"@noticiadosvales\" \/>\n<meta name=\"twitter:label1\" content=\"Escrito por\" \/>\n\t<meta name=\"twitter:data1\" content=\"Reda\u00e7\u00e3o Aconteceu no Vale\" \/>\n\t<meta name=\"twitter:label2\" content=\"Est. tempo de leitura\" \/>\n\t<meta name=\"twitter:data2\" content=\"3 minutos\" \/>\n<script type=\"application\/ld+json\" class=\"yoast-schema-graph\">{\"@context\":\"https:\\\/\\\/schema.org\",\"@graph\":[{\"@type\":\"Article\",\"@id\":\"https:\\\/\\\/aconteceunovale.com.br\\\/portal\\\/?p=168043#article\",\"isPartOf\":{\"@id\":\"https:\\\/\\\/aconteceunovale.com.br\\\/portal\\\/?p=168043\"},\"author\":{\"name\":\"Reda\u00e7\u00e3o Aconteceu no Vale\",\"@id\":\"https:\\\/\\\/aconteceunovale.com.br\\\/portal\\\/#\\\/schema\\\/person\\\/7d2f26d1483f8a63de73da1ee0754d35\"},\"headline\":\"Caixa credita saque emergencial do FGTS para nascidos em setembro\",\"datePublished\":\"2020-08-31T10:40:59+00:00\",\"dateModified\":\"2020-08-31T10:41:20+00:00\",\"mainEntityOfPage\":{\"@id\":\"https:\\\/\\\/aconteceunovale.com.br\\\/portal\\\/?p=168043\"},\"wordCount\":623,\"commentCount\":0,\"image\":{\"@id\":\"https:\\\/\\\/aconteceunovale.com.br\\\/portal\\\/?p=168043#primaryimage\"},\"thumbnailUrl\":\"https:\\\/\\\/aconteceunovale.com.br\\\/portal\\\/wp-content\\\/uploads\\\/2018\\\/06\\\/ctps_dinheiro.png\",\"keywords\":[\"Caixa credita saque emergencial do FGTS para nascidos em agosto\",\"Caixa credita saque emergencial do FGTS para nascidos em julho\",\"Caixa credita saque emergencial do FGTS para nascidos em setembro\",\"Coronav\u00edrus\",\"COVID-19\",\"FGTS\",\"Fundo Pis-Pasep\",\"Governo acaba com o PIS-Pasep\",\"pandemia\",\"Pasep\",\"PIS\",\"PIS\\\/Pasep\",\"R$ 1.045 do FGTS\",\"Saque de R$ 1.045 do FGTS\",\"Saque do FGTS beneficiar\u00e1 at\u00e9 60 milh\u00f5es de trabalhadores\",\"Saque FGTS\",\"Saque tempor\u00e1rio de R$ 1.045 do FGTS\",\"Saque tempor\u00e1rio do FGTS\"],\"articleSection\":[\"Brasil\",\"Empregos\"],\"inLanguage\":\"pt-BR\",\"potentialAction\":[{\"@type\":\"CommentAction\",\"name\":\"Comment\",\"target\":[\"https:\\\/\\\/aconteceunovale.com.br\\\/portal\\\/?p=168043#respond\"]}]},{\"@type\":\"WebPage\",\"@id\":\"https:\\\/\\\/aconteceunovale.com.br\\\/portal\\\/?p=168043\",\"url\":\"https:\\\/\\\/aconteceunovale.com.br\\\/portal\\\/?p=168043\",\"name\":\"Caixa credita saque emergencial do FGTS para nascidos em setembro - Aconteceu no Vale\",\"isPartOf\":{\"@id\":\"https:\\\/\\\/aconteceunovale.com.br\\\/portal\\\/#website\"},\"primaryImageOfPage\":{\"@id\":\"https:\\\/\\\/aconteceunovale.com.br\\\/portal\\\/?p=168043#primaryimage\"},\"image\":{\"@id\":\"https:\\\/\\\/aconteceunovale.com.br\\\/portal\\\/?p=168043#primaryimage\"},\"thumbnailUrl\":\"https:\\\/\\\/aconteceunovale.com.br\\\/portal\\\/wp-content\\\/uploads\\\/2018\\\/06\\\/ctps_dinheiro.png\",\"datePublished\":\"2020-08-31T10:40:59+00:00\",\"dateModified\":\"2020-08-31T10:41:20+00:00\",\"author\":{\"@id\":\"https:\\\/\\\/aconteceunovale.com.br\\\/portal\\\/#\\\/schema\\\/person\\\/7d2f26d1483f8a63de73da1ee0754d35\"},\"breadcrumb\":{\"@id\":\"https:\\\/\\\/aconteceunovale.com.br\\\/portal\\\/?p=168043#breadcrumb\"},\"inLanguage\":\"pt-BR\",\"potentialAction\":[{\"@type\":\"ReadAction\",\"target\":[\"https:\\\/\\\/aconteceunovale.com.br\\\/portal\\\/?p=168043\"]}]},{\"@type\":\"ImageObject\",\"inLanguage\":\"pt-BR\",\"@id\":\"https:\\\/\\\/aconteceunovale.com.br\\\/portal\\\/?p=168043#primaryimage\",\"url\":\"https:\\\/\\\/aconteceunovale.com.br\\\/portal\\\/wp-content\\\/uploads\\\/2018\\\/06\\\/ctps_dinheiro.png\",\"contentUrl\":\"https:\\\/\\\/aconteceunovale.com.br\\\/portal\\\/wp-content\\\/uploads\\\/2018\\\/06\\\/ctps_dinheiro.png\",\"width\":600,\"height\":314},{\"@type\":\"BreadcrumbList\",\"@id\":\"https:\\\/\\\/aconteceunovale.com.br\\\/portal\\\/?p=168043#breadcrumb\",\"itemListElement\":[{\"@type\":\"ListItem\",\"position\":1,\"name\":\"In\u00edcio\",\"item\":\"https:\\\/\\\/aconteceunovale.com.br\\\/portal\\\/\"},{\"@type\":\"ListItem\",\"position\":2,\"name\":\"Caixa credita saque emergencial do FGTS para nascidos em setembro\"}]},{\"@type\":\"WebSite\",\"@id\":\"https:\\\/\\\/aconteceunovale.com.br\\\/portal\\\/#website\",\"url\":\"https:\\\/\\\/aconteceunovale.com.br\\\/portal\\\/\",\"name\":\"Aconteceu no Vale\",\"description\":\"Portal de Not\u00edcias\",\"potentialAction\":[{\"@type\":\"SearchAction\",\"target\":{\"@type\":\"EntryPoint\",\"urlTemplate\":\"https:\\\/\\\/aconteceunovale.com.br\\\/portal\\\/?s={search_term_string}\"},\"query-input\":{\"@type\":\"PropertyValueSpecification\",\"valueRequired\":true,\"valueName\":\"search_term_string\"}}],\"inLanguage\":\"pt-BR\"},{\"@type\":\"Person\",\"@id\":\"https:\\\/\\\/aconteceunovale.com.br\\\/portal\\\/#\\\/schema\\\/person\\\/7d2f26d1483f8a63de73da1ee0754d35\",\"name\":\"Reda\u00e7\u00e3o Aconteceu no Vale\",\"description\":\"Equipe de reportagem do Aconteceu no Vale, portal de not\u00edcias do Vale do Jequitinhonha, em Minas Gerais. Cobrimos as 51 cidades do Vale desde 2013. Sugest\u00f5es de pauta e pedidos de corre\u00e7\u00e3o: contato@aconteceunovale.com.br\",\"url\":\"https:\\\/\\\/aconteceunovale.com.br\\\/portal\\\/?author=4\"}]}<\/script>\n<!-- \/ Yoast SEO plugin. -->","yoast_head_json":{"title":"Caixa credita saque emergencial do FGTS para nascidos em setembro - Aconteceu no Vale","robots":{"index":"index","follow":"follow","max-snippet":"max-snippet:-1","max-image-preview":"max-image-preview:large","max-video-preview":"max-video-preview:-1"},"canonical":"https:\/\/aconteceunovale.com.br\/portal\/?p=168043","og_locale":"pt_BR","og_type":"article","og_title":"Caixa credita saque emergencial do FGTS para nascidos em setembro - Aconteceu no Vale","og_description":"Cerca de 5 milh\u00f5es\u00a0trabalhadores nascidos em setembro come\u00e7am a receber\u00a0hoje\u00a0(31\/8\/2020) R$ 3,2 bilh\u00f5es em\u00a0cr\u00e9dito do saque emergencial do Fundo de Garantia do Tempo de Servi\u00e7o (FGTS) de at\u00e9 R$ 1.045. O pagamento ser\u00e1 feito por meio da conta poupan\u00e7a digital da Caixa Econ\u00f4mica Federal. Apesar de a\u00a0Medida Provis\u00f3ria 946, que instituiu o saque emergencial,\u00a0ter\u00a0perdido a [&hellip;]","og_url":"https:\/\/aconteceunovale.com.br\/portal\/?p=168043","og_site_name":"Aconteceu no Vale","article_publisher":"https:\/\/www.facebook.com\/aconteceunovale\/","article_published_time":"2020-08-31T10:40:59+00:00","article_modified_time":"2020-08-31T10:41:20+00:00","og_image":[{"width":600,"height":314,"url":"https:\/\/aconteceunovale.com.br\/portal\/wp-content\/uploads\/2018\/06\/ctps_dinheiro.png","type":"image\/png"}],"author":"Reda\u00e7\u00e3o Aconteceu no Vale","twitter_card":"summary_large_image","twitter_creator":"@noticiadosvales","twitter_site":"@noticiadosvales","twitter_misc":{"Escrito por":"Reda\u00e7\u00e3o Aconteceu no Vale","Est. tempo de leitura":"3 minutos"},"schema":{"@context":"https:\/\/schema.org","@graph":[{"@type":"Article","@id":"https:\/\/aconteceunovale.com.br\/portal\/?p=168043#article","isPartOf":{"@id":"https:\/\/aconteceunovale.com.br\/portal\/?p=168043"},"author":{"name":"Reda\u00e7\u00e3o Aconteceu no Vale","@id":"https:\/\/aconteceunovale.com.br\/portal\/#\/schema\/person\/7d2f26d1483f8a63de73da1ee0754d35"},"headline":"Caixa credita saque emergencial do FGTS para nascidos em setembro","datePublished":"2020-08-31T10:40:59+00:00","dateModified":"2020-08-31T10:41:20+00:00","mainEntityOfPage":{"@id":"https:\/\/aconteceunovale.com.br\/portal\/?p=168043"},"wordCount":623,"commentCount":0,"image":{"@id":"https:\/\/aconteceunovale.com.br\/portal\/?p=168043#primaryimage"},"thumbnailUrl":"https:\/\/aconteceunovale.com.br\/portal\/wp-content\/uploads\/2018\/06\/ctps_dinheiro.png","keywords":["Caixa credita saque emergencial do FGTS para nascidos em agosto","Caixa credita saque emergencial do FGTS para nascidos em julho","Caixa credita saque emergencial do FGTS para nascidos em setembro","Coronav\u00edrus","COVID-19","FGTS","Fundo Pis-Pasep","Governo acaba com o PIS-Pasep","pandemia","Pasep","PIS","PIS\/Pasep","R$ 1.045 do FGTS","Saque de R$ 1.045 do FGTS","Saque do FGTS beneficiar\u00e1 at\u00e9 60 milh\u00f5es de trabalhadores","Saque FGTS","Saque tempor\u00e1rio de R$ 1.045 do FGTS","Saque tempor\u00e1rio do FGTS"],"articleSection":["Brasil","Empregos"],"inLanguage":"pt-BR","potentialAction":[{"@type":"CommentAction","name":"Comment","target":["https:\/\/aconteceunovale.com.br\/portal\/?p=168043#respond"]}]},{"@type":"WebPage","@id":"https:\/\/aconteceunovale.com.br\/portal\/?p=168043","url":"https:\/\/aconteceunovale.com.br\/portal\/?p=168043","name":"Caixa credita saque emergencial do FGTS para nascidos em setembro - Aconteceu no Vale","isPartOf":{"@id":"https:\/\/aconteceunovale.com.br\/portal\/#website"},"primaryImageOfPage":{"@id":"https:\/\/aconteceunovale.com.br\/portal\/?p=168043#primaryimage"},"image":{"@id":"https:\/\/aconteceunovale.com.br\/portal\/?p=168043#primaryimage"},"thumbnailUrl":"https:\/\/aconteceunovale.com.br\/portal\/wp-content\/uploads\/2018\/06\/ctps_dinheiro.png","datePublished":"2020-08-31T10:40:59+00:00","dateModified":"2020-08-31T10:41:20+00:00","author":{"@id":"https:\/\/aconteceunovale.com.br\/portal\/#\/schema\/person\/7d2f26d1483f8a63de73da1ee0754d35"},"breadcrumb":{"@id":"https:\/\/aconteceunovale.com.br\/portal\/?p=168043#breadcrumb"},"inLanguage":"pt-BR","potentialAction":[{"@type":"ReadAction","target":["https:\/\/aconteceunovale.com.br\/portal\/?p=168043"]}]},{"@type":"ImageObject","inLanguage":"pt-BR","@id":"https:\/\/aconteceunovale.com.br\/portal\/?p=168043#primaryimage","url":"https:\/\/aconteceunovale.com.br\/portal\/wp-content\/uploads\/2018\/06\/ctps_dinheiro.png","contentUrl":"https:\/\/aconteceunovale.com.br\/portal\/wp-content\/uploads\/2018\/06\/ctps_dinheiro.png","width":600,"height":314},{"@type":"BreadcrumbList","@id":"https:\/\/aconteceunovale.com.br\/portal\/?p=168043#breadcrumb","itemListElement":[{"@type":"ListItem","position":1,"name":"In\u00edcio","item":"https:\/\/aconteceunovale.com.br\/portal\/"},{"@type":"ListItem","position":2,"name":"Caixa credita saque emergencial do FGTS para nascidos em setembro"}]},{"@type":"WebSite","@id":"https:\/\/aconteceunovale.com.br\/portal\/#website","url":"https:\/\/aconteceunovale.com.br\/portal\/","name":"Aconteceu no Vale","description":"Portal de Not\u00edcias","potentialAction":[{"@type":"SearchAction","target":{"@type":"EntryPoint","urlTemplate":"https:\/\/aconteceunovale.com.br\/portal\/?s={search_term_string}"},"query-input":{"@type":"PropertyValueSpecification","valueRequired":true,"valueName":"search_term_string"}}],"inLanguage":"pt-BR"},{"@type":"Person","@id":"https:\/\/aconteceunovale.com.br\/portal\/#\/schema\/person\/7d2f26d1483f8a63de73da1ee0754d35","name":"Reda\u00e7\u00e3o Aconteceu no Vale","description":"Equipe de reportagem do Aconteceu no Vale, portal de not\u00edcias do Vale do Jequitinhonha, em Minas Gerais. Cobrimos as 51 cidades do Vale desde 2013. Sugest\u00f5es de pauta e pedidos de corre\u00e7\u00e3o: contato@aconteceunovale.com.br","url":"https:\/\/aconteceunovale.com.br\/portal\/?author=4"}]}},"_links":{"self":[{"href":"https:\/\/aconteceunovale.com.br\/portal\/index.php?rest_route=\/wp\/v2\/posts\/168043","targetHints":{"allow":["GET"]}}],"collection":[{"href":"https:\/\/aconteceunovale.com.br\/portal\/index.php?rest_route=\/wp\/v2\/posts"}],"about":[{"href":"https:\/\/aconteceunovale.com.br\/portal\/index.php?rest_route=\/wp\/v2\/types\/post"}],"author":[{"embeddable":true,"href":"https:\/\/aconteceunovale.com.br\/portal\/index.php?rest_route=\/wp\/v2\/users\/4"}],"replies":[{"embeddable":true,"href":"https:\/\/aconteceunovale.com.br\/portal\/index.php?rest_route=%2Fwp%2Fv2%2Fcomments&post=168043"}],"version-history":[{"count":1,"href":"https:\/\/aconteceunovale.com.br\/portal\/index.php?rest_route=\/wp\/v2\/posts\/168043\/revisions"}],"predecessor-version":[{"id":168044,"href":"https:\/\/aconteceunovale.com.br\/portal\/index.php?rest_route=\/wp\/v2\/posts\/168043\/revisions\/168044"}],"wp:featuredmedia":[{"embeddable":true,"href":"https:\/\/aconteceunovale.com.br\/portal\/index.php?rest_route=\/wp\/v2\/media\/133149"}],"wp:attachment":[{"href":"https:\/\/aconteceunovale.com.br\/portal\/index.php?rest_route=%2Fwp%2Fv2%2Fmedia&parent=168043"}],"wp:term":[{"taxonomy":"category","embeddable":true,"href":"https:\/\/aconteceunovale.com.br\/portal\/index.php?rest_route=%2Fwp%2Fv2%2Fcategories&post=168043"},{"taxonomy":"post_tag","embeddable":true,"href":"https:\/\/aconteceunovale.com.br\/portal\/index.php?rest_route=%2Fwp%2Fv2%2Ftags&post=168043"}],"curies":[{"name":"wp","href":"https:\/\/api.w.org\/{rel}","templated":true}]}}