{"id":168041,"date":"2020-08-31T07:37:37","date_gmt":"2020-08-31T10:37:37","guid":{"rendered":"https:\/\/aconteceunovale.com.br\/portal\/?p=168041"},"modified":"2020-08-31T07:37:49","modified_gmt":"2020-08-31T10:37:49","slug":"atendimentos-hospitalares-a-ciclistas-atropelados-cresceu-57-nos-ultimos-dez-anos","status":"publish","type":"post","link":"https:\/\/aconteceunovale.com.br\/portal\/?p=168041","title":{"rendered":"Atendimentos hospitalares a ciclistas atropelados cresceu 57% nos \u00faltimos dez anos"},"content":{"rendered":"\n<p class=\"wp-block-paragraph\">O n\u00famero de atendimentos hospitalares a ciclistas atropelados cresceu 57% entre 2010 e 2019. Passaram de 1.024, em 2010, para 1.610, em 2019. Em 2020, at\u00e9 junho, j\u00e1 foram&nbsp;pelo menos 690 interna\u00e7\u00f5es registradas no Sistema \u00danico de Sa\u00fade (SUS). Nos \u00faltimos dez anos foram quase 13 mil interna\u00e7\u00f5es e R$ 15 milh\u00f5es a cada ano no tratamento de ciclistas que colidiram com motocicletas, autom\u00f3veis, \u00f4nibus, caminh\u00f5es e outros ve\u00edculos de transporte.<img decoding=\"async\" src=\"https:\/\/agenciabrasil.ebc.com.br\/ebc.png?id=1386505&amp;o=node\"><img decoding=\"async\" src=\"https:\/\/agenciabrasil.ebc.com.br\/ebc.gif?id=1386505&amp;o=node\"><\/p>\n\n\n\n<p class=\"wp-block-paragraph\">Esse levantamento foi feito pela Associa\u00e7\u00e3o Brasileira de Medicina de Tr\u00e1fego (Abramet), lan\u00e7ado\u00a0hoje\u00a0(31\/8\/2020). Alguns estados se destacam. S\u00e3o Paulo, o mais populoso do pa\u00eds, teve 4.546 interna\u00e7\u00f5es nos \u00faltimos dez anos, liderando as estat\u00edsticas. Minas Gerais aparece em segundo, com 1.379 interna\u00e7\u00f5es, e o Paran\u00e1 em terceiro, com 892 interna\u00e7\u00f5es nesse per\u00edodo.<\/p>\n\n\n\n<p class=\"wp-block-paragraph\">Os n\u00fameros que revelam o aumento de casos se mostram mais presentes em estados como Rio Grande do Norte e Pernambuco. No primeiro, houve uma varia\u00e7\u00e3o positiva de 1.250% no n\u00famero de interna\u00e7\u00f5es entre 2010 e 2020, e no segundo a varia\u00e7\u00e3o foi de 678%. Minas Gerais tamb\u00e9m se destaca, com 400% de varia\u00e7\u00e3o positiva nos \u00faltimos dez anos.<\/p>\n\n\n\n<p class=\"wp-block-paragraph\">O mesmo estudo mostra que, entre 2010 e&nbsp;2019, 13.718&nbsp;ciclistas morreram no tr\u00e2nsito ap\u00f3s se envolverem em algum acidente, 60% deles em atropelamentos.<\/p>\n\n\n\n<p class=\"wp-block-paragraph\">Nem o isolamento social, aplicado no pa\u00eds em virtude da pandemia do novo coronav\u00edrus, freou o n\u00famero de acidentes. Na compara\u00e7\u00e3o com o mesmo per\u00edodo de 2019, as interna\u00e7\u00f5es tiveram baixa de apenas 13%. \u201cIsso pode estar associado ao aumento de velocidade e \u00e0 imprud\u00eancia, impulsionadas por este momento de menor fiscaliza\u00e7\u00e3o\u201d, avalia Carlos Eid, coordenador do Departamento de Atendimento Pr\u00e9-Hospitalar da Abramet.<\/p>\n\n\n\n<p class=\"wp-block-paragraph\">De acordo com Eid, o&nbsp;aumento no n\u00famero de acidentes&nbsp;e consequentes atendimentos m\u00e9dicos&nbsp;s\u00e3o causados&nbsp;pelo&nbsp;maior uso da bicicleta no dia a dia, em detrimento de outros ve\u00edculos. \u201cDiversos fatores estimulam essa migra\u00e7\u00e3o, como o excesso de congestionamento nos grandes centros, o pre\u00e7o do combust\u00edvel e o custo m\u00f3dico do ve\u00edculo. Por isso, a bicicleta tornou-se op\u00e7\u00e3o competitiva de transporte, o que exige ainda mais nossa aten\u00e7\u00e3o\u201d.<\/p>\n\n\n\n<p class=\"wp-block-paragraph\">Em 2018, o presidente da Rep\u00fablica, Michel Temer, sancionou o Programa Bicicleta Brasil, que visa a estimular a&nbsp;constru\u00e7\u00e3o de ciclovias, ciclofaixas, biciclet\u00e1rios e a&nbsp;oferecer&nbsp;pontos de aluguel de bicicletas. O programa, no entanto, ainda depende de regulamenta\u00e7\u00e3o.&nbsp;<\/p>\n\n\n\n<p class=\"wp-block-paragraph\">Para o presidente da Abramet, Antonio Meira J\u00fanior, as cidades n\u00e3o t\u00eam acompanhado o crescimento da demanda e n\u00e3o t\u00eam investido em infraestrutura suficiente. \u201c\u00c9 preciso reconhecer que, ao longo dos \u00faltimos anos, houve melhorias na estrutura de algumas cidades, sobretudo em grandes capitais como Salvador, Rio\u00a0de Janeiro\u00a0e S\u00e3o Paulo. No entanto, essas mudan\u00e7as n\u00e3o acompanharam a crescente demanda de pessoas que utilizam as bicicletas como meio de transporte, esporte ou lazer\u201d.<\/p>\n\n\n\n<p class=\"has-white-color has-black-background-color has-text-color has-background wp-block-paragraph\">Quer saber as not\u00edcias do <strong>Aconteceu no Vale<\/strong> em primeira m\u00e3o? Siga-nos no Facebook <a rel=\"noreferrer noopener\" href=\"http:\/\/facebook.com\/aconteceunovale\" target=\"_blank\">@aconteceunovale<\/a>, Twitter <a rel=\"noreferrer noopener\" href=\"https:\/\/twitter.com\/noticiadosvales\" target=\"_blank\">@noticiadosvales<\/a> e Instagram <a rel=\"noreferrer noopener\" href=\"https:\/\/www.instagram.com\/aconteceunovale\" target=\"_blank\">@aconteceunovale<\/a>.<\/p>\n","protected":false},"excerpt":{"rendered":"<p>O n\u00famero de atendimentos hospitalares a ciclistas atropelados cresceu 57% entre 2010 e 2019. Passaram de 1.024, em 2010, para 1.610, em 2019. Em 2020, at\u00e9 junho, j\u00e1 foram&nbsp;pelo menos 690 interna\u00e7\u00f5es registradas no Sistema \u00danico de Sa\u00fade (SUS). Nos \u00faltimos dez anos foram quase 13 mil interna\u00e7\u00f5es e R$ 15 milh\u00f5es a cada ano [&hellip;]<\/p>\n","protected":false},"author":4,"featured_media":153483,"comment_status":"open","ping_status":"closed","sticky":false,"template":"","format":"standard","meta":{"amp_status":"","footnotes":""},"categories":[6,40242],"tags":[216507,228592,228596,228591,228594,228595,228593,25308,28873],"class_list":["post-168041","post","type-post","status-publish","format-standard","has-post-thumbnail","hentry","category-br","category-saude-2","tag-abramet","tag-acidente-com-ciclista","tag-antonio-meira-junior","tag-atendimentos-hospitalares-a-ciclistas-atropelados-cresceu-57-nos-ultimos-dez-anos","tag-atropelamento-de-ciclista","tag-carlos-eid","tag-ciclista-atropelado","tag-sistema-unico-de-saude","tag-sus"],"yoast_head":"<!-- This site is optimized with the Yoast SEO plugin v28.3 - https:\/\/yoast.com\/product\/yoast-seo-wordpress\/ -->\n<title>Atendimentos hospitalares a ciclistas atropelados cresceu 57% nos \u00faltimos dez anos - Aconteceu no Vale<\/title>\n<meta name=\"robots\" content=\"index, follow, max-snippet:-1, max-image-preview:large, max-video-preview:-1\" \/>\n<link rel=\"canonical\" href=\"https:\/\/aconteceunovale.com.br\/portal\/?p=168041\" \/>\n<meta property=\"og:locale\" content=\"pt_BR\" \/>\n<meta property=\"og:type\" content=\"article\" \/>\n<meta property=\"og:title\" content=\"Atendimentos hospitalares a ciclistas atropelados cresceu 57% nos \u00faltimos dez anos - Aconteceu no Vale\" \/>\n<meta property=\"og:description\" content=\"O n\u00famero de atendimentos hospitalares a ciclistas atropelados cresceu 57% entre 2010 e 2019. Passaram de 1.024, em 2010, para 1.610, em 2019. Em 2020, at\u00e9 junho, j\u00e1 foram&nbsp;pelo menos 690 interna\u00e7\u00f5es registradas no Sistema \u00danico de Sa\u00fade (SUS). Nos \u00faltimos dez anos foram quase 13 mil interna\u00e7\u00f5es e R$ 15 milh\u00f5es a cada ano [&hellip;]\" \/>\n<meta property=\"og:url\" content=\"https:\/\/aconteceunovale.com.br\/portal\/?p=168041\" \/>\n<meta property=\"og:site_name\" content=\"Aconteceu no Vale\" \/>\n<meta property=\"article:publisher\" content=\"https:\/\/www.facebook.com\/aconteceunovale\/\" \/>\n<meta property=\"article:published_time\" content=\"2020-08-31T10:37:37+00:00\" \/>\n<meta property=\"article:modified_time\" content=\"2020-08-31T10:37:49+00:00\" \/>\n<meta property=\"og:image\" content=\"https:\/\/aconteceunovale.com.br\/portal\/wp-content\/uploads\/2019\/10\/ciclista_atropelado.jpg\" \/>\n\t<meta property=\"og:image:width\" content=\"675\" \/>\n\t<meta property=\"og:image:height\" content=\"448\" \/>\n\t<meta property=\"og:image:type\" content=\"image\/jpeg\" \/>\n<meta name=\"author\" content=\"Reda\u00e7\u00e3o Aconteceu no Vale\" \/>\n<meta name=\"twitter:card\" content=\"summary_large_image\" \/>\n<meta name=\"twitter:creator\" content=\"@noticiadosvales\" \/>\n<meta name=\"twitter:site\" content=\"@noticiadosvales\" \/>\n<meta name=\"twitter:label1\" content=\"Escrito por\" \/>\n\t<meta name=\"twitter:data1\" content=\"Reda\u00e7\u00e3o Aconteceu no Vale\" \/>\n\t<meta name=\"twitter:label2\" content=\"Est. tempo de leitura\" \/>\n\t<meta name=\"twitter:data2\" content=\"3 minutos\" \/>\n<script type=\"application\/ld+json\" class=\"yoast-schema-graph\">{\"@context\":\"https:\\\/\\\/schema.org\",\"@graph\":[{\"@type\":\"Article\",\"@id\":\"https:\\\/\\\/aconteceunovale.com.br\\\/portal\\\/?p=168041#article\",\"isPartOf\":{\"@id\":\"https:\\\/\\\/aconteceunovale.com.br\\\/portal\\\/?p=168041\"},\"author\":{\"name\":\"Reda\u00e7\u00e3o Aconteceu no Vale\",\"@id\":\"https:\\\/\\\/aconteceunovale.com.br\\\/portal\\\/#\\\/schema\\\/person\\\/7d2f26d1483f8a63de73da1ee0754d35\"},\"headline\":\"Atendimentos hospitalares a ciclistas atropelados cresceu 57% nos \u00faltimos dez anos\",\"datePublished\":\"2020-08-31T10:37:37+00:00\",\"dateModified\":\"2020-08-31T10:37:49+00:00\",\"mainEntityOfPage\":{\"@id\":\"https:\\\/\\\/aconteceunovale.com.br\\\/portal\\\/?p=168041\"},\"wordCount\":528,\"commentCount\":0,\"image\":{\"@id\":\"https:\\\/\\\/aconteceunovale.com.br\\\/portal\\\/?p=168041#primaryimage\"},\"thumbnailUrl\":\"https:\\\/\\\/aconteceunovale.com.br\\\/portal\\\/wp-content\\\/uploads\\\/2019\\\/10\\\/ciclista_atropelado.jpg\",\"keywords\":[\"Abramet\",\"Acidente com ciclista\",\"Antonio Meira J\u00fanior\",\"Atendimentos hospitalares a ciclistas atropelados cresceu 57% nos \u00faltimos dez anos\",\"Atropelamento de ciclista\",\"Carlos Eid\",\"Ciclista atropelado\",\"Sistema \u00danico de Sa\u00fade\",\"SUS\"],\"articleSection\":[\"Brasil\",\"Sa\u00fade\"],\"inLanguage\":\"pt-BR\",\"potentialAction\":[{\"@type\":\"CommentAction\",\"name\":\"Comment\",\"target\":[\"https:\\\/\\\/aconteceunovale.com.br\\\/portal\\\/?p=168041#respond\"]}]},{\"@type\":\"WebPage\",\"@id\":\"https:\\\/\\\/aconteceunovale.com.br\\\/portal\\\/?p=168041\",\"url\":\"https:\\\/\\\/aconteceunovale.com.br\\\/portal\\\/?p=168041\",\"name\":\"Atendimentos hospitalares a ciclistas atropelados cresceu 57% nos \u00faltimos dez anos - Aconteceu no Vale\",\"isPartOf\":{\"@id\":\"https:\\\/\\\/aconteceunovale.com.br\\\/portal\\\/#website\"},\"primaryImageOfPage\":{\"@id\":\"https:\\\/\\\/aconteceunovale.com.br\\\/portal\\\/?p=168041#primaryimage\"},\"image\":{\"@id\":\"https:\\\/\\\/aconteceunovale.com.br\\\/portal\\\/?p=168041#primaryimage\"},\"thumbnailUrl\":\"https:\\\/\\\/aconteceunovale.com.br\\\/portal\\\/wp-content\\\/uploads\\\/2019\\\/10\\\/ciclista_atropelado.jpg\",\"datePublished\":\"2020-08-31T10:37:37+00:00\",\"dateModified\":\"2020-08-31T10:37:49+00:00\",\"author\":{\"@id\":\"https:\\\/\\\/aconteceunovale.com.br\\\/portal\\\/#\\\/schema\\\/person\\\/7d2f26d1483f8a63de73da1ee0754d35\"},\"breadcrumb\":{\"@id\":\"https:\\\/\\\/aconteceunovale.com.br\\\/portal\\\/?p=168041#breadcrumb\"},\"inLanguage\":\"pt-BR\",\"potentialAction\":[{\"@type\":\"ReadAction\",\"target\":[\"https:\\\/\\\/aconteceunovale.com.br\\\/portal\\\/?p=168041\"]}]},{\"@type\":\"ImageObject\",\"inLanguage\":\"pt-BR\",\"@id\":\"https:\\\/\\\/aconteceunovale.com.br\\\/portal\\\/?p=168041#primaryimage\",\"url\":\"https:\\\/\\\/aconteceunovale.com.br\\\/portal\\\/wp-content\\\/uploads\\\/2019\\\/10\\\/ciclista_atropelado.jpg\",\"contentUrl\":\"https:\\\/\\\/aconteceunovale.com.br\\\/portal\\\/wp-content\\\/uploads\\\/2019\\\/10\\\/ciclista_atropelado.jpg\",\"width\":675,\"height\":448},{\"@type\":\"BreadcrumbList\",\"@id\":\"https:\\\/\\\/aconteceunovale.com.br\\\/portal\\\/?p=168041#breadcrumb\",\"itemListElement\":[{\"@type\":\"ListItem\",\"position\":1,\"name\":\"In\u00edcio\",\"item\":\"https:\\\/\\\/aconteceunovale.com.br\\\/portal\\\/\"},{\"@type\":\"ListItem\",\"position\":2,\"name\":\"Atendimentos hospitalares a ciclistas atropelados cresceu 57% nos \u00faltimos dez anos\"}]},{\"@type\":\"WebSite\",\"@id\":\"https:\\\/\\\/aconteceunovale.com.br\\\/portal\\\/#website\",\"url\":\"https:\\\/\\\/aconteceunovale.com.br\\\/portal\\\/\",\"name\":\"Aconteceu no Vale\",\"description\":\"Portal de Not\u00edcias\",\"potentialAction\":[{\"@type\":\"SearchAction\",\"target\":{\"@type\":\"EntryPoint\",\"urlTemplate\":\"https:\\\/\\\/aconteceunovale.com.br\\\/portal\\\/?s={search_term_string}\"},\"query-input\":{\"@type\":\"PropertyValueSpecification\",\"valueRequired\":true,\"valueName\":\"search_term_string\"}}],\"inLanguage\":\"pt-BR\"},{\"@type\":\"Person\",\"@id\":\"https:\\\/\\\/aconteceunovale.com.br\\\/portal\\\/#\\\/schema\\\/person\\\/7d2f26d1483f8a63de73da1ee0754d35\",\"name\":\"Reda\u00e7\u00e3o Aconteceu no Vale\",\"description\":\"Equipe de reportagem do Aconteceu no Vale, portal de not\u00edcias do Vale do Jequitinhonha, em Minas Gerais. Cobrimos as 51 cidades do Vale desde 2013. Sugest\u00f5es de pauta e pedidos de corre\u00e7\u00e3o: contato@aconteceunovale.com.br\",\"url\":\"https:\\\/\\\/aconteceunovale.com.br\\\/portal\\\/?author=4\"}]}<\/script>\n<!-- \/ Yoast SEO plugin. -->","yoast_head_json":{"title":"Atendimentos hospitalares a ciclistas atropelados cresceu 57% nos \u00faltimos dez anos - Aconteceu no Vale","robots":{"index":"index","follow":"follow","max-snippet":"max-snippet:-1","max-image-preview":"max-image-preview:large","max-video-preview":"max-video-preview:-1"},"canonical":"https:\/\/aconteceunovale.com.br\/portal\/?p=168041","og_locale":"pt_BR","og_type":"article","og_title":"Atendimentos hospitalares a ciclistas atropelados cresceu 57% nos \u00faltimos dez anos - Aconteceu no Vale","og_description":"O n\u00famero de atendimentos hospitalares a ciclistas atropelados cresceu 57% entre 2010 e 2019. Passaram de 1.024, em 2010, para 1.610, em 2019. Em 2020, at\u00e9 junho, j\u00e1 foram&nbsp;pelo menos 690 interna\u00e7\u00f5es registradas no Sistema \u00danico de Sa\u00fade (SUS). Nos \u00faltimos dez anos foram quase 13 mil interna\u00e7\u00f5es e R$ 15 milh\u00f5es a cada ano [&hellip;]","og_url":"https:\/\/aconteceunovale.com.br\/portal\/?p=168041","og_site_name":"Aconteceu no Vale","article_publisher":"https:\/\/www.facebook.com\/aconteceunovale\/","article_published_time":"2020-08-31T10:37:37+00:00","article_modified_time":"2020-08-31T10:37:49+00:00","og_image":[{"width":675,"height":448,"url":"https:\/\/aconteceunovale.com.br\/portal\/wp-content\/uploads\/2019\/10\/ciclista_atropelado.jpg","type":"image\/jpeg"}],"author":"Reda\u00e7\u00e3o Aconteceu no Vale","twitter_card":"summary_large_image","twitter_creator":"@noticiadosvales","twitter_site":"@noticiadosvales","twitter_misc":{"Escrito por":"Reda\u00e7\u00e3o Aconteceu no Vale","Est. tempo de leitura":"3 minutos"},"schema":{"@context":"https:\/\/schema.org","@graph":[{"@type":"Article","@id":"https:\/\/aconteceunovale.com.br\/portal\/?p=168041#article","isPartOf":{"@id":"https:\/\/aconteceunovale.com.br\/portal\/?p=168041"},"author":{"name":"Reda\u00e7\u00e3o Aconteceu no Vale","@id":"https:\/\/aconteceunovale.com.br\/portal\/#\/schema\/person\/7d2f26d1483f8a63de73da1ee0754d35"},"headline":"Atendimentos hospitalares a ciclistas atropelados cresceu 57% nos \u00faltimos dez anos","datePublished":"2020-08-31T10:37:37+00:00","dateModified":"2020-08-31T10:37:49+00:00","mainEntityOfPage":{"@id":"https:\/\/aconteceunovale.com.br\/portal\/?p=168041"},"wordCount":528,"commentCount":0,"image":{"@id":"https:\/\/aconteceunovale.com.br\/portal\/?p=168041#primaryimage"},"thumbnailUrl":"https:\/\/aconteceunovale.com.br\/portal\/wp-content\/uploads\/2019\/10\/ciclista_atropelado.jpg","keywords":["Abramet","Acidente com ciclista","Antonio Meira J\u00fanior","Atendimentos hospitalares a ciclistas atropelados cresceu 57% nos \u00faltimos dez anos","Atropelamento de ciclista","Carlos Eid","Ciclista atropelado","Sistema \u00danico de Sa\u00fade","SUS"],"articleSection":["Brasil","Sa\u00fade"],"inLanguage":"pt-BR","potentialAction":[{"@type":"CommentAction","name":"Comment","target":["https:\/\/aconteceunovale.com.br\/portal\/?p=168041#respond"]}]},{"@type":"WebPage","@id":"https:\/\/aconteceunovale.com.br\/portal\/?p=168041","url":"https:\/\/aconteceunovale.com.br\/portal\/?p=168041","name":"Atendimentos hospitalares a ciclistas atropelados cresceu 57% nos \u00faltimos dez anos - Aconteceu no Vale","isPartOf":{"@id":"https:\/\/aconteceunovale.com.br\/portal\/#website"},"primaryImageOfPage":{"@id":"https:\/\/aconteceunovale.com.br\/portal\/?p=168041#primaryimage"},"image":{"@id":"https:\/\/aconteceunovale.com.br\/portal\/?p=168041#primaryimage"},"thumbnailUrl":"https:\/\/aconteceunovale.com.br\/portal\/wp-content\/uploads\/2019\/10\/ciclista_atropelado.jpg","datePublished":"2020-08-31T10:37:37+00:00","dateModified":"2020-08-31T10:37:49+00:00","author":{"@id":"https:\/\/aconteceunovale.com.br\/portal\/#\/schema\/person\/7d2f26d1483f8a63de73da1ee0754d35"},"breadcrumb":{"@id":"https:\/\/aconteceunovale.com.br\/portal\/?p=168041#breadcrumb"},"inLanguage":"pt-BR","potentialAction":[{"@type":"ReadAction","target":["https:\/\/aconteceunovale.com.br\/portal\/?p=168041"]}]},{"@type":"ImageObject","inLanguage":"pt-BR","@id":"https:\/\/aconteceunovale.com.br\/portal\/?p=168041#primaryimage","url":"https:\/\/aconteceunovale.com.br\/portal\/wp-content\/uploads\/2019\/10\/ciclista_atropelado.jpg","contentUrl":"https:\/\/aconteceunovale.com.br\/portal\/wp-content\/uploads\/2019\/10\/ciclista_atropelado.jpg","width":675,"height":448},{"@type":"BreadcrumbList","@id":"https:\/\/aconteceunovale.com.br\/portal\/?p=168041#breadcrumb","itemListElement":[{"@type":"ListItem","position":1,"name":"In\u00edcio","item":"https:\/\/aconteceunovale.com.br\/portal\/"},{"@type":"ListItem","position":2,"name":"Atendimentos hospitalares a ciclistas atropelados cresceu 57% nos \u00faltimos dez anos"}]},{"@type":"WebSite","@id":"https:\/\/aconteceunovale.com.br\/portal\/#website","url":"https:\/\/aconteceunovale.com.br\/portal\/","name":"Aconteceu no Vale","description":"Portal de Not\u00edcias","potentialAction":[{"@type":"SearchAction","target":{"@type":"EntryPoint","urlTemplate":"https:\/\/aconteceunovale.com.br\/portal\/?s={search_term_string}"},"query-input":{"@type":"PropertyValueSpecification","valueRequired":true,"valueName":"search_term_string"}}],"inLanguage":"pt-BR"},{"@type":"Person","@id":"https:\/\/aconteceunovale.com.br\/portal\/#\/schema\/person\/7d2f26d1483f8a63de73da1ee0754d35","name":"Reda\u00e7\u00e3o Aconteceu no Vale","description":"Equipe de reportagem do Aconteceu no Vale, portal de not\u00edcias do Vale do Jequitinhonha, em Minas Gerais. Cobrimos as 51 cidades do Vale desde 2013. Sugest\u00f5es de pauta e pedidos de corre\u00e7\u00e3o: contato@aconteceunovale.com.br","url":"https:\/\/aconteceunovale.com.br\/portal\/?author=4"}]}},"_links":{"self":[{"href":"https:\/\/aconteceunovale.com.br\/portal\/index.php?rest_route=\/wp\/v2\/posts\/168041","targetHints":{"allow":["GET"]}}],"collection":[{"href":"https:\/\/aconteceunovale.com.br\/portal\/index.php?rest_route=\/wp\/v2\/posts"}],"about":[{"href":"https:\/\/aconteceunovale.com.br\/portal\/index.php?rest_route=\/wp\/v2\/types\/post"}],"author":[{"embeddable":true,"href":"https:\/\/aconteceunovale.com.br\/portal\/index.php?rest_route=\/wp\/v2\/users\/4"}],"replies":[{"embeddable":true,"href":"https:\/\/aconteceunovale.com.br\/portal\/index.php?rest_route=%2Fwp%2Fv2%2Fcomments&post=168041"}],"version-history":[{"count":1,"href":"https:\/\/aconteceunovale.com.br\/portal\/index.php?rest_route=\/wp\/v2\/posts\/168041\/revisions"}],"predecessor-version":[{"id":168042,"href":"https:\/\/aconteceunovale.com.br\/portal\/index.php?rest_route=\/wp\/v2\/posts\/168041\/revisions\/168042"}],"wp:featuredmedia":[{"embeddable":true,"href":"https:\/\/aconteceunovale.com.br\/portal\/index.php?rest_route=\/wp\/v2\/media\/153483"}],"wp:attachment":[{"href":"https:\/\/aconteceunovale.com.br\/portal\/index.php?rest_route=%2Fwp%2Fv2%2Fmedia&parent=168041"}],"wp:term":[{"taxonomy":"category","embeddable":true,"href":"https:\/\/aconteceunovale.com.br\/portal\/index.php?rest_route=%2Fwp%2Fv2%2Fcategories&post=168041"},{"taxonomy":"post_tag","embeddable":true,"href":"https:\/\/aconteceunovale.com.br\/portal\/index.php?rest_route=%2Fwp%2Fv2%2Ftags&post=168041"}],"curies":[{"name":"wp","href":"https:\/\/api.w.org\/{rel}","templated":true}]}}