{"id":168032,"date":"2020-08-30T22:19:19","date_gmt":"2020-08-31T01:19:19","guid":{"rendered":"https:\/\/aconteceunovale.com.br\/portal\/?p=168032"},"modified":"2020-08-30T22:19:32","modified_gmt":"2020-08-31T01:19:32","slug":"colisao-entre-veiculos-deixa-um-morto-no-municipio-de-joaquim-felicio","status":"publish","type":"post","link":"https:\/\/aconteceunovale.com.br\/portal\/?p=168032","title":{"rendered":"Colis\u00e3o entre ve\u00edculos deixa um morto no munic\u00edpio de Joaquim Fel\u00edcio"},"content":{"rendered":"\n<p class=\"wp-block-paragraph\">Uma pessoa morreu em um acidente na MGC-135, no munic\u00edpio de Joaquim Fel\u00edcio (MG), na manh\u00e3 de s\u00e1bado (29\/8\/2020). Segundo a Pol\u00edcia Militar Rodovi\u00e1ria (PMRv), a colis\u00e3o frontal entre um Fiat Strada e um caminh\u00e3o ocorreu durante uma tentativa de ultrapassagem.<\/p>\n\n\n\n<p class=\"wp-block-paragraph\">O motorista do ve\u00edculo menor, identificado como S\u00e9rgio de Jesus Rocha, de 45 anos, ficou preso \u00e0s ferragens e morreu no local. O condutor do caminh\u00e3o n\u00e3o ficou ferido.<\/p>\n\n\n\n<p class=\"wp-block-paragraph\">O corpo de S\u00e9rgio foi encaminhado ao Instituto M\u00e9dico Legal (IML) de Curvelo. As causas do acidente ser\u00e3o investigadas.<\/p>\n\n\n\n<p class=\"has-white-color has-black-background-color has-text-color has-background wp-block-paragraph\">Quer saber as not\u00edcias do <strong>Aconteceu no Vale<\/strong> em primeira m\u00e3o? Siga-nos no Facebook <a rel=\"noreferrer noopener\" href=\"http:\/\/facebook.com\/aconteceunovale\" target=\"_blank\">@aconteceunovale<\/a>, Twitter <a rel=\"noreferrer noopener\" href=\"https:\/\/twitter.com\/noticiadosvales\" target=\"_blank\">@noticiadosvales<\/a> e Instagram <a rel=\"noreferrer noopener\" href=\"https:\/\/www.instagram.com\/aconteceunovale\" target=\"_blank\">@aconteceunovale<\/a>.<\/p>\n","protected":false},"excerpt":{"rendered":"<p>Uma pessoa morreu em um acidente na MGC-135, no munic\u00edpio de Joaquim Fel\u00edcio (MG), na manh\u00e3 de s\u00e1bado (29\/8\/2020). Segundo a Pol\u00edcia Militar Rodovi\u00e1ria (PMRv), a colis\u00e3o frontal entre um Fiat Strada e um caminh\u00e3o ocorreu durante uma tentativa de ultrapassagem. O motorista do ve\u00edculo menor, identificado como S\u00e9rgio de Jesus Rocha, de 45 anos, [&hellip;]<\/p>\n","protected":false},"author":4,"featured_media":151866,"comment_status":"open","ping_status":"closed","sticky":false,"template":"","format":"standard","meta":{"amp_status":"","footnotes":""},"categories":[123],"tags":[29426,228579,90488,146751,138602,207131,228578,1043,83739,228580],"class_list":["post-168032","post","type-post","status-publish","format-standard","has-post-thumbnail","hentry","category-gerais","tag-acidente-em-joaquim-felicio","tag-acidente-entre-joaquim-felicio-e-buenopolis","tag-acidente-na-br-135-em-joaquim-felicio","tag-acidente-perto-de-curvelo","tag-acidente-perto-de-joaquim-felicio","tag-br-135-2","tag-colisao-entre-veiculos-deixa-um-morto-no-municipio-de-joaquim-felicio","tag-joaquim-felicio","tag-mgc-135","tag-sergio-de-jesus-rocha"],"yoast_head":"<!-- This site is optimized with the Yoast SEO plugin v28.3 - https:\/\/yoast.com\/product\/yoast-seo-wordpress\/ -->\n<title>Colis\u00e3o entre ve\u00edculos deixa um morto no munic\u00edpio de Joaquim Fel\u00edcio - Aconteceu no Vale<\/title>\n<meta name=\"robots\" content=\"index, follow, max-snippet:-1, max-image-preview:large, max-video-preview:-1\" \/>\n<link rel=\"canonical\" href=\"https:\/\/aconteceunovale.com.br\/portal\/?p=168032\" \/>\n<meta property=\"og:locale\" content=\"pt_BR\" \/>\n<meta property=\"og:type\" content=\"article\" \/>\n<meta property=\"og:title\" content=\"Colis\u00e3o entre ve\u00edculos deixa um morto no munic\u00edpio de Joaquim Fel\u00edcio - Aconteceu no Vale\" \/>\n<meta property=\"og:description\" content=\"Uma pessoa morreu em um acidente na MGC-135, no munic\u00edpio de Joaquim Fel\u00edcio (MG), na manh\u00e3 de s\u00e1bado (29\/8\/2020). Segundo a Pol\u00edcia Militar Rodovi\u00e1ria (PMRv), a colis\u00e3o frontal entre um Fiat Strada e um caminh\u00e3o ocorreu durante uma tentativa de ultrapassagem. O motorista do ve\u00edculo menor, identificado como S\u00e9rgio de Jesus Rocha, de 45 anos, [&hellip;]\" \/>\n<meta property=\"og:url\" content=\"https:\/\/aconteceunovale.com.br\/portal\/?p=168032\" \/>\n<meta property=\"og:site_name\" content=\"Aconteceu no Vale\" \/>\n<meta property=\"article:publisher\" content=\"https:\/\/www.facebook.com\/aconteceunovale\/\" \/>\n<meta property=\"article:published_time\" content=\"2020-08-31T01:19:19+00:00\" \/>\n<meta property=\"article:modified_time\" content=\"2020-08-31T01:19:32+00:00\" \/>\n<meta property=\"og:image\" content=\"https:\/\/aconteceunovale.com.br\/portal\/wp-content\/uploads\/2019\/08\/plantao_giroflex.jpg\" \/>\n\t<meta property=\"og:image:width\" content=\"678\" \/>\n\t<meta property=\"og:image:height\" content=\"430\" \/>\n\t<meta property=\"og:image:type\" content=\"image\/jpeg\" \/>\n<meta name=\"author\" content=\"Reda\u00e7\u00e3o Aconteceu no Vale\" \/>\n<meta name=\"twitter:card\" content=\"summary_large_image\" \/>\n<meta name=\"twitter:creator\" content=\"@noticiadosvales\" \/>\n<meta name=\"twitter:site\" content=\"@noticiadosvales\" \/>\n<meta name=\"twitter:label1\" content=\"Escrito por\" \/>\n\t<meta name=\"twitter:data1\" content=\"Reda\u00e7\u00e3o Aconteceu no Vale\" \/>\n\t<meta name=\"twitter:label2\" content=\"Est. tempo de leitura\" \/>\n\t<meta name=\"twitter:data2\" content=\"1 minuto\" \/>\n<script type=\"application\/ld+json\" class=\"yoast-schema-graph\">{\"@context\":\"https:\\\/\\\/schema.org\",\"@graph\":[{\"@type\":\"Article\",\"@id\":\"https:\\\/\\\/aconteceunovale.com.br\\\/portal\\\/?p=168032#article\",\"isPartOf\":{\"@id\":\"https:\\\/\\\/aconteceunovale.com.br\\\/portal\\\/?p=168032\"},\"author\":{\"name\":\"Reda\u00e7\u00e3o Aconteceu no Vale\",\"@id\":\"https:\\\/\\\/aconteceunovale.com.br\\\/portal\\\/#\\\/schema\\\/person\\\/7d2f26d1483f8a63de73da1ee0754d35\"},\"headline\":\"Colis\u00e3o entre ve\u00edculos deixa um morto no munic\u00edpio de Joaquim Fel\u00edcio\",\"datePublished\":\"2020-08-31T01:19:19+00:00\",\"dateModified\":\"2020-08-31T01:19:32+00:00\",\"mainEntityOfPage\":{\"@id\":\"https:\\\/\\\/aconteceunovale.com.br\\\/portal\\\/?p=168032\"},\"wordCount\":138,\"commentCount\":0,\"image\":{\"@id\":\"https:\\\/\\\/aconteceunovale.com.br\\\/portal\\\/?p=168032#primaryimage\"},\"thumbnailUrl\":\"https:\\\/\\\/aconteceunovale.com.br\\\/portal\\\/wp-content\\\/uploads\\\/2019\\\/08\\\/plantao_giroflex.jpg\",\"keywords\":[\"acidente em joaquim fel\u00edcio\",\"Acidente entre Joaquim Fel\u00edcio e Buen\u00f3polis\",\"Acidente na BR-135 em Joaquim Fel\u00edcio\",\"Acidente perto de Curvelo\",\"Acidente perto de Joaquim Fel\u00edcio\",\"BR-135\",\"Colis\u00e3o entre ve\u00edculos deixa um morto no munic\u00edpio de Joaquim Fel\u00edcio\",\"Joaquim Fel\u00edcio\",\"MGC-135\",\"S\u00e9rgio de Jesus Rocha\"],\"articleSection\":[\"Minas Gerais\"],\"inLanguage\":\"pt-BR\",\"potentialAction\":[{\"@type\":\"CommentAction\",\"name\":\"Comment\",\"target\":[\"https:\\\/\\\/aconteceunovale.com.br\\\/portal\\\/?p=168032#respond\"]}]},{\"@type\":\"WebPage\",\"@id\":\"https:\\\/\\\/aconteceunovale.com.br\\\/portal\\\/?p=168032\",\"url\":\"https:\\\/\\\/aconteceunovale.com.br\\\/portal\\\/?p=168032\",\"name\":\"Colis\u00e3o entre ve\u00edculos deixa um morto no munic\u00edpio de Joaquim Fel\u00edcio - Aconteceu no Vale\",\"isPartOf\":{\"@id\":\"https:\\\/\\\/aconteceunovale.com.br\\\/portal\\\/#website\"},\"primaryImageOfPage\":{\"@id\":\"https:\\\/\\\/aconteceunovale.com.br\\\/portal\\\/?p=168032#primaryimage\"},\"image\":{\"@id\":\"https:\\\/\\\/aconteceunovale.com.br\\\/portal\\\/?p=168032#primaryimage\"},\"thumbnailUrl\":\"https:\\\/\\\/aconteceunovale.com.br\\\/portal\\\/wp-content\\\/uploads\\\/2019\\\/08\\\/plantao_giroflex.jpg\",\"datePublished\":\"2020-08-31T01:19:19+00:00\",\"dateModified\":\"2020-08-31T01:19:32+00:00\",\"author\":{\"@id\":\"https:\\\/\\\/aconteceunovale.com.br\\\/portal\\\/#\\\/schema\\\/person\\\/7d2f26d1483f8a63de73da1ee0754d35\"},\"breadcrumb\":{\"@id\":\"https:\\\/\\\/aconteceunovale.com.br\\\/portal\\\/?p=168032#breadcrumb\"},\"inLanguage\":\"pt-BR\",\"potentialAction\":[{\"@type\":\"ReadAction\",\"target\":[\"https:\\\/\\\/aconteceunovale.com.br\\\/portal\\\/?p=168032\"]}]},{\"@type\":\"ImageObject\",\"inLanguage\":\"pt-BR\",\"@id\":\"https:\\\/\\\/aconteceunovale.com.br\\\/portal\\\/?p=168032#primaryimage\",\"url\":\"https:\\\/\\\/aconteceunovale.com.br\\\/portal\\\/wp-content\\\/uploads\\\/2019\\\/08\\\/plantao_giroflex.jpg\",\"contentUrl\":\"https:\\\/\\\/aconteceunovale.com.br\\\/portal\\\/wp-content\\\/uploads\\\/2019\\\/08\\\/plantao_giroflex.jpg\",\"width\":678,\"height\":430},{\"@type\":\"BreadcrumbList\",\"@id\":\"https:\\\/\\\/aconteceunovale.com.br\\\/portal\\\/?p=168032#breadcrumb\",\"itemListElement\":[{\"@type\":\"ListItem\",\"position\":1,\"name\":\"In\u00edcio\",\"item\":\"https:\\\/\\\/aconteceunovale.com.br\\\/portal\\\/\"},{\"@type\":\"ListItem\",\"position\":2,\"name\":\"Colis\u00e3o entre ve\u00edculos deixa um morto no munic\u00edpio de Joaquim Fel\u00edcio\"}]},{\"@type\":\"WebSite\",\"@id\":\"https:\\\/\\\/aconteceunovale.com.br\\\/portal\\\/#website\",\"url\":\"https:\\\/\\\/aconteceunovale.com.br\\\/portal\\\/\",\"name\":\"Aconteceu no Vale\",\"description\":\"Portal de Not\u00edcias\",\"potentialAction\":[{\"@type\":\"SearchAction\",\"target\":{\"@type\":\"EntryPoint\",\"urlTemplate\":\"https:\\\/\\\/aconteceunovale.com.br\\\/portal\\\/?s={search_term_string}\"},\"query-input\":{\"@type\":\"PropertyValueSpecification\",\"valueRequired\":true,\"valueName\":\"search_term_string\"}}],\"inLanguage\":\"pt-BR\"},{\"@type\":\"Person\",\"@id\":\"https:\\\/\\\/aconteceunovale.com.br\\\/portal\\\/#\\\/schema\\\/person\\\/7d2f26d1483f8a63de73da1ee0754d35\",\"name\":\"Reda\u00e7\u00e3o Aconteceu no Vale\",\"description\":\"Equipe de reportagem do Aconteceu no Vale, portal de not\u00edcias do Vale do Jequitinhonha, em Minas Gerais. Cobrimos as 51 cidades do Vale desde 2013. Sugest\u00f5es de pauta e pedidos de corre\u00e7\u00e3o: contato@aconteceunovale.com.br\",\"url\":\"https:\\\/\\\/aconteceunovale.com.br\\\/portal\\\/?author=4\"}]}<\/script>\n<!-- \/ Yoast SEO plugin. -->","yoast_head_json":{"title":"Colis\u00e3o entre ve\u00edculos deixa um morto no munic\u00edpio de Joaquim Fel\u00edcio - Aconteceu no Vale","robots":{"index":"index","follow":"follow","max-snippet":"max-snippet:-1","max-image-preview":"max-image-preview:large","max-video-preview":"max-video-preview:-1"},"canonical":"https:\/\/aconteceunovale.com.br\/portal\/?p=168032","og_locale":"pt_BR","og_type":"article","og_title":"Colis\u00e3o entre ve\u00edculos deixa um morto no munic\u00edpio de Joaquim Fel\u00edcio - Aconteceu no Vale","og_description":"Uma pessoa morreu em um acidente na MGC-135, no munic\u00edpio de Joaquim Fel\u00edcio (MG), na manh\u00e3 de s\u00e1bado (29\/8\/2020). Segundo a Pol\u00edcia Militar Rodovi\u00e1ria (PMRv), a colis\u00e3o frontal entre um Fiat Strada e um caminh\u00e3o ocorreu durante uma tentativa de ultrapassagem. O motorista do ve\u00edculo menor, identificado como S\u00e9rgio de Jesus Rocha, de 45 anos, [&hellip;]","og_url":"https:\/\/aconteceunovale.com.br\/portal\/?p=168032","og_site_name":"Aconteceu no Vale","article_publisher":"https:\/\/www.facebook.com\/aconteceunovale\/","article_published_time":"2020-08-31T01:19:19+00:00","article_modified_time":"2020-08-31T01:19:32+00:00","og_image":[{"width":678,"height":430,"url":"https:\/\/aconteceunovale.com.br\/portal\/wp-content\/uploads\/2019\/08\/plantao_giroflex.jpg","type":"image\/jpeg"}],"author":"Reda\u00e7\u00e3o Aconteceu no Vale","twitter_card":"summary_large_image","twitter_creator":"@noticiadosvales","twitter_site":"@noticiadosvales","twitter_misc":{"Escrito por":"Reda\u00e7\u00e3o Aconteceu no Vale","Est. tempo de leitura":"1 minuto"},"schema":{"@context":"https:\/\/schema.org","@graph":[{"@type":"Article","@id":"https:\/\/aconteceunovale.com.br\/portal\/?p=168032#article","isPartOf":{"@id":"https:\/\/aconteceunovale.com.br\/portal\/?p=168032"},"author":{"name":"Reda\u00e7\u00e3o Aconteceu no Vale","@id":"https:\/\/aconteceunovale.com.br\/portal\/#\/schema\/person\/7d2f26d1483f8a63de73da1ee0754d35"},"headline":"Colis\u00e3o entre ve\u00edculos deixa um morto no munic\u00edpio de Joaquim Fel\u00edcio","datePublished":"2020-08-31T01:19:19+00:00","dateModified":"2020-08-31T01:19:32+00:00","mainEntityOfPage":{"@id":"https:\/\/aconteceunovale.com.br\/portal\/?p=168032"},"wordCount":138,"commentCount":0,"image":{"@id":"https:\/\/aconteceunovale.com.br\/portal\/?p=168032#primaryimage"},"thumbnailUrl":"https:\/\/aconteceunovale.com.br\/portal\/wp-content\/uploads\/2019\/08\/plantao_giroflex.jpg","keywords":["acidente em joaquim fel\u00edcio","Acidente entre Joaquim Fel\u00edcio e Buen\u00f3polis","Acidente na BR-135 em Joaquim Fel\u00edcio","Acidente perto de Curvelo","Acidente perto de Joaquim Fel\u00edcio","BR-135","Colis\u00e3o entre ve\u00edculos deixa um morto no munic\u00edpio de Joaquim Fel\u00edcio","Joaquim Fel\u00edcio","MGC-135","S\u00e9rgio de Jesus Rocha"],"articleSection":["Minas Gerais"],"inLanguage":"pt-BR","potentialAction":[{"@type":"CommentAction","name":"Comment","target":["https:\/\/aconteceunovale.com.br\/portal\/?p=168032#respond"]}]},{"@type":"WebPage","@id":"https:\/\/aconteceunovale.com.br\/portal\/?p=168032","url":"https:\/\/aconteceunovale.com.br\/portal\/?p=168032","name":"Colis\u00e3o entre ve\u00edculos deixa um morto no munic\u00edpio de Joaquim Fel\u00edcio - Aconteceu no Vale","isPartOf":{"@id":"https:\/\/aconteceunovale.com.br\/portal\/#website"},"primaryImageOfPage":{"@id":"https:\/\/aconteceunovale.com.br\/portal\/?p=168032#primaryimage"},"image":{"@id":"https:\/\/aconteceunovale.com.br\/portal\/?p=168032#primaryimage"},"thumbnailUrl":"https:\/\/aconteceunovale.com.br\/portal\/wp-content\/uploads\/2019\/08\/plantao_giroflex.jpg","datePublished":"2020-08-31T01:19:19+00:00","dateModified":"2020-08-31T01:19:32+00:00","author":{"@id":"https:\/\/aconteceunovale.com.br\/portal\/#\/schema\/person\/7d2f26d1483f8a63de73da1ee0754d35"},"breadcrumb":{"@id":"https:\/\/aconteceunovale.com.br\/portal\/?p=168032#breadcrumb"},"inLanguage":"pt-BR","potentialAction":[{"@type":"ReadAction","target":["https:\/\/aconteceunovale.com.br\/portal\/?p=168032"]}]},{"@type":"ImageObject","inLanguage":"pt-BR","@id":"https:\/\/aconteceunovale.com.br\/portal\/?p=168032#primaryimage","url":"https:\/\/aconteceunovale.com.br\/portal\/wp-content\/uploads\/2019\/08\/plantao_giroflex.jpg","contentUrl":"https:\/\/aconteceunovale.com.br\/portal\/wp-content\/uploads\/2019\/08\/plantao_giroflex.jpg","width":678,"height":430},{"@type":"BreadcrumbList","@id":"https:\/\/aconteceunovale.com.br\/portal\/?p=168032#breadcrumb","itemListElement":[{"@type":"ListItem","position":1,"name":"In\u00edcio","item":"https:\/\/aconteceunovale.com.br\/portal\/"},{"@type":"ListItem","position":2,"name":"Colis\u00e3o entre ve\u00edculos deixa um morto no munic\u00edpio de Joaquim Fel\u00edcio"}]},{"@type":"WebSite","@id":"https:\/\/aconteceunovale.com.br\/portal\/#website","url":"https:\/\/aconteceunovale.com.br\/portal\/","name":"Aconteceu no Vale","description":"Portal de Not\u00edcias","potentialAction":[{"@type":"SearchAction","target":{"@type":"EntryPoint","urlTemplate":"https:\/\/aconteceunovale.com.br\/portal\/?s={search_term_string}"},"query-input":{"@type":"PropertyValueSpecification","valueRequired":true,"valueName":"search_term_string"}}],"inLanguage":"pt-BR"},{"@type":"Person","@id":"https:\/\/aconteceunovale.com.br\/portal\/#\/schema\/person\/7d2f26d1483f8a63de73da1ee0754d35","name":"Reda\u00e7\u00e3o Aconteceu no Vale","description":"Equipe de reportagem do Aconteceu no Vale, portal de not\u00edcias do Vale do Jequitinhonha, em Minas Gerais. Cobrimos as 51 cidades do Vale desde 2013. Sugest\u00f5es de pauta e pedidos de corre\u00e7\u00e3o: contato@aconteceunovale.com.br","url":"https:\/\/aconteceunovale.com.br\/portal\/?author=4"}]}},"_links":{"self":[{"href":"https:\/\/aconteceunovale.com.br\/portal\/index.php?rest_route=\/wp\/v2\/posts\/168032","targetHints":{"allow":["GET"]}}],"collection":[{"href":"https:\/\/aconteceunovale.com.br\/portal\/index.php?rest_route=\/wp\/v2\/posts"}],"about":[{"href":"https:\/\/aconteceunovale.com.br\/portal\/index.php?rest_route=\/wp\/v2\/types\/post"}],"author":[{"embeddable":true,"href":"https:\/\/aconteceunovale.com.br\/portal\/index.php?rest_route=\/wp\/v2\/users\/4"}],"replies":[{"embeddable":true,"href":"https:\/\/aconteceunovale.com.br\/portal\/index.php?rest_route=%2Fwp%2Fv2%2Fcomments&post=168032"}],"version-history":[{"count":1,"href":"https:\/\/aconteceunovale.com.br\/portal\/index.php?rest_route=\/wp\/v2\/posts\/168032\/revisions"}],"predecessor-version":[{"id":168033,"href":"https:\/\/aconteceunovale.com.br\/portal\/index.php?rest_route=\/wp\/v2\/posts\/168032\/revisions\/168033"}],"wp:featuredmedia":[{"embeddable":true,"href":"https:\/\/aconteceunovale.com.br\/portal\/index.php?rest_route=\/wp\/v2\/media\/151866"}],"wp:attachment":[{"href":"https:\/\/aconteceunovale.com.br\/portal\/index.php?rest_route=%2Fwp%2Fv2%2Fmedia&parent=168032"}],"wp:term":[{"taxonomy":"category","embeddable":true,"href":"https:\/\/aconteceunovale.com.br\/portal\/index.php?rest_route=%2Fwp%2Fv2%2Fcategories&post=168032"},{"taxonomy":"post_tag","embeddable":true,"href":"https:\/\/aconteceunovale.com.br\/portal\/index.php?rest_route=%2Fwp%2Fv2%2Ftags&post=168032"}],"curies":[{"name":"wp","href":"https:\/\/api.w.org\/{rel}","templated":true}]}}