{"id":168011,"date":"2020-08-30T20:31:42","date_gmt":"2020-08-30T23:31:42","guid":{"rendered":"https:\/\/aconteceunovale.com.br\/portal\/?p=168011"},"modified":"2020-08-30T20:35:05","modified_gmt":"2020-08-30T23:35:05","slug":"homem-e-assassinado-no-municipio-de-itanhomi-no-leste-de-minas","status":"publish","type":"post","link":"https:\/\/aconteceunovale.com.br\/portal\/?p=168011","title":{"rendered":"Homem \u00e9 assassinado no munic\u00edpio de Itanhomi, no Leste de Minas"},"content":{"rendered":"\n<p class=\"wp-block-paragraph\">Um jovem de 21 anos foi assassinado em Itanhomi, no Leste de Minas Gerais, na madrugada deste domingo (30\/8\/2020). Paulo Henrique C\u00e9sar de Oliveira foi encontrado baleado na altura do km 35 da MGC-766, na regi\u00e3o da Recapagem, e chegou a ser socorrido ao hospital da cidade, mas n\u00e3o resistiu aos ferimentos. \u00a0<\/p>\n\n\n\n<p class=\"wp-block-paragraph\">A Pol\u00edcia Militar encontrou duas muni\u00e7\u00f5es cal.380 deflagradas no local do crime. A v\u00edtima possu\u00eda alguns desentendimentos na regi\u00e3o.<\/p>\n\n\n\n<p class=\"wp-block-paragraph\">O corpo foi encaminhado ao Instituto M\u00e9dico Legal (IML) de Governador Valadares. A motiva\u00e7\u00e3o e a autoria do crime ser\u00e3o investigadas.<\/p>\n\n\n\n<p class=\"has-white-color has-black-background-color has-text-color has-background wp-block-paragraph\">Quer saber as not\u00edcias do <strong>Aconteceu no Vale<\/strong> em primeira m\u00e3o? Siga-nos no Facebook <a rel=\"noreferrer noopener\" href=\"http:\/\/facebook.com\/aconteceunovale\" target=\"_blank\">@aconteceunovale<\/a>, Twitter <a rel=\"noreferrer noopener\" href=\"https:\/\/twitter.com\/noticiadosvales\" target=\"_blank\">@noticiadosvales<\/a> e Instagram <a rel=\"noreferrer noopener\" href=\"https:\/\/www.instagram.com\/aconteceunovale\" target=\"_blank\">@aconteceunovale<\/a>.<\/p>\n","protected":false},"excerpt":{"rendered":"<p>Um jovem de 21 anos foi assassinado em Itanhomi, no Leste de Minas Gerais, na madrugada deste domingo (30\/8\/2020). Paulo Henrique C\u00e9sar de Oliveira foi encontrado baleado na altura do km 35 da MGC-766, na regi\u00e3o da Recapagem, e chegou a ser socorrido ao hospital da cidade, mas n\u00e3o resistiu aos ferimentos. \u00a0 A Pol\u00edcia [&hellip;]<\/p>\n","protected":false},"author":4,"featured_media":151866,"comment_status":"open","ping_status":"closed","sticky":false,"template":"","format":"standard","meta":{"amp_status":"","footnotes":""},"categories":[121],"tags":[165085,247,228558,165084,297,165086,228559],"class_list":["post-168011","post","type-post","status-publish","format-standard","has-post-thumbnail","hentry","category-leste","tag-assassinado-em-itanhomi","tag-governador-valadares","tag-homem-e-assassinado-no-municipio-de-itanhomi","tag-homicidio-em-itanhomi","tag-itanhomi","tag-morto-em-itanhomi","tag-paulo-henrique-cesar-de-oliveira"],"yoast_head":"<!-- This site is optimized with the Yoast SEO plugin v28.3 - https:\/\/yoast.com\/product\/yoast-seo-wordpress\/ -->\n<title>Homem \u00e9 assassinado no munic\u00edpio de Itanhomi, no Leste de Minas - Aconteceu no Vale<\/title>\n<meta name=\"robots\" content=\"index, follow, max-snippet:-1, max-image-preview:large, max-video-preview:-1\" \/>\n<link rel=\"canonical\" href=\"https:\/\/aconteceunovale.com.br\/portal\/?p=168011\" \/>\n<meta property=\"og:locale\" content=\"pt_BR\" \/>\n<meta property=\"og:type\" content=\"article\" \/>\n<meta property=\"og:title\" content=\"Homem \u00e9 assassinado no munic\u00edpio de Itanhomi, no Leste de Minas - Aconteceu no Vale\" \/>\n<meta property=\"og:description\" content=\"Um jovem de 21 anos foi assassinado em Itanhomi, no Leste de Minas Gerais, na madrugada deste domingo (30\/8\/2020). Paulo Henrique C\u00e9sar de Oliveira foi encontrado baleado na altura do km 35 da MGC-766, na regi\u00e3o da Recapagem, e chegou a ser socorrido ao hospital da cidade, mas n\u00e3o resistiu aos ferimentos. \u00a0 A Pol\u00edcia [&hellip;]\" \/>\n<meta property=\"og:url\" content=\"https:\/\/aconteceunovale.com.br\/portal\/?p=168011\" \/>\n<meta property=\"og:site_name\" content=\"Aconteceu no Vale\" \/>\n<meta property=\"article:publisher\" content=\"https:\/\/www.facebook.com\/aconteceunovale\/\" \/>\n<meta property=\"article:published_time\" content=\"2020-08-30T23:31:42+00:00\" \/>\n<meta property=\"article:modified_time\" content=\"2020-08-30T23:35:05+00:00\" \/>\n<meta property=\"og:image\" content=\"https:\/\/aconteceunovale.com.br\/portal\/wp-content\/uploads\/2019\/08\/plantao_giroflex.jpg\" \/>\n\t<meta property=\"og:image:width\" content=\"678\" \/>\n\t<meta property=\"og:image:height\" content=\"430\" \/>\n\t<meta property=\"og:image:type\" content=\"image\/jpeg\" \/>\n<meta name=\"author\" content=\"Reda\u00e7\u00e3o Aconteceu no Vale\" \/>\n<meta name=\"twitter:card\" content=\"summary_large_image\" \/>\n<meta name=\"twitter:creator\" content=\"@noticiadosvales\" \/>\n<meta name=\"twitter:site\" content=\"@noticiadosvales\" \/>\n<meta name=\"twitter:label1\" content=\"Escrito por\" \/>\n\t<meta name=\"twitter:data1\" content=\"Reda\u00e7\u00e3o Aconteceu no Vale\" \/>\n\t<meta name=\"twitter:label2\" content=\"Est. tempo de leitura\" \/>\n\t<meta name=\"twitter:data2\" content=\"1 minuto\" \/>\n<script type=\"application\/ld+json\" class=\"yoast-schema-graph\">{\"@context\":\"https:\\\/\\\/schema.org\",\"@graph\":[{\"@type\":\"Article\",\"@id\":\"https:\\\/\\\/aconteceunovale.com.br\\\/portal\\\/?p=168011#article\",\"isPartOf\":{\"@id\":\"https:\\\/\\\/aconteceunovale.com.br\\\/portal\\\/?p=168011\"},\"author\":{\"name\":\"Reda\u00e7\u00e3o Aconteceu no Vale\",\"@id\":\"https:\\\/\\\/aconteceunovale.com.br\\\/portal\\\/#\\\/schema\\\/person\\\/7d2f26d1483f8a63de73da1ee0754d35\"},\"headline\":\"Homem \u00e9 assassinado no munic\u00edpio de Itanhomi, no Leste de Minas\",\"datePublished\":\"2020-08-30T23:31:42+00:00\",\"dateModified\":\"2020-08-30T23:35:05+00:00\",\"mainEntityOfPage\":{\"@id\":\"https:\\\/\\\/aconteceunovale.com.br\\\/portal\\\/?p=168011\"},\"wordCount\":133,\"commentCount\":0,\"image\":{\"@id\":\"https:\\\/\\\/aconteceunovale.com.br\\\/portal\\\/?p=168011#primaryimage\"},\"thumbnailUrl\":\"https:\\\/\\\/aconteceunovale.com.br\\\/portal\\\/wp-content\\\/uploads\\\/2019\\\/08\\\/plantao_giroflex.jpg\",\"keywords\":[\"Assassinado em Itanhomi\",\"Governador Valadares\",\"Homem \u00e9 assassinado no munic\u00edpio de Itanhomi\",\"Homic\u00eddio em Itanhomi\",\"Itanhomi\",\"Morto em Itanhomi\",\"Paulo Henrique C\u00e9sar de Oliveira\"],\"articleSection\":[\"Leste de Minas\"],\"inLanguage\":\"pt-BR\",\"potentialAction\":[{\"@type\":\"CommentAction\",\"name\":\"Comment\",\"target\":[\"https:\\\/\\\/aconteceunovale.com.br\\\/portal\\\/?p=168011#respond\"]}]},{\"@type\":\"WebPage\",\"@id\":\"https:\\\/\\\/aconteceunovale.com.br\\\/portal\\\/?p=168011\",\"url\":\"https:\\\/\\\/aconteceunovale.com.br\\\/portal\\\/?p=168011\",\"name\":\"Homem \u00e9 assassinado no munic\u00edpio de Itanhomi, no Leste de Minas - Aconteceu no Vale\",\"isPartOf\":{\"@id\":\"https:\\\/\\\/aconteceunovale.com.br\\\/portal\\\/#website\"},\"primaryImageOfPage\":{\"@id\":\"https:\\\/\\\/aconteceunovale.com.br\\\/portal\\\/?p=168011#primaryimage\"},\"image\":{\"@id\":\"https:\\\/\\\/aconteceunovale.com.br\\\/portal\\\/?p=168011#primaryimage\"},\"thumbnailUrl\":\"https:\\\/\\\/aconteceunovale.com.br\\\/portal\\\/wp-content\\\/uploads\\\/2019\\\/08\\\/plantao_giroflex.jpg\",\"datePublished\":\"2020-08-30T23:31:42+00:00\",\"dateModified\":\"2020-08-30T23:35:05+00:00\",\"author\":{\"@id\":\"https:\\\/\\\/aconteceunovale.com.br\\\/portal\\\/#\\\/schema\\\/person\\\/7d2f26d1483f8a63de73da1ee0754d35\"},\"breadcrumb\":{\"@id\":\"https:\\\/\\\/aconteceunovale.com.br\\\/portal\\\/?p=168011#breadcrumb\"},\"inLanguage\":\"pt-BR\",\"potentialAction\":[{\"@type\":\"ReadAction\",\"target\":[\"https:\\\/\\\/aconteceunovale.com.br\\\/portal\\\/?p=168011\"]}]},{\"@type\":\"ImageObject\",\"inLanguage\":\"pt-BR\",\"@id\":\"https:\\\/\\\/aconteceunovale.com.br\\\/portal\\\/?p=168011#primaryimage\",\"url\":\"https:\\\/\\\/aconteceunovale.com.br\\\/portal\\\/wp-content\\\/uploads\\\/2019\\\/08\\\/plantao_giroflex.jpg\",\"contentUrl\":\"https:\\\/\\\/aconteceunovale.com.br\\\/portal\\\/wp-content\\\/uploads\\\/2019\\\/08\\\/plantao_giroflex.jpg\",\"width\":678,\"height\":430},{\"@type\":\"BreadcrumbList\",\"@id\":\"https:\\\/\\\/aconteceunovale.com.br\\\/portal\\\/?p=168011#breadcrumb\",\"itemListElement\":[{\"@type\":\"ListItem\",\"position\":1,\"name\":\"In\u00edcio\",\"item\":\"https:\\\/\\\/aconteceunovale.com.br\\\/portal\\\/\"},{\"@type\":\"ListItem\",\"position\":2,\"name\":\"Homem \u00e9 assassinado no munic\u00edpio de Itanhomi, no Leste de Minas\"}]},{\"@type\":\"WebSite\",\"@id\":\"https:\\\/\\\/aconteceunovale.com.br\\\/portal\\\/#website\",\"url\":\"https:\\\/\\\/aconteceunovale.com.br\\\/portal\\\/\",\"name\":\"Aconteceu no Vale\",\"description\":\"Portal de Not\u00edcias\",\"potentialAction\":[{\"@type\":\"SearchAction\",\"target\":{\"@type\":\"EntryPoint\",\"urlTemplate\":\"https:\\\/\\\/aconteceunovale.com.br\\\/portal\\\/?s={search_term_string}\"},\"query-input\":{\"@type\":\"PropertyValueSpecification\",\"valueRequired\":true,\"valueName\":\"search_term_string\"}}],\"inLanguage\":\"pt-BR\"},{\"@type\":\"Person\",\"@id\":\"https:\\\/\\\/aconteceunovale.com.br\\\/portal\\\/#\\\/schema\\\/person\\\/7d2f26d1483f8a63de73da1ee0754d35\",\"name\":\"Reda\u00e7\u00e3o Aconteceu no Vale\",\"description\":\"Equipe de reportagem do Aconteceu no Vale, portal de not\u00edcias do Vale do Jequitinhonha, em Minas Gerais. Cobrimos as 51 cidades do Vale desde 2013. Sugest\u00f5es de pauta e pedidos de corre\u00e7\u00e3o: contato@aconteceunovale.com.br\",\"url\":\"https:\\\/\\\/aconteceunovale.com.br\\\/portal\\\/?author=4\"}]}<\/script>\n<!-- \/ Yoast SEO plugin. -->","yoast_head_json":{"title":"Homem \u00e9 assassinado no munic\u00edpio de Itanhomi, no Leste de Minas - Aconteceu no Vale","robots":{"index":"index","follow":"follow","max-snippet":"max-snippet:-1","max-image-preview":"max-image-preview:large","max-video-preview":"max-video-preview:-1"},"canonical":"https:\/\/aconteceunovale.com.br\/portal\/?p=168011","og_locale":"pt_BR","og_type":"article","og_title":"Homem \u00e9 assassinado no munic\u00edpio de Itanhomi, no Leste de Minas - Aconteceu no Vale","og_description":"Um jovem de 21 anos foi assassinado em Itanhomi, no Leste de Minas Gerais, na madrugada deste domingo (30\/8\/2020). Paulo Henrique C\u00e9sar de Oliveira foi encontrado baleado na altura do km 35 da MGC-766, na regi\u00e3o da Recapagem, e chegou a ser socorrido ao hospital da cidade, mas n\u00e3o resistiu aos ferimentos. \u00a0 A Pol\u00edcia [&hellip;]","og_url":"https:\/\/aconteceunovale.com.br\/portal\/?p=168011","og_site_name":"Aconteceu no Vale","article_publisher":"https:\/\/www.facebook.com\/aconteceunovale\/","article_published_time":"2020-08-30T23:31:42+00:00","article_modified_time":"2020-08-30T23:35:05+00:00","og_image":[{"width":678,"height":430,"url":"https:\/\/aconteceunovale.com.br\/portal\/wp-content\/uploads\/2019\/08\/plantao_giroflex.jpg","type":"image\/jpeg"}],"author":"Reda\u00e7\u00e3o Aconteceu no Vale","twitter_card":"summary_large_image","twitter_creator":"@noticiadosvales","twitter_site":"@noticiadosvales","twitter_misc":{"Escrito por":"Reda\u00e7\u00e3o Aconteceu no Vale","Est. tempo de leitura":"1 minuto"},"schema":{"@context":"https:\/\/schema.org","@graph":[{"@type":"Article","@id":"https:\/\/aconteceunovale.com.br\/portal\/?p=168011#article","isPartOf":{"@id":"https:\/\/aconteceunovale.com.br\/portal\/?p=168011"},"author":{"name":"Reda\u00e7\u00e3o Aconteceu no Vale","@id":"https:\/\/aconteceunovale.com.br\/portal\/#\/schema\/person\/7d2f26d1483f8a63de73da1ee0754d35"},"headline":"Homem \u00e9 assassinado no munic\u00edpio de Itanhomi, no Leste de Minas","datePublished":"2020-08-30T23:31:42+00:00","dateModified":"2020-08-30T23:35:05+00:00","mainEntityOfPage":{"@id":"https:\/\/aconteceunovale.com.br\/portal\/?p=168011"},"wordCount":133,"commentCount":0,"image":{"@id":"https:\/\/aconteceunovale.com.br\/portal\/?p=168011#primaryimage"},"thumbnailUrl":"https:\/\/aconteceunovale.com.br\/portal\/wp-content\/uploads\/2019\/08\/plantao_giroflex.jpg","keywords":["Assassinado em Itanhomi","Governador Valadares","Homem \u00e9 assassinado no munic\u00edpio de Itanhomi","Homic\u00eddio em Itanhomi","Itanhomi","Morto em Itanhomi","Paulo Henrique C\u00e9sar de Oliveira"],"articleSection":["Leste de Minas"],"inLanguage":"pt-BR","potentialAction":[{"@type":"CommentAction","name":"Comment","target":["https:\/\/aconteceunovale.com.br\/portal\/?p=168011#respond"]}]},{"@type":"WebPage","@id":"https:\/\/aconteceunovale.com.br\/portal\/?p=168011","url":"https:\/\/aconteceunovale.com.br\/portal\/?p=168011","name":"Homem \u00e9 assassinado no munic\u00edpio de Itanhomi, no Leste de Minas - Aconteceu no Vale","isPartOf":{"@id":"https:\/\/aconteceunovale.com.br\/portal\/#website"},"primaryImageOfPage":{"@id":"https:\/\/aconteceunovale.com.br\/portal\/?p=168011#primaryimage"},"image":{"@id":"https:\/\/aconteceunovale.com.br\/portal\/?p=168011#primaryimage"},"thumbnailUrl":"https:\/\/aconteceunovale.com.br\/portal\/wp-content\/uploads\/2019\/08\/plantao_giroflex.jpg","datePublished":"2020-08-30T23:31:42+00:00","dateModified":"2020-08-30T23:35:05+00:00","author":{"@id":"https:\/\/aconteceunovale.com.br\/portal\/#\/schema\/person\/7d2f26d1483f8a63de73da1ee0754d35"},"breadcrumb":{"@id":"https:\/\/aconteceunovale.com.br\/portal\/?p=168011#breadcrumb"},"inLanguage":"pt-BR","potentialAction":[{"@type":"ReadAction","target":["https:\/\/aconteceunovale.com.br\/portal\/?p=168011"]}]},{"@type":"ImageObject","inLanguage":"pt-BR","@id":"https:\/\/aconteceunovale.com.br\/portal\/?p=168011#primaryimage","url":"https:\/\/aconteceunovale.com.br\/portal\/wp-content\/uploads\/2019\/08\/plantao_giroflex.jpg","contentUrl":"https:\/\/aconteceunovale.com.br\/portal\/wp-content\/uploads\/2019\/08\/plantao_giroflex.jpg","width":678,"height":430},{"@type":"BreadcrumbList","@id":"https:\/\/aconteceunovale.com.br\/portal\/?p=168011#breadcrumb","itemListElement":[{"@type":"ListItem","position":1,"name":"In\u00edcio","item":"https:\/\/aconteceunovale.com.br\/portal\/"},{"@type":"ListItem","position":2,"name":"Homem \u00e9 assassinado no munic\u00edpio de Itanhomi, no Leste de Minas"}]},{"@type":"WebSite","@id":"https:\/\/aconteceunovale.com.br\/portal\/#website","url":"https:\/\/aconteceunovale.com.br\/portal\/","name":"Aconteceu no Vale","description":"Portal de Not\u00edcias","potentialAction":[{"@type":"SearchAction","target":{"@type":"EntryPoint","urlTemplate":"https:\/\/aconteceunovale.com.br\/portal\/?s={search_term_string}"},"query-input":{"@type":"PropertyValueSpecification","valueRequired":true,"valueName":"search_term_string"}}],"inLanguage":"pt-BR"},{"@type":"Person","@id":"https:\/\/aconteceunovale.com.br\/portal\/#\/schema\/person\/7d2f26d1483f8a63de73da1ee0754d35","name":"Reda\u00e7\u00e3o Aconteceu no Vale","description":"Equipe de reportagem do Aconteceu no Vale, portal de not\u00edcias do Vale do Jequitinhonha, em Minas Gerais. Cobrimos as 51 cidades do Vale desde 2013. Sugest\u00f5es de pauta e pedidos de corre\u00e7\u00e3o: contato@aconteceunovale.com.br","url":"https:\/\/aconteceunovale.com.br\/portal\/?author=4"}]}},"_links":{"self":[{"href":"https:\/\/aconteceunovale.com.br\/portal\/index.php?rest_route=\/wp\/v2\/posts\/168011","targetHints":{"allow":["GET"]}}],"collection":[{"href":"https:\/\/aconteceunovale.com.br\/portal\/index.php?rest_route=\/wp\/v2\/posts"}],"about":[{"href":"https:\/\/aconteceunovale.com.br\/portal\/index.php?rest_route=\/wp\/v2\/types\/post"}],"author":[{"embeddable":true,"href":"https:\/\/aconteceunovale.com.br\/portal\/index.php?rest_route=\/wp\/v2\/users\/4"}],"replies":[{"embeddable":true,"href":"https:\/\/aconteceunovale.com.br\/portal\/index.php?rest_route=%2Fwp%2Fv2%2Fcomments&post=168011"}],"version-history":[{"count":1,"href":"https:\/\/aconteceunovale.com.br\/portal\/index.php?rest_route=\/wp\/v2\/posts\/168011\/revisions"}],"predecessor-version":[{"id":168012,"href":"https:\/\/aconteceunovale.com.br\/portal\/index.php?rest_route=\/wp\/v2\/posts\/168011\/revisions\/168012"}],"wp:featuredmedia":[{"embeddable":true,"href":"https:\/\/aconteceunovale.com.br\/portal\/index.php?rest_route=\/wp\/v2\/media\/151866"}],"wp:attachment":[{"href":"https:\/\/aconteceunovale.com.br\/portal\/index.php?rest_route=%2Fwp%2Fv2%2Fmedia&parent=168011"}],"wp:term":[{"taxonomy":"category","embeddable":true,"href":"https:\/\/aconteceunovale.com.br\/portal\/index.php?rest_route=%2Fwp%2Fv2%2Fcategories&post=168011"},{"taxonomy":"post_tag","embeddable":true,"href":"https:\/\/aconteceunovale.com.br\/portal\/index.php?rest_route=%2Fwp%2Fv2%2Ftags&post=168011"}],"curies":[{"name":"wp","href":"https:\/\/api.w.org\/{rel}","templated":true}]}}