{"id":168004,"date":"2020-08-30T20:09:55","date_gmt":"2020-08-30T23:09:55","guid":{"rendered":"https:\/\/aconteceunovale.com.br\/portal\/?p=168004"},"modified":"2020-08-30T20:12:00","modified_gmt":"2020-08-30T23:12:00","slug":"atletico-vence-o-tombense-e-confirma-titulo-do-campeonato-mineiro","status":"publish","type":"post","link":"https:\/\/aconteceunovale.com.br\/portal\/?p=168004","title":{"rendered":"Atl\u00e9tico vence o Tombense e confirma t\u00edtulo do Campeonato Mineiro"},"content":{"rendered":"\n<p class=\"wp-block-paragraph\">O Atl\u00e9tico-MG conquistou o seu 45\u00ba t\u00edtulo estadual vencendo novamente o Tombense, desta vez por 1 a 0, no segundo jogo da final. A partida foi realizada neste domingo (30\/8\/2020), no Mineir\u00e3o, em Belo Horizonte. A ta\u00e7a foi erguida pelo capit\u00e3o R\u00e9ver.<\/p>\n\n\n\n<p class=\"wp-block-paragraph\">No primeiro jogo da decis\u00e3o, disputado na \u00faltima quarta-feira (26\/8), tamb\u00e9m no gigante da Pampulha, o Atl\u00e9tico venceu por 2 a 1, com gols de Eduardo Sasha e Keno.<\/p>\n\n\n\n<p class=\"wp-block-paragraph\">O Galo volta a campo na pr\u00f3xima quinta-feira (3) para enfrentar o S\u00e3o Paulo, \u00e0s 20h, novamente no Mineir\u00e3o. O confronto ser\u00e1 v\u00e1lido pela s\u00e9tima rodada do Brasileir\u00e3o.<\/p>\n\n\n\n<p class=\"wp-block-paragraph\">O Tombense, campe\u00e3o do interior, ter\u00e1 a S\u00e9rie C pela frente. A equipe mineira encara o Ypiranga-RS, fora de casa, \u00e0s 15h30 (de Bras\u00edlia) do pr\u00f3ximo domingo.<\/p>\n\n\n\n<figure class=\"wp-block-gallery columns-1 is-cropped wp-block-gallery-1 is-layout-flex wp-block-gallery-is-layout-flex\"><ul class=\"blocks-gallery-grid\"><li class=\"blocks-gallery-item\"><figure><img loading=\"lazy\" decoding=\"async\" width=\"675\" height=\"450\" src=\"https:\/\/aconteceunovale.com.br\/portal\/wp-content\/uploads\/2020\/08\/campeao_mineiro_1.jpg\" alt=\"\" data-id=\"168005\" data-full-url=\"https:\/\/aconteceunovale.com.br\/portal\/wp-content\/uploads\/2020\/08\/campeao_mineiro_1.jpg\" data-link=\"https:\/\/aconteceunovale.com.br\/portal\/?attachment_id=168005\" class=\"wp-image-168005\" srcset=\"https:\/\/aconteceunovale.com.br\/portal\/wp-content\/uploads\/2020\/08\/campeao_mineiro_1.jpg 675w, https:\/\/aconteceunovale.com.br\/portal\/wp-content\/uploads\/2020\/08\/campeao_mineiro_1-300x200.jpg 300w, https:\/\/aconteceunovale.com.br\/portal\/wp-content\/uploads\/2020\/08\/campeao_mineiro_1-630x420.jpg 630w\" sizes=\"auto, (max-width: 675px) 100vw, 675px\" \/><figcaption class=\"blocks-gallery-item__caption\"><em>Foto: Divulga\u00e7\u00e3o \/ Atl\u00e9tico-MG<\/em><\/figcaption><\/figure><\/li><\/ul><\/figure>\n\n\n\n<p class=\"wp-block-paragraph\"><strong>O JOGO<\/strong><\/p>\n\n\n\n<p class=\"wp-block-paragraph\">O Galo deu a sa\u00edda com Eduardo Sasha. No primeiro ataque, Savarino cruzou rasteiro pela direita e Keno finalizou para a defesa do goleiro Felipe.<\/p>\n\n\n\n<p class=\"wp-block-paragraph\">Em nova tentativa atleticana, desta vez pelo lado esquerdo, Guilherme Arana cruzou e Franco cabeceou com perigo, \u00e0 direita do gol.<\/p>\n\n\n\n<p class=\"wp-block-paragraph\">Aos nove minutos, Franco recebeu lan\u00e7amento de Alonso na grande \u00e1rea e escorou para o arremate de Keno, para fora.<\/p>\n\n\n\n<p class=\"wp-block-paragraph\">Mariano tentou cruzamento pela direita, aos 18 minutos, e acabou pegando muito forte na bola, que saiu pela linha de fundo.<\/p>\n\n\n\n<p class=\"wp-block-paragraph\">No ataque seguinte, Mariano levantou a bola na \u00e1rea novamente e Sasha, com um toque de cabe\u00e7a, tentou encobrir o goleiro, que fez a defesa.<\/p>\n\n\n\n<p class=\"wp-block-paragraph\">O Tombense amea\u00e7ou em cruzamento pela direita e R\u00e9ver se esticou para cortar a jogada. Aos 23, Mariano cruzou pela direita e Keno quase alcan\u00e7ou para fazer o cabeceio, mas a bola atravessou a grande \u00e1rea.<\/p>\n\n\n\n<p class=\"wp-block-paragraph\">Aos 34 minutos, Guilherme Arana sofreu falta perto da meia lua e a cobran\u00e7a de Savarino foi por cima do gol.<\/p>\n\n\n\n<p class=\"wp-block-paragraph\">Tr\u00eas minutos depois, Keno cruzou pela esquerda, a zaga cortou e Arana pegou a sobra na grande \u00e1rea, mas concluiu para fora.<\/p>\n\n\n\n<p class=\"wp-block-paragraph\">Aos 40 minutos, Savarino pegou a sobra dentro da \u00e1rea e mandou a bola para a rede, mas a arbitragem assinalou impedimento do jogador atleticano.<\/p>\n\n\n\n<p class=\"wp-block-paragraph\">O Atl\u00e9tico voltou a levar perigo no cruzamento de Keno pela esquerda, aos 43, e a defesa do Tombense fez o corte pelo alto.<\/p>\n\n\n\n<p class=\"wp-block-paragraph\">Em cobran\u00e7a de escanteio pela esquerda, j\u00e1 nos acr\u00e9scimos, Savarino levantou a bola na \u00e1rea e Sasha cabeceou para a boa defesa de Felipe, que espalmou a bola para a linha de fundo.<\/p>\n\n\n\n<p class=\"wp-block-paragraph\">Em novo escanteio, desta vez pelo lado direito, Arana cruzou e Jair desviou de cabe\u00e7a para abrir o placar no Mineir\u00e3o: Galo 1 x 0.<\/p>\n\n\n\n<figure class=\"wp-block-gallery columns-1 is-cropped wp-block-gallery-2 is-layout-flex wp-block-gallery-is-layout-flex\"><ul class=\"blocks-gallery-grid\"><li class=\"blocks-gallery-item\"><figure><img loading=\"lazy\" decoding=\"async\" width=\"675\" height=\"450\" src=\"https:\/\/aconteceunovale.com.br\/portal\/wp-content\/uploads\/2020\/08\/campeao_mineiro_2.jpg\" alt=\"\" data-id=\"168006\" data-full-url=\"https:\/\/aconteceunovale.com.br\/portal\/wp-content\/uploads\/2020\/08\/campeao_mineiro_2.jpg\" data-link=\"https:\/\/aconteceunovale.com.br\/portal\/?attachment_id=168006\" class=\"wp-image-168006\" srcset=\"https:\/\/aconteceunovale.com.br\/portal\/wp-content\/uploads\/2020\/08\/campeao_mineiro_2.jpg 675w, https:\/\/aconteceunovale.com.br\/portal\/wp-content\/uploads\/2020\/08\/campeao_mineiro_2-300x200.jpg 300w, https:\/\/aconteceunovale.com.br\/portal\/wp-content\/uploads\/2020\/08\/campeao_mineiro_2-630x420.jpg 630w\" sizes=\"auto, (max-width: 675px) 100vw, 675px\" \/><figcaption class=\"blocks-gallery-item__caption\"><em>Foto: Divulga\u00e7\u00e3o \/ Atl\u00e9tico-MG<\/em><\/figcaption><\/figure><\/li><\/ul><\/figure>\n\n\n\n<p class=\"wp-block-paragraph\">O Galo voltou para o<strong> SEGUNDO TEMPO <\/strong>com a mesma forma\u00e7\u00e3o e teve tr\u00eas escanteios seguidos, um pela esquerda e dois pela direita, mas a defesa advers\u00e1ria levou a melhor pelo alto.<\/p>\n\n\n\n<p class=\"wp-block-paragraph\">Antes, o Tombense levou perigo no cabeceio de Admilton, para fora. Em nova chance alvinegra, Arana foi \u00e0 linha de fundo pela esquerda e cruzou para o corte da zaga.<\/p>\n\n\n\n<p class=\"wp-block-paragraph\">Aos 18 minutos, Keno foi substitu\u00eddo por Marquinhos. O Atl\u00e9tico mantinha a posse de bola no campo de ataque e, seguro na defesa, n\u00e3o dava chances ao advers\u00e1rio.<\/p>\n\n\n\n<p class=\"wp-block-paragraph\">Aos 23, Sasha deixou o campo para a entrada de Marrony. Mesmo em vantagem, o Galo seguiu atacando. Aos 28, Savarino recebeu lan\u00e7amento pela direita e foi desarmado na entrada da \u00e1rea.<\/p>\n\n\n\n<p class=\"wp-block-paragraph\">O t\u00e9cnico Jorge Sampaoli promoveu a terceira mudan\u00e7a na equipe aos 28 minutos, colocando Hyoran no lugar de Savarino.<\/p>\n\n\n\n<p class=\"wp-block-paragraph\">Aos 33, Marquinhos recebeu bom passe de Hyoran na grande \u00e1rea pela esquerda e finalizou para a defesa do goleiro Felipe.<\/p>\n\n\n\n<p class=\"wp-block-paragraph\">Hyoran sofreu falta perto da \u00e1rea, aos 35 minutos. Ele mesmo fez a cobran\u00e7a e a bola explodiu na barreira. A sobra ficou com Alonso na intermedi\u00e1ria e o zagueiro chutou forte, exigindo boa defesa de Felipe.<\/p>\n\n\n\n<p class=\"wp-block-paragraph\">O Atl\u00e9tico seguiu buscando o segundo gol, que quase veio no chute de Allan, da entrada da \u00e1rea, mas a bola desviou no zagueiro e saiu por cima do gol.<\/p>\n\n\n\n<p class=\"wp-block-paragraph\">Aos 41, Franco recebeu lan\u00e7amento na grande \u00e1rea, dominou a bola no peito e concluiu para fora.<\/p>\n\n\n\n<p class=\"wp-block-paragraph\">Aos 44, Allan sofreu falta e foi expulso por reclama\u00e7\u00e3o, recebendo o segundo cart\u00e3o amarelo. No minuto seguinte,&nbsp;em r\u00e1pido contra-ataque, Marrony recebeu passe de Alonso em profundidade e ficou cara a cara com o goleiro, que fez grande defesa.<\/p>\n\n\n\n<p class=\"wp-block-paragraph\">Mesmo com o placar favor\u00e1vel, o Galo seguiu pressionando, Hyoran tentou passe na grande \u00e1rea e a zaga do Tombense conseguiu afastar o perigo, naquela que foi a \u00faltima chance da partida.<\/p>\n\n\n\n<h2 class=\"wp-block-heading\"><strong>Campe\u00e3o teve melhor ataque e melhor defesa<\/strong><\/h2>\n\n\n\n<p class=\"wp-block-paragraph\">O Atl\u00e9tico teve o ataque mais positivo da competi\u00e7\u00e3o, com 28 gols, e tamb\u00e9m a melhor defesa, com nove gols sofridos, ao lado do Tombense.<\/p>\n\n\n\n<p class=\"wp-block-paragraph\"><strong>CONFIRA A CAMPANHA DO CAMPE\u00c3O<\/strong><\/p>\n\n\n\n<ul class=\"wp-block-list\"><li>10 vit\u00f3rias<\/li><li>4 empate<\/li><li>1 derrota<\/li><li>28 gols marcados e 9 gols sofridos<\/li><\/ul>\n\n\n\n<p class=\"wp-block-paragraph\"><strong>Artilheiros<\/strong><\/p>\n\n\n\n<ul class=\"wp-block-list\"><li>3 Gols: Savarino, Nathan e Di Santo <\/li><li>2 Gols: F\u00e1bio Santos, Guilherme Arana, Jair e Igor Rabello<\/li><li>1 Gol: Bruno Silva, Gabriel, Keno, Marquinhos, Mailton, Marrony, R\u00e9ver, Sasha e Otero. Gols contra: Wesley (Boa) e Pedro Rosa (Patrocinense). <\/li><\/ul>\n\n\n\n<p class=\"wp-block-paragraph\"><strong>Primeira fase<\/strong> <\/p>\n\n\n\n<ul class=\"wp-block-list\"><li>Uberl\u00e2ndia 0 x 1 Atl\u00e9tico<\/li><li>Atl\u00e9tico 5 x 0 Tupynamb\u00e1s<\/li><li>Coimbra 0 x 0 Atl\u00e9tico<\/li><li>Atl\u00e9tico 1 x 1 Tombense<\/li><li>URT 0 x 1 Atl\u00e9tico<\/li><li>Atl\u00e9tico 1 x 2 Caldense<\/li><li>Boa Esporte 1 x 1 Atl\u00e9tico<\/li><li>Atl\u00e9tico 2 x 1 Cruzeiro<\/li><li>Villa Nova 1 x 3 Atl\u00e9tico<\/li><li>Am\u00e9rica 1 x 1 Atl\u00e9tico<\/li><li>Atl\u00e9tico 4 x 0 Patrocinense <\/li><\/ul>\n\n\n\n<p class=\"wp-block-paragraph\"><strong>Semifinal<\/strong> <\/p>\n\n\n\n<ul class=\"wp-block-list\"><li>Atl\u00e9tico 2 x 1 Am\u00e9rica<\/li><li>Am\u00e9rica 0 x 3 Atl\u00e9tico<\/li><\/ul>\n\n\n\n<p class=\"wp-block-paragraph\"><strong>Final<\/strong> <\/p>\n\n\n\n<ul class=\"wp-block-list\"><li>Atl\u00e9tico 2 x 1 Tombense<\/li><li>Tombense 0 x 1 Atl\u00e9tico<\/li><\/ul>\n\n\n\n<h2 class=\"wp-block-heading\"><strong>FICHA T\u00c9CNICA DA FINAL<\/strong><\/h2>\n\n\n\n<p class=\"wp-block-paragraph\"><strong>TOMBENSE 0 x 1 ATL\u00c9TICO\u00a0<\/strong><\/p>\n\n\n\n<p class=\"wp-block-paragraph\"><strong>Competi\u00e7\u00e3o:<\/strong> Campeonato Mineiro <br><strong>Etapa: <\/strong>Final (jogo de volta) <br><strong>Data:<\/strong>\u00a030\/08\/2020 <br><strong>Est\u00e1dio:<\/strong> Mineir\u00e3o <br><strong>Cidade:<\/strong>\u00a0Belo Horizonte (MG) <br><strong>Gol:<\/strong> Jair (48&#8242; &#8211; 1\u00baT) <\/p>\n\n\n\n<p class=\"wp-block-paragraph\"><strong>Tombense<\/strong> Felipe Garcia; David, Admilton, Matheus Lopes (Ramon), Jo\u00e3o Paulo, Rodrigo, Serginho (Gabriel Lima), Ibson (Jhemerson), Marquinhos (Gersinho), C\u00e1ssio Ortega (Maycon Douglas) e Rubens. <br><strong>T\u00e9cnico:<\/strong> Eug\u00eanio Souza. <\/p>\n\n\n\n<p class=\"wp-block-paragraph\"><strong>Atl\u00e9tico<\/strong> Rafael; Mariano, R\u00e9ver, Junior Alonso, Guilherme Arana, Allan, Jair, Franco, Savarino (Hyoran), Keno (Marquinhos) e Eduardo Sasha (Marrony). <\/p>\n\n\n\n<p class=\"wp-block-paragraph\"><strong>T\u00e9cnico:<\/strong> Jorge Sampaoli. <\/p>\n\n\n\n<p class=\"wp-block-paragraph\"><strong>Cart\u00f5es amarelos:<\/strong>\u00a0Allan, Arana, Jair, Jorge Sampaoli (Atl\u00e9tico); Serginho, Marquinhos, Gabriel Lima, Rodrigo (Tombense) <\/p>\n\n\n\n<p class=\"wp-block-paragraph\"><strong>Cart\u00e3o vermelho:<\/strong> Allan (Atl\u00e9tico)<\/p>\n\n\n\n<p class=\"wp-block-paragraph\"><strong>Confira a equipe completa de arbitragem:<\/strong><\/p>\n\n\n\n<p class=\"wp-block-paragraph\"><strong>\u00c1rbitro:<\/strong> Ronei C\u00e2ndido Alves <br><strong>Assistente 1:<\/strong> Marcus Vin\u00edcius Gomes <br><strong>Assistente 2:<\/strong>\u00a0Felipe Alan Costa de Oliveira <br><strong>4\u00ba \u00c1rbitro:<\/strong> Paulo C\u00e9sar Zanovelli da Silva <br><strong>5\u00ba \u00c1rbitro:<\/strong> Marconi Helbert Vieira <br><strong>Inspetor:<\/strong> Juliano Lopes Lobato <br><strong>VAR:<\/strong> Wanderson Alves de Souza <br><strong>AVAR 1:<\/strong>\u00a0Emerson de\u00a0 Almeida Ferreira <br><strong>AVAR 2:<\/strong> Celso Luiz da Silva <br><strong>Observador de VAR:<\/strong> M\u00e1rcio Eust\u00e1quio Sousa Santiago<\/p>\n\n\n\n<p class=\"has-white-color has-black-background-color has-text-color has-background wp-block-paragraph\">Quer saber as not\u00edcias do <strong>Aconteceu no Vale<\/strong> em primeira m\u00e3o? Siga-nos no Facebook <a rel=\"noreferrer noopener\" href=\"http:\/\/facebook.com\/aconteceunovale\" target=\"_blank\">@aconteceunovale<\/a>, Twitter <a rel=\"noreferrer noopener\" href=\"https:\/\/twitter.com\/noticiadosvales\" target=\"_blank\">@noticiadosvales<\/a> e Instagram <a rel=\"noreferrer noopener\" href=\"https:\/\/www.instagram.com\/aconteceunovale\" target=\"_blank\">@aconteceunovale<\/a>.<\/p>\n","protected":false},"excerpt":{"rendered":"<p>O Atl\u00e9tico-MG conquistou o seu 45\u00ba t\u00edtulo estadual vencendo novamente o Tombense, desta vez por 1 a 0, no segundo jogo da final. A partida foi realizada neste domingo (30\/8\/2020), no Mineir\u00e3o, em Belo Horizonte. A ta\u00e7a foi erguida pelo capit\u00e3o R\u00e9ver. No primeiro jogo da decis\u00e3o, disputado na \u00faltima quarta-feira (26\/8), tamb\u00e9m no gigante [&hellip;]<\/p>\n","protected":false},"author":4,"featured_media":168005,"comment_status":"open","ping_status":"closed","sticky":false,"template":"","format":"standard","meta":{"amp_status":"","footnotes":""},"categories":[59,123],"tags":[228556,226349,226617,228553,194,1017,32921,226607,226253,228554,226904,4404,226155,226903,226608,682,1018,226255,226258,228557,22725,226256,226611,211822,226254,215,86812,226257,81237,226609,23161,226905,226606,226900,226901,226902,226605,226610,32690,226260,226259,228555,42209],"class_list":["post-168004","post","type-post","status-publish","format-standard","has-post-thumbnail","hentry","category-esportes","category-gerais","tag-atletico-campeao-do-campeonato-mineiro","tag-atletico-goleia-o-patrocinense-e-avanca-para-as-semifinais-do-campeonato-mineiro","tag-atletico-vence-o-america-e-larga-em-vantagem-na-disputa-por-vaga-na-final-do-campeonato-mineiro","tag-atletico-vence-o-tombense-e-confirma-titulo-do-campeonato-mineiro","tag-belo-horizonte","tag-bh","tag-caldense","tag-caldense-campeonato-mineiro-2020","tag-caldense-e-cruzeiro-entram-em-campo-por-vaga-nas-semifinais-do-campeonato-mineiro","tag-campeao-do-campeonato-mineiro","tag-campeao-do-interior-de-minas-gerais","tag-campeonato-mineiro","tag-campeonato-mineiro-2020","tag-carcara-da-zona-da-mata","tag-carcara-de-tombos","tag-cruzeiro","tag-destaque","tag-duelo-entre-caldense-e-cruzeiro","tag-estadio-doutor-ronaldo-junqueira","tag-galo-campeao-do-campeonato-mineiro","tag-independencia","tag-jogo-entre-caldense-e-cruzeiro","tag-jogo-entre-tombense-e-caldense","tag-mineiro","tag-mineiro-2020","tag-pocos-de-caldas","tag-primeira-fase-do-campeonato-mineiro","tag-primeira-fase-do-mineiro","tag-ronaldao","tag-semifinais-do-campeonato-mineiro-2020","tag-tombense","tag-tombense-campeao-do-interior-de-minas-gerais","tag-tombense-campeonato-mineiro-2020","tag-tombense-chega-a-final-do-campeonato-mineiro-pela-primeira-vez","tag-tombense-e-o-primeiro-finalista-do-campeonato-mineiro-2020","tag-tombense-finalista-do-campeonato-mineiro-2020","tag-tombense-vence-e-esta-mais-perto-da-final-do-campeonato-mineiro-2020","tag-tombense-x-caldense","tag-tombos","tag-ultima-rodada-da-primeira-fase-do-campeonato-mineiro","tag-ultima-rodada-da-primeira-fase-do-mineiro","tag-vencedor-do-campeonato-mineiro","tag-veterana"],"yoast_head":"<!-- This site is optimized with the Yoast SEO plugin v28.3 - https:\/\/yoast.com\/product\/yoast-seo-wordpress\/ -->\n<title>Atl\u00e9tico vence o Tombense e confirma t\u00edtulo do Campeonato Mineiro - Aconteceu no Vale<\/title>\n<meta name=\"robots\" content=\"index, follow, max-snippet:-1, max-image-preview:large, max-video-preview:-1\" \/>\n<link rel=\"canonical\" href=\"https:\/\/aconteceunovale.com.br\/portal\/?p=168004\" \/>\n<meta property=\"og:locale\" content=\"pt_BR\" \/>\n<meta property=\"og:type\" content=\"article\" \/>\n<meta property=\"og:title\" content=\"Atl\u00e9tico vence o Tombense e confirma t\u00edtulo do Campeonato Mineiro - Aconteceu no Vale\" \/>\n<meta property=\"og:description\" content=\"O Atl\u00e9tico-MG conquistou o seu 45\u00ba t\u00edtulo estadual vencendo novamente o Tombense, desta vez por 1 a 0, no segundo jogo da final. A partida foi realizada neste domingo (30\/8\/2020), no Mineir\u00e3o, em Belo Horizonte. A ta\u00e7a foi erguida pelo capit\u00e3o R\u00e9ver. No primeiro jogo da decis\u00e3o, disputado na \u00faltima quarta-feira (26\/8), tamb\u00e9m no gigante [&hellip;]\" \/>\n<meta property=\"og:url\" content=\"https:\/\/aconteceunovale.com.br\/portal\/?p=168004\" \/>\n<meta property=\"og:site_name\" content=\"Aconteceu no Vale\" \/>\n<meta property=\"article:publisher\" content=\"https:\/\/www.facebook.com\/aconteceunovale\/\" \/>\n<meta property=\"article:published_time\" content=\"2020-08-30T23:09:55+00:00\" \/>\n<meta property=\"article:modified_time\" content=\"2020-08-30T23:12:00+00:00\" \/>\n<meta property=\"og:image\" content=\"https:\/\/aconteceunovale.com.br\/portal\/wp-content\/uploads\/2020\/08\/campeao_mineiro_1.jpg\" \/>\n\t<meta property=\"og:image:width\" content=\"675\" \/>\n\t<meta property=\"og:image:height\" content=\"450\" \/>\n\t<meta property=\"og:image:type\" content=\"image\/jpeg\" \/>\n<meta name=\"author\" content=\"Reda\u00e7\u00e3o Aconteceu no Vale\" \/>\n<meta name=\"twitter:card\" content=\"summary_large_image\" \/>\n<meta name=\"twitter:creator\" content=\"@noticiadosvales\" \/>\n<meta name=\"twitter:site\" content=\"@noticiadosvales\" \/>\n<meta name=\"twitter:label1\" content=\"Escrito por\" \/>\n\t<meta name=\"twitter:data1\" content=\"Reda\u00e7\u00e3o Aconteceu no Vale\" \/>\n\t<meta name=\"twitter:label2\" content=\"Est. tempo de leitura\" \/>\n\t<meta name=\"twitter:data2\" content=\"6 minutos\" \/>\n<script type=\"application\/ld+json\" class=\"yoast-schema-graph\">{\"@context\":\"https:\\\/\\\/schema.org\",\"@graph\":[{\"@type\":\"Article\",\"@id\":\"https:\\\/\\\/aconteceunovale.com.br\\\/portal\\\/?p=168004#article\",\"isPartOf\":{\"@id\":\"https:\\\/\\\/aconteceunovale.com.br\\\/portal\\\/?p=168004\"},\"author\":{\"name\":\"Reda\u00e7\u00e3o Aconteceu no Vale\",\"@id\":\"https:\\\/\\\/aconteceunovale.com.br\\\/portal\\\/#\\\/schema\\\/person\\\/7d2f26d1483f8a63de73da1ee0754d35\"},\"headline\":\"Atl\u00e9tico vence o Tombense e confirma t\u00edtulo do Campeonato Mineiro\",\"datePublished\":\"2020-08-30T23:09:55+00:00\",\"dateModified\":\"2020-08-30T23:12:00+00:00\",\"mainEntityOfPage\":{\"@id\":\"https:\\\/\\\/aconteceunovale.com.br\\\/portal\\\/?p=168004\"},\"wordCount\":1144,\"commentCount\":0,\"image\":{\"@id\":\"https:\\\/\\\/aconteceunovale.com.br\\\/portal\\\/?p=168004#primaryimage\"},\"thumbnailUrl\":\"https:\\\/\\\/aconteceunovale.com.br\\\/portal\\\/wp-content\\\/uploads\\\/2020\\\/08\\\/campeao_mineiro_1.jpg\",\"keywords\":[\"Atl\u00e9tico campe\u00e3o do Campeonato Mineiro\",\"Atl\u00e9tico goleia o Patrocinense e avan\u00e7a para as semifinais do Campeonato Mineiro\",\"Atl\u00e9tico vence o Am\u00e9rica e larga em vantagem na disputa por vaga na final do Campeonato Mineiro\",\"Atl\u00e9tico vence o Tombense e confirma t\u00edtulo do Campeonato Mineiro\",\"Belo Horizonte\",\"bh\",\"Caldense\",\"Caldense Campeonato Mineiro 2020\",\"Caldense e Cruzeiro entram em campo por vaga nas semifinais do Campeonato Mineiro\",\"Campe\u00e3o do Campeonato Mineiro\",\"Campe\u00e3o do Interior de Minas Gerais\",\"Campeonato Mineiro\",\"Campeonato Mineiro 2020\",\"Carcar\u00e1 da Zona da Mata\",\"Carcar\u00e1 de Tombos\",\"Cruzeiro\",\"destaque\",\"Duelo entre Caldense e Cruzeiro\",\"Est\u00e1dio Doutor Ronaldo Junqueira\",\"Galo campe\u00e3o do Campeonato Mineiro\",\"Independ\u00eancia\",\"Jogo entre Caldense e Cruzeiro\",\"Jogo entre Tombense e Caldense\",\"mineiro\",\"Mineiro 2020\",\"Po\u00e7os de Caldas\",\"primeira fase do Campeonato Mineiro\",\"Primeira fase do Mineiro\",\"Ronald\u00e3o\",\"Semifinais do Campeonato Mineiro 2020\",\"Tombense\",\"Tombense campe\u00e3o do interior de Minas Gerais\",\"Tombense Campeonato Mineiro 2020\",\"Tombense chega \u00e0 final do Campeonato Mineiro pela primeira vez\",\"Tombense \u00e9 o primeiro finalista do Campeonato Mineiro 2020\",\"Tombense finalista do Campeonato Mineiro 2020\",\"Tombense vence e est\u00e1 mais perto da final do Campeonato Mineiro 2020\",\"Tombense x Caldense\",\"Tombos\",\"\u00daltima rodada da primeira fase do Campeonato Mineiro\",\"\u00daltima rodada da primeira fase do Mineiro\",\"Vencedor do Campeonato Mineiro\",\"Veterana\"],\"articleSection\":[\"Esportes\",\"Minas Gerais\"],\"inLanguage\":\"pt-BR\",\"potentialAction\":[{\"@type\":\"CommentAction\",\"name\":\"Comment\",\"target\":[\"https:\\\/\\\/aconteceunovale.com.br\\\/portal\\\/?p=168004#respond\"]}]},{\"@type\":\"WebPage\",\"@id\":\"https:\\\/\\\/aconteceunovale.com.br\\\/portal\\\/?p=168004\",\"url\":\"https:\\\/\\\/aconteceunovale.com.br\\\/portal\\\/?p=168004\",\"name\":\"Atl\u00e9tico vence o Tombense e confirma t\u00edtulo do Campeonato Mineiro - Aconteceu no Vale\",\"isPartOf\":{\"@id\":\"https:\\\/\\\/aconteceunovale.com.br\\\/portal\\\/#website\"},\"primaryImageOfPage\":{\"@id\":\"https:\\\/\\\/aconteceunovale.com.br\\\/portal\\\/?p=168004#primaryimage\"},\"image\":{\"@id\":\"https:\\\/\\\/aconteceunovale.com.br\\\/portal\\\/?p=168004#primaryimage\"},\"thumbnailUrl\":\"https:\\\/\\\/aconteceunovale.com.br\\\/portal\\\/wp-content\\\/uploads\\\/2020\\\/08\\\/campeao_mineiro_1.jpg\",\"datePublished\":\"2020-08-30T23:09:55+00:00\",\"dateModified\":\"2020-08-30T23:12:00+00:00\",\"author\":{\"@id\":\"https:\\\/\\\/aconteceunovale.com.br\\\/portal\\\/#\\\/schema\\\/person\\\/7d2f26d1483f8a63de73da1ee0754d35\"},\"breadcrumb\":{\"@id\":\"https:\\\/\\\/aconteceunovale.com.br\\\/portal\\\/?p=168004#breadcrumb\"},\"inLanguage\":\"pt-BR\",\"potentialAction\":[{\"@type\":\"ReadAction\",\"target\":[\"https:\\\/\\\/aconteceunovale.com.br\\\/portal\\\/?p=168004\"]}]},{\"@type\":\"ImageObject\",\"inLanguage\":\"pt-BR\",\"@id\":\"https:\\\/\\\/aconteceunovale.com.br\\\/portal\\\/?p=168004#primaryimage\",\"url\":\"https:\\\/\\\/aconteceunovale.com.br\\\/portal\\\/wp-content\\\/uploads\\\/2020\\\/08\\\/campeao_mineiro_1.jpg\",\"contentUrl\":\"https:\\\/\\\/aconteceunovale.com.br\\\/portal\\\/wp-content\\\/uploads\\\/2020\\\/08\\\/campeao_mineiro_1.jpg\",\"width\":675,\"height\":450},{\"@type\":\"BreadcrumbList\",\"@id\":\"https:\\\/\\\/aconteceunovale.com.br\\\/portal\\\/?p=168004#breadcrumb\",\"itemListElement\":[{\"@type\":\"ListItem\",\"position\":1,\"name\":\"In\u00edcio\",\"item\":\"https:\\\/\\\/aconteceunovale.com.br\\\/portal\\\/\"},{\"@type\":\"ListItem\",\"position\":2,\"name\":\"Atl\u00e9tico vence o Tombense e confirma t\u00edtulo do Campeonato Mineiro\"}]},{\"@type\":\"WebSite\",\"@id\":\"https:\\\/\\\/aconteceunovale.com.br\\\/portal\\\/#website\",\"url\":\"https:\\\/\\\/aconteceunovale.com.br\\\/portal\\\/\",\"name\":\"Aconteceu no Vale\",\"description\":\"Portal de Not\u00edcias\",\"potentialAction\":[{\"@type\":\"SearchAction\",\"target\":{\"@type\":\"EntryPoint\",\"urlTemplate\":\"https:\\\/\\\/aconteceunovale.com.br\\\/portal\\\/?s={search_term_string}\"},\"query-input\":{\"@type\":\"PropertyValueSpecification\",\"valueRequired\":true,\"valueName\":\"search_term_string\"}}],\"inLanguage\":\"pt-BR\"},{\"@type\":\"Person\",\"@id\":\"https:\\\/\\\/aconteceunovale.com.br\\\/portal\\\/#\\\/schema\\\/person\\\/7d2f26d1483f8a63de73da1ee0754d35\",\"name\":\"Reda\u00e7\u00e3o Aconteceu no Vale\",\"description\":\"Equipe de reportagem do Aconteceu no Vale, portal de not\u00edcias do Vale do Jequitinhonha, em Minas Gerais. Cobrimos as 51 cidades do Vale desde 2013. Sugest\u00f5es de pauta e pedidos de corre\u00e7\u00e3o: contato@aconteceunovale.com.br\",\"url\":\"https:\\\/\\\/aconteceunovale.com.br\\\/portal\\\/?author=4\"}]}<\/script>\n<!-- \/ Yoast SEO plugin. -->","yoast_head_json":{"title":"Atl\u00e9tico vence o Tombense e confirma t\u00edtulo do Campeonato Mineiro - Aconteceu no Vale","robots":{"index":"index","follow":"follow","max-snippet":"max-snippet:-1","max-image-preview":"max-image-preview:large","max-video-preview":"max-video-preview:-1"},"canonical":"https:\/\/aconteceunovale.com.br\/portal\/?p=168004","og_locale":"pt_BR","og_type":"article","og_title":"Atl\u00e9tico vence o Tombense e confirma t\u00edtulo do Campeonato Mineiro - Aconteceu no Vale","og_description":"O Atl\u00e9tico-MG conquistou o seu 45\u00ba t\u00edtulo estadual vencendo novamente o Tombense, desta vez por 1 a 0, no segundo jogo da final. A partida foi realizada neste domingo (30\/8\/2020), no Mineir\u00e3o, em Belo Horizonte. A ta\u00e7a foi erguida pelo capit\u00e3o R\u00e9ver. No primeiro jogo da decis\u00e3o, disputado na \u00faltima quarta-feira (26\/8), tamb\u00e9m no gigante [&hellip;]","og_url":"https:\/\/aconteceunovale.com.br\/portal\/?p=168004","og_site_name":"Aconteceu no Vale","article_publisher":"https:\/\/www.facebook.com\/aconteceunovale\/","article_published_time":"2020-08-30T23:09:55+00:00","article_modified_time":"2020-08-30T23:12:00+00:00","og_image":[{"width":675,"height":450,"url":"https:\/\/aconteceunovale.com.br\/portal\/wp-content\/uploads\/2020\/08\/campeao_mineiro_1.jpg","type":"image\/jpeg"}],"author":"Reda\u00e7\u00e3o Aconteceu no Vale","twitter_card":"summary_large_image","twitter_creator":"@noticiadosvales","twitter_site":"@noticiadosvales","twitter_misc":{"Escrito por":"Reda\u00e7\u00e3o Aconteceu no Vale","Est. tempo de leitura":"6 minutos"},"schema":{"@context":"https:\/\/schema.org","@graph":[{"@type":"Article","@id":"https:\/\/aconteceunovale.com.br\/portal\/?p=168004#article","isPartOf":{"@id":"https:\/\/aconteceunovale.com.br\/portal\/?p=168004"},"author":{"name":"Reda\u00e7\u00e3o Aconteceu no Vale","@id":"https:\/\/aconteceunovale.com.br\/portal\/#\/schema\/person\/7d2f26d1483f8a63de73da1ee0754d35"},"headline":"Atl\u00e9tico vence o Tombense e confirma t\u00edtulo do Campeonato Mineiro","datePublished":"2020-08-30T23:09:55+00:00","dateModified":"2020-08-30T23:12:00+00:00","mainEntityOfPage":{"@id":"https:\/\/aconteceunovale.com.br\/portal\/?p=168004"},"wordCount":1144,"commentCount":0,"image":{"@id":"https:\/\/aconteceunovale.com.br\/portal\/?p=168004#primaryimage"},"thumbnailUrl":"https:\/\/aconteceunovale.com.br\/portal\/wp-content\/uploads\/2020\/08\/campeao_mineiro_1.jpg","keywords":["Atl\u00e9tico campe\u00e3o do Campeonato Mineiro","Atl\u00e9tico goleia o Patrocinense e avan\u00e7a para as semifinais do Campeonato Mineiro","Atl\u00e9tico vence o Am\u00e9rica e larga em vantagem na disputa por vaga na final do Campeonato Mineiro","Atl\u00e9tico vence o Tombense e confirma t\u00edtulo do Campeonato Mineiro","Belo Horizonte","bh","Caldense","Caldense Campeonato Mineiro 2020","Caldense e Cruzeiro entram em campo por vaga nas semifinais do Campeonato Mineiro","Campe\u00e3o do Campeonato Mineiro","Campe\u00e3o do Interior de Minas Gerais","Campeonato Mineiro","Campeonato Mineiro 2020","Carcar\u00e1 da Zona da Mata","Carcar\u00e1 de Tombos","Cruzeiro","destaque","Duelo entre Caldense e Cruzeiro","Est\u00e1dio Doutor Ronaldo Junqueira","Galo campe\u00e3o do Campeonato Mineiro","Independ\u00eancia","Jogo entre Caldense e Cruzeiro","Jogo entre Tombense e Caldense","mineiro","Mineiro 2020","Po\u00e7os de Caldas","primeira fase do Campeonato Mineiro","Primeira fase do Mineiro","Ronald\u00e3o","Semifinais do Campeonato Mineiro 2020","Tombense","Tombense campe\u00e3o do interior de Minas Gerais","Tombense Campeonato Mineiro 2020","Tombense chega \u00e0 final do Campeonato Mineiro pela primeira vez","Tombense \u00e9 o primeiro finalista do Campeonato Mineiro 2020","Tombense finalista do Campeonato Mineiro 2020","Tombense vence e est\u00e1 mais perto da final do Campeonato Mineiro 2020","Tombense x Caldense","Tombos","\u00daltima rodada da primeira fase do Campeonato Mineiro","\u00daltima rodada da primeira fase do Mineiro","Vencedor do Campeonato Mineiro","Veterana"],"articleSection":["Esportes","Minas Gerais"],"inLanguage":"pt-BR","potentialAction":[{"@type":"CommentAction","name":"Comment","target":["https:\/\/aconteceunovale.com.br\/portal\/?p=168004#respond"]}]},{"@type":"WebPage","@id":"https:\/\/aconteceunovale.com.br\/portal\/?p=168004","url":"https:\/\/aconteceunovale.com.br\/portal\/?p=168004","name":"Atl\u00e9tico vence o Tombense e confirma t\u00edtulo do Campeonato Mineiro - Aconteceu no Vale","isPartOf":{"@id":"https:\/\/aconteceunovale.com.br\/portal\/#website"},"primaryImageOfPage":{"@id":"https:\/\/aconteceunovale.com.br\/portal\/?p=168004#primaryimage"},"image":{"@id":"https:\/\/aconteceunovale.com.br\/portal\/?p=168004#primaryimage"},"thumbnailUrl":"https:\/\/aconteceunovale.com.br\/portal\/wp-content\/uploads\/2020\/08\/campeao_mineiro_1.jpg","datePublished":"2020-08-30T23:09:55+00:00","dateModified":"2020-08-30T23:12:00+00:00","author":{"@id":"https:\/\/aconteceunovale.com.br\/portal\/#\/schema\/person\/7d2f26d1483f8a63de73da1ee0754d35"},"breadcrumb":{"@id":"https:\/\/aconteceunovale.com.br\/portal\/?p=168004#breadcrumb"},"inLanguage":"pt-BR","potentialAction":[{"@type":"ReadAction","target":["https:\/\/aconteceunovale.com.br\/portal\/?p=168004"]}]},{"@type":"ImageObject","inLanguage":"pt-BR","@id":"https:\/\/aconteceunovale.com.br\/portal\/?p=168004#primaryimage","url":"https:\/\/aconteceunovale.com.br\/portal\/wp-content\/uploads\/2020\/08\/campeao_mineiro_1.jpg","contentUrl":"https:\/\/aconteceunovale.com.br\/portal\/wp-content\/uploads\/2020\/08\/campeao_mineiro_1.jpg","width":675,"height":450},{"@type":"BreadcrumbList","@id":"https:\/\/aconteceunovale.com.br\/portal\/?p=168004#breadcrumb","itemListElement":[{"@type":"ListItem","position":1,"name":"In\u00edcio","item":"https:\/\/aconteceunovale.com.br\/portal\/"},{"@type":"ListItem","position":2,"name":"Atl\u00e9tico vence o Tombense e confirma t\u00edtulo do Campeonato Mineiro"}]},{"@type":"WebSite","@id":"https:\/\/aconteceunovale.com.br\/portal\/#website","url":"https:\/\/aconteceunovale.com.br\/portal\/","name":"Aconteceu no Vale","description":"Portal de Not\u00edcias","potentialAction":[{"@type":"SearchAction","target":{"@type":"EntryPoint","urlTemplate":"https:\/\/aconteceunovale.com.br\/portal\/?s={search_term_string}"},"query-input":{"@type":"PropertyValueSpecification","valueRequired":true,"valueName":"search_term_string"}}],"inLanguage":"pt-BR"},{"@type":"Person","@id":"https:\/\/aconteceunovale.com.br\/portal\/#\/schema\/person\/7d2f26d1483f8a63de73da1ee0754d35","name":"Reda\u00e7\u00e3o Aconteceu no Vale","description":"Equipe de reportagem do Aconteceu no Vale, portal de not\u00edcias do Vale do Jequitinhonha, em Minas Gerais. Cobrimos as 51 cidades do Vale desde 2013. Sugest\u00f5es de pauta e pedidos de corre\u00e7\u00e3o: contato@aconteceunovale.com.br","url":"https:\/\/aconteceunovale.com.br\/portal\/?author=4"}]}},"_links":{"self":[{"href":"https:\/\/aconteceunovale.com.br\/portal\/index.php?rest_route=\/wp\/v2\/posts\/168004","targetHints":{"allow":["GET"]}}],"collection":[{"href":"https:\/\/aconteceunovale.com.br\/portal\/index.php?rest_route=\/wp\/v2\/posts"}],"about":[{"href":"https:\/\/aconteceunovale.com.br\/portal\/index.php?rest_route=\/wp\/v2\/types\/post"}],"author":[{"embeddable":true,"href":"https:\/\/aconteceunovale.com.br\/portal\/index.php?rest_route=\/wp\/v2\/users\/4"}],"replies":[{"embeddable":true,"href":"https:\/\/aconteceunovale.com.br\/portal\/index.php?rest_route=%2Fwp%2Fv2%2Fcomments&post=168004"}],"version-history":[{"count":1,"href":"https:\/\/aconteceunovale.com.br\/portal\/index.php?rest_route=\/wp\/v2\/posts\/168004\/revisions"}],"predecessor-version":[{"id":168007,"href":"https:\/\/aconteceunovale.com.br\/portal\/index.php?rest_route=\/wp\/v2\/posts\/168004\/revisions\/168007"}],"wp:featuredmedia":[{"embeddable":true,"href":"https:\/\/aconteceunovale.com.br\/portal\/index.php?rest_route=\/wp\/v2\/media\/168005"}],"wp:attachment":[{"href":"https:\/\/aconteceunovale.com.br\/portal\/index.php?rest_route=%2Fwp%2Fv2%2Fmedia&parent=168004"}],"wp:term":[{"taxonomy":"category","embeddable":true,"href":"https:\/\/aconteceunovale.com.br\/portal\/index.php?rest_route=%2Fwp%2Fv2%2Fcategories&post=168004"},{"taxonomy":"post_tag","embeddable":true,"href":"https:\/\/aconteceunovale.com.br\/portal\/index.php?rest_route=%2Fwp%2Fv2%2Ftags&post=168004"}],"curies":[{"name":"wp","href":"https:\/\/api.w.org\/{rel}","templated":true}]}}