{"id":167997,"date":"2020-08-30T19:36:56","date_gmt":"2020-08-30T22:36:56","guid":{"rendered":"https:\/\/aconteceunovale.com.br\/portal\/?p=167997"},"modified":"2020-08-30T19:38:13","modified_gmt":"2020-08-30T22:38:13","slug":"ciclistas-morrem-apos-serem-atropelados-por-carro-conduzido-por-adolescente-no-leste-de-minas","status":"publish","type":"post","link":"https:\/\/aconteceunovale.com.br\/portal\/?p=167997","title":{"rendered":"Ciclistas morrem ap\u00f3s serem atropelados por carro conduzido por adolescente no Leste de Minas"},"content":{"rendered":"\n<p class=\"wp-block-paragraph\">Dois homens morreram ap\u00f3s serem atropelados por um carro na LMG-775, em Tumiritinga (MG), na manh\u00e3 deste domingo (30\/8\/2020). De acordo com a Pol\u00edcia Militar Rodovi\u00e1ria (PMRv), um Toyota Corolla, licenciado em Governador Valadares, seguia sentido a S\u00e3o Geraldo de Tumiritinga quando atingiu os dois ciclistas na altura do km 03 da rodovia.<\/p>\n\n\n\n<p class=\"wp-block-paragraph\">O carro capotou em uma \u00e1rea de pastagem na lateral da pista. Os corpos dos ciclistas Valdivino F\u00e9lix Fel\u00edcio, de 37 anos, e Jorge Domingos da Silva, de 55, ficaram a cerca de 15 e 40 metros de dist\u00e2ncia do local da colis\u00e3o.<\/p>\n\n\n\n<p class=\"wp-block-paragraph\">De acordo com apura\u00e7\u00e3o da Pol\u00edcia Militar, o Corolla era conduzido por um adolescente de 17 anos, que teria pegado o ve\u00edculo escondido do pai.<\/p>\n\n\n\n<p class=\"wp-block-paragraph\">O adolescente foi socorrido a um hospital particular de Governador Valadares e, ap\u00f3s atendimento m\u00e9dico, foi apreendido e encaminhado \u00e0 Delegacia de Pol\u00edcia Civil de Plant\u00e3o.<\/p>\n\n\n\n<p class=\"wp-block-paragraph\">Os corpos das v\u00edtimas Valdivino e Jorge foram encaminhados ao Instituto M\u00e9dico Legal de Governador Valadares. O caso ser\u00e1 investigado.<\/p>\n\n\n\n<figure class=\"wp-block-gallery columns-1 is-cropped wp-block-gallery-1 is-layout-flex wp-block-gallery-is-layout-flex\"><ul class=\"blocks-gallery-grid\"><li class=\"blocks-gallery-item\"><figure><img loading=\"lazy\" decoding=\"async\" width=\"678\" height=\"381\" src=\"https:\/\/aconteceunovale.com.br\/portal\/wp-content\/uploads\/2020\/08\/acidente_tumiritinga_1.jpg\" alt=\"\" data-id=\"168002\" data-full-url=\"https:\/\/aconteceunovale.com.br\/portal\/wp-content\/uploads\/2020\/08\/acidente_tumiritinga_1.jpg\" data-link=\"https:\/\/aconteceunovale.com.br\/portal\/?attachment_id=168002\" class=\"wp-image-168002\" srcset=\"https:\/\/aconteceunovale.com.br\/portal\/wp-content\/uploads\/2020\/08\/acidente_tumiritinga_1.jpg 678w, https:\/\/aconteceunovale.com.br\/portal\/wp-content\/uploads\/2020\/08\/acidente_tumiritinga_1-300x169.jpg 300w\" sizes=\"auto, (max-width: 678px) 100vw, 678px\" \/><figcaption class=\"blocks-gallery-item__caption\"><em>Foto: Leandro Silva<\/em><\/figcaption><\/figure><\/li><li class=\"blocks-gallery-item\"><figure><img loading=\"lazy\" decoding=\"async\" width=\"678\" height=\"434\" src=\"https:\/\/aconteceunovale.com.br\/portal\/wp-content\/uploads\/2020\/08\/acidente_tumiritinga_5.jpg\" alt=\"\" data-id=\"167998\" data-full-url=\"https:\/\/aconteceunovale.com.br\/portal\/wp-content\/uploads\/2020\/08\/acidente_tumiritinga_5.jpg\" data-link=\"https:\/\/aconteceunovale.com.br\/portal\/?attachment_id=167998\" class=\"wp-image-167998\" srcset=\"https:\/\/aconteceunovale.com.br\/portal\/wp-content\/uploads\/2020\/08\/acidente_tumiritinga_5.jpg 678w, https:\/\/aconteceunovale.com.br\/portal\/wp-content\/uploads\/2020\/08\/acidente_tumiritinga_5-300x192.jpg 300w, https:\/\/aconteceunovale.com.br\/portal\/wp-content\/uploads\/2020\/08\/acidente_tumiritinga_5-656x420.jpg 656w\" sizes=\"auto, (max-width: 678px) 100vw, 678px\" \/><figcaption class=\"blocks-gallery-item__caption\"><em>Foto: Leandro Silva<\/em><\/figcaption><\/figure><\/li><li class=\"blocks-gallery-item\"><figure><img loading=\"lazy\" decoding=\"async\" width=\"678\" height=\"436\" src=\"https:\/\/aconteceunovale.com.br\/portal\/wp-content\/uploads\/2020\/08\/acidente_tumiritinga_4.jpg\" alt=\"\" data-id=\"167999\" data-full-url=\"https:\/\/aconteceunovale.com.br\/portal\/wp-content\/uploads\/2020\/08\/acidente_tumiritinga_4.jpg\" data-link=\"https:\/\/aconteceunovale.com.br\/portal\/?attachment_id=167999\" class=\"wp-image-167999\" srcset=\"https:\/\/aconteceunovale.com.br\/portal\/wp-content\/uploads\/2020\/08\/acidente_tumiritinga_4.jpg 678w, https:\/\/aconteceunovale.com.br\/portal\/wp-content\/uploads\/2020\/08\/acidente_tumiritinga_4-300x193.jpg 300w, https:\/\/aconteceunovale.com.br\/portal\/wp-content\/uploads\/2020\/08\/acidente_tumiritinga_4-653x420.jpg 653w\" sizes=\"auto, (max-width: 678px) 100vw, 678px\" \/><figcaption class=\"blocks-gallery-item__caption\"><em>Foto: Leandro Silva<\/em><\/figcaption><\/figure><\/li><li class=\"blocks-gallery-item\"><figure><img loading=\"lazy\" decoding=\"async\" width=\"678\" height=\"434\" src=\"https:\/\/aconteceunovale.com.br\/portal\/wp-content\/uploads\/2020\/08\/acidente_tumiritinga_3.jpg\" alt=\"\" data-id=\"168000\" data-full-url=\"https:\/\/aconteceunovale.com.br\/portal\/wp-content\/uploads\/2020\/08\/acidente_tumiritinga_3.jpg\" data-link=\"https:\/\/aconteceunovale.com.br\/portal\/?attachment_id=168000\" class=\"wp-image-168000\" srcset=\"https:\/\/aconteceunovale.com.br\/portal\/wp-content\/uploads\/2020\/08\/acidente_tumiritinga_3.jpg 678w, https:\/\/aconteceunovale.com.br\/portal\/wp-content\/uploads\/2020\/08\/acidente_tumiritinga_3-300x192.jpg 300w, https:\/\/aconteceunovale.com.br\/portal\/wp-content\/uploads\/2020\/08\/acidente_tumiritinga_3-656x420.jpg 656w\" sizes=\"auto, (max-width: 678px) 100vw, 678px\" \/><figcaption class=\"blocks-gallery-item__caption\"><em>Foto: Leandro Silva<\/em><\/figcaption><\/figure><\/li><li class=\"blocks-gallery-item\"><figure><img loading=\"lazy\" decoding=\"async\" width=\"678\" height=\"416\" src=\"https:\/\/aconteceunovale.com.br\/portal\/wp-content\/uploads\/2020\/08\/acidente_tumiritinga_2.jpg\" alt=\"\" data-id=\"168001\" data-full-url=\"https:\/\/aconteceunovale.com.br\/portal\/wp-content\/uploads\/2020\/08\/acidente_tumiritinga_2.jpg\" data-link=\"https:\/\/aconteceunovale.com.br\/portal\/?attachment_id=168001\" class=\"wp-image-168001\" srcset=\"https:\/\/aconteceunovale.com.br\/portal\/wp-content\/uploads\/2020\/08\/acidente_tumiritinga_2.jpg 678w, https:\/\/aconteceunovale.com.br\/portal\/wp-content\/uploads\/2020\/08\/acidente_tumiritinga_2-300x184.jpg 300w\" sizes=\"auto, (max-width: 678px) 100vw, 678px\" \/><figcaption class=\"blocks-gallery-item__caption\"><em>Foto: Leandro Silva<\/em><\/figcaption><\/figure><\/li><\/ul><\/figure>\n\n\n\n<p class=\"has-white-color has-black-background-color has-text-color has-background wp-block-paragraph\">Quer saber as not\u00edcias do <strong>Aconteceu no Vale<\/strong> em primeira m\u00e3o? Siga-nos no Facebook <a rel=\"noreferrer noopener\" href=\"http:\/\/facebook.com\/aconteceunovale\" target=\"_blank\">@aconteceunovale<\/a>, Twitter <a rel=\"noreferrer noopener\" href=\"https:\/\/twitter.com\/noticiadosvales\" target=\"_blank\">@noticiadosvales<\/a> e Instagram <a rel=\"noreferrer noopener\" href=\"https:\/\/www.instagram.com\/aconteceunovale\" target=\"_blank\">@aconteceunovale<\/a>.<\/p>\n","protected":false},"excerpt":{"rendered":"<p>Dois homens morreram ap\u00f3s serem atropelados por um carro na LMG-775, em Tumiritinga (MG), na manh\u00e3 deste domingo (30\/8\/2020). De acordo com a Pol\u00edcia Militar Rodovi\u00e1ria (PMRv), um Toyota Corolla, licenciado em Governador Valadares, seguia sentido a S\u00e3o Geraldo de Tumiritinga quando atingiu os dois ciclistas na altura do km 03 da rodovia. O carro [&hellip;]<\/p>\n","protected":false},"author":4,"featured_media":168002,"comment_status":"open","ping_status":"closed","sticky":false,"template":"","format":"standard","meta":{"amp_status":"","footnotes":""},"categories":[121],"tags":[228552,29617,228550,228551,228549,228548,228547,247,26898,330],"class_list":["post-167997","post","type-post","status-publish","format-standard","has-post-thumbnail","hentry","category-leste","tag-acidente-com-corolla-de-governador-valadares","tag-acidente-em-tumiritinga","tag-atropelamento-de-ciclistas-em-tumiritinga","tag-ciclistas-atropelados-em-tumiritinga","tag-ciclistas-morrem-apos-serem-atropelados-por-carro-conduzido-por-adolescente-em-tumiritinga","tag-ciclistas-morrem-apos-serem-atropelados-por-carro-conduzido-por-adolescente-na-lmg-775","tag-ciclistas-morrem-apos-serem-atropelados-por-carro-conduzido-por-adolescente-no-leste-de-minas","tag-governador-valadares","tag-sao-geraldo-de-tumiritinga","tag-tumiritinga"],"yoast_head":"<!-- This site is optimized with the Yoast SEO plugin v28.3 - https:\/\/yoast.com\/product\/yoast-seo-wordpress\/ -->\n<title>Ciclistas morrem ap\u00f3s serem atropelados por carro conduzido por adolescente no Leste de Minas - Aconteceu no Vale<\/title>\n<meta name=\"robots\" content=\"index, follow, max-snippet:-1, max-image-preview:large, max-video-preview:-1\" \/>\n<link rel=\"canonical\" href=\"https:\/\/aconteceunovale.com.br\/portal\/?p=167997\" \/>\n<meta property=\"og:locale\" content=\"pt_BR\" \/>\n<meta property=\"og:type\" content=\"article\" \/>\n<meta property=\"og:title\" content=\"Ciclistas morrem ap\u00f3s serem atropelados por carro conduzido por adolescente no Leste de Minas - Aconteceu no Vale\" \/>\n<meta property=\"og:description\" content=\"Dois homens morreram ap\u00f3s serem atropelados por um carro na LMG-775, em Tumiritinga (MG), na manh\u00e3 deste domingo (30\/8\/2020). De acordo com a Pol\u00edcia Militar Rodovi\u00e1ria (PMRv), um Toyota Corolla, licenciado em Governador Valadares, seguia sentido a S\u00e3o Geraldo de Tumiritinga quando atingiu os dois ciclistas na altura do km 03 da rodovia. O carro [&hellip;]\" \/>\n<meta property=\"og:url\" content=\"https:\/\/aconteceunovale.com.br\/portal\/?p=167997\" \/>\n<meta property=\"og:site_name\" content=\"Aconteceu no Vale\" \/>\n<meta property=\"article:publisher\" content=\"https:\/\/www.facebook.com\/aconteceunovale\/\" \/>\n<meta property=\"article:published_time\" content=\"2020-08-30T22:36:56+00:00\" \/>\n<meta property=\"article:modified_time\" content=\"2020-08-30T22:38:13+00:00\" \/>\n<meta property=\"og:image\" content=\"https:\/\/aconteceunovale.com.br\/portal\/wp-content\/uploads\/2020\/08\/acidente_tumiritinga_1.jpg\" \/>\n\t<meta property=\"og:image:width\" content=\"678\" \/>\n\t<meta property=\"og:image:height\" content=\"381\" \/>\n\t<meta property=\"og:image:type\" content=\"image\/jpeg\" \/>\n<meta name=\"author\" content=\"Reda\u00e7\u00e3o Aconteceu no Vale\" \/>\n<meta name=\"twitter:card\" content=\"summary_large_image\" \/>\n<meta name=\"twitter:creator\" content=\"@noticiadosvales\" \/>\n<meta name=\"twitter:site\" content=\"@noticiadosvales\" \/>\n<meta name=\"twitter:label1\" content=\"Escrito por\" \/>\n\t<meta name=\"twitter:data1\" content=\"Reda\u00e7\u00e3o Aconteceu no Vale\" \/>\n\t<meta name=\"twitter:label2\" content=\"Est. tempo de leitura\" \/>\n\t<meta name=\"twitter:data2\" content=\"1 minuto\" \/>\n<script type=\"application\/ld+json\" class=\"yoast-schema-graph\">{\"@context\":\"https:\\\/\\\/schema.org\",\"@graph\":[{\"@type\":\"Article\",\"@id\":\"https:\\\/\\\/aconteceunovale.com.br\\\/portal\\\/?p=167997#article\",\"isPartOf\":{\"@id\":\"https:\\\/\\\/aconteceunovale.com.br\\\/portal\\\/?p=167997\"},\"author\":{\"name\":\"Reda\u00e7\u00e3o Aconteceu no Vale\",\"@id\":\"https:\\\/\\\/aconteceunovale.com.br\\\/portal\\\/#\\\/schema\\\/person\\\/7d2f26d1483f8a63de73da1ee0754d35\"},\"headline\":\"Ciclistas morrem ap\u00f3s serem atropelados por carro conduzido por adolescente no Leste de Minas\",\"datePublished\":\"2020-08-30T22:36:56+00:00\",\"dateModified\":\"2020-08-30T22:38:13+00:00\",\"mainEntityOfPage\":{\"@id\":\"https:\\\/\\\/aconteceunovale.com.br\\\/portal\\\/?p=167997\"},\"wordCount\":228,\"commentCount\":0,\"image\":{\"@id\":\"https:\\\/\\\/aconteceunovale.com.br\\\/portal\\\/?p=167997#primaryimage\"},\"thumbnailUrl\":\"https:\\\/\\\/aconteceunovale.com.br\\\/portal\\\/wp-content\\\/uploads\\\/2020\\\/08\\\/acidente_tumiritinga_1.jpg\",\"keywords\":[\"Acidente com Corolla de Governador Valadares\",\"acidente em Tumiritinga\",\"Atropelamento de ciclistas em Tumiritinga\",\"Ciclistas atropelados em Tumiritinga\",\"Ciclistas morrem ap\u00f3s serem atropelados por carro conduzido por adolescente em Tumiritinga\",\"Ciclistas morrem ap\u00f3s serem atropelados por carro conduzido por adolescente na LMG-775\",\"Ciclistas morrem ap\u00f3s serem atropelados por carro conduzido por adolescente no Leste de Minas\",\"Governador Valadares\",\"S\u00e3o Geraldo de Tumiritinga\",\"Tumiritinga\"],\"articleSection\":[\"Leste de Minas\"],\"inLanguage\":\"pt-BR\",\"potentialAction\":[{\"@type\":\"CommentAction\",\"name\":\"Comment\",\"target\":[\"https:\\\/\\\/aconteceunovale.com.br\\\/portal\\\/?p=167997#respond\"]}]},{\"@type\":\"WebPage\",\"@id\":\"https:\\\/\\\/aconteceunovale.com.br\\\/portal\\\/?p=167997\",\"url\":\"https:\\\/\\\/aconteceunovale.com.br\\\/portal\\\/?p=167997\",\"name\":\"Ciclistas morrem ap\u00f3s serem atropelados por carro conduzido por adolescente no Leste de Minas - Aconteceu no Vale\",\"isPartOf\":{\"@id\":\"https:\\\/\\\/aconteceunovale.com.br\\\/portal\\\/#website\"},\"primaryImageOfPage\":{\"@id\":\"https:\\\/\\\/aconteceunovale.com.br\\\/portal\\\/?p=167997#primaryimage\"},\"image\":{\"@id\":\"https:\\\/\\\/aconteceunovale.com.br\\\/portal\\\/?p=167997#primaryimage\"},\"thumbnailUrl\":\"https:\\\/\\\/aconteceunovale.com.br\\\/portal\\\/wp-content\\\/uploads\\\/2020\\\/08\\\/acidente_tumiritinga_1.jpg\",\"datePublished\":\"2020-08-30T22:36:56+00:00\",\"dateModified\":\"2020-08-30T22:38:13+00:00\",\"author\":{\"@id\":\"https:\\\/\\\/aconteceunovale.com.br\\\/portal\\\/#\\\/schema\\\/person\\\/7d2f26d1483f8a63de73da1ee0754d35\"},\"breadcrumb\":{\"@id\":\"https:\\\/\\\/aconteceunovale.com.br\\\/portal\\\/?p=167997#breadcrumb\"},\"inLanguage\":\"pt-BR\",\"potentialAction\":[{\"@type\":\"ReadAction\",\"target\":[\"https:\\\/\\\/aconteceunovale.com.br\\\/portal\\\/?p=167997\"]}]},{\"@type\":\"ImageObject\",\"inLanguage\":\"pt-BR\",\"@id\":\"https:\\\/\\\/aconteceunovale.com.br\\\/portal\\\/?p=167997#primaryimage\",\"url\":\"https:\\\/\\\/aconteceunovale.com.br\\\/portal\\\/wp-content\\\/uploads\\\/2020\\\/08\\\/acidente_tumiritinga_1.jpg\",\"contentUrl\":\"https:\\\/\\\/aconteceunovale.com.br\\\/portal\\\/wp-content\\\/uploads\\\/2020\\\/08\\\/acidente_tumiritinga_1.jpg\",\"width\":678,\"height\":381},{\"@type\":\"BreadcrumbList\",\"@id\":\"https:\\\/\\\/aconteceunovale.com.br\\\/portal\\\/?p=167997#breadcrumb\",\"itemListElement\":[{\"@type\":\"ListItem\",\"position\":1,\"name\":\"In\u00edcio\",\"item\":\"https:\\\/\\\/aconteceunovale.com.br\\\/portal\\\/\"},{\"@type\":\"ListItem\",\"position\":2,\"name\":\"Ciclistas morrem ap\u00f3s serem atropelados por carro conduzido por adolescente no Leste de Minas\"}]},{\"@type\":\"WebSite\",\"@id\":\"https:\\\/\\\/aconteceunovale.com.br\\\/portal\\\/#website\",\"url\":\"https:\\\/\\\/aconteceunovale.com.br\\\/portal\\\/\",\"name\":\"Aconteceu no Vale\",\"description\":\"Portal de Not\u00edcias\",\"potentialAction\":[{\"@type\":\"SearchAction\",\"target\":{\"@type\":\"EntryPoint\",\"urlTemplate\":\"https:\\\/\\\/aconteceunovale.com.br\\\/portal\\\/?s={search_term_string}\"},\"query-input\":{\"@type\":\"PropertyValueSpecification\",\"valueRequired\":true,\"valueName\":\"search_term_string\"}}],\"inLanguage\":\"pt-BR\"},{\"@type\":\"Person\",\"@id\":\"https:\\\/\\\/aconteceunovale.com.br\\\/portal\\\/#\\\/schema\\\/person\\\/7d2f26d1483f8a63de73da1ee0754d35\",\"name\":\"Reda\u00e7\u00e3o Aconteceu no Vale\",\"description\":\"Equipe de reportagem do Aconteceu no Vale, portal de not\u00edcias do Vale do Jequitinhonha, em Minas Gerais. Cobrimos as 51 cidades do Vale desde 2013. Sugest\u00f5es de pauta e pedidos de corre\u00e7\u00e3o: contato@aconteceunovale.com.br\",\"url\":\"https:\\\/\\\/aconteceunovale.com.br\\\/portal\\\/?author=4\"}]}<\/script>\n<!-- \/ Yoast SEO plugin. -->","yoast_head_json":{"title":"Ciclistas morrem ap\u00f3s serem atropelados por carro conduzido por adolescente no Leste de Minas - Aconteceu no Vale","robots":{"index":"index","follow":"follow","max-snippet":"max-snippet:-1","max-image-preview":"max-image-preview:large","max-video-preview":"max-video-preview:-1"},"canonical":"https:\/\/aconteceunovale.com.br\/portal\/?p=167997","og_locale":"pt_BR","og_type":"article","og_title":"Ciclistas morrem ap\u00f3s serem atropelados por carro conduzido por adolescente no Leste de Minas - Aconteceu no Vale","og_description":"Dois homens morreram ap\u00f3s serem atropelados por um carro na LMG-775, em Tumiritinga (MG), na manh\u00e3 deste domingo (30\/8\/2020). De acordo com a Pol\u00edcia Militar Rodovi\u00e1ria (PMRv), um Toyota Corolla, licenciado em Governador Valadares, seguia sentido a S\u00e3o Geraldo de Tumiritinga quando atingiu os dois ciclistas na altura do km 03 da rodovia. O carro [&hellip;]","og_url":"https:\/\/aconteceunovale.com.br\/portal\/?p=167997","og_site_name":"Aconteceu no Vale","article_publisher":"https:\/\/www.facebook.com\/aconteceunovale\/","article_published_time":"2020-08-30T22:36:56+00:00","article_modified_time":"2020-08-30T22:38:13+00:00","og_image":[{"width":678,"height":381,"url":"https:\/\/aconteceunovale.com.br\/portal\/wp-content\/uploads\/2020\/08\/acidente_tumiritinga_1.jpg","type":"image\/jpeg"}],"author":"Reda\u00e7\u00e3o Aconteceu no Vale","twitter_card":"summary_large_image","twitter_creator":"@noticiadosvales","twitter_site":"@noticiadosvales","twitter_misc":{"Escrito por":"Reda\u00e7\u00e3o Aconteceu no Vale","Est. tempo de leitura":"1 minuto"},"schema":{"@context":"https:\/\/schema.org","@graph":[{"@type":"Article","@id":"https:\/\/aconteceunovale.com.br\/portal\/?p=167997#article","isPartOf":{"@id":"https:\/\/aconteceunovale.com.br\/portal\/?p=167997"},"author":{"name":"Reda\u00e7\u00e3o Aconteceu no Vale","@id":"https:\/\/aconteceunovale.com.br\/portal\/#\/schema\/person\/7d2f26d1483f8a63de73da1ee0754d35"},"headline":"Ciclistas morrem ap\u00f3s serem atropelados por carro conduzido por adolescente no Leste de Minas","datePublished":"2020-08-30T22:36:56+00:00","dateModified":"2020-08-30T22:38:13+00:00","mainEntityOfPage":{"@id":"https:\/\/aconteceunovale.com.br\/portal\/?p=167997"},"wordCount":228,"commentCount":0,"image":{"@id":"https:\/\/aconteceunovale.com.br\/portal\/?p=167997#primaryimage"},"thumbnailUrl":"https:\/\/aconteceunovale.com.br\/portal\/wp-content\/uploads\/2020\/08\/acidente_tumiritinga_1.jpg","keywords":["Acidente com Corolla de Governador Valadares","acidente em Tumiritinga","Atropelamento de ciclistas em Tumiritinga","Ciclistas atropelados em Tumiritinga","Ciclistas morrem ap\u00f3s serem atropelados por carro conduzido por adolescente em Tumiritinga","Ciclistas morrem ap\u00f3s serem atropelados por carro conduzido por adolescente na LMG-775","Ciclistas morrem ap\u00f3s serem atropelados por carro conduzido por adolescente no Leste de Minas","Governador Valadares","S\u00e3o Geraldo de Tumiritinga","Tumiritinga"],"articleSection":["Leste de Minas"],"inLanguage":"pt-BR","potentialAction":[{"@type":"CommentAction","name":"Comment","target":["https:\/\/aconteceunovale.com.br\/portal\/?p=167997#respond"]}]},{"@type":"WebPage","@id":"https:\/\/aconteceunovale.com.br\/portal\/?p=167997","url":"https:\/\/aconteceunovale.com.br\/portal\/?p=167997","name":"Ciclistas morrem ap\u00f3s serem atropelados por carro conduzido por adolescente no Leste de Minas - Aconteceu no Vale","isPartOf":{"@id":"https:\/\/aconteceunovale.com.br\/portal\/#website"},"primaryImageOfPage":{"@id":"https:\/\/aconteceunovale.com.br\/portal\/?p=167997#primaryimage"},"image":{"@id":"https:\/\/aconteceunovale.com.br\/portal\/?p=167997#primaryimage"},"thumbnailUrl":"https:\/\/aconteceunovale.com.br\/portal\/wp-content\/uploads\/2020\/08\/acidente_tumiritinga_1.jpg","datePublished":"2020-08-30T22:36:56+00:00","dateModified":"2020-08-30T22:38:13+00:00","author":{"@id":"https:\/\/aconteceunovale.com.br\/portal\/#\/schema\/person\/7d2f26d1483f8a63de73da1ee0754d35"},"breadcrumb":{"@id":"https:\/\/aconteceunovale.com.br\/portal\/?p=167997#breadcrumb"},"inLanguage":"pt-BR","potentialAction":[{"@type":"ReadAction","target":["https:\/\/aconteceunovale.com.br\/portal\/?p=167997"]}]},{"@type":"ImageObject","inLanguage":"pt-BR","@id":"https:\/\/aconteceunovale.com.br\/portal\/?p=167997#primaryimage","url":"https:\/\/aconteceunovale.com.br\/portal\/wp-content\/uploads\/2020\/08\/acidente_tumiritinga_1.jpg","contentUrl":"https:\/\/aconteceunovale.com.br\/portal\/wp-content\/uploads\/2020\/08\/acidente_tumiritinga_1.jpg","width":678,"height":381},{"@type":"BreadcrumbList","@id":"https:\/\/aconteceunovale.com.br\/portal\/?p=167997#breadcrumb","itemListElement":[{"@type":"ListItem","position":1,"name":"In\u00edcio","item":"https:\/\/aconteceunovale.com.br\/portal\/"},{"@type":"ListItem","position":2,"name":"Ciclistas morrem ap\u00f3s serem atropelados por carro conduzido por adolescente no Leste de Minas"}]},{"@type":"WebSite","@id":"https:\/\/aconteceunovale.com.br\/portal\/#website","url":"https:\/\/aconteceunovale.com.br\/portal\/","name":"Aconteceu no Vale","description":"Portal de Not\u00edcias","potentialAction":[{"@type":"SearchAction","target":{"@type":"EntryPoint","urlTemplate":"https:\/\/aconteceunovale.com.br\/portal\/?s={search_term_string}"},"query-input":{"@type":"PropertyValueSpecification","valueRequired":true,"valueName":"search_term_string"}}],"inLanguage":"pt-BR"},{"@type":"Person","@id":"https:\/\/aconteceunovale.com.br\/portal\/#\/schema\/person\/7d2f26d1483f8a63de73da1ee0754d35","name":"Reda\u00e7\u00e3o Aconteceu no Vale","description":"Equipe de reportagem do Aconteceu no Vale, portal de not\u00edcias do Vale do Jequitinhonha, em Minas Gerais. Cobrimos as 51 cidades do Vale desde 2013. Sugest\u00f5es de pauta e pedidos de corre\u00e7\u00e3o: contato@aconteceunovale.com.br","url":"https:\/\/aconteceunovale.com.br\/portal\/?author=4"}]}},"_links":{"self":[{"href":"https:\/\/aconteceunovale.com.br\/portal\/index.php?rest_route=\/wp\/v2\/posts\/167997","targetHints":{"allow":["GET"]}}],"collection":[{"href":"https:\/\/aconteceunovale.com.br\/portal\/index.php?rest_route=\/wp\/v2\/posts"}],"about":[{"href":"https:\/\/aconteceunovale.com.br\/portal\/index.php?rest_route=\/wp\/v2\/types\/post"}],"author":[{"embeddable":true,"href":"https:\/\/aconteceunovale.com.br\/portal\/index.php?rest_route=\/wp\/v2\/users\/4"}],"replies":[{"embeddable":true,"href":"https:\/\/aconteceunovale.com.br\/portal\/index.php?rest_route=%2Fwp%2Fv2%2Fcomments&post=167997"}],"version-history":[{"count":1,"href":"https:\/\/aconteceunovale.com.br\/portal\/index.php?rest_route=\/wp\/v2\/posts\/167997\/revisions"}],"predecessor-version":[{"id":168003,"href":"https:\/\/aconteceunovale.com.br\/portal\/index.php?rest_route=\/wp\/v2\/posts\/167997\/revisions\/168003"}],"wp:featuredmedia":[{"embeddable":true,"href":"https:\/\/aconteceunovale.com.br\/portal\/index.php?rest_route=\/wp\/v2\/media\/168002"}],"wp:attachment":[{"href":"https:\/\/aconteceunovale.com.br\/portal\/index.php?rest_route=%2Fwp%2Fv2%2Fmedia&parent=167997"}],"wp:term":[{"taxonomy":"category","embeddable":true,"href":"https:\/\/aconteceunovale.com.br\/portal\/index.php?rest_route=%2Fwp%2Fv2%2Fcategories&post=167997"},{"taxonomy":"post_tag","embeddable":true,"href":"https:\/\/aconteceunovale.com.br\/portal\/index.php?rest_route=%2Fwp%2Fv2%2Ftags&post=167997"}],"curies":[{"name":"wp","href":"https:\/\/api.w.org\/{rel}","templated":true}]}}