{"id":167988,"date":"2020-08-30T19:07:32","date_gmt":"2020-08-30T22:07:32","guid":{"rendered":"https:\/\/aconteceunovale.com.br\/portal\/?p=167988"},"modified":"2020-08-30T19:07:45","modified_gmt":"2020-08-30T22:07:45","slug":"acidente-entre-carro-e-onibus-deixa-dois-mortos-no-norte-de-minas","status":"publish","type":"post","link":"https:\/\/aconteceunovale.com.br\/portal\/?p=167988","title":{"rendered":"Acidente entre carro e \u00f4nibus deixa dois mortos no Norte de Minas"},"content":{"rendered":"\n<p class=\"wp-block-paragraph\">Duas pessoas morreram e uma ficou ferida em um acidente na MGC-122, pr\u00f3ximo a Capit\u00e3o En\u00e9as, na noite de s\u00e1bado (29\/8\/2020). Segundo informa\u00e7\u00f5es do Corpo de Bombeiros, um carro GM Vectra rodou na pista, invadiu a contram\u00e3o e bateu contra um \u00f4nibus que seguia na dire\u00e7\u00e3o contr\u00e1ria. As causas da trag\u00e9dia s\u00e3o desconhecidas.<\/p>\n\n\n\n<p class=\"wp-block-paragraph\">Ainda de acordo com os bombeiros, havia tr\u00eas homens no carro, moradores do bairro S\u00e3o Geraldo, em Montes Claros. O condutor Arnaldo Pereira Fran\u00e7a, de 30 anos, e o passageiro Rodrigo Silva do Amaral, de 29, morreram no local. Os corpos deles ficaram presos \u00e0s ferragens e foram retirados pelos militares.<\/p>\n\n\n\n<p class=\"wp-block-paragraph\">O outro passageiro, de 35 anos, foi socorrido pelo Samu e encaminhado para a Santa Casa de Montes Claros. O estado de sa\u00fade dele n\u00e3o foi divulgado.<\/p>\n\n\n\n<p class=\"wp-block-paragraph\">O motorista do \u00f4nibus teve algumas escoria\u00e7\u00f5es, mas dispensou atendimento m\u00e9dico. O ve\u00edculo com 27 passageiros saiu de Seabra (BA) com destino a S\u00e3o Paulo (SP). Nenhum dos passageiros ficou ferido.<\/p>\n\n\n\n<figure class=\"wp-block-gallery columns-1 is-cropped wp-block-gallery-1 is-layout-flex wp-block-gallery-is-layout-flex\"><ul class=\"blocks-gallery-grid\"><li class=\"blocks-gallery-item\"><figure><img loading=\"lazy\" decoding=\"async\" width=\"678\" height=\"370\" src=\"https:\/\/aconteceunovale.com.br\/portal\/wp-content\/uploads\/2020\/08\/acidente_bus_emtram_1.png\" alt=\"\" data-id=\"167989\" data-full-url=\"https:\/\/aconteceunovale.com.br\/portal\/wp-content\/uploads\/2020\/08\/acidente_bus_emtram_1.png\" data-link=\"https:\/\/aconteceunovale.com.br\/portal\/?attachment_id=167989\" class=\"wp-image-167989\" srcset=\"https:\/\/aconteceunovale.com.br\/portal\/wp-content\/uploads\/2020\/08\/acidente_bus_emtram_1.png 678w, https:\/\/aconteceunovale.com.br\/portal\/wp-content\/uploads\/2020\/08\/acidente_bus_emtram_1-300x164.png 300w\" sizes=\"auto, (max-width: 678px) 100vw, 678px\" \/><figcaption class=\"blocks-gallery-item__caption\"><em>Foto: Corpo de Bombeiros \/ Divulga\u00e7\u00e3o<\/em><\/figcaption><\/figure><\/li><\/ul><\/figure>\n\n\n\n<figure class=\"wp-block-gallery columns-1 is-cropped wp-block-gallery-2 is-layout-flex wp-block-gallery-is-layout-flex\"><ul class=\"blocks-gallery-grid\"><li class=\"blocks-gallery-item\"><figure><img decoding=\"async\" src=\"https:\/\/aconteceu.info\/boletins\/acidente_bus_emtram_2.png\" alt=\"\" data-id=\"\"\/><figcaption class=\"blocks-gallery-item__caption\"><em>Fotos: Corpo de Bombeiros \/ Divulga\u00e7\u00e3o<\/em><\/figcaption><\/figure><\/li><\/ul><\/figure>\n\n\n\n<p class=\"has-white-color has-black-background-color has-text-color has-background wp-block-paragraph\">Quer saber as not\u00edcias do <strong>Aconteceu no Vale<\/strong> em primeira m\u00e3o? Siga-nos no Facebook <a rel=\"noreferrer noopener\" href=\"http:\/\/facebook.com\/aconteceunovale\" target=\"_blank\">@aconteceunovale<\/a>, Twitter <a rel=\"noreferrer noopener\" href=\"https:\/\/twitter.com\/noticiadosvales\" target=\"_blank\">@noticiadosvales<\/a> e Instagram <a rel=\"noreferrer noopener\" href=\"https:\/\/www.instagram.com\/aconteceunovale\" target=\"_blank\">@aconteceunovale<\/a>.<\/p>\n","protected":false},"excerpt":{"rendered":"<p>Duas pessoas morreram e uma ficou ferida em um acidente na MGC-122, pr\u00f3ximo a Capit\u00e3o En\u00e9as, na noite de s\u00e1bado (29\/8\/2020). Segundo informa\u00e7\u00f5es do Corpo de Bombeiros, um carro GM Vectra rodou na pista, invadiu a contram\u00e3o e bateu contra um \u00f4nibus que seguia na dire\u00e7\u00e3o contr\u00e1ria. As causas da trag\u00e9dia s\u00e3o desconhecidas. Ainda de [&hellip;]<\/p>\n","protected":false},"author":4,"featured_media":167989,"comment_status":"open","ping_status":"closed","sticky":false,"template":"","format":"standard","meta":{"amp_status":"","footnotes":""},"categories":[1236],"tags":[228533,228538,228537,228534,100493,228528,228530,228529,228531,228527,228532,228535,1433,1429,161981,47325,210,228536,2382,144086],"class_list":["post-167988","post","type-post","status-publish","format-standard","has-post-thumbnail","hentry","category-norte_de_minas","tag-acidente-com-moradores-de-montes-claros","tag-acidente-com-onibus-da-emtram","tag-acidente-com-onibus-que-seguia-de-seabra-para-sao-paulo","tag-acidente-com-vectra-de-montes-claros","tag-acidente-em-capitao-eneas","tag-acidente-entre-carro-e-onibus-deixa-dois-mortos-em-capitao-eneas","tag-acidente-entre-carro-e-onibus-deixa-dois-mortos-na-br-122","tag-acidente-entre-carro-e-onibus-deixa-dois-mortos-na-mgc-122","tag-acidente-entre-carro-e-onibus-deixa-dois-mortos-na-mgc-122-em-capitao-eneas","tag-acidente-entre-carro-e-onibus-deixa-dois-mortos-no-norte-de-minas","tag-acidente-entre-carro-e-onibus-em-capitao-eneas","tag-arnaldo-pereira-franca","tag-br-122","tag-capitao-eneas","tag-emtram","tag-mgc-122","tag-montes-claros","tag-rodrigo-silva-do-amaral","tag-sao-paulo","tag-seabra"],"yoast_head":"<!-- This site is optimized with the Yoast SEO plugin v28.3 - https:\/\/yoast.com\/product\/yoast-seo-wordpress\/ -->\n<title>Acidente entre carro e \u00f4nibus deixa dois mortos no Norte de Minas - Aconteceu no Vale<\/title>\n<meta name=\"robots\" content=\"index, follow, max-snippet:-1, max-image-preview:large, max-video-preview:-1\" \/>\n<link rel=\"canonical\" href=\"https:\/\/aconteceunovale.com.br\/portal\/?p=167988\" \/>\n<meta property=\"og:locale\" content=\"pt_BR\" \/>\n<meta property=\"og:type\" content=\"article\" \/>\n<meta property=\"og:title\" content=\"Acidente entre carro e \u00f4nibus deixa dois mortos no Norte de Minas - Aconteceu no Vale\" \/>\n<meta property=\"og:description\" content=\"Duas pessoas morreram e uma ficou ferida em um acidente na MGC-122, pr\u00f3ximo a Capit\u00e3o En\u00e9as, na noite de s\u00e1bado (29\/8\/2020). Segundo informa\u00e7\u00f5es do Corpo de Bombeiros, um carro GM Vectra rodou na pista, invadiu a contram\u00e3o e bateu contra um \u00f4nibus que seguia na dire\u00e7\u00e3o contr\u00e1ria. As causas da trag\u00e9dia s\u00e3o desconhecidas. Ainda de [&hellip;]\" \/>\n<meta property=\"og:url\" content=\"https:\/\/aconteceunovale.com.br\/portal\/?p=167988\" \/>\n<meta property=\"og:site_name\" content=\"Aconteceu no Vale\" \/>\n<meta property=\"article:publisher\" content=\"https:\/\/www.facebook.com\/aconteceunovale\/\" \/>\n<meta property=\"article:published_time\" content=\"2020-08-30T22:07:32+00:00\" \/>\n<meta property=\"article:modified_time\" content=\"2020-08-30T22:07:45+00:00\" \/>\n<meta property=\"og:image\" content=\"https:\/\/aconteceunovale.com.br\/portal\/wp-content\/uploads\/2020\/08\/acidente_bus_emtram_1.png\" \/>\n\t<meta property=\"og:image:width\" content=\"678\" \/>\n\t<meta property=\"og:image:height\" content=\"370\" \/>\n\t<meta property=\"og:image:type\" content=\"image\/png\" \/>\n<meta name=\"author\" content=\"Reda\u00e7\u00e3o Aconteceu no Vale\" \/>\n<meta name=\"twitter:card\" content=\"summary_large_image\" \/>\n<meta name=\"twitter:creator\" content=\"@noticiadosvales\" \/>\n<meta name=\"twitter:site\" content=\"@noticiadosvales\" \/>\n<meta name=\"twitter:label1\" content=\"Escrito por\" \/>\n\t<meta name=\"twitter:data1\" content=\"Reda\u00e7\u00e3o Aconteceu no Vale\" \/>\n\t<meta name=\"twitter:label2\" content=\"Est. tempo de leitura\" \/>\n\t<meta name=\"twitter:data2\" content=\"1 minuto\" \/>\n<script type=\"application\/ld+json\" class=\"yoast-schema-graph\">{\"@context\":\"https:\\\/\\\/schema.org\",\"@graph\":[{\"@type\":\"Article\",\"@id\":\"https:\\\/\\\/aconteceunovale.com.br\\\/portal\\\/?p=167988#article\",\"isPartOf\":{\"@id\":\"https:\\\/\\\/aconteceunovale.com.br\\\/portal\\\/?p=167988\"},\"author\":{\"name\":\"Reda\u00e7\u00e3o Aconteceu no Vale\",\"@id\":\"https:\\\/\\\/aconteceunovale.com.br\\\/portal\\\/#\\\/schema\\\/person\\\/7d2f26d1483f8a63de73da1ee0754d35\"},\"headline\":\"Acidente entre carro e \u00f4nibus deixa dois mortos no Norte de Minas\",\"datePublished\":\"2020-08-30T22:07:32+00:00\",\"dateModified\":\"2020-08-30T22:07:45+00:00\",\"mainEntityOfPage\":{\"@id\":\"https:\\\/\\\/aconteceunovale.com.br\\\/portal\\\/?p=167988\"},\"wordCount\":222,\"commentCount\":0,\"image\":{\"@id\":\"https:\\\/\\\/aconteceunovale.com.br\\\/portal\\\/?p=167988#primaryimage\"},\"thumbnailUrl\":\"https:\\\/\\\/aconteceunovale.com.br\\\/portal\\\/wp-content\\\/uploads\\\/2020\\\/08\\\/acidente_bus_emtram_1.png\",\"keywords\":[\"Acidente com moradores de Montes Claros\",\"Acidente com \u00f4nibus da Emtram\",\"Acidente com \u00f4nibus que seguia de Seabra para S\u00e3o Paulo\",\"Acidente com Vectra de Montes Claros\",\"Acidente em capit\u00e3o en\u00e9as\",\"Acidente entre carro e \u00f4nibus deixa dois mortos em Capit\u00e3o En\u00e9as\",\"Acidente entre carro e \u00f4nibus deixa dois mortos na BR-122\",\"Acidente entre carro e \u00f4nibus deixa dois mortos na MGC-122\",\"Acidente entre carro e \u00f4nibus deixa dois mortos na MGC-122 em Capit\u00e3o En\u00e9as\",\"Acidente entre carro e \u00f4nibus deixa dois mortos no Norte de Minas\",\"Acidente entre carro e \u00f4nibus em Capit\u00e3o En\u00e9as\",\"Arnaldo Pereira Fran\u00e7a\",\"br-122\",\"capitao eneas\",\"Emtram\",\"MGC-122\",\"Montes Claros\",\"Rodrigo Silva do Amaral\",\"S\u00e3o Paulo\",\"Seabra\"],\"articleSection\":[\"Norte de Minas\"],\"inLanguage\":\"pt-BR\",\"potentialAction\":[{\"@type\":\"CommentAction\",\"name\":\"Comment\",\"target\":[\"https:\\\/\\\/aconteceunovale.com.br\\\/portal\\\/?p=167988#respond\"]}]},{\"@type\":\"WebPage\",\"@id\":\"https:\\\/\\\/aconteceunovale.com.br\\\/portal\\\/?p=167988\",\"url\":\"https:\\\/\\\/aconteceunovale.com.br\\\/portal\\\/?p=167988\",\"name\":\"Acidente entre carro e \u00f4nibus deixa dois mortos no Norte de Minas - Aconteceu no Vale\",\"isPartOf\":{\"@id\":\"https:\\\/\\\/aconteceunovale.com.br\\\/portal\\\/#website\"},\"primaryImageOfPage\":{\"@id\":\"https:\\\/\\\/aconteceunovale.com.br\\\/portal\\\/?p=167988#primaryimage\"},\"image\":{\"@id\":\"https:\\\/\\\/aconteceunovale.com.br\\\/portal\\\/?p=167988#primaryimage\"},\"thumbnailUrl\":\"https:\\\/\\\/aconteceunovale.com.br\\\/portal\\\/wp-content\\\/uploads\\\/2020\\\/08\\\/acidente_bus_emtram_1.png\",\"datePublished\":\"2020-08-30T22:07:32+00:00\",\"dateModified\":\"2020-08-30T22:07:45+00:00\",\"author\":{\"@id\":\"https:\\\/\\\/aconteceunovale.com.br\\\/portal\\\/#\\\/schema\\\/person\\\/7d2f26d1483f8a63de73da1ee0754d35\"},\"breadcrumb\":{\"@id\":\"https:\\\/\\\/aconteceunovale.com.br\\\/portal\\\/?p=167988#breadcrumb\"},\"inLanguage\":\"pt-BR\",\"potentialAction\":[{\"@type\":\"ReadAction\",\"target\":[\"https:\\\/\\\/aconteceunovale.com.br\\\/portal\\\/?p=167988\"]}]},{\"@type\":\"ImageObject\",\"inLanguage\":\"pt-BR\",\"@id\":\"https:\\\/\\\/aconteceunovale.com.br\\\/portal\\\/?p=167988#primaryimage\",\"url\":\"https:\\\/\\\/aconteceunovale.com.br\\\/portal\\\/wp-content\\\/uploads\\\/2020\\\/08\\\/acidente_bus_emtram_1.png\",\"contentUrl\":\"https:\\\/\\\/aconteceunovale.com.br\\\/portal\\\/wp-content\\\/uploads\\\/2020\\\/08\\\/acidente_bus_emtram_1.png\",\"width\":678,\"height\":370},{\"@type\":\"BreadcrumbList\",\"@id\":\"https:\\\/\\\/aconteceunovale.com.br\\\/portal\\\/?p=167988#breadcrumb\",\"itemListElement\":[{\"@type\":\"ListItem\",\"position\":1,\"name\":\"In\u00edcio\",\"item\":\"https:\\\/\\\/aconteceunovale.com.br\\\/portal\\\/\"},{\"@type\":\"ListItem\",\"position\":2,\"name\":\"Acidente entre carro e \u00f4nibus deixa dois mortos no Norte de Minas\"}]},{\"@type\":\"WebSite\",\"@id\":\"https:\\\/\\\/aconteceunovale.com.br\\\/portal\\\/#website\",\"url\":\"https:\\\/\\\/aconteceunovale.com.br\\\/portal\\\/\",\"name\":\"Aconteceu no Vale\",\"description\":\"Portal de Not\u00edcias\",\"potentialAction\":[{\"@type\":\"SearchAction\",\"target\":{\"@type\":\"EntryPoint\",\"urlTemplate\":\"https:\\\/\\\/aconteceunovale.com.br\\\/portal\\\/?s={search_term_string}\"},\"query-input\":{\"@type\":\"PropertyValueSpecification\",\"valueRequired\":true,\"valueName\":\"search_term_string\"}}],\"inLanguage\":\"pt-BR\"},{\"@type\":\"Person\",\"@id\":\"https:\\\/\\\/aconteceunovale.com.br\\\/portal\\\/#\\\/schema\\\/person\\\/7d2f26d1483f8a63de73da1ee0754d35\",\"name\":\"Reda\u00e7\u00e3o Aconteceu no Vale\",\"description\":\"Equipe de reportagem do Aconteceu no Vale, portal de not\u00edcias do Vale do Jequitinhonha, em Minas Gerais. Cobrimos as 51 cidades do Vale desde 2013. Sugest\u00f5es de pauta e pedidos de corre\u00e7\u00e3o: contato@aconteceunovale.com.br\",\"url\":\"https:\\\/\\\/aconteceunovale.com.br\\\/portal\\\/?author=4\"}]}<\/script>\n<!-- \/ Yoast SEO plugin. -->","yoast_head_json":{"title":"Acidente entre carro e \u00f4nibus deixa dois mortos no Norte de Minas - Aconteceu no Vale","robots":{"index":"index","follow":"follow","max-snippet":"max-snippet:-1","max-image-preview":"max-image-preview:large","max-video-preview":"max-video-preview:-1"},"canonical":"https:\/\/aconteceunovale.com.br\/portal\/?p=167988","og_locale":"pt_BR","og_type":"article","og_title":"Acidente entre carro e \u00f4nibus deixa dois mortos no Norte de Minas - Aconteceu no Vale","og_description":"Duas pessoas morreram e uma ficou ferida em um acidente na MGC-122, pr\u00f3ximo a Capit\u00e3o En\u00e9as, na noite de s\u00e1bado (29\/8\/2020). Segundo informa\u00e7\u00f5es do Corpo de Bombeiros, um carro GM Vectra rodou na pista, invadiu a contram\u00e3o e bateu contra um \u00f4nibus que seguia na dire\u00e7\u00e3o contr\u00e1ria. As causas da trag\u00e9dia s\u00e3o desconhecidas. Ainda de [&hellip;]","og_url":"https:\/\/aconteceunovale.com.br\/portal\/?p=167988","og_site_name":"Aconteceu no Vale","article_publisher":"https:\/\/www.facebook.com\/aconteceunovale\/","article_published_time":"2020-08-30T22:07:32+00:00","article_modified_time":"2020-08-30T22:07:45+00:00","og_image":[{"width":678,"height":370,"url":"https:\/\/aconteceunovale.com.br\/portal\/wp-content\/uploads\/2020\/08\/acidente_bus_emtram_1.png","type":"image\/png"}],"author":"Reda\u00e7\u00e3o Aconteceu no Vale","twitter_card":"summary_large_image","twitter_creator":"@noticiadosvales","twitter_site":"@noticiadosvales","twitter_misc":{"Escrito por":"Reda\u00e7\u00e3o Aconteceu no Vale","Est. tempo de leitura":"1 minuto"},"schema":{"@context":"https:\/\/schema.org","@graph":[{"@type":"Article","@id":"https:\/\/aconteceunovale.com.br\/portal\/?p=167988#article","isPartOf":{"@id":"https:\/\/aconteceunovale.com.br\/portal\/?p=167988"},"author":{"name":"Reda\u00e7\u00e3o Aconteceu no Vale","@id":"https:\/\/aconteceunovale.com.br\/portal\/#\/schema\/person\/7d2f26d1483f8a63de73da1ee0754d35"},"headline":"Acidente entre carro e \u00f4nibus deixa dois mortos no Norte de Minas","datePublished":"2020-08-30T22:07:32+00:00","dateModified":"2020-08-30T22:07:45+00:00","mainEntityOfPage":{"@id":"https:\/\/aconteceunovale.com.br\/portal\/?p=167988"},"wordCount":222,"commentCount":0,"image":{"@id":"https:\/\/aconteceunovale.com.br\/portal\/?p=167988#primaryimage"},"thumbnailUrl":"https:\/\/aconteceunovale.com.br\/portal\/wp-content\/uploads\/2020\/08\/acidente_bus_emtram_1.png","keywords":["Acidente com moradores de Montes Claros","Acidente com \u00f4nibus da Emtram","Acidente com \u00f4nibus que seguia de Seabra para S\u00e3o Paulo","Acidente com Vectra de Montes Claros","Acidente em capit\u00e3o en\u00e9as","Acidente entre carro e \u00f4nibus deixa dois mortos em Capit\u00e3o En\u00e9as","Acidente entre carro e \u00f4nibus deixa dois mortos na BR-122","Acidente entre carro e \u00f4nibus deixa dois mortos na MGC-122","Acidente entre carro e \u00f4nibus deixa dois mortos na MGC-122 em Capit\u00e3o En\u00e9as","Acidente entre carro e \u00f4nibus deixa dois mortos no Norte de Minas","Acidente entre carro e \u00f4nibus em Capit\u00e3o En\u00e9as","Arnaldo Pereira Fran\u00e7a","br-122","capitao eneas","Emtram","MGC-122","Montes Claros","Rodrigo Silva do Amaral","S\u00e3o Paulo","Seabra"],"articleSection":["Norte de Minas"],"inLanguage":"pt-BR","potentialAction":[{"@type":"CommentAction","name":"Comment","target":["https:\/\/aconteceunovale.com.br\/portal\/?p=167988#respond"]}]},{"@type":"WebPage","@id":"https:\/\/aconteceunovale.com.br\/portal\/?p=167988","url":"https:\/\/aconteceunovale.com.br\/portal\/?p=167988","name":"Acidente entre carro e \u00f4nibus deixa dois mortos no Norte de Minas - Aconteceu no Vale","isPartOf":{"@id":"https:\/\/aconteceunovale.com.br\/portal\/#website"},"primaryImageOfPage":{"@id":"https:\/\/aconteceunovale.com.br\/portal\/?p=167988#primaryimage"},"image":{"@id":"https:\/\/aconteceunovale.com.br\/portal\/?p=167988#primaryimage"},"thumbnailUrl":"https:\/\/aconteceunovale.com.br\/portal\/wp-content\/uploads\/2020\/08\/acidente_bus_emtram_1.png","datePublished":"2020-08-30T22:07:32+00:00","dateModified":"2020-08-30T22:07:45+00:00","author":{"@id":"https:\/\/aconteceunovale.com.br\/portal\/#\/schema\/person\/7d2f26d1483f8a63de73da1ee0754d35"},"breadcrumb":{"@id":"https:\/\/aconteceunovale.com.br\/portal\/?p=167988#breadcrumb"},"inLanguage":"pt-BR","potentialAction":[{"@type":"ReadAction","target":["https:\/\/aconteceunovale.com.br\/portal\/?p=167988"]}]},{"@type":"ImageObject","inLanguage":"pt-BR","@id":"https:\/\/aconteceunovale.com.br\/portal\/?p=167988#primaryimage","url":"https:\/\/aconteceunovale.com.br\/portal\/wp-content\/uploads\/2020\/08\/acidente_bus_emtram_1.png","contentUrl":"https:\/\/aconteceunovale.com.br\/portal\/wp-content\/uploads\/2020\/08\/acidente_bus_emtram_1.png","width":678,"height":370},{"@type":"BreadcrumbList","@id":"https:\/\/aconteceunovale.com.br\/portal\/?p=167988#breadcrumb","itemListElement":[{"@type":"ListItem","position":1,"name":"In\u00edcio","item":"https:\/\/aconteceunovale.com.br\/portal\/"},{"@type":"ListItem","position":2,"name":"Acidente entre carro e \u00f4nibus deixa dois mortos no Norte de Minas"}]},{"@type":"WebSite","@id":"https:\/\/aconteceunovale.com.br\/portal\/#website","url":"https:\/\/aconteceunovale.com.br\/portal\/","name":"Aconteceu no Vale","description":"Portal de Not\u00edcias","potentialAction":[{"@type":"SearchAction","target":{"@type":"EntryPoint","urlTemplate":"https:\/\/aconteceunovale.com.br\/portal\/?s={search_term_string}"},"query-input":{"@type":"PropertyValueSpecification","valueRequired":true,"valueName":"search_term_string"}}],"inLanguage":"pt-BR"},{"@type":"Person","@id":"https:\/\/aconteceunovale.com.br\/portal\/#\/schema\/person\/7d2f26d1483f8a63de73da1ee0754d35","name":"Reda\u00e7\u00e3o Aconteceu no Vale","description":"Equipe de reportagem do Aconteceu no Vale, portal de not\u00edcias do Vale do Jequitinhonha, em Minas Gerais. Cobrimos as 51 cidades do Vale desde 2013. Sugest\u00f5es de pauta e pedidos de corre\u00e7\u00e3o: contato@aconteceunovale.com.br","url":"https:\/\/aconteceunovale.com.br\/portal\/?author=4"}]}},"_links":{"self":[{"href":"https:\/\/aconteceunovale.com.br\/portal\/index.php?rest_route=\/wp\/v2\/posts\/167988","targetHints":{"allow":["GET"]}}],"collection":[{"href":"https:\/\/aconteceunovale.com.br\/portal\/index.php?rest_route=\/wp\/v2\/posts"}],"about":[{"href":"https:\/\/aconteceunovale.com.br\/portal\/index.php?rest_route=\/wp\/v2\/types\/post"}],"author":[{"embeddable":true,"href":"https:\/\/aconteceunovale.com.br\/portal\/index.php?rest_route=\/wp\/v2\/users\/4"}],"replies":[{"embeddable":true,"href":"https:\/\/aconteceunovale.com.br\/portal\/index.php?rest_route=%2Fwp%2Fv2%2Fcomments&post=167988"}],"version-history":[{"count":1,"href":"https:\/\/aconteceunovale.com.br\/portal\/index.php?rest_route=\/wp\/v2\/posts\/167988\/revisions"}],"predecessor-version":[{"id":167991,"href":"https:\/\/aconteceunovale.com.br\/portal\/index.php?rest_route=\/wp\/v2\/posts\/167988\/revisions\/167991"}],"wp:featuredmedia":[{"embeddable":true,"href":"https:\/\/aconteceunovale.com.br\/portal\/index.php?rest_route=\/wp\/v2\/media\/167989"}],"wp:attachment":[{"href":"https:\/\/aconteceunovale.com.br\/portal\/index.php?rest_route=%2Fwp%2Fv2%2Fmedia&parent=167988"}],"wp:term":[{"taxonomy":"category","embeddable":true,"href":"https:\/\/aconteceunovale.com.br\/portal\/index.php?rest_route=%2Fwp%2Fv2%2Fcategories&post=167988"},{"taxonomy":"post_tag","embeddable":true,"href":"https:\/\/aconteceunovale.com.br\/portal\/index.php?rest_route=%2Fwp%2Fv2%2Ftags&post=167988"}],"curies":[{"name":"wp","href":"https:\/\/api.w.org\/{rel}","templated":true}]}}