{"id":167971,"date":"2020-08-30T17:03:02","date_gmt":"2020-08-30T20:03:02","guid":{"rendered":"https:\/\/aconteceunovale.com.br\/portal\/?p=167971"},"modified":"2020-08-30T17:05:13","modified_gmt":"2020-08-30T20:05:13","slug":"suspeita-de-matar-amiga-e-retirar-bebe-da-barriga-dela-e-presa-em-canelinha","status":"publish","type":"post","link":"https:\/\/aconteceunovale.com.br\/portal\/?p=167971","title":{"rendered":"Suspeita de matar amiga e retirar beb\u00ea da barriga dela \u00e9 presa em Canelinha"},"content":{"rendered":"\n<p class=\"wp-block-paragraph\">Uma mulher de 26 anos e o marido dela foram presos na sexta-feira (28\/8\/2020), em Canelinha, na grande Florian\u00f3polis, no Estado de Santa Catarina, por suspeita de envolvimento na morte de uma gestante, de 24 anos, a tijoladas. A v\u00edtima, Fl\u00e1via Godinho Mafra estava gr\u00e1vida de 36 semanas e era amiga de inf\u00e2ncia da mulher que \u00e9 apontada como a principal suspeita do crime.<\/p>\n\n\n\n<p class=\"wp-block-paragraph\">Ap\u00f3s os golpes, o beb\u00ea teria sido retirado por ela da barriga da m\u00e3e, com o aux\u00edlio de um estilete. A autora confessa o crime, mas diz que o marido n\u00e3o teve participa\u00e7\u00e3o. Os investigadores informaram que como a din\u00e2mica dos acontecimentos levantaram suspeitas, o homem tamb\u00e9m foi preso em flagrante.<\/p>\n\n\n\n<p class=\"wp-block-paragraph\">De acordo com a Pol\u00edcia Civil de Santa Catarina, a gestante havia desaparecido na \u00faltima quinta-feira (27) e o corpo dela foi encontrado, sem o beb\u00ea, em uma f\u00e1brica de cer\u00e2mica abandonada da cidade. Tudo teria come\u00e7ado com um convite da suspeita para a amiga para que elas fossem at\u00e9 um ch\u00e1 de beb\u00ea.<\/p>\n\n\n\n<p class=\"wp-block-paragraph\">\u201cDurante o trajeto, ela desviou e entrou numa cer\u00e2mica abandonada. Ali, se armou com tijolo e desferiu os golpes na cabe\u00e7a da v\u00edtima, fazendo que ficasse inconsciente. Depois, de posse de um estilete, abriu o abd\u00f4men da v\u00edtima e retirou a crian\u00e7a de seu ventre, indo para a via p\u00fablica e simulando um parto espont\u00e2neo, natural, como se estivesse estourado a bolsa dela\u201d, explicou o delegado Paulo Freyesleben e Silva da Pol\u00edcia Civil.<\/p>\n\n\n\n<p class=\"wp-block-paragraph\">A suspeita foi auxiliada por populares, os quais a levaram at\u00e9 o hospital. Por\u00e9m, profissionais de sa\u00fade desconfiaram da mulher. O beb\u00ea apresentava cortes no corpo provenientes da a\u00e7\u00e3o dela, que ao ser examinada n\u00e3o tinha indicativo algum de que havia passado por trabalho recente de parto. A crian\u00e7a foi levada para um hospital em Florian\u00f3polis em raz\u00e3o das les\u00f5es e a mulher permaneceu internada no hospital.<\/p>\n\n\n\n<p class=\"wp-block-paragraph\">Em conversa com os policiais militares, a mulher confirmou o homic\u00eddio, bem como aos policiais civis no interrogat\u00f3rio, dizendo que havia planejado o crime h\u00e1 dois meses. Ela relatou ainda que o marido n\u00e3o tinha conhecimento da morte.<\/p>\n\n\n\n<p class=\"wp-block-paragraph\">De acordo com o delegado, a din\u00e2mica do crime levantou suspeitas e por isso ele tamb\u00e9m foi autuado em flagrante por participa\u00e7\u00e3o. O inqu\u00e9rito foi conclu\u00eddo e o caso ser\u00e1 encaminhado ao Judici\u00e1rio.<\/p>\n\n\n\n<p class=\"wp-block-paragraph\">A crian\u00e7a foi encaminhada para o Hospital Infantil Jo\u00e3o Gusm\u00e3o, em Florian\u00f3polis, com corpos pelo corpo decido ao estilete utilizado pela suspeita. O estado de sa\u00fade dela n\u00e3o foi divulgado.<\/p>\n\n\n\n<figure class=\"wp-block-gallery columns-1 is-cropped wp-block-gallery-1 is-layout-flex wp-block-gallery-is-layout-flex\"><ul class=\"blocks-gallery-grid\"><li class=\"blocks-gallery-item\"><figure><img loading=\"lazy\" decoding=\"async\" width=\"650\" height=\"433\" src=\"https:\/\/aconteceunovale.com.br\/portal\/wp-content\/uploads\/2020\/08\/gravida_canelinha1.jpg\" alt=\"\" data-id=\"167974\" data-full-url=\"https:\/\/aconteceunovale.com.br\/portal\/wp-content\/uploads\/2020\/08\/gravida_canelinha1.jpg\" data-link=\"https:\/\/aconteceunovale.com.br\/portal\/?attachment_id=167974\" class=\"wp-image-167974\" srcset=\"https:\/\/aconteceunovale.com.br\/portal\/wp-content\/uploads\/2020\/08\/gravida_canelinha1.jpg 650w, https:\/\/aconteceunovale.com.br\/portal\/wp-content\/uploads\/2020\/08\/gravida_canelinha1-300x200.jpg 300w, https:\/\/aconteceunovale.com.br\/portal\/wp-content\/uploads\/2020\/08\/gravida_canelinha1-630x420.jpg 630w\" sizes=\"auto, (max-width: 650px) 100vw, 650px\" \/><figcaption class=\"blocks-gallery-item__caption\"><em>Foto: Reprodu\u00e7\u00e3o Instagram<\/em><\/figcaption><\/figure><\/li><\/ul><\/figure>\n\n\n\n<h2 class=\"wp-block-heading\"><strong>Mulher perdeu o beb\u00ea<\/strong><\/h2>\n\n\n\n<p class=\"wp-block-paragraph\">Em interrogat\u00f3rio \u00e0 Pol\u00edcia Civil de Santa Catarina, a suspeita teria dito que chegou a engravidar em outubro do ano passado, mas perdeu o filho ainda em janeiro e escondeu a perda de amigos e familiares. O crime teria ocorrido porque a suspeita teve a ideia de pegar o filho da amiga e dizer que era dela.<\/p>\n\n\n\n<p class=\"wp-block-paragraph\">A investiga\u00e7\u00e3o apontou, inclusive, que ela chegou a enviar mensagens de \u00e1udio para profissionais de sa\u00fade da cidade dizendo que teria dado \u00e0 luz a uma crian\u00e7a dentro de um carro e solicitou ajuda.<\/p>\n\n\n\n<p class=\"wp-block-paragraph\">A Pol\u00edcia Civil informou que tamb\u00e9m vai apurar imagens de c\u00e2meras de seguran\u00e7a para verificar se houve a participa\u00e7\u00e3o de outras pessoas no crime.<\/p>\n\n\n\n<p class=\"has-white-color has-black-background-color has-text-color has-background wp-block-paragraph\">Quer saber as not\u00edcias do <strong>Aconteceu no Vale<\/strong> em primeira m\u00e3o? Siga-nos no Facebook <a rel=\"noreferrer noopener\" href=\"http:\/\/facebook.com\/aconteceunovale\" target=\"_blank\">@aconteceunovale<\/a>, Twitter <a rel=\"noreferrer noopener\" href=\"https:\/\/twitter.com\/noticiadosvales\" target=\"_blank\">@noticiadosvales<\/a> e Instagram <a rel=\"noreferrer noopener\" href=\"https:\/\/www.instagram.com\/aconteceunovale\" target=\"_blank\">@aconteceunovale<\/a>.<\/p>\n","protected":false},"excerpt":{"rendered":"<p>Uma mulher de 26 anos e o marido dela foram presos na sexta-feira (28\/8\/2020), em Canelinha, na grande Florian\u00f3polis, no Estado de Santa Catarina, por suspeita de envolvimento na morte de uma gestante, de 24 anos, a tijoladas. A v\u00edtima, Fl\u00e1via Godinho Mafra estava gr\u00e1vida de 36 semanas e era amiga de inf\u00e2ncia da mulher [&hellip;]<\/p>\n","protected":false},"author":4,"featured_media":167972,"comment_status":"open","ping_status":"closed","sticky":false,"template":"","format":"standard","meta":{"amp_status":"","footnotes":""},"categories":[6],"tags":[216386,228500,228506,228505,228511,228512,228510,1018,228509,228501,228513,228508,228507,228504,228503,228502,228499],"class_list":["post-167971","post","type-post","status-publish","format-standard","has-post-thumbnail","hentry","category-br","tag-canelinha","tag-crime-barbaro-em-canelinha","tag-crime-barbaro-em-santa-catarina","tag-crime-barbaro-na-grande-florianopolis","tag-crime-brutal-em-canelinha","tag-crime-brutal-em-santa-catarina","tag-delegado-paulo-freyesleben-e-silva","tag-destaque","tag-flavia-godinho-mafra","tag-gravida-morta-em-canelinha","tag-gravida-morta-para-retirada-do-bebe","tag-mulher-gravida-morta-em-santa-catarina","tag-mulher-gravida-morta-na-grande-florianopolis","tag-mulher-presa-em-canelinha","tag-presa-em-canelinha","tag-presos-em-canelinha","tag-suspeita-de-matar-amiga-e-retirar-bebe-da-barriga-dela-e-presa-em-canelinha"],"yoast_head":"<!-- This site is optimized with the Yoast SEO plugin v28.3 - https:\/\/yoast.com\/product\/yoast-seo-wordpress\/ -->\n<title>Suspeita de matar amiga e retirar beb\u00ea da barriga dela \u00e9 presa em Canelinha - Aconteceu no Vale<\/title>\n<meta name=\"robots\" content=\"index, follow, max-snippet:-1, max-image-preview:large, max-video-preview:-1\" \/>\n<link rel=\"canonical\" href=\"https:\/\/aconteceunovale.com.br\/portal\/?p=167971\" \/>\n<meta property=\"og:locale\" content=\"pt_BR\" \/>\n<meta property=\"og:type\" content=\"article\" \/>\n<meta property=\"og:title\" content=\"Suspeita de matar amiga e retirar beb\u00ea da barriga dela \u00e9 presa em Canelinha - Aconteceu no Vale\" \/>\n<meta property=\"og:description\" content=\"Uma mulher de 26 anos e o marido dela foram presos na sexta-feira (28\/8\/2020), em Canelinha, na grande Florian\u00f3polis, no Estado de Santa Catarina, por suspeita de envolvimento na morte de uma gestante, de 24 anos, a tijoladas. A v\u00edtima, Fl\u00e1via Godinho Mafra estava gr\u00e1vida de 36 semanas e era amiga de inf\u00e2ncia da mulher [&hellip;]\" \/>\n<meta property=\"og:url\" content=\"https:\/\/aconteceunovale.com.br\/portal\/?p=167971\" \/>\n<meta property=\"og:site_name\" content=\"Aconteceu no Vale\" \/>\n<meta property=\"article:publisher\" content=\"https:\/\/www.facebook.com\/aconteceunovale\/\" \/>\n<meta property=\"article:published_time\" content=\"2020-08-30T20:03:02+00:00\" \/>\n<meta property=\"article:modified_time\" content=\"2020-08-30T20:05:13+00:00\" \/>\n<meta property=\"og:image\" content=\"https:\/\/aconteceunovale.com.br\/portal\/wp-content\/uploads\/2020\/08\/gravida_canelinha.jpg\" \/>\n\t<meta property=\"og:image:width\" content=\"426\" \/>\n\t<meta property=\"og:image:height\" content=\"284\" \/>\n\t<meta property=\"og:image:type\" content=\"image\/jpeg\" \/>\n<meta name=\"author\" content=\"Reda\u00e7\u00e3o Aconteceu no Vale\" \/>\n<meta name=\"twitter:card\" content=\"summary_large_image\" \/>\n<meta name=\"twitter:creator\" content=\"@noticiadosvales\" \/>\n<meta name=\"twitter:site\" content=\"@noticiadosvales\" \/>\n<meta name=\"twitter:label1\" content=\"Escrito por\" \/>\n\t<meta name=\"twitter:data1\" content=\"Reda\u00e7\u00e3o Aconteceu no Vale\" \/>\n\t<meta name=\"twitter:label2\" content=\"Est. tempo de leitura\" \/>\n\t<meta name=\"twitter:data2\" content=\"3 minutos\" \/>\n<script type=\"application\/ld+json\" class=\"yoast-schema-graph\">{\"@context\":\"https:\\\/\\\/schema.org\",\"@graph\":[{\"@type\":\"Article\",\"@id\":\"https:\\\/\\\/aconteceunovale.com.br\\\/portal\\\/?p=167971#article\",\"isPartOf\":{\"@id\":\"https:\\\/\\\/aconteceunovale.com.br\\\/portal\\\/?p=167971\"},\"author\":{\"name\":\"Reda\u00e7\u00e3o Aconteceu no Vale\",\"@id\":\"https:\\\/\\\/aconteceunovale.com.br\\\/portal\\\/#\\\/schema\\\/person\\\/7d2f26d1483f8a63de73da1ee0754d35\"},\"headline\":\"Suspeita de matar amiga e retirar beb\u00ea da barriga dela \u00e9 presa em Canelinha\",\"datePublished\":\"2020-08-30T20:03:02+00:00\",\"dateModified\":\"2020-08-30T20:05:13+00:00\",\"mainEntityOfPage\":{\"@id\":\"https:\\\/\\\/aconteceunovale.com.br\\\/portal\\\/?p=167971\"},\"wordCount\":618,\"commentCount\":0,\"image\":{\"@id\":\"https:\\\/\\\/aconteceunovale.com.br\\\/portal\\\/?p=167971#primaryimage\"},\"thumbnailUrl\":\"https:\\\/\\\/aconteceunovale.com.br\\\/portal\\\/wp-content\\\/uploads\\\/2020\\\/08\\\/gravida_canelinha.jpg\",\"keywords\":[\"Canelinha\",\"Crime b\u00e1rbaro em Canelinha\",\"Crime b\u00e1rbaro em Santa Catarina\",\"Crime b\u00e1rbaro na grande Florian\u00f3polis\",\"Crime brutal em Canelinha\",\"Crime brutal em Santa Catarina\",\"Delegado Paulo Freyesleben e Silva\",\"destaque\",\"Fl\u00e1via Godinho Mafra\",\"Gr\u00e1vida morta em Canelinha\",\"Gr\u00e1vida morta para retirada do beb\u00ea\",\"Mulher gr\u00e1vida morta em Santa Catarina\",\"Mulher gr\u00e1vida morta na grande Florian\u00f3polis\",\"Mulher presa em Canelinha\",\"Presa em Canelinha\",\"Presos em Canelinha\",\"Suspeita de matar amiga e retirar beb\u00ea da barriga dela \u00e9 presa em Canelinha\"],\"articleSection\":[\"Brasil\"],\"inLanguage\":\"pt-BR\",\"potentialAction\":[{\"@type\":\"CommentAction\",\"name\":\"Comment\",\"target\":[\"https:\\\/\\\/aconteceunovale.com.br\\\/portal\\\/?p=167971#respond\"]}]},{\"@type\":\"WebPage\",\"@id\":\"https:\\\/\\\/aconteceunovale.com.br\\\/portal\\\/?p=167971\",\"url\":\"https:\\\/\\\/aconteceunovale.com.br\\\/portal\\\/?p=167971\",\"name\":\"Suspeita de matar amiga e retirar beb\u00ea da barriga dela \u00e9 presa em Canelinha - Aconteceu no Vale\",\"isPartOf\":{\"@id\":\"https:\\\/\\\/aconteceunovale.com.br\\\/portal\\\/#website\"},\"primaryImageOfPage\":{\"@id\":\"https:\\\/\\\/aconteceunovale.com.br\\\/portal\\\/?p=167971#primaryimage\"},\"image\":{\"@id\":\"https:\\\/\\\/aconteceunovale.com.br\\\/portal\\\/?p=167971#primaryimage\"},\"thumbnailUrl\":\"https:\\\/\\\/aconteceunovale.com.br\\\/portal\\\/wp-content\\\/uploads\\\/2020\\\/08\\\/gravida_canelinha.jpg\",\"datePublished\":\"2020-08-30T20:03:02+00:00\",\"dateModified\":\"2020-08-30T20:05:13+00:00\",\"author\":{\"@id\":\"https:\\\/\\\/aconteceunovale.com.br\\\/portal\\\/#\\\/schema\\\/person\\\/7d2f26d1483f8a63de73da1ee0754d35\"},\"breadcrumb\":{\"@id\":\"https:\\\/\\\/aconteceunovale.com.br\\\/portal\\\/?p=167971#breadcrumb\"},\"inLanguage\":\"pt-BR\",\"potentialAction\":[{\"@type\":\"ReadAction\",\"target\":[\"https:\\\/\\\/aconteceunovale.com.br\\\/portal\\\/?p=167971\"]}]},{\"@type\":\"ImageObject\",\"inLanguage\":\"pt-BR\",\"@id\":\"https:\\\/\\\/aconteceunovale.com.br\\\/portal\\\/?p=167971#primaryimage\",\"url\":\"https:\\\/\\\/aconteceunovale.com.br\\\/portal\\\/wp-content\\\/uploads\\\/2020\\\/08\\\/gravida_canelinha.jpg\",\"contentUrl\":\"https:\\\/\\\/aconteceunovale.com.br\\\/portal\\\/wp-content\\\/uploads\\\/2020\\\/08\\\/gravida_canelinha.jpg\",\"width\":426,\"height\":284},{\"@type\":\"BreadcrumbList\",\"@id\":\"https:\\\/\\\/aconteceunovale.com.br\\\/portal\\\/?p=167971#breadcrumb\",\"itemListElement\":[{\"@type\":\"ListItem\",\"position\":1,\"name\":\"In\u00edcio\",\"item\":\"https:\\\/\\\/aconteceunovale.com.br\\\/portal\\\/\"},{\"@type\":\"ListItem\",\"position\":2,\"name\":\"Suspeita de matar amiga e retirar beb\u00ea da barriga dela \u00e9 presa em Canelinha\"}]},{\"@type\":\"WebSite\",\"@id\":\"https:\\\/\\\/aconteceunovale.com.br\\\/portal\\\/#website\",\"url\":\"https:\\\/\\\/aconteceunovale.com.br\\\/portal\\\/\",\"name\":\"Aconteceu no Vale\",\"description\":\"Portal de Not\u00edcias\",\"potentialAction\":[{\"@type\":\"SearchAction\",\"target\":{\"@type\":\"EntryPoint\",\"urlTemplate\":\"https:\\\/\\\/aconteceunovale.com.br\\\/portal\\\/?s={search_term_string}\"},\"query-input\":{\"@type\":\"PropertyValueSpecification\",\"valueRequired\":true,\"valueName\":\"search_term_string\"}}],\"inLanguage\":\"pt-BR\"},{\"@type\":\"Person\",\"@id\":\"https:\\\/\\\/aconteceunovale.com.br\\\/portal\\\/#\\\/schema\\\/person\\\/7d2f26d1483f8a63de73da1ee0754d35\",\"name\":\"Reda\u00e7\u00e3o Aconteceu no Vale\",\"description\":\"Equipe de reportagem do Aconteceu no Vale, portal de not\u00edcias do Vale do Jequitinhonha, em Minas Gerais. Cobrimos as 51 cidades do Vale desde 2013. Sugest\u00f5es de pauta e pedidos de corre\u00e7\u00e3o: contato@aconteceunovale.com.br\",\"url\":\"https:\\\/\\\/aconteceunovale.com.br\\\/portal\\\/?author=4\"}]}<\/script>\n<!-- \/ Yoast SEO plugin. -->","yoast_head_json":{"title":"Suspeita de matar amiga e retirar beb\u00ea da barriga dela \u00e9 presa em Canelinha - Aconteceu no Vale","robots":{"index":"index","follow":"follow","max-snippet":"max-snippet:-1","max-image-preview":"max-image-preview:large","max-video-preview":"max-video-preview:-1"},"canonical":"https:\/\/aconteceunovale.com.br\/portal\/?p=167971","og_locale":"pt_BR","og_type":"article","og_title":"Suspeita de matar amiga e retirar beb\u00ea da barriga dela \u00e9 presa em Canelinha - Aconteceu no Vale","og_description":"Uma mulher de 26 anos e o marido dela foram presos na sexta-feira (28\/8\/2020), em Canelinha, na grande Florian\u00f3polis, no Estado de Santa Catarina, por suspeita de envolvimento na morte de uma gestante, de 24 anos, a tijoladas. A v\u00edtima, Fl\u00e1via Godinho Mafra estava gr\u00e1vida de 36 semanas e era amiga de inf\u00e2ncia da mulher [&hellip;]","og_url":"https:\/\/aconteceunovale.com.br\/portal\/?p=167971","og_site_name":"Aconteceu no Vale","article_publisher":"https:\/\/www.facebook.com\/aconteceunovale\/","article_published_time":"2020-08-30T20:03:02+00:00","article_modified_time":"2020-08-30T20:05:13+00:00","og_image":[{"width":426,"height":284,"url":"https:\/\/aconteceunovale.com.br\/portal\/wp-content\/uploads\/2020\/08\/gravida_canelinha.jpg","type":"image\/jpeg"}],"author":"Reda\u00e7\u00e3o Aconteceu no Vale","twitter_card":"summary_large_image","twitter_creator":"@noticiadosvales","twitter_site":"@noticiadosvales","twitter_misc":{"Escrito por":"Reda\u00e7\u00e3o Aconteceu no Vale","Est. tempo de leitura":"3 minutos"},"schema":{"@context":"https:\/\/schema.org","@graph":[{"@type":"Article","@id":"https:\/\/aconteceunovale.com.br\/portal\/?p=167971#article","isPartOf":{"@id":"https:\/\/aconteceunovale.com.br\/portal\/?p=167971"},"author":{"name":"Reda\u00e7\u00e3o Aconteceu no Vale","@id":"https:\/\/aconteceunovale.com.br\/portal\/#\/schema\/person\/7d2f26d1483f8a63de73da1ee0754d35"},"headline":"Suspeita de matar amiga e retirar beb\u00ea da barriga dela \u00e9 presa em Canelinha","datePublished":"2020-08-30T20:03:02+00:00","dateModified":"2020-08-30T20:05:13+00:00","mainEntityOfPage":{"@id":"https:\/\/aconteceunovale.com.br\/portal\/?p=167971"},"wordCount":618,"commentCount":0,"image":{"@id":"https:\/\/aconteceunovale.com.br\/portal\/?p=167971#primaryimage"},"thumbnailUrl":"https:\/\/aconteceunovale.com.br\/portal\/wp-content\/uploads\/2020\/08\/gravida_canelinha.jpg","keywords":["Canelinha","Crime b\u00e1rbaro em Canelinha","Crime b\u00e1rbaro em Santa Catarina","Crime b\u00e1rbaro na grande Florian\u00f3polis","Crime brutal em Canelinha","Crime brutal em Santa Catarina","Delegado Paulo Freyesleben e Silva","destaque","Fl\u00e1via Godinho Mafra","Gr\u00e1vida morta em Canelinha","Gr\u00e1vida morta para retirada do beb\u00ea","Mulher gr\u00e1vida morta em Santa Catarina","Mulher gr\u00e1vida morta na grande Florian\u00f3polis","Mulher presa em Canelinha","Presa em Canelinha","Presos em Canelinha","Suspeita de matar amiga e retirar beb\u00ea da barriga dela \u00e9 presa em Canelinha"],"articleSection":["Brasil"],"inLanguage":"pt-BR","potentialAction":[{"@type":"CommentAction","name":"Comment","target":["https:\/\/aconteceunovale.com.br\/portal\/?p=167971#respond"]}]},{"@type":"WebPage","@id":"https:\/\/aconteceunovale.com.br\/portal\/?p=167971","url":"https:\/\/aconteceunovale.com.br\/portal\/?p=167971","name":"Suspeita de matar amiga e retirar beb\u00ea da barriga dela \u00e9 presa em Canelinha - Aconteceu no Vale","isPartOf":{"@id":"https:\/\/aconteceunovale.com.br\/portal\/#website"},"primaryImageOfPage":{"@id":"https:\/\/aconteceunovale.com.br\/portal\/?p=167971#primaryimage"},"image":{"@id":"https:\/\/aconteceunovale.com.br\/portal\/?p=167971#primaryimage"},"thumbnailUrl":"https:\/\/aconteceunovale.com.br\/portal\/wp-content\/uploads\/2020\/08\/gravida_canelinha.jpg","datePublished":"2020-08-30T20:03:02+00:00","dateModified":"2020-08-30T20:05:13+00:00","author":{"@id":"https:\/\/aconteceunovale.com.br\/portal\/#\/schema\/person\/7d2f26d1483f8a63de73da1ee0754d35"},"breadcrumb":{"@id":"https:\/\/aconteceunovale.com.br\/portal\/?p=167971#breadcrumb"},"inLanguage":"pt-BR","potentialAction":[{"@type":"ReadAction","target":["https:\/\/aconteceunovale.com.br\/portal\/?p=167971"]}]},{"@type":"ImageObject","inLanguage":"pt-BR","@id":"https:\/\/aconteceunovale.com.br\/portal\/?p=167971#primaryimage","url":"https:\/\/aconteceunovale.com.br\/portal\/wp-content\/uploads\/2020\/08\/gravida_canelinha.jpg","contentUrl":"https:\/\/aconteceunovale.com.br\/portal\/wp-content\/uploads\/2020\/08\/gravida_canelinha.jpg","width":426,"height":284},{"@type":"BreadcrumbList","@id":"https:\/\/aconteceunovale.com.br\/portal\/?p=167971#breadcrumb","itemListElement":[{"@type":"ListItem","position":1,"name":"In\u00edcio","item":"https:\/\/aconteceunovale.com.br\/portal\/"},{"@type":"ListItem","position":2,"name":"Suspeita de matar amiga e retirar beb\u00ea da barriga dela \u00e9 presa em Canelinha"}]},{"@type":"WebSite","@id":"https:\/\/aconteceunovale.com.br\/portal\/#website","url":"https:\/\/aconteceunovale.com.br\/portal\/","name":"Aconteceu no Vale","description":"Portal de Not\u00edcias","potentialAction":[{"@type":"SearchAction","target":{"@type":"EntryPoint","urlTemplate":"https:\/\/aconteceunovale.com.br\/portal\/?s={search_term_string}"},"query-input":{"@type":"PropertyValueSpecification","valueRequired":true,"valueName":"search_term_string"}}],"inLanguage":"pt-BR"},{"@type":"Person","@id":"https:\/\/aconteceunovale.com.br\/portal\/#\/schema\/person\/7d2f26d1483f8a63de73da1ee0754d35","name":"Reda\u00e7\u00e3o Aconteceu no Vale","description":"Equipe de reportagem do Aconteceu no Vale, portal de not\u00edcias do Vale do Jequitinhonha, em Minas Gerais. Cobrimos as 51 cidades do Vale desde 2013. Sugest\u00f5es de pauta e pedidos de corre\u00e7\u00e3o: contato@aconteceunovale.com.br","url":"https:\/\/aconteceunovale.com.br\/portal\/?author=4"}]}},"_links":{"self":[{"href":"https:\/\/aconteceunovale.com.br\/portal\/index.php?rest_route=\/wp\/v2\/posts\/167971","targetHints":{"allow":["GET"]}}],"collection":[{"href":"https:\/\/aconteceunovale.com.br\/portal\/index.php?rest_route=\/wp\/v2\/posts"}],"about":[{"href":"https:\/\/aconteceunovale.com.br\/portal\/index.php?rest_route=\/wp\/v2\/types\/post"}],"author":[{"embeddable":true,"href":"https:\/\/aconteceunovale.com.br\/portal\/index.php?rest_route=\/wp\/v2\/users\/4"}],"replies":[{"embeddable":true,"href":"https:\/\/aconteceunovale.com.br\/portal\/index.php?rest_route=%2Fwp%2Fv2%2Fcomments&post=167971"}],"version-history":[{"count":2,"href":"https:\/\/aconteceunovale.com.br\/portal\/index.php?rest_route=\/wp\/v2\/posts\/167971\/revisions"}],"predecessor-version":[{"id":167975,"href":"https:\/\/aconteceunovale.com.br\/portal\/index.php?rest_route=\/wp\/v2\/posts\/167971\/revisions\/167975"}],"wp:featuredmedia":[{"embeddable":true,"href":"https:\/\/aconteceunovale.com.br\/portal\/index.php?rest_route=\/wp\/v2\/media\/167972"}],"wp:attachment":[{"href":"https:\/\/aconteceunovale.com.br\/portal\/index.php?rest_route=%2Fwp%2Fv2%2Fmedia&parent=167971"}],"wp:term":[{"taxonomy":"category","embeddable":true,"href":"https:\/\/aconteceunovale.com.br\/portal\/index.php?rest_route=%2Fwp%2Fv2%2Fcategories&post=167971"},{"taxonomy":"post_tag","embeddable":true,"href":"https:\/\/aconteceunovale.com.br\/portal\/index.php?rest_route=%2Fwp%2Fv2%2Ftags&post=167971"}],"curies":[{"name":"wp","href":"https:\/\/api.w.org\/{rel}","templated":true}]}}