{"id":167961,"date":"2020-08-30T09:51:11","date_gmt":"2020-08-30T12:51:11","guid":{"rendered":"https:\/\/aconteceunovale.com.br\/portal\/?p=167961"},"modified":"2020-08-30T09:51:25","modified_gmt":"2020-08-30T12:51:25","slug":"governo-dos-eua-reduz-cota-de-importacao-de-aco-do-brasil","status":"publish","type":"post","link":"https:\/\/aconteceunovale.com.br\/portal\/?p=167961","title":{"rendered":"Governo dos EUA reduz cota de importa\u00e7\u00e3o de a\u00e7o do Brasil"},"content":{"rendered":"\n<p class=\"wp-block-paragraph\">O governo dos Estados Unidos anunciou que vai reduzir a quota para as exporta\u00e7\u00f5es do a\u00e7o semi-acabado do Brasil. A medida, segundo o presidente norte-americano, Donald Trump, se deu porque houve mudan\u00e7as significativas no mercado de a\u00e7o dos EUA, que se contraiu em 2020, depois de aumentar em 2018 e 2019.<img decoding=\"async\" src=\"https:\/\/agenciabrasil.ebc.com.br\/ebc.png?id=1386461&amp;o=node\"><img decoding=\"async\" src=\"https:\/\/agenciabrasil.ebc.com.br\/ebc.gif?id=1386461&amp;o=node\"><\/p>\n\n\n\n<p class=\"wp-block-paragraph\">Trump disse ainda,&nbsp;<a href=\"https:\/\/www.whitehouse.gov\/presidential-actions\/proclamation-adjusting-imports-steel-united-states-082920\/\" target=\"_blank\" rel=\"noreferrer noopener\">em comunicado<\/a>, que as exporta\u00e7\u00f5es dos produtores norte-americanos ca\u00edram 15% no primeiro semestre de 2020, e que a utiliza\u00e7\u00e3o da capacidade instalada das empresas do setor estava&nbsp;abaixo de 70%, at\u00e9 o dia 15 de agosto.<\/p>\n\n\n\n<p class=\"wp-block-paragraph\">&#8220;Al\u00e9m disso, as importa\u00e7\u00f5es da maioria dos pa\u00edses diminu\u00edram este ano de maneira compat\u00edvel com essa contra\u00e7\u00e3o, enquanto as importa\u00e7\u00f5es do Brasil diminu\u00edram apenas ligeiramente&#8221;, afirmou Trump ao anunciar a redu\u00e7\u00e3o.<\/p>\n\n\n\n<figure class=\"wp-block-gallery columns-1 is-cropped wp-block-gallery-1 is-layout-flex wp-block-gallery-is-layout-flex\"><ul class=\"blocks-gallery-grid\"><li class=\"blocks-gallery-item\"><figure><img loading=\"lazy\" decoding=\"async\" width=\"658\" height=\"450\" src=\"https:\/\/aconteceunovale.com.br\/portal\/wp-content\/uploads\/2020\/08\/bobina_de_aco.jpg\" alt=\"\" data-id=\"167962\" data-full-url=\"https:\/\/aconteceunovale.com.br\/portal\/wp-content\/uploads\/2020\/08\/bobina_de_aco.jpg\" data-link=\"https:\/\/aconteceunovale.com.br\/portal\/?attachment_id=167962\" class=\"wp-image-167962\" srcset=\"https:\/\/aconteceunovale.com.br\/portal\/wp-content\/uploads\/2020\/08\/bobina_de_aco.jpg 658w, https:\/\/aconteceunovale.com.br\/portal\/wp-content\/uploads\/2020\/08\/bobina_de_aco-300x205.jpg 300w, https:\/\/aconteceunovale.com.br\/portal\/wp-content\/uploads\/2020\/08\/bobina_de_aco-218x150.jpg 218w, https:\/\/aconteceunovale.com.br\/portal\/wp-content\/uploads\/2020\/08\/bobina_de_aco-614x420.jpg 614w\" sizes=\"auto, (max-width: 658px) 100vw, 658px\" \/><figcaption class=\"blocks-gallery-item__caption\"><em>Bobina de a\u00e7o &#8211; Foto: Reprodu\u00e7\u00e3o \/ Instituto A\u00e7o Brasil<\/em><\/figcaption><\/figure><\/li><\/ul><\/figure>\n\n\n\n<h2 class=\"wp-block-heading\">Brasil<\/h2>\n\n\n\n<p class=\"wp-block-paragraph\">Em nota conjunta, publicada na noite deste s\u00e1bado (29\/8), os minist\u00e9rios das Rela\u00e7\u00f5es Exteriores e da Economia afirmaram que apesar da redu\u00e7\u00e3o, as tarifas sobre o com\u00e9rcio bilateral do a\u00e7o intra-quota permanecer\u00e3o isentas, a exemplo do que ocorreu em 2019. Segundo a nota, uma rodada de negocia\u00e7\u00e3o entre os dois pa\u00edses ser\u00e1 realizada em dezembro.<\/p>\n\n\n\n<p class=\"wp-block-paragraph\">&#8220;O governo brasileiro mant\u00e9m a firme expectativa de que a recupera\u00e7\u00e3o do setor sider\u00fargico dos EUA, o di\u00e1logo franco e construtivo na mat\u00e9ria, a ser retomado em dezembro pr\u00f3ximo, e a excepcional qualidade das rela\u00e7\u00f5es bilaterais permitir\u00e3o o pleno restabelecimento e mesmo a eleva\u00e7\u00e3o dos n\u00edveis de com\u00e9rcio de a\u00e7o semi-acabado. Essa perspectiva coaduna-se com os atuais esfor\u00e7os conjuntos de integra\u00e7\u00e3o ainda maior das economias dos dois pa\u00edses&#8221;, diz a nota.<\/p>\n\n\n\n<p class=\"wp-block-paragraph\">H\u00e1 dois anos, o governo do presidente Donald Trump come\u00e7ou a adotar medidas que afetaram as exporta\u00e7\u00f5es brasileiras. A primeira foi a imposi\u00e7\u00e3o, em mar\u00e7o de 2018, de quotas para as compras de a\u00e7o brasileiro e a taxa\u00e7\u00e3o de 10% das compras de alum\u00ednio do pa\u00eds.<\/p>\n\n\n\n<p class=\"wp-block-paragraph\">Em dezembro do ano passado, Trump j\u00e1 havia anunciado a inten\u00e7\u00e3o de reduzir as quotas de exporta\u00e7\u00e3o do a\u00e7o brasileiro, mas recuou\u00a0ap\u00f3s negocia\u00e7\u00f5es com o governo brasileiro.<\/p>\n\n\n\n<p class=\"wp-block-paragraph\">Na ocasi\u00e3o, o Instituto A\u00e7o Brasil, entidade representativa dos produtores de a\u00e7o no pa\u00eds, disse que recebeu a decis\u00e3o com perplexidade. Em posicionamento publicado em sua p\u00e1gna na internet, o instituto disse que a decis\u00e3o era uma retalia\u00e7\u00e3o ao Brasil, e que a medida acabaria &#8220;por prejudicar a pr\u00f3pria ind\u00fastria produtora de a\u00e7o americana, que necessita dos semiacabados exportados pelo Brasil para poder operar as suas usinas.&#8221;<\/p>\n\n\n\n<p class=\"has-white-color has-black-background-color has-text-color has-background wp-block-paragraph\">Quer saber as not\u00edcias do <strong>Aconteceu no Vale<\/strong> em primeira m\u00e3o? Siga-nos no Facebook <a rel=\"noreferrer noopener\" href=\"http:\/\/facebook.com\/aconteceunovale\" target=\"_blank\">@aconteceunovale<\/a>, Twitter <a rel=\"noreferrer noopener\" href=\"https:\/\/twitter.com\/noticiadosvales\" target=\"_blank\">@noticiadosvales<\/a> e Instagram <a rel=\"noreferrer noopener\" href=\"https:\/\/www.instagram.com\/aconteceunovale\" target=\"_blank\">@aconteceunovale<\/a>.<\/p>\n","protected":false},"excerpt":{"rendered":"<p>O governo dos Estados Unidos anunciou que vai reduzir a quota para as exporta\u00e7\u00f5es do a\u00e7o semi-acabado do Brasil. A medida, segundo o presidente norte-americano, Donald Trump, se deu porque houve mudan\u00e7as significativas no mercado de a\u00e7o dos EUA, que se contraiu em 2020, depois de aumentar em 2018 e 2019. Trump disse ainda,&nbsp;em comunicado, [&hellip;]<\/p>\n","protected":false},"author":4,"featured_media":167962,"comment_status":"open","ping_status":"closed","sticky":false,"template":"","format":"standard","meta":{"amp_status":"","footnotes":""},"categories":[6,28848],"tags":[211636,211635,228478,228479,228480,1018,79020,15469,50315,228477,228476,228475,111537,111539],"class_list":["post-167961","post","type-post","status-publish","format-standard","has-post-thumbnail","hentry","category-br","category-mundo","tag-aco-brasileiro","tag-aco-do-brasil","tag-aco-semi-acabado-do-brasil","tag-cota-para-aco-semi-acabado-do-brasil","tag-cota-para-exportacao-de-aco-semi-acabado-do-brasil","tag-destaque","tag-donald-trump","tag-estados-unidos","tag-eua","tag-exportacao-de-aco-para-os-estados-unidos","tag-exportacao-de-aco-para-os-eua","tag-governo-dos-eua-reduz-cota-de-importacao-de-aco-do-brasil","tag-instituto-aco-brasil","tag-producao-de-aco-no-brasil"],"yoast_head":"<!-- This site is optimized with the Yoast SEO plugin v28.3 - https:\/\/yoast.com\/product\/yoast-seo-wordpress\/ -->\n<title>Governo dos EUA reduz cota de importa\u00e7\u00e3o de a\u00e7o do Brasil - Aconteceu no Vale<\/title>\n<meta name=\"robots\" content=\"index, follow, max-snippet:-1, max-image-preview:large, max-video-preview:-1\" \/>\n<link rel=\"canonical\" href=\"https:\/\/aconteceunovale.com.br\/portal\/?p=167961\" \/>\n<meta property=\"og:locale\" content=\"pt_BR\" \/>\n<meta property=\"og:type\" content=\"article\" \/>\n<meta property=\"og:title\" content=\"Governo dos EUA reduz cota de importa\u00e7\u00e3o de a\u00e7o do Brasil - Aconteceu no Vale\" \/>\n<meta property=\"og:description\" content=\"O governo dos Estados Unidos anunciou que vai reduzir a quota para as exporta\u00e7\u00f5es do a\u00e7o semi-acabado do Brasil. A medida, segundo o presidente norte-americano, Donald Trump, se deu porque houve mudan\u00e7as significativas no mercado de a\u00e7o dos EUA, que se contraiu em 2020, depois de aumentar em 2018 e 2019. Trump disse ainda,&nbsp;em comunicado, [&hellip;]\" \/>\n<meta property=\"og:url\" content=\"https:\/\/aconteceunovale.com.br\/portal\/?p=167961\" \/>\n<meta property=\"og:site_name\" content=\"Aconteceu no Vale\" \/>\n<meta property=\"article:publisher\" content=\"https:\/\/www.facebook.com\/aconteceunovale\/\" \/>\n<meta property=\"article:published_time\" content=\"2020-08-30T12:51:11+00:00\" \/>\n<meta property=\"article:modified_time\" content=\"2020-08-30T12:51:25+00:00\" \/>\n<meta property=\"og:image\" content=\"https:\/\/aconteceunovale.com.br\/portal\/wp-content\/uploads\/2020\/08\/bobina_de_aco.jpg\" \/>\n\t<meta property=\"og:image:width\" content=\"658\" \/>\n\t<meta property=\"og:image:height\" content=\"450\" \/>\n\t<meta property=\"og:image:type\" content=\"image\/jpeg\" \/>\n<meta name=\"author\" content=\"Reda\u00e7\u00e3o Aconteceu no Vale\" \/>\n<meta name=\"twitter:card\" content=\"summary_large_image\" \/>\n<meta name=\"twitter:creator\" content=\"@noticiadosvales\" \/>\n<meta name=\"twitter:site\" content=\"@noticiadosvales\" \/>\n<meta name=\"twitter:label1\" content=\"Escrito por\" \/>\n\t<meta name=\"twitter:data1\" content=\"Reda\u00e7\u00e3o Aconteceu no Vale\" \/>\n\t<meta name=\"twitter:label2\" content=\"Est. tempo de leitura\" \/>\n\t<meta name=\"twitter:data2\" content=\"2 minutos\" \/>\n<script type=\"application\/ld+json\" class=\"yoast-schema-graph\">{\"@context\":\"https:\\\/\\\/schema.org\",\"@graph\":[{\"@type\":\"Article\",\"@id\":\"https:\\\/\\\/aconteceunovale.com.br\\\/portal\\\/?p=167961#article\",\"isPartOf\":{\"@id\":\"https:\\\/\\\/aconteceunovale.com.br\\\/portal\\\/?p=167961\"},\"author\":{\"name\":\"Reda\u00e7\u00e3o Aconteceu no Vale\",\"@id\":\"https:\\\/\\\/aconteceunovale.com.br\\\/portal\\\/#\\\/schema\\\/person\\\/7d2f26d1483f8a63de73da1ee0754d35\"},\"headline\":\"Governo dos EUA reduz cota de importa\u00e7\u00e3o de a\u00e7o do Brasil\",\"datePublished\":\"2020-08-30T12:51:11+00:00\",\"dateModified\":\"2020-08-30T12:51:25+00:00\",\"mainEntityOfPage\":{\"@id\":\"https:\\\/\\\/aconteceunovale.com.br\\\/portal\\\/?p=167961\"},\"wordCount\":491,\"commentCount\":0,\"image\":{\"@id\":\"https:\\\/\\\/aconteceunovale.com.br\\\/portal\\\/?p=167961#primaryimage\"},\"thumbnailUrl\":\"https:\\\/\\\/aconteceunovale.com.br\\\/portal\\\/wp-content\\\/uploads\\\/2020\\\/08\\\/bobina_de_aco.jpg\",\"keywords\":[\"A\u00e7o brasileiro\",\"A\u00e7o do Brasil\",\"A\u00e7o semi-acabado do Brasil\",\"Cota para a\u00e7o semi-acabado do Brasil\",\"Cota para exporta\u00e7\u00e3o de a\u00e7o semi-acabado do Brasil\",\"destaque\",\"Donald Trump\",\"Estados Unidos\",\"EUA\",\"Exporta\u00e7\u00e3o de a\u00e7o para os Estados Unidos\",\"Exporta\u00e7\u00e3o de a\u00e7o para os EUA\",\"Governo dos EUA reduz cota de importa\u00e7\u00e3o de a\u00e7o do Brasil\",\"Instituto A\u00e7o Brasil\",\"produ\u00e7\u00e3o de a\u00e7o no brasil\"],\"articleSection\":[\"Brasil\",\"Mundo\"],\"inLanguage\":\"pt-BR\",\"potentialAction\":[{\"@type\":\"CommentAction\",\"name\":\"Comment\",\"target\":[\"https:\\\/\\\/aconteceunovale.com.br\\\/portal\\\/?p=167961#respond\"]}]},{\"@type\":\"WebPage\",\"@id\":\"https:\\\/\\\/aconteceunovale.com.br\\\/portal\\\/?p=167961\",\"url\":\"https:\\\/\\\/aconteceunovale.com.br\\\/portal\\\/?p=167961\",\"name\":\"Governo dos EUA reduz cota de importa\u00e7\u00e3o de a\u00e7o do Brasil - Aconteceu no Vale\",\"isPartOf\":{\"@id\":\"https:\\\/\\\/aconteceunovale.com.br\\\/portal\\\/#website\"},\"primaryImageOfPage\":{\"@id\":\"https:\\\/\\\/aconteceunovale.com.br\\\/portal\\\/?p=167961#primaryimage\"},\"image\":{\"@id\":\"https:\\\/\\\/aconteceunovale.com.br\\\/portal\\\/?p=167961#primaryimage\"},\"thumbnailUrl\":\"https:\\\/\\\/aconteceunovale.com.br\\\/portal\\\/wp-content\\\/uploads\\\/2020\\\/08\\\/bobina_de_aco.jpg\",\"datePublished\":\"2020-08-30T12:51:11+00:00\",\"dateModified\":\"2020-08-30T12:51:25+00:00\",\"author\":{\"@id\":\"https:\\\/\\\/aconteceunovale.com.br\\\/portal\\\/#\\\/schema\\\/person\\\/7d2f26d1483f8a63de73da1ee0754d35\"},\"breadcrumb\":{\"@id\":\"https:\\\/\\\/aconteceunovale.com.br\\\/portal\\\/?p=167961#breadcrumb\"},\"inLanguage\":\"pt-BR\",\"potentialAction\":[{\"@type\":\"ReadAction\",\"target\":[\"https:\\\/\\\/aconteceunovale.com.br\\\/portal\\\/?p=167961\"]}]},{\"@type\":\"ImageObject\",\"inLanguage\":\"pt-BR\",\"@id\":\"https:\\\/\\\/aconteceunovale.com.br\\\/portal\\\/?p=167961#primaryimage\",\"url\":\"https:\\\/\\\/aconteceunovale.com.br\\\/portal\\\/wp-content\\\/uploads\\\/2020\\\/08\\\/bobina_de_aco.jpg\",\"contentUrl\":\"https:\\\/\\\/aconteceunovale.com.br\\\/portal\\\/wp-content\\\/uploads\\\/2020\\\/08\\\/bobina_de_aco.jpg\",\"width\":658,\"height\":450},{\"@type\":\"BreadcrumbList\",\"@id\":\"https:\\\/\\\/aconteceunovale.com.br\\\/portal\\\/?p=167961#breadcrumb\",\"itemListElement\":[{\"@type\":\"ListItem\",\"position\":1,\"name\":\"In\u00edcio\",\"item\":\"https:\\\/\\\/aconteceunovale.com.br\\\/portal\\\/\"},{\"@type\":\"ListItem\",\"position\":2,\"name\":\"Governo dos EUA reduz cota de importa\u00e7\u00e3o de a\u00e7o do Brasil\"}]},{\"@type\":\"WebSite\",\"@id\":\"https:\\\/\\\/aconteceunovale.com.br\\\/portal\\\/#website\",\"url\":\"https:\\\/\\\/aconteceunovale.com.br\\\/portal\\\/\",\"name\":\"Aconteceu no Vale\",\"description\":\"Portal de Not\u00edcias\",\"potentialAction\":[{\"@type\":\"SearchAction\",\"target\":{\"@type\":\"EntryPoint\",\"urlTemplate\":\"https:\\\/\\\/aconteceunovale.com.br\\\/portal\\\/?s={search_term_string}\"},\"query-input\":{\"@type\":\"PropertyValueSpecification\",\"valueRequired\":true,\"valueName\":\"search_term_string\"}}],\"inLanguage\":\"pt-BR\"},{\"@type\":\"Person\",\"@id\":\"https:\\\/\\\/aconteceunovale.com.br\\\/portal\\\/#\\\/schema\\\/person\\\/7d2f26d1483f8a63de73da1ee0754d35\",\"name\":\"Reda\u00e7\u00e3o Aconteceu no Vale\",\"description\":\"Equipe de reportagem do Aconteceu no Vale, portal de not\u00edcias do Vale do Jequitinhonha, em Minas Gerais. Cobrimos as 51 cidades do Vale desde 2013. Sugest\u00f5es de pauta e pedidos de corre\u00e7\u00e3o: contato@aconteceunovale.com.br\",\"url\":\"https:\\\/\\\/aconteceunovale.com.br\\\/portal\\\/?author=4\"}]}<\/script>\n<!-- \/ Yoast SEO plugin. -->","yoast_head_json":{"title":"Governo dos EUA reduz cota de importa\u00e7\u00e3o de a\u00e7o do Brasil - Aconteceu no Vale","robots":{"index":"index","follow":"follow","max-snippet":"max-snippet:-1","max-image-preview":"max-image-preview:large","max-video-preview":"max-video-preview:-1"},"canonical":"https:\/\/aconteceunovale.com.br\/portal\/?p=167961","og_locale":"pt_BR","og_type":"article","og_title":"Governo dos EUA reduz cota de importa\u00e7\u00e3o de a\u00e7o do Brasil - Aconteceu no Vale","og_description":"O governo dos Estados Unidos anunciou que vai reduzir a quota para as exporta\u00e7\u00f5es do a\u00e7o semi-acabado do Brasil. A medida, segundo o presidente norte-americano, Donald Trump, se deu porque houve mudan\u00e7as significativas no mercado de a\u00e7o dos EUA, que se contraiu em 2020, depois de aumentar em 2018 e 2019. Trump disse ainda,&nbsp;em comunicado, [&hellip;]","og_url":"https:\/\/aconteceunovale.com.br\/portal\/?p=167961","og_site_name":"Aconteceu no Vale","article_publisher":"https:\/\/www.facebook.com\/aconteceunovale\/","article_published_time":"2020-08-30T12:51:11+00:00","article_modified_time":"2020-08-30T12:51:25+00:00","og_image":[{"width":658,"height":450,"url":"https:\/\/aconteceunovale.com.br\/portal\/wp-content\/uploads\/2020\/08\/bobina_de_aco.jpg","type":"image\/jpeg"}],"author":"Reda\u00e7\u00e3o Aconteceu no Vale","twitter_card":"summary_large_image","twitter_creator":"@noticiadosvales","twitter_site":"@noticiadosvales","twitter_misc":{"Escrito por":"Reda\u00e7\u00e3o Aconteceu no Vale","Est. tempo de leitura":"2 minutos"},"schema":{"@context":"https:\/\/schema.org","@graph":[{"@type":"Article","@id":"https:\/\/aconteceunovale.com.br\/portal\/?p=167961#article","isPartOf":{"@id":"https:\/\/aconteceunovale.com.br\/portal\/?p=167961"},"author":{"name":"Reda\u00e7\u00e3o Aconteceu no Vale","@id":"https:\/\/aconteceunovale.com.br\/portal\/#\/schema\/person\/7d2f26d1483f8a63de73da1ee0754d35"},"headline":"Governo dos EUA reduz cota de importa\u00e7\u00e3o de a\u00e7o do Brasil","datePublished":"2020-08-30T12:51:11+00:00","dateModified":"2020-08-30T12:51:25+00:00","mainEntityOfPage":{"@id":"https:\/\/aconteceunovale.com.br\/portal\/?p=167961"},"wordCount":491,"commentCount":0,"image":{"@id":"https:\/\/aconteceunovale.com.br\/portal\/?p=167961#primaryimage"},"thumbnailUrl":"https:\/\/aconteceunovale.com.br\/portal\/wp-content\/uploads\/2020\/08\/bobina_de_aco.jpg","keywords":["A\u00e7o brasileiro","A\u00e7o do Brasil","A\u00e7o semi-acabado do Brasil","Cota para a\u00e7o semi-acabado do Brasil","Cota para exporta\u00e7\u00e3o de a\u00e7o semi-acabado do Brasil","destaque","Donald Trump","Estados Unidos","EUA","Exporta\u00e7\u00e3o de a\u00e7o para os Estados Unidos","Exporta\u00e7\u00e3o de a\u00e7o para os EUA","Governo dos EUA reduz cota de importa\u00e7\u00e3o de a\u00e7o do Brasil","Instituto A\u00e7o Brasil","produ\u00e7\u00e3o de a\u00e7o no brasil"],"articleSection":["Brasil","Mundo"],"inLanguage":"pt-BR","potentialAction":[{"@type":"CommentAction","name":"Comment","target":["https:\/\/aconteceunovale.com.br\/portal\/?p=167961#respond"]}]},{"@type":"WebPage","@id":"https:\/\/aconteceunovale.com.br\/portal\/?p=167961","url":"https:\/\/aconteceunovale.com.br\/portal\/?p=167961","name":"Governo dos EUA reduz cota de importa\u00e7\u00e3o de a\u00e7o do Brasil - Aconteceu no Vale","isPartOf":{"@id":"https:\/\/aconteceunovale.com.br\/portal\/#website"},"primaryImageOfPage":{"@id":"https:\/\/aconteceunovale.com.br\/portal\/?p=167961#primaryimage"},"image":{"@id":"https:\/\/aconteceunovale.com.br\/portal\/?p=167961#primaryimage"},"thumbnailUrl":"https:\/\/aconteceunovale.com.br\/portal\/wp-content\/uploads\/2020\/08\/bobina_de_aco.jpg","datePublished":"2020-08-30T12:51:11+00:00","dateModified":"2020-08-30T12:51:25+00:00","author":{"@id":"https:\/\/aconteceunovale.com.br\/portal\/#\/schema\/person\/7d2f26d1483f8a63de73da1ee0754d35"},"breadcrumb":{"@id":"https:\/\/aconteceunovale.com.br\/portal\/?p=167961#breadcrumb"},"inLanguage":"pt-BR","potentialAction":[{"@type":"ReadAction","target":["https:\/\/aconteceunovale.com.br\/portal\/?p=167961"]}]},{"@type":"ImageObject","inLanguage":"pt-BR","@id":"https:\/\/aconteceunovale.com.br\/portal\/?p=167961#primaryimage","url":"https:\/\/aconteceunovale.com.br\/portal\/wp-content\/uploads\/2020\/08\/bobina_de_aco.jpg","contentUrl":"https:\/\/aconteceunovale.com.br\/portal\/wp-content\/uploads\/2020\/08\/bobina_de_aco.jpg","width":658,"height":450},{"@type":"BreadcrumbList","@id":"https:\/\/aconteceunovale.com.br\/portal\/?p=167961#breadcrumb","itemListElement":[{"@type":"ListItem","position":1,"name":"In\u00edcio","item":"https:\/\/aconteceunovale.com.br\/portal\/"},{"@type":"ListItem","position":2,"name":"Governo dos EUA reduz cota de importa\u00e7\u00e3o de a\u00e7o do Brasil"}]},{"@type":"WebSite","@id":"https:\/\/aconteceunovale.com.br\/portal\/#website","url":"https:\/\/aconteceunovale.com.br\/portal\/","name":"Aconteceu no Vale","description":"Portal de Not\u00edcias","potentialAction":[{"@type":"SearchAction","target":{"@type":"EntryPoint","urlTemplate":"https:\/\/aconteceunovale.com.br\/portal\/?s={search_term_string}"},"query-input":{"@type":"PropertyValueSpecification","valueRequired":true,"valueName":"search_term_string"}}],"inLanguage":"pt-BR"},{"@type":"Person","@id":"https:\/\/aconteceunovale.com.br\/portal\/#\/schema\/person\/7d2f26d1483f8a63de73da1ee0754d35","name":"Reda\u00e7\u00e3o Aconteceu no Vale","description":"Equipe de reportagem do Aconteceu no Vale, portal de not\u00edcias do Vale do Jequitinhonha, em Minas Gerais. Cobrimos as 51 cidades do Vale desde 2013. Sugest\u00f5es de pauta e pedidos de corre\u00e7\u00e3o: contato@aconteceunovale.com.br","url":"https:\/\/aconteceunovale.com.br\/portal\/?author=4"}]}},"_links":{"self":[{"href":"https:\/\/aconteceunovale.com.br\/portal\/index.php?rest_route=\/wp\/v2\/posts\/167961","targetHints":{"allow":["GET"]}}],"collection":[{"href":"https:\/\/aconteceunovale.com.br\/portal\/index.php?rest_route=\/wp\/v2\/posts"}],"about":[{"href":"https:\/\/aconteceunovale.com.br\/portal\/index.php?rest_route=\/wp\/v2\/types\/post"}],"author":[{"embeddable":true,"href":"https:\/\/aconteceunovale.com.br\/portal\/index.php?rest_route=\/wp\/v2\/users\/4"}],"replies":[{"embeddable":true,"href":"https:\/\/aconteceunovale.com.br\/portal\/index.php?rest_route=%2Fwp%2Fv2%2Fcomments&post=167961"}],"version-history":[{"count":1,"href":"https:\/\/aconteceunovale.com.br\/portal\/index.php?rest_route=\/wp\/v2\/posts\/167961\/revisions"}],"predecessor-version":[{"id":167963,"href":"https:\/\/aconteceunovale.com.br\/portal\/index.php?rest_route=\/wp\/v2\/posts\/167961\/revisions\/167963"}],"wp:featuredmedia":[{"embeddable":true,"href":"https:\/\/aconteceunovale.com.br\/portal\/index.php?rest_route=\/wp\/v2\/media\/167962"}],"wp:attachment":[{"href":"https:\/\/aconteceunovale.com.br\/portal\/index.php?rest_route=%2Fwp%2Fv2%2Fmedia&parent=167961"}],"wp:term":[{"taxonomy":"category","embeddable":true,"href":"https:\/\/aconteceunovale.com.br\/portal\/index.php?rest_route=%2Fwp%2Fv2%2Fcategories&post=167961"},{"taxonomy":"post_tag","embeddable":true,"href":"https:\/\/aconteceunovale.com.br\/portal\/index.php?rest_route=%2Fwp%2Fv2%2Ftags&post=167961"}],"curies":[{"name":"wp","href":"https:\/\/api.w.org\/{rel}","templated":true}]}}