{"id":167955,"date":"2020-08-29T20:24:09","date_gmt":"2020-08-29T23:24:09","guid":{"rendered":"https:\/\/aconteceunovale.com.br\/portal\/?p=167955"},"modified":"2020-08-29T20:25:36","modified_gmt":"2020-08-29T23:25:36","slug":"presidente-auxilio-e-pouco-para-quem-recebe-e-muito-para-quem-paga","status":"publish","type":"post","link":"https:\/\/aconteceunovale.com.br\/portal\/?p=167955","title":{"rendered":"Presidente: aux\u00edlio \u00e9 \u201cpouco para quem recebe e muito para quem paga\u201d"},"content":{"rendered":"\n<p class=\"wp-block-paragraph\">O presidente Jair Bolsonaro voltou a anunciar\u00a0hoje\u00a0(29\/8\/2020) que o governo trabalhar pela prorroga\u00e7\u00e3o do aux\u00edlio emergencial at\u00e9 o final do ano, com um valor abaixo dos atuais R$ 600, mas acima de R$ 200,00.<img decoding=\"async\" src=\"https:\/\/agenciabrasil.ebc.com.br\/ebc.png?id=1371337&amp;o=node\"><img decoding=\"async\" src=\"https:\/\/agenciabrasil.ebc.com.br\/ebc.gif?id=1371337&amp;o=node\"><\/p>\n\n\n\n<p class=\"wp-block-paragraph\">\u201cSabemos da necessidade daqueles que recebem o aux\u00edlio emergencial, e ele \u00e9 pouco para quem recebe e muito para quem paga\u201d, disse o presidente. \u201cVoc\u00eas gastam por m\u00eas R$ 50 bilh\u00f5es neste aux\u00edlio. N\u00f3s pretendemos com um valor menor, que obviamente n\u00e3o ser\u00e1 600, mas tamb\u00e9m n\u00e3o ser\u00e1 200, prorrog\u00e1-lo at\u00e9 o final do ano\u201d, acrescentou.<\/p>\n\n\n\n<p class=\"wp-block-paragraph\">Pago em raz\u00e3o da crise econ\u00f4mica provocada pela pandemia de covid-19, a cria\u00e7\u00e3o do benef\u00edcio foi aprovada pelo Congresso em mar\u00e7o e sancionada pelo presidente no m\u00eas seguinte. Os benefici\u00e1rios aprovados, que incluem desempregados e informais, recebem\u00a0hoje\u00a0tr\u00eas parcelas mensais de R$ 600,00.<\/p>\n\n\n\n<figure class=\"wp-block-gallery columns-1 is-cropped wp-block-gallery-1 is-layout-flex wp-block-gallery-is-layout-flex\"><ul class=\"blocks-gallery-grid\"><li class=\"blocks-gallery-item\"><figure><img loading=\"lazy\" decoding=\"async\" width=\"678\" height=\"406\" src=\"https:\/\/aconteceunovale.com.br\/portal\/wp-content\/uploads\/2020\/08\/bolsonaro_auxilio-1.jpg\" alt=\"\" data-id=\"167956\" data-full-url=\"https:\/\/aconteceunovale.com.br\/portal\/wp-content\/uploads\/2020\/08\/bolsonaro_auxilio-1.jpg\" data-link=\"https:\/\/aconteceunovale.com.br\/portal\/?attachment_id=167956\" class=\"wp-image-167956\" srcset=\"https:\/\/aconteceunovale.com.br\/portal\/wp-content\/uploads\/2020\/08\/bolsonaro_auxilio-1.jpg 678w, https:\/\/aconteceunovale.com.br\/portal\/wp-content\/uploads\/2020\/08\/bolsonaro_auxilio-1-300x180.jpg 300w\" sizes=\"auto, (max-width: 678px) 100vw, 678px\" \/><figcaption class=\"blocks-gallery-item__caption\"><em>Foto: Marcos Corr\u00eaa\/PR<\/em><\/figcaption><\/figure><\/li><\/ul><\/figure>\n\n\n\n<h2 class=\"wp-block-heading\">Taxa\u00e7\u00e3o do sol<\/h2>\n\n\n\n<p class=\"wp-block-paragraph\">Bolsonaro fez o an\u00fancio no munic\u00edpio goiano de Caldas Novas, onde participou&nbsp;hoje&nbsp;(29) da inaugura\u00e7\u00e3o de uma usina de energia fotovoltaica, junto com o ministro das Minas e Energia, Bento Gon\u00e7alves, e o governador de Goi\u00e1s, Ronaldo Caiado (DEM).<\/p>\n\n\n\n<p class=\"wp-block-paragraph\">A usina, com capacidade para iluminar 4.256 casas, foi constru\u00edda com recursos privados e pertence ao grupo Di Roma, que possui um complexo tur\u00edstico na cidade goiana, cujo principal atrativo s\u00e3o as \u00e1guas termais.<\/p>\n\n\n\n<p class=\"wp-block-paragraph\">No evento, o presidente voltou a se colocar contra a cobran\u00e7a de\u00a0taxas sobre gera\u00e7\u00e3o de energia solar, afirmando que \u201co sol n\u00e3o ser\u00e1 taxado\u201d. Em janeiro, Bolsonaro j\u00e1 havia dito que, ap\u00f3s conversas com a c\u00fapula do Congresso, a taxa\u00e7\u00e3o sobre a atividade estava \u201csepultada\u201d.<\/p>\n\n\n\n<p class=\"wp-block-paragraph\">O presidente passou a se posicionar com mais firmeza sobre o assunto depois que uma resolu\u00e7\u00e3o da Ag\u00eancia Nacional de Energia El\u00e9trica (Aneel) previu mudan\u00e7as nos subs\u00eddios para a compensa\u00e7\u00e3o da energia produzida em usinas fotovoltaicas. A medida foi depois revista.<\/p>\n\n\n\n<p class=\"has-white-color has-black-background-color has-text-color has-background wp-block-paragraph\">Quer saber as not\u00edcias do <strong>Aconteceu no Vale<\/strong> em primeira m\u00e3o? Siga-nos no Facebook <a rel=\"noreferrer noopener\" href=\"http:\/\/facebook.com\/aconteceunovale\" target=\"_blank\">@aconteceunovale<\/a>, Twitter <a rel=\"noreferrer noopener\" href=\"https:\/\/twitter.com\/noticiadosvales\" target=\"_blank\">@noticiadosvales<\/a> e Instagram <a rel=\"noreferrer noopener\" href=\"https:\/\/www.instagram.com\/aconteceunovale\" target=\"_blank\">@aconteceunovale<\/a>.<\/p>\n","protected":false},"excerpt":{"rendered":"<p>O presidente Jair Bolsonaro voltou a anunciar\u00a0hoje\u00a0(29\/8\/2020) que o governo trabalhar pela prorroga\u00e7\u00e3o do aux\u00edlio emergencial at\u00e9 o final do ano, com um valor abaixo dos atuais R$ 600, mas acima de R$ 200,00. \u201cSabemos da necessidade daqueles que recebem o aux\u00edlio emergencial, e ele \u00e9 pouco para quem recebe e muito para quem paga\u201d, [&hellip;]<\/p>\n","protected":false},"author":4,"featured_media":167956,"comment_status":"open","ping_status":"closed","sticky":false,"template":"","format":"standard","meta":{"amp_status":"","footnotes":""},"categories":[6,40240],"tags":[219405,219383,225996,219292,225074,225788,225789,225075,225949,219977,100375,225948,227485,227055,226016,228349,228081,225732,223087,226744,21502,225178,225552,225551,20922,225787,225176,225962,226017,226018,221649,223267,184405,4610,228474,26436,225826,184661,225077,225076,225550,225549,225961,225177,225548],"class_list":["post-167955","post","type-post","status-publish","format-standard","has-post-thumbnail","hentry","category-br","category-politica","tag-auxilio-de-r-600","tag-auxilio-emergencial","tag-auxilio-emergencial-chega-a-29-milhoes-de-domicilios","tag-auxilio-emergencial-de-r-600","tag-auxilio-emergencial-de-r-600-elevou-padrao-de-vida-em-23-milhoes-de-domicilios","tag-auxilio-emergencial-para-agricultor-familiar","tag-auxilio-para-agricultor-familiar","tag-beneficio-do-auxilio-emergencial-de-r-600","tag-bloqueio-de-contas-da-poupanca-social","tag-bloqueio-do-auxilio-emergencial","tag-bolsonaro","tag-caixa-bloqueia-contas-da-poupanca-social","tag-caixa-credita-auxilio-emergencial-para-4-milhoes-nascidos-em-agosto","tag-caixa-credita-auxilio-emergencial-para-nascidos-em-junho","tag-caixa-divulga-orientacao-para-desbloqueio-de-contas","tag-caixa-inicia-amanha-ciclo-2-de-pagamentos-do-auxilio-emergencial","tag-caixa-paga-auxilio-emergencial-de-r-600-a-beneficiarios-do-bolsa-familia","tag-caixa-paga-quarta-parcela-do-auxilio-emergencial-a-beneficiarios-do-bolsa-familia","tag-caixa-tem","tag-caixa-vai-pagar-auxilio-emergencial-de-r-600-a-805-mil-novos-beneficiarios","tag-caldas-novas","tag-calendario-para-saque-em-dinheiro-do-auxilio-emergencial","tag-calendario-quarta-parcela-do-auxilio-emergencial","tag-calendario-quinta-parcela-do-auxilio-emergencial","tag-camara-dos-deputados","tag-camara-dos-deputados-aprova-auxilio-emergencial-para-agricultor-familiar-durante-a-pandemia","tag-confira-o-calendario-para-saque-em-dinheiro-do-auxilio-emergencial-de-r-600","tag-desbloquear-as-contas-digitais-do-auxilio-emergencial","tag-desbloqueio-caixa-tem","tag-desbloqueio-de-contas-caixa-tem","tag-fraude-no-auxilio-emergencial","tag-fraudes-no-auxilio-emergencial","tag-governo-bolsonaro","tag-governo-federal","tag-inauguracao-usina-solar-di-roma","tag-jair-bolsonaro","tag-mais-de-700-mil-receberao-amanha-primeira-parcela-do-auxilio-emergencial","tag-ministerio-da-economia","tag-padrao-de-vida-auxilio-emergencial","tag-padrao-de-vida-auxilio-emergencial-de-r-600","tag-quarta-parcela-auxilio-emergencial","tag-quinta-parcela-auxilio-emergencial","tag-saiba-como-desbloquear-as-contas-digitais-do-auxilio-emergencial","tag-saque-em-dinheiro-do-auxilio-emergencial","tag-veja-os-calendarios-dos-novos-pagamentos-do-auxilio-emergencial-de-r-600"],"yoast_head":"<!-- This site is optimized with the Yoast SEO plugin v28.3 - https:\/\/yoast.com\/product\/yoast-seo-wordpress\/ -->\n<title>Presidente: aux\u00edlio \u00e9 \u201cpouco para quem recebe e muito para quem paga\u201d - Aconteceu no Vale<\/title>\n<meta name=\"robots\" content=\"index, follow, max-snippet:-1, max-image-preview:large, max-video-preview:-1\" \/>\n<link rel=\"canonical\" href=\"https:\/\/aconteceunovale.com.br\/portal\/?p=167955\" \/>\n<meta property=\"og:locale\" content=\"pt_BR\" \/>\n<meta property=\"og:type\" content=\"article\" \/>\n<meta property=\"og:title\" content=\"Presidente: aux\u00edlio \u00e9 \u201cpouco para quem recebe e muito para quem paga\u201d - Aconteceu no Vale\" \/>\n<meta property=\"og:description\" content=\"O presidente Jair Bolsonaro voltou a anunciar\u00a0hoje\u00a0(29\/8\/2020) que o governo trabalhar pela prorroga\u00e7\u00e3o do aux\u00edlio emergencial at\u00e9 o final do ano, com um valor abaixo dos atuais R$ 600, mas acima de R$ 200,00. \u201cSabemos da necessidade daqueles que recebem o aux\u00edlio emergencial, e ele \u00e9 pouco para quem recebe e muito para quem paga\u201d, [&hellip;]\" \/>\n<meta property=\"og:url\" content=\"https:\/\/aconteceunovale.com.br\/portal\/?p=167955\" \/>\n<meta property=\"og:site_name\" content=\"Aconteceu no Vale\" \/>\n<meta property=\"article:publisher\" content=\"https:\/\/www.facebook.com\/aconteceunovale\/\" \/>\n<meta property=\"article:published_time\" content=\"2020-08-29T23:24:09+00:00\" \/>\n<meta property=\"article:modified_time\" content=\"2020-08-29T23:25:36+00:00\" \/>\n<meta property=\"og:image\" content=\"https:\/\/aconteceunovale.com.br\/portal\/wp-content\/uploads\/2020\/08\/bolsonaro_auxilio-1.jpg\" \/>\n\t<meta property=\"og:image:width\" content=\"678\" \/>\n\t<meta property=\"og:image:height\" content=\"406\" \/>\n\t<meta property=\"og:image:type\" content=\"image\/jpeg\" \/>\n<meta name=\"author\" content=\"Reda\u00e7\u00e3o Aconteceu no Vale\" \/>\n<meta name=\"twitter:card\" content=\"summary_large_image\" \/>\n<meta name=\"twitter:creator\" content=\"@noticiadosvales\" \/>\n<meta name=\"twitter:site\" content=\"@noticiadosvales\" \/>\n<meta name=\"twitter:label1\" content=\"Escrito por\" \/>\n\t<meta name=\"twitter:data1\" content=\"Reda\u00e7\u00e3o Aconteceu no Vale\" \/>\n\t<meta name=\"twitter:label2\" content=\"Est. tempo de leitura\" \/>\n\t<meta name=\"twitter:data2\" content=\"2 minutos\" \/>\n<script type=\"application\/ld+json\" class=\"yoast-schema-graph\">{\"@context\":\"https:\\\/\\\/schema.org\",\"@graph\":[{\"@type\":\"Article\",\"@id\":\"https:\\\/\\\/aconteceunovale.com.br\\\/portal\\\/?p=167955#article\",\"isPartOf\":{\"@id\":\"https:\\\/\\\/aconteceunovale.com.br\\\/portal\\\/?p=167955\"},\"author\":{\"name\":\"Reda\u00e7\u00e3o Aconteceu no Vale\",\"@id\":\"https:\\\/\\\/aconteceunovale.com.br\\\/portal\\\/#\\\/schema\\\/person\\\/7d2f26d1483f8a63de73da1ee0754d35\"},\"headline\":\"Presidente: aux\u00edlio \u00e9 \u201cpouco para quem recebe e muito para quem paga\u201d\",\"datePublished\":\"2020-08-29T23:24:09+00:00\",\"dateModified\":\"2020-08-29T23:25:36+00:00\",\"mainEntityOfPage\":{\"@id\":\"https:\\\/\\\/aconteceunovale.com.br\\\/portal\\\/?p=167955\"},\"wordCount\":372,\"commentCount\":0,\"image\":{\"@id\":\"https:\\\/\\\/aconteceunovale.com.br\\\/portal\\\/?p=167955#primaryimage\"},\"thumbnailUrl\":\"https:\\\/\\\/aconteceunovale.com.br\\\/portal\\\/wp-content\\\/uploads\\\/2020\\\/08\\\/bolsonaro_auxilio-1.jpg\",\"keywords\":[\"Aux\u00edlio de R$ 600\",\"aux\u00edlio emergencial\",\"Aux\u00edlio emergencial chega a 29 milh\u00f5es de domic\u00edlios\",\"Aux\u00edlio emergencial de R$ 600\",\"Aux\u00edlio emergencial de R$ 600 elevou padr\u00e3o de vida em 23 milh\u00f5es de domic\u00edlios\",\"Aux\u00edlio emergencial para agricultor familiar\",\"Aux\u00edlio para agricultor familiar\",\"Benef\u00edcio do Aux\u00edlio emergencial de R$ 600\",\"Bloqueio de contas da poupan\u00e7a social\",\"Bloqueio do aux\u00edlio emergencial\",\"Bolsonaro\",\"Caixa bloqueia contas da poupan\u00e7a social\",\"Caixa credita aux\u00edlio emergencial para 4 milh\u00f5es nascidos em agosto\",\"Caixa credita aux\u00edlio emergencial para nascidos em junho\",\"Caixa divulga orienta\u00e7\u00e3o para desbloqueio de contas\",\"Caixa inicia amanh\u00e3 Ciclo 2 de pagamentos do aux\u00edlio emergencial\",\"Caixa paga aux\u00edlio emergencial de R$ 600 a benefici\u00e1rios do Bolsa Fam\u00edlia\",\"Caixa paga quarta parcela do aux\u00edlio emergencial a benefici\u00e1rios do Bolsa Fam\u00edlia\",\"Caixa Tem\",\"Caixa vai pagar aux\u00edlio emergencial de R$ 600 a 805 mil novos benefici\u00e1rios\",\"Caldas Novas\",\"Calend\u00e1rio para saque em dinheiro do aux\u00edlio emergencial\",\"Calend\u00e1rio quarta parcela do aux\u00edlio emergencial\",\"Calend\u00e1rio quinta parcela do aux\u00edlio emergencial\",\"C\u00e2mara dos Deputados\",\"C\u00e2mara dos Deputados aprova aux\u00edlio emergencial para agricultor familiar durante a pandemia\",\"Confira o calend\u00e1rio para saque em dinheiro do aux\u00edlio emergencial de R$ 600\",\"Desbloquear as contas digitais do aux\u00edlio emergencial\",\"Desbloqueio Caixa Tem\",\"Desbloqueio de contas Caixa Tem\",\"Fraude no aux\u00edlio emergencial\",\"Fraudes no aux\u00edlio emergencial\",\"Governo Bolsonaro\",\"Governo Federal\",\"Inaugura\u00e7\u00e3o usina solar Di Roma\",\"Jair Bolsonaro\",\"Mais de 700 mil receber\u00e3o amanh\u00e3 primeira parcela do auxilio emergencial\",\"Minist\u00e9rio da Economia\",\"Padr\u00e3o de vida Aux\u00edlio emergencial\",\"Padr\u00e3o de vida Aux\u00edlio emergencial de R$ 600\",\"Quarta parcela aux\u00edlio emergencial\",\"Quinta parcela aux\u00edlio emergencial\",\"Saiba como desbloquear as contas digitais do aux\u00edlio emergencial\",\"Saque em dinheiro do aux\u00edlio emergencial\",\"Veja os calend\u00e1rios dos novos pagamentos do aux\u00edlio emergencial de R$ 600\"],\"articleSection\":[\"Brasil\",\"Pol\u00edtica\"],\"inLanguage\":\"pt-BR\",\"potentialAction\":[{\"@type\":\"CommentAction\",\"name\":\"Comment\",\"target\":[\"https:\\\/\\\/aconteceunovale.com.br\\\/portal\\\/?p=167955#respond\"]}]},{\"@type\":\"WebPage\",\"@id\":\"https:\\\/\\\/aconteceunovale.com.br\\\/portal\\\/?p=167955\",\"url\":\"https:\\\/\\\/aconteceunovale.com.br\\\/portal\\\/?p=167955\",\"name\":\"Presidente: aux\u00edlio \u00e9 \u201cpouco para quem recebe e muito para quem paga\u201d - Aconteceu no Vale\",\"isPartOf\":{\"@id\":\"https:\\\/\\\/aconteceunovale.com.br\\\/portal\\\/#website\"},\"primaryImageOfPage\":{\"@id\":\"https:\\\/\\\/aconteceunovale.com.br\\\/portal\\\/?p=167955#primaryimage\"},\"image\":{\"@id\":\"https:\\\/\\\/aconteceunovale.com.br\\\/portal\\\/?p=167955#primaryimage\"},\"thumbnailUrl\":\"https:\\\/\\\/aconteceunovale.com.br\\\/portal\\\/wp-content\\\/uploads\\\/2020\\\/08\\\/bolsonaro_auxilio-1.jpg\",\"datePublished\":\"2020-08-29T23:24:09+00:00\",\"dateModified\":\"2020-08-29T23:25:36+00:00\",\"author\":{\"@id\":\"https:\\\/\\\/aconteceunovale.com.br\\\/portal\\\/#\\\/schema\\\/person\\\/7d2f26d1483f8a63de73da1ee0754d35\"},\"breadcrumb\":{\"@id\":\"https:\\\/\\\/aconteceunovale.com.br\\\/portal\\\/?p=167955#breadcrumb\"},\"inLanguage\":\"pt-BR\",\"potentialAction\":[{\"@type\":\"ReadAction\",\"target\":[\"https:\\\/\\\/aconteceunovale.com.br\\\/portal\\\/?p=167955\"]}]},{\"@type\":\"ImageObject\",\"inLanguage\":\"pt-BR\",\"@id\":\"https:\\\/\\\/aconteceunovale.com.br\\\/portal\\\/?p=167955#primaryimage\",\"url\":\"https:\\\/\\\/aconteceunovale.com.br\\\/portal\\\/wp-content\\\/uploads\\\/2020\\\/08\\\/bolsonaro_auxilio-1.jpg\",\"contentUrl\":\"https:\\\/\\\/aconteceunovale.com.br\\\/portal\\\/wp-content\\\/uploads\\\/2020\\\/08\\\/bolsonaro_auxilio-1.jpg\",\"width\":678,\"height\":406},{\"@type\":\"BreadcrumbList\",\"@id\":\"https:\\\/\\\/aconteceunovale.com.br\\\/portal\\\/?p=167955#breadcrumb\",\"itemListElement\":[{\"@type\":\"ListItem\",\"position\":1,\"name\":\"In\u00edcio\",\"item\":\"https:\\\/\\\/aconteceunovale.com.br\\\/portal\\\/\"},{\"@type\":\"ListItem\",\"position\":2,\"name\":\"Presidente: aux\u00edlio \u00e9 \u201cpouco para quem recebe e muito para quem paga\u201d\"}]},{\"@type\":\"WebSite\",\"@id\":\"https:\\\/\\\/aconteceunovale.com.br\\\/portal\\\/#website\",\"url\":\"https:\\\/\\\/aconteceunovale.com.br\\\/portal\\\/\",\"name\":\"Aconteceu no Vale\",\"description\":\"Portal de Not\u00edcias\",\"potentialAction\":[{\"@type\":\"SearchAction\",\"target\":{\"@type\":\"EntryPoint\",\"urlTemplate\":\"https:\\\/\\\/aconteceunovale.com.br\\\/portal\\\/?s={search_term_string}\"},\"query-input\":{\"@type\":\"PropertyValueSpecification\",\"valueRequired\":true,\"valueName\":\"search_term_string\"}}],\"inLanguage\":\"pt-BR\"},{\"@type\":\"Person\",\"@id\":\"https:\\\/\\\/aconteceunovale.com.br\\\/portal\\\/#\\\/schema\\\/person\\\/7d2f26d1483f8a63de73da1ee0754d35\",\"name\":\"Reda\u00e7\u00e3o Aconteceu no Vale\",\"description\":\"Equipe de reportagem do Aconteceu no Vale, portal de not\u00edcias do Vale do Jequitinhonha, em Minas Gerais. Cobrimos as 51 cidades do Vale desde 2013. Sugest\u00f5es de pauta e pedidos de corre\u00e7\u00e3o: contato@aconteceunovale.com.br\",\"url\":\"https:\\\/\\\/aconteceunovale.com.br\\\/portal\\\/?author=4\"}]}<\/script>\n<!-- \/ Yoast SEO plugin. -->","yoast_head_json":{"title":"Presidente: aux\u00edlio \u00e9 \u201cpouco para quem recebe e muito para quem paga\u201d - Aconteceu no Vale","robots":{"index":"index","follow":"follow","max-snippet":"max-snippet:-1","max-image-preview":"max-image-preview:large","max-video-preview":"max-video-preview:-1"},"canonical":"https:\/\/aconteceunovale.com.br\/portal\/?p=167955","og_locale":"pt_BR","og_type":"article","og_title":"Presidente: aux\u00edlio \u00e9 \u201cpouco para quem recebe e muito para quem paga\u201d - Aconteceu no Vale","og_description":"O presidente Jair Bolsonaro voltou a anunciar\u00a0hoje\u00a0(29\/8\/2020) que o governo trabalhar pela prorroga\u00e7\u00e3o do aux\u00edlio emergencial at\u00e9 o final do ano, com um valor abaixo dos atuais R$ 600, mas acima de R$ 200,00. \u201cSabemos da necessidade daqueles que recebem o aux\u00edlio emergencial, e ele \u00e9 pouco para quem recebe e muito para quem paga\u201d, [&hellip;]","og_url":"https:\/\/aconteceunovale.com.br\/portal\/?p=167955","og_site_name":"Aconteceu no Vale","article_publisher":"https:\/\/www.facebook.com\/aconteceunovale\/","article_published_time":"2020-08-29T23:24:09+00:00","article_modified_time":"2020-08-29T23:25:36+00:00","og_image":[{"width":678,"height":406,"url":"https:\/\/aconteceunovale.com.br\/portal\/wp-content\/uploads\/2020\/08\/bolsonaro_auxilio-1.jpg","type":"image\/jpeg"}],"author":"Reda\u00e7\u00e3o Aconteceu no Vale","twitter_card":"summary_large_image","twitter_creator":"@noticiadosvales","twitter_site":"@noticiadosvales","twitter_misc":{"Escrito por":"Reda\u00e7\u00e3o Aconteceu no Vale","Est. tempo de leitura":"2 minutos"},"schema":{"@context":"https:\/\/schema.org","@graph":[{"@type":"Article","@id":"https:\/\/aconteceunovale.com.br\/portal\/?p=167955#article","isPartOf":{"@id":"https:\/\/aconteceunovale.com.br\/portal\/?p=167955"},"author":{"name":"Reda\u00e7\u00e3o Aconteceu no Vale","@id":"https:\/\/aconteceunovale.com.br\/portal\/#\/schema\/person\/7d2f26d1483f8a63de73da1ee0754d35"},"headline":"Presidente: aux\u00edlio \u00e9 \u201cpouco para quem recebe e muito para quem paga\u201d","datePublished":"2020-08-29T23:24:09+00:00","dateModified":"2020-08-29T23:25:36+00:00","mainEntityOfPage":{"@id":"https:\/\/aconteceunovale.com.br\/portal\/?p=167955"},"wordCount":372,"commentCount":0,"image":{"@id":"https:\/\/aconteceunovale.com.br\/portal\/?p=167955#primaryimage"},"thumbnailUrl":"https:\/\/aconteceunovale.com.br\/portal\/wp-content\/uploads\/2020\/08\/bolsonaro_auxilio-1.jpg","keywords":["Aux\u00edlio de R$ 600","aux\u00edlio emergencial","Aux\u00edlio emergencial chega a 29 milh\u00f5es de domic\u00edlios","Aux\u00edlio emergencial de R$ 600","Aux\u00edlio emergencial de R$ 600 elevou padr\u00e3o de vida em 23 milh\u00f5es de domic\u00edlios","Aux\u00edlio emergencial para agricultor familiar","Aux\u00edlio para agricultor familiar","Benef\u00edcio do Aux\u00edlio emergencial de R$ 600","Bloqueio de contas da poupan\u00e7a social","Bloqueio do aux\u00edlio emergencial","Bolsonaro","Caixa bloqueia contas da poupan\u00e7a social","Caixa credita aux\u00edlio emergencial para 4 milh\u00f5es nascidos em agosto","Caixa credita aux\u00edlio emergencial para nascidos em junho","Caixa divulga orienta\u00e7\u00e3o para desbloqueio de contas","Caixa inicia amanh\u00e3 Ciclo 2 de pagamentos do aux\u00edlio emergencial","Caixa paga aux\u00edlio emergencial de R$ 600 a benefici\u00e1rios do Bolsa Fam\u00edlia","Caixa paga quarta parcela do aux\u00edlio emergencial a benefici\u00e1rios do Bolsa Fam\u00edlia","Caixa Tem","Caixa vai pagar aux\u00edlio emergencial de R$ 600 a 805 mil novos benefici\u00e1rios","Caldas Novas","Calend\u00e1rio para saque em dinheiro do aux\u00edlio emergencial","Calend\u00e1rio quarta parcela do aux\u00edlio emergencial","Calend\u00e1rio quinta parcela do aux\u00edlio emergencial","C\u00e2mara dos Deputados","C\u00e2mara dos Deputados aprova aux\u00edlio emergencial para agricultor familiar durante a pandemia","Confira o calend\u00e1rio para saque em dinheiro do aux\u00edlio emergencial de R$ 600","Desbloquear as contas digitais do aux\u00edlio emergencial","Desbloqueio Caixa Tem","Desbloqueio de contas Caixa Tem","Fraude no aux\u00edlio emergencial","Fraudes no aux\u00edlio emergencial","Governo Bolsonaro","Governo Federal","Inaugura\u00e7\u00e3o usina solar Di Roma","Jair Bolsonaro","Mais de 700 mil receber\u00e3o amanh\u00e3 primeira parcela do auxilio emergencial","Minist\u00e9rio da Economia","Padr\u00e3o de vida Aux\u00edlio emergencial","Padr\u00e3o de vida Aux\u00edlio emergencial de R$ 600","Quarta parcela aux\u00edlio emergencial","Quinta parcela aux\u00edlio emergencial","Saiba como desbloquear as contas digitais do aux\u00edlio emergencial","Saque em dinheiro do aux\u00edlio emergencial","Veja os calend\u00e1rios dos novos pagamentos do aux\u00edlio emergencial de R$ 600"],"articleSection":["Brasil","Pol\u00edtica"],"inLanguage":"pt-BR","potentialAction":[{"@type":"CommentAction","name":"Comment","target":["https:\/\/aconteceunovale.com.br\/portal\/?p=167955#respond"]}]},{"@type":"WebPage","@id":"https:\/\/aconteceunovale.com.br\/portal\/?p=167955","url":"https:\/\/aconteceunovale.com.br\/portal\/?p=167955","name":"Presidente: aux\u00edlio \u00e9 \u201cpouco para quem recebe e muito para quem paga\u201d - Aconteceu no Vale","isPartOf":{"@id":"https:\/\/aconteceunovale.com.br\/portal\/#website"},"primaryImageOfPage":{"@id":"https:\/\/aconteceunovale.com.br\/portal\/?p=167955#primaryimage"},"image":{"@id":"https:\/\/aconteceunovale.com.br\/portal\/?p=167955#primaryimage"},"thumbnailUrl":"https:\/\/aconteceunovale.com.br\/portal\/wp-content\/uploads\/2020\/08\/bolsonaro_auxilio-1.jpg","datePublished":"2020-08-29T23:24:09+00:00","dateModified":"2020-08-29T23:25:36+00:00","author":{"@id":"https:\/\/aconteceunovale.com.br\/portal\/#\/schema\/person\/7d2f26d1483f8a63de73da1ee0754d35"},"breadcrumb":{"@id":"https:\/\/aconteceunovale.com.br\/portal\/?p=167955#breadcrumb"},"inLanguage":"pt-BR","potentialAction":[{"@type":"ReadAction","target":["https:\/\/aconteceunovale.com.br\/portal\/?p=167955"]}]},{"@type":"ImageObject","inLanguage":"pt-BR","@id":"https:\/\/aconteceunovale.com.br\/portal\/?p=167955#primaryimage","url":"https:\/\/aconteceunovale.com.br\/portal\/wp-content\/uploads\/2020\/08\/bolsonaro_auxilio-1.jpg","contentUrl":"https:\/\/aconteceunovale.com.br\/portal\/wp-content\/uploads\/2020\/08\/bolsonaro_auxilio-1.jpg","width":678,"height":406},{"@type":"BreadcrumbList","@id":"https:\/\/aconteceunovale.com.br\/portal\/?p=167955#breadcrumb","itemListElement":[{"@type":"ListItem","position":1,"name":"In\u00edcio","item":"https:\/\/aconteceunovale.com.br\/portal\/"},{"@type":"ListItem","position":2,"name":"Presidente: aux\u00edlio \u00e9 \u201cpouco para quem recebe e muito para quem paga\u201d"}]},{"@type":"WebSite","@id":"https:\/\/aconteceunovale.com.br\/portal\/#website","url":"https:\/\/aconteceunovale.com.br\/portal\/","name":"Aconteceu no Vale","description":"Portal de Not\u00edcias","potentialAction":[{"@type":"SearchAction","target":{"@type":"EntryPoint","urlTemplate":"https:\/\/aconteceunovale.com.br\/portal\/?s={search_term_string}"},"query-input":{"@type":"PropertyValueSpecification","valueRequired":true,"valueName":"search_term_string"}}],"inLanguage":"pt-BR"},{"@type":"Person","@id":"https:\/\/aconteceunovale.com.br\/portal\/#\/schema\/person\/7d2f26d1483f8a63de73da1ee0754d35","name":"Reda\u00e7\u00e3o Aconteceu no Vale","description":"Equipe de reportagem do Aconteceu no Vale, portal de not\u00edcias do Vale do Jequitinhonha, em Minas Gerais. Cobrimos as 51 cidades do Vale desde 2013. Sugest\u00f5es de pauta e pedidos de corre\u00e7\u00e3o: contato@aconteceunovale.com.br","url":"https:\/\/aconteceunovale.com.br\/portal\/?author=4"}]}},"_links":{"self":[{"href":"https:\/\/aconteceunovale.com.br\/portal\/index.php?rest_route=\/wp\/v2\/posts\/167955","targetHints":{"allow":["GET"]}}],"collection":[{"href":"https:\/\/aconteceunovale.com.br\/portal\/index.php?rest_route=\/wp\/v2\/posts"}],"about":[{"href":"https:\/\/aconteceunovale.com.br\/portal\/index.php?rest_route=\/wp\/v2\/types\/post"}],"author":[{"embeddable":true,"href":"https:\/\/aconteceunovale.com.br\/portal\/index.php?rest_route=\/wp\/v2\/users\/4"}],"replies":[{"embeddable":true,"href":"https:\/\/aconteceunovale.com.br\/portal\/index.php?rest_route=%2Fwp%2Fv2%2Fcomments&post=167955"}],"version-history":[{"count":1,"href":"https:\/\/aconteceunovale.com.br\/portal\/index.php?rest_route=\/wp\/v2\/posts\/167955\/revisions"}],"predecessor-version":[{"id":167957,"href":"https:\/\/aconteceunovale.com.br\/portal\/index.php?rest_route=\/wp\/v2\/posts\/167955\/revisions\/167957"}],"wp:featuredmedia":[{"embeddable":true,"href":"https:\/\/aconteceunovale.com.br\/portal\/index.php?rest_route=\/wp\/v2\/media\/167956"}],"wp:attachment":[{"href":"https:\/\/aconteceunovale.com.br\/portal\/index.php?rest_route=%2Fwp%2Fv2%2Fmedia&parent=167955"}],"wp:term":[{"taxonomy":"category","embeddable":true,"href":"https:\/\/aconteceunovale.com.br\/portal\/index.php?rest_route=%2Fwp%2Fv2%2Fcategories&post=167955"},{"taxonomy":"post_tag","embeddable":true,"href":"https:\/\/aconteceunovale.com.br\/portal\/index.php?rest_route=%2Fwp%2Fv2%2Ftags&post=167955"}],"curies":[{"name":"wp","href":"https:\/\/api.w.org\/{rel}","templated":true}]}}