{"id":167953,"date":"2020-08-29T11:56:00","date_gmt":"2020-08-29T14:56:00","guid":{"rendered":"https:\/\/aconteceunovale.com.br\/portal\/?p=167953"},"modified":"2020-08-29T11:56:17","modified_gmt":"2020-08-29T14:56:17","slug":"anvisa-autoriza-teste-clinico-para-tratar-pneumonia-causada-por-covid-19","status":"publish","type":"post","link":"https:\/\/aconteceunovale.com.br\/portal\/?p=167953","title":{"rendered":"Anvisa autoriza teste cl\u00ednico para tratar pneumonia causada por Covid-19"},"content":{"rendered":"\n<p class=\"wp-block-paragraph\">A Ag\u00eancia Nacional de Vigil\u00e2ncia Sanit\u00e1ria (Anvisa) autorizou o in\u00edcio de testes cl\u00ednicos para o uso da mol\u00e9cula M5049 para o tratamento de pacientes com pneumonia causada pela infec\u00e7\u00e3o de covid-19. A autoriza\u00e7\u00e3o, publicada no \u00faltimo dia 21, tem validade at\u00e9 o pr\u00f3ximo dia\u00a013 de novembro.<\/p>\n\n\n\n<p class=\"wp-block-paragraph\">Segundo a empresa Merck, que desenvolver\u00e1 a pesquisa, o objetivo do estudo \u00e9 investigar se a utiliza\u00e7\u00e3o da M5049 pode impedir ou melhorar a resposta inflamat\u00f3ria em pacientes, infectados com a covid-19, com pneumonia e barrar a progress\u00e3o para um quadro mais grave.&nbsp;<\/p>\n\n\n\n<p class=\"wp-block-paragraph\">A pesquisa pretende avaliar ainda se a utiliza\u00e7\u00e3o bem-sucedida do medicamento experimental pode reduzir as complica\u00e7\u00f5es, incluindo sintomas respirat\u00f3rios graves que geralmente precisam de interven\u00e7\u00f5es m\u00e9dicas adicionais, como ventila\u00e7\u00e3o mec\u00e2nica.<\/p>\n\n\n\n<p class=\"wp-block-paragraph\">A princ\u00edpio, a M5049 ser\u00e1 investigada em um estudo controlado por placebo, nos Estados Unidos e no Brasil. \u201cAl\u00e9m do tratamento padr\u00e3o, que pode incluir tratamentos antivirais, os indiv\u00edduos receber\u00e3o uma das duas doses de M5049 ou placebo. O objetivo \u00e9 comparar a M5049 ao placebo com base nos resultados do paciente\u201d, destacou a empresa.<\/p>\n\n\n\n<p class=\"has-white-color has-black-background-color has-text-color has-background wp-block-paragraph\">Quer saber as not\u00edcias do <strong>Aconteceu no Vale<\/strong> em primeira m\u00e3o? Siga-nos no Facebook <a rel=\"noreferrer noopener\" href=\"http:\/\/facebook.com\/aconteceunovale\" target=\"_blank\">@aconteceunovale<\/a>, Twitter <a rel=\"noreferrer noopener\" href=\"https:\/\/twitter.com\/noticiadosvales\" target=\"_blank\">@noticiadosvales<\/a> e Instagram <a rel=\"noreferrer noopener\" href=\"https:\/\/www.instagram.com\/aconteceunovale\" target=\"_blank\">@aconteceunovale<\/a>.<\/p>\n","protected":false},"excerpt":{"rendered":"<p>A Ag\u00eancia Nacional de Vigil\u00e2ncia Sanit\u00e1ria (Anvisa) autorizou o in\u00edcio de testes cl\u00ednicos para o uso da mol\u00e9cula M5049 para o tratamento de pacientes com pneumonia causada pela infec\u00e7\u00e3o de covid-19. A autoriza\u00e7\u00e3o, publicada no \u00faltimo dia 21, tem validade at\u00e9 o pr\u00f3ximo dia\u00a013 de novembro. Segundo a empresa Merck, que desenvolver\u00e1 a pesquisa, o [&hellip;]<\/p>\n","protected":false},"author":4,"featured_media":167624,"comment_status":"open","ping_status":"closed","sticky":false,"template":"","format":"standard","meta":{"amp_status":"","footnotes":""},"categories":[6,28848,40242],"tags":[25793,2278,228467,214884,216498,228468,228472,228473,228470,215653,140166,228469,228471],"class_list":["post-167953","post","type-post","status-publish","format-standard","has-post-thumbnail","hentry","category-br","category-mundo","category-saude-2","tag-agencia-nacional-de-vigilancia-sanitaria","tag-anvisa","tag-anvisa-autoriza-teste-clinico-para-tratar-pneumonia-causada-por-covid-19","tag-coronavirus","tag-covid-19","tag-m5049","tag-merck","tag-merck-molecula-m5049","tag-molecula-m5049","tag-novo-coronavirus","tag-pandemia","tag-tratamento-com-a-molecula-m5049","tag-tratamento-da-covid-19-com-a-molecula-m5049"],"yoast_head":"<!-- This site is optimized with the Yoast SEO plugin v28.3 - https:\/\/yoast.com\/product\/yoast-seo-wordpress\/ -->\n<title>Anvisa autoriza teste cl\u00ednico para tratar pneumonia causada por Covid-19 - Aconteceu no Vale<\/title>\n<meta name=\"robots\" content=\"index, follow, max-snippet:-1, max-image-preview:large, max-video-preview:-1\" \/>\n<link rel=\"canonical\" href=\"https:\/\/aconteceunovale.com.br\/portal\/?p=167953\" \/>\n<meta property=\"og:locale\" content=\"pt_BR\" \/>\n<meta property=\"og:type\" content=\"article\" \/>\n<meta property=\"og:title\" content=\"Anvisa autoriza teste cl\u00ednico para tratar pneumonia causada por Covid-19 - Aconteceu no Vale\" \/>\n<meta property=\"og:description\" content=\"A Ag\u00eancia Nacional de Vigil\u00e2ncia Sanit\u00e1ria (Anvisa) autorizou o in\u00edcio de testes cl\u00ednicos para o uso da mol\u00e9cula M5049 para o tratamento de pacientes com pneumonia causada pela infec\u00e7\u00e3o de covid-19. A autoriza\u00e7\u00e3o, publicada no \u00faltimo dia 21, tem validade at\u00e9 o pr\u00f3ximo dia\u00a013 de novembro. Segundo a empresa Merck, que desenvolver\u00e1 a pesquisa, o [&hellip;]\" \/>\n<meta property=\"og:url\" content=\"https:\/\/aconteceunovale.com.br\/portal\/?p=167953\" \/>\n<meta property=\"og:site_name\" content=\"Aconteceu no Vale\" \/>\n<meta property=\"article:publisher\" content=\"https:\/\/www.facebook.com\/aconteceunovale\/\" \/>\n<meta property=\"article:published_time\" content=\"2020-08-29T14:56:00+00:00\" \/>\n<meta property=\"article:modified_time\" content=\"2020-08-29T14:56:17+00:00\" \/>\n<meta property=\"og:image\" content=\"https:\/\/aconteceunovale.com.br\/portal\/wp-content\/uploads\/2020\/08\/pulmao_virus.jpg\" \/>\n\t<meta property=\"og:image:width\" content=\"620\" \/>\n\t<meta property=\"og:image:height\" content=\"412\" \/>\n\t<meta property=\"og:image:type\" content=\"image\/jpeg\" \/>\n<meta name=\"author\" content=\"Reda\u00e7\u00e3o Aconteceu no Vale\" \/>\n<meta name=\"twitter:card\" content=\"summary_large_image\" \/>\n<meta name=\"twitter:creator\" content=\"@noticiadosvales\" \/>\n<meta name=\"twitter:site\" content=\"@noticiadosvales\" \/>\n<meta name=\"twitter:label1\" content=\"Escrito por\" \/>\n\t<meta name=\"twitter:data1\" content=\"Reda\u00e7\u00e3o Aconteceu no Vale\" \/>\n\t<meta name=\"twitter:label2\" content=\"Est. tempo de leitura\" \/>\n\t<meta name=\"twitter:data2\" content=\"1 minuto\" \/>\n<script type=\"application\/ld+json\" class=\"yoast-schema-graph\">{\"@context\":\"https:\\\/\\\/schema.org\",\"@graph\":[{\"@type\":\"Article\",\"@id\":\"https:\\\/\\\/aconteceunovale.com.br\\\/portal\\\/?p=167953#article\",\"isPartOf\":{\"@id\":\"https:\\\/\\\/aconteceunovale.com.br\\\/portal\\\/?p=167953\"},\"author\":{\"name\":\"Reda\u00e7\u00e3o Aconteceu no Vale\",\"@id\":\"https:\\\/\\\/aconteceunovale.com.br\\\/portal\\\/#\\\/schema\\\/person\\\/7d2f26d1483f8a63de73da1ee0754d35\"},\"headline\":\"Anvisa autoriza teste cl\u00ednico para tratar pneumonia causada por Covid-19\",\"datePublished\":\"2020-08-29T14:56:00+00:00\",\"dateModified\":\"2020-08-29T14:56:17+00:00\",\"mainEntityOfPage\":{\"@id\":\"https:\\\/\\\/aconteceunovale.com.br\\\/portal\\\/?p=167953\"},\"wordCount\":229,\"commentCount\":0,\"image\":{\"@id\":\"https:\\\/\\\/aconteceunovale.com.br\\\/portal\\\/?p=167953#primaryimage\"},\"thumbnailUrl\":\"https:\\\/\\\/aconteceunovale.com.br\\\/portal\\\/wp-content\\\/uploads\\\/2020\\\/08\\\/pulmao_virus.jpg\",\"keywords\":[\"Ag\u00eancia Nacional de Vigil\u00e2ncia Sanit\u00e1ria\",\"Anvisa\",\"Anvisa autoriza teste cl\u00ednico para tratar pneumonia causada por Covid-19\",\"Coronav\u00edrus\",\"COVID-19\",\"M5049\",\"Merck\",\"Merck mol\u00e9cula M5049\",\"Mol\u00e9cula M5049\",\"Novo coronav\u00edrus\",\"pandemia\",\"Tratamento com a mol\u00e9cula M5049\",\"Tratamento da covid-19 com a mol\u00e9cula M5049\"],\"articleSection\":[\"Brasil\",\"Mundo\",\"Sa\u00fade\"],\"inLanguage\":\"pt-BR\",\"potentialAction\":[{\"@type\":\"CommentAction\",\"name\":\"Comment\",\"target\":[\"https:\\\/\\\/aconteceunovale.com.br\\\/portal\\\/?p=167953#respond\"]}]},{\"@type\":\"WebPage\",\"@id\":\"https:\\\/\\\/aconteceunovale.com.br\\\/portal\\\/?p=167953\",\"url\":\"https:\\\/\\\/aconteceunovale.com.br\\\/portal\\\/?p=167953\",\"name\":\"Anvisa autoriza teste cl\u00ednico para tratar pneumonia causada por Covid-19 - Aconteceu no Vale\",\"isPartOf\":{\"@id\":\"https:\\\/\\\/aconteceunovale.com.br\\\/portal\\\/#website\"},\"primaryImageOfPage\":{\"@id\":\"https:\\\/\\\/aconteceunovale.com.br\\\/portal\\\/?p=167953#primaryimage\"},\"image\":{\"@id\":\"https:\\\/\\\/aconteceunovale.com.br\\\/portal\\\/?p=167953#primaryimage\"},\"thumbnailUrl\":\"https:\\\/\\\/aconteceunovale.com.br\\\/portal\\\/wp-content\\\/uploads\\\/2020\\\/08\\\/pulmao_virus.jpg\",\"datePublished\":\"2020-08-29T14:56:00+00:00\",\"dateModified\":\"2020-08-29T14:56:17+00:00\",\"author\":{\"@id\":\"https:\\\/\\\/aconteceunovale.com.br\\\/portal\\\/#\\\/schema\\\/person\\\/7d2f26d1483f8a63de73da1ee0754d35\"},\"breadcrumb\":{\"@id\":\"https:\\\/\\\/aconteceunovale.com.br\\\/portal\\\/?p=167953#breadcrumb\"},\"inLanguage\":\"pt-BR\",\"potentialAction\":[{\"@type\":\"ReadAction\",\"target\":[\"https:\\\/\\\/aconteceunovale.com.br\\\/portal\\\/?p=167953\"]}]},{\"@type\":\"ImageObject\",\"inLanguage\":\"pt-BR\",\"@id\":\"https:\\\/\\\/aconteceunovale.com.br\\\/portal\\\/?p=167953#primaryimage\",\"url\":\"https:\\\/\\\/aconteceunovale.com.br\\\/portal\\\/wp-content\\\/uploads\\\/2020\\\/08\\\/pulmao_virus.jpg\",\"contentUrl\":\"https:\\\/\\\/aconteceunovale.com.br\\\/portal\\\/wp-content\\\/uploads\\\/2020\\\/08\\\/pulmao_virus.jpg\",\"width\":620,\"height\":412},{\"@type\":\"BreadcrumbList\",\"@id\":\"https:\\\/\\\/aconteceunovale.com.br\\\/portal\\\/?p=167953#breadcrumb\",\"itemListElement\":[{\"@type\":\"ListItem\",\"position\":1,\"name\":\"In\u00edcio\",\"item\":\"https:\\\/\\\/aconteceunovale.com.br\\\/portal\\\/\"},{\"@type\":\"ListItem\",\"position\":2,\"name\":\"Anvisa autoriza teste cl\u00ednico para tratar pneumonia causada por Covid-19\"}]},{\"@type\":\"WebSite\",\"@id\":\"https:\\\/\\\/aconteceunovale.com.br\\\/portal\\\/#website\",\"url\":\"https:\\\/\\\/aconteceunovale.com.br\\\/portal\\\/\",\"name\":\"Aconteceu no Vale\",\"description\":\"Portal de Not\u00edcias\",\"potentialAction\":[{\"@type\":\"SearchAction\",\"target\":{\"@type\":\"EntryPoint\",\"urlTemplate\":\"https:\\\/\\\/aconteceunovale.com.br\\\/portal\\\/?s={search_term_string}\"},\"query-input\":{\"@type\":\"PropertyValueSpecification\",\"valueRequired\":true,\"valueName\":\"search_term_string\"}}],\"inLanguage\":\"pt-BR\"},{\"@type\":\"Person\",\"@id\":\"https:\\\/\\\/aconteceunovale.com.br\\\/portal\\\/#\\\/schema\\\/person\\\/7d2f26d1483f8a63de73da1ee0754d35\",\"name\":\"Reda\u00e7\u00e3o Aconteceu no Vale\",\"description\":\"Equipe de reportagem do Aconteceu no Vale, portal de not\u00edcias do Vale do Jequitinhonha, em Minas Gerais. Cobrimos as 51 cidades do Vale desde 2013. Sugest\u00f5es de pauta e pedidos de corre\u00e7\u00e3o: contato@aconteceunovale.com.br\",\"url\":\"https:\\\/\\\/aconteceunovale.com.br\\\/portal\\\/?author=4\"}]}<\/script>\n<!-- \/ Yoast SEO plugin. -->","yoast_head_json":{"title":"Anvisa autoriza teste cl\u00ednico para tratar pneumonia causada por Covid-19 - Aconteceu no Vale","robots":{"index":"index","follow":"follow","max-snippet":"max-snippet:-1","max-image-preview":"max-image-preview:large","max-video-preview":"max-video-preview:-1"},"canonical":"https:\/\/aconteceunovale.com.br\/portal\/?p=167953","og_locale":"pt_BR","og_type":"article","og_title":"Anvisa autoriza teste cl\u00ednico para tratar pneumonia causada por Covid-19 - Aconteceu no Vale","og_description":"A Ag\u00eancia Nacional de Vigil\u00e2ncia Sanit\u00e1ria (Anvisa) autorizou o in\u00edcio de testes cl\u00ednicos para o uso da mol\u00e9cula M5049 para o tratamento de pacientes com pneumonia causada pela infec\u00e7\u00e3o de covid-19. A autoriza\u00e7\u00e3o, publicada no \u00faltimo dia 21, tem validade at\u00e9 o pr\u00f3ximo dia\u00a013 de novembro. Segundo a empresa Merck, que desenvolver\u00e1 a pesquisa, o [&hellip;]","og_url":"https:\/\/aconteceunovale.com.br\/portal\/?p=167953","og_site_name":"Aconteceu no Vale","article_publisher":"https:\/\/www.facebook.com\/aconteceunovale\/","article_published_time":"2020-08-29T14:56:00+00:00","article_modified_time":"2020-08-29T14:56:17+00:00","og_image":[{"width":620,"height":412,"url":"https:\/\/aconteceunovale.com.br\/portal\/wp-content\/uploads\/2020\/08\/pulmao_virus.jpg","type":"image\/jpeg"}],"author":"Reda\u00e7\u00e3o Aconteceu no Vale","twitter_card":"summary_large_image","twitter_creator":"@noticiadosvales","twitter_site":"@noticiadosvales","twitter_misc":{"Escrito por":"Reda\u00e7\u00e3o Aconteceu no Vale","Est. tempo de leitura":"1 minuto"},"schema":{"@context":"https:\/\/schema.org","@graph":[{"@type":"Article","@id":"https:\/\/aconteceunovale.com.br\/portal\/?p=167953#article","isPartOf":{"@id":"https:\/\/aconteceunovale.com.br\/portal\/?p=167953"},"author":{"name":"Reda\u00e7\u00e3o Aconteceu no Vale","@id":"https:\/\/aconteceunovale.com.br\/portal\/#\/schema\/person\/7d2f26d1483f8a63de73da1ee0754d35"},"headline":"Anvisa autoriza teste cl\u00ednico para tratar pneumonia causada por Covid-19","datePublished":"2020-08-29T14:56:00+00:00","dateModified":"2020-08-29T14:56:17+00:00","mainEntityOfPage":{"@id":"https:\/\/aconteceunovale.com.br\/portal\/?p=167953"},"wordCount":229,"commentCount":0,"image":{"@id":"https:\/\/aconteceunovale.com.br\/portal\/?p=167953#primaryimage"},"thumbnailUrl":"https:\/\/aconteceunovale.com.br\/portal\/wp-content\/uploads\/2020\/08\/pulmao_virus.jpg","keywords":["Ag\u00eancia Nacional de Vigil\u00e2ncia Sanit\u00e1ria","Anvisa","Anvisa autoriza teste cl\u00ednico para tratar pneumonia causada por Covid-19","Coronav\u00edrus","COVID-19","M5049","Merck","Merck mol\u00e9cula M5049","Mol\u00e9cula M5049","Novo coronav\u00edrus","pandemia","Tratamento com a mol\u00e9cula M5049","Tratamento da covid-19 com a mol\u00e9cula M5049"],"articleSection":["Brasil","Mundo","Sa\u00fade"],"inLanguage":"pt-BR","potentialAction":[{"@type":"CommentAction","name":"Comment","target":["https:\/\/aconteceunovale.com.br\/portal\/?p=167953#respond"]}]},{"@type":"WebPage","@id":"https:\/\/aconteceunovale.com.br\/portal\/?p=167953","url":"https:\/\/aconteceunovale.com.br\/portal\/?p=167953","name":"Anvisa autoriza teste cl\u00ednico para tratar pneumonia causada por Covid-19 - Aconteceu no Vale","isPartOf":{"@id":"https:\/\/aconteceunovale.com.br\/portal\/#website"},"primaryImageOfPage":{"@id":"https:\/\/aconteceunovale.com.br\/portal\/?p=167953#primaryimage"},"image":{"@id":"https:\/\/aconteceunovale.com.br\/portal\/?p=167953#primaryimage"},"thumbnailUrl":"https:\/\/aconteceunovale.com.br\/portal\/wp-content\/uploads\/2020\/08\/pulmao_virus.jpg","datePublished":"2020-08-29T14:56:00+00:00","dateModified":"2020-08-29T14:56:17+00:00","author":{"@id":"https:\/\/aconteceunovale.com.br\/portal\/#\/schema\/person\/7d2f26d1483f8a63de73da1ee0754d35"},"breadcrumb":{"@id":"https:\/\/aconteceunovale.com.br\/portal\/?p=167953#breadcrumb"},"inLanguage":"pt-BR","potentialAction":[{"@type":"ReadAction","target":["https:\/\/aconteceunovale.com.br\/portal\/?p=167953"]}]},{"@type":"ImageObject","inLanguage":"pt-BR","@id":"https:\/\/aconteceunovale.com.br\/portal\/?p=167953#primaryimage","url":"https:\/\/aconteceunovale.com.br\/portal\/wp-content\/uploads\/2020\/08\/pulmao_virus.jpg","contentUrl":"https:\/\/aconteceunovale.com.br\/portal\/wp-content\/uploads\/2020\/08\/pulmao_virus.jpg","width":620,"height":412},{"@type":"BreadcrumbList","@id":"https:\/\/aconteceunovale.com.br\/portal\/?p=167953#breadcrumb","itemListElement":[{"@type":"ListItem","position":1,"name":"In\u00edcio","item":"https:\/\/aconteceunovale.com.br\/portal\/"},{"@type":"ListItem","position":2,"name":"Anvisa autoriza teste cl\u00ednico para tratar pneumonia causada por Covid-19"}]},{"@type":"WebSite","@id":"https:\/\/aconteceunovale.com.br\/portal\/#website","url":"https:\/\/aconteceunovale.com.br\/portal\/","name":"Aconteceu no Vale","description":"Portal de Not\u00edcias","potentialAction":[{"@type":"SearchAction","target":{"@type":"EntryPoint","urlTemplate":"https:\/\/aconteceunovale.com.br\/portal\/?s={search_term_string}"},"query-input":{"@type":"PropertyValueSpecification","valueRequired":true,"valueName":"search_term_string"}}],"inLanguage":"pt-BR"},{"@type":"Person","@id":"https:\/\/aconteceunovale.com.br\/portal\/#\/schema\/person\/7d2f26d1483f8a63de73da1ee0754d35","name":"Reda\u00e7\u00e3o Aconteceu no Vale","description":"Equipe de reportagem do Aconteceu no Vale, portal de not\u00edcias do Vale do Jequitinhonha, em Minas Gerais. Cobrimos as 51 cidades do Vale desde 2013. Sugest\u00f5es de pauta e pedidos de corre\u00e7\u00e3o: contato@aconteceunovale.com.br","url":"https:\/\/aconteceunovale.com.br\/portal\/?author=4"}]}},"_links":{"self":[{"href":"https:\/\/aconteceunovale.com.br\/portal\/index.php?rest_route=\/wp\/v2\/posts\/167953","targetHints":{"allow":["GET"]}}],"collection":[{"href":"https:\/\/aconteceunovale.com.br\/portal\/index.php?rest_route=\/wp\/v2\/posts"}],"about":[{"href":"https:\/\/aconteceunovale.com.br\/portal\/index.php?rest_route=\/wp\/v2\/types\/post"}],"author":[{"embeddable":true,"href":"https:\/\/aconteceunovale.com.br\/portal\/index.php?rest_route=\/wp\/v2\/users\/4"}],"replies":[{"embeddable":true,"href":"https:\/\/aconteceunovale.com.br\/portal\/index.php?rest_route=%2Fwp%2Fv2%2Fcomments&post=167953"}],"version-history":[{"count":1,"href":"https:\/\/aconteceunovale.com.br\/portal\/index.php?rest_route=\/wp\/v2\/posts\/167953\/revisions"}],"predecessor-version":[{"id":167954,"href":"https:\/\/aconteceunovale.com.br\/portal\/index.php?rest_route=\/wp\/v2\/posts\/167953\/revisions\/167954"}],"wp:featuredmedia":[{"embeddable":true,"href":"https:\/\/aconteceunovale.com.br\/portal\/index.php?rest_route=\/wp\/v2\/media\/167624"}],"wp:attachment":[{"href":"https:\/\/aconteceunovale.com.br\/portal\/index.php?rest_route=%2Fwp%2Fv2%2Fmedia&parent=167953"}],"wp:term":[{"taxonomy":"category","embeddable":true,"href":"https:\/\/aconteceunovale.com.br\/portal\/index.php?rest_route=%2Fwp%2Fv2%2Fcategories&post=167953"},{"taxonomy":"post_tag","embeddable":true,"href":"https:\/\/aconteceunovale.com.br\/portal\/index.php?rest_route=%2Fwp%2Fv2%2Ftags&post=167953"}],"curies":[{"name":"wp","href":"https:\/\/api.w.org\/{rel}","templated":true}]}}