{"id":167946,"date":"2020-08-29T11:13:17","date_gmt":"2020-08-29T14:13:17","guid":{"rendered":"https:\/\/aconteceunovale.com.br\/portal\/?p=167946"},"modified":"2020-08-29T11:14:11","modified_gmt":"2020-08-29T14:14:11","slug":"obras-no-contorno-sul-de-montes-claros-custarao-cerca-de-r-16-milhoes","status":"publish","type":"post","link":"https:\/\/aconteceunovale.com.br\/portal\/?p=167946","title":{"rendered":"Obras no Contorno Sul de Montes Claros custar\u00e3o cerca de R$ 16 milh\u00f5es"},"content":{"rendered":"\n<p class=\"wp-block-paragraph\">O\u00a0Departamento de Edifica\u00e7\u00f5es e Estradas de Rodagem de Minas Gerais (<a rel=\"noreferrer noopener\" href=\"http:\/\/der.mg.gov.br\/\" target=\"_blank\">DER-MG<\/a>)\u00a0se prepara para iniciar as obras de implanta\u00e7\u00e3o e pavimenta\u00e7\u00e3o de vias laterais no Contorno Sul de Montes Claros, na regi\u00e3o Norte do estado.<\/p>\n\n\n\n<p class=\"wp-block-paragraph\">Os trabalhos, que ser\u00e3o feitos em 4,63 quil\u00f4metros, far\u00e3o a liga\u00e7\u00e3o das rodovias BR-135 e BR-365 e receber\u00e3o um investimento de, aproximadamente, R$ 16,2 milh\u00f5es, financiados pelo Banco Nacional de Desenvolvimento Econ\u00f4mico e Social (BNDES).<\/p>\n\n\n\n<p class=\"wp-block-paragraph\">A obra faz parte de um pacote que inclui outras sete a\u00e7\u00f5es em infraestrutura, em diversas regi\u00f5es do estado, que foram anunciadas pelo governador Romeu Zema, na \u00faltima ter\u00e7a-feira (25\/8\/2020).<\/p>\n\n\n\n<p class=\"wp-block-paragraph\">\u201cNos \u00faltimos meses temos trabalhado incansavelmente para combater o coronav\u00edrus.\u00a0Sabemos que muitos empregos foram perdidos e a atividade econ\u00f4mica sofreu muito.\u00a0Ent\u00e3o, al\u00e9m de salvar vidas, tamb\u00e9m precisamos salvar empregos, e mesmo cri\u00e1-los. Essas oito obras se encaixam nesse contexto\u201d,\u00a0disse o governador Romeu Zema.<\/p>\n\n\n\n<figure class=\"wp-block-gallery columns-1 is-cropped wp-block-gallery-1 is-layout-flex wp-block-gallery-is-layout-flex\"><ul class=\"blocks-gallery-grid\"><li class=\"blocks-gallery-item\"><figure><img loading=\"lazy\" decoding=\"async\" width=\"648\" height=\"450\" src=\"https:\/\/aconteceunovale.com.br\/portal\/wp-content\/uploads\/2020\/08\/contorno_moc.png\" alt=\"\" data-id=\"167947\" data-full-url=\"https:\/\/aconteceunovale.com.br\/portal\/wp-content\/uploads\/2020\/08\/contorno_moc.png\" data-link=\"https:\/\/aconteceunovale.com.br\/portal\/?attachment_id=167947\" class=\"wp-image-167947\" srcset=\"https:\/\/aconteceunovale.com.br\/portal\/wp-content\/uploads\/2020\/08\/contorno_moc.png 648w, https:\/\/aconteceunovale.com.br\/portal\/wp-content\/uploads\/2020\/08\/contorno_moc-300x208.png 300w, https:\/\/aconteceunovale.com.br\/portal\/wp-content\/uploads\/2020\/08\/contorno_moc-100x70.png 100w, https:\/\/aconteceunovale.com.br\/portal\/wp-content\/uploads\/2020\/08\/contorno_moc-218x150.png 218w, https:\/\/aconteceunovale.com.br\/portal\/wp-content\/uploads\/2020\/08\/contorno_moc-605x420.png 605w\" sizes=\"auto, (max-width: 648px) 100vw, 648px\" \/><figcaption class=\"blocks-gallery-item__caption\">Trecho far\u00e1 a liga\u00e7\u00e3o das rodovias BR-135 e BR-365 (Foto: Divulga\u00e7\u00e3o \/ DER-MG)<\/figcaption><\/figure><\/li><\/ul><\/figure>\n\n\n\n<h2 class=\"wp-block-heading\"><strong>Redu\u00e7\u00e3o de acidentes<\/strong><\/h2>\n\n\n\n<p class=\"wp-block-paragraph\">As obras impactar\u00e3o positivamente na economia de Montes Claros, que tem a ind\u00fastria e o com\u00e9rcio&nbsp;como importantes atividades, e \u00e9 considerada um polo industrial regional.<\/p>\n\n\n\n<p class=\"wp-block-paragraph\">\u201cCom a conclus\u00e3o das vias laterais, esperamos que haja uma diminui\u00e7\u00e3o da mistura entre o tr\u00e1fego local e o de longa dist\u00e2ncia, contribuindo, assim, para a redu\u00e7\u00e3o do n\u00famero de acidentes no local, que recebe aproximadamente 4 mil ve\u00edculos por dia\u201d, destaca o secret\u00e1rio de\u00a0Infraestrutura e Mobilidade, Fernando Marcato.<\/p>\n\n\n\n<p class=\"has-white-color has-black-background-color has-text-color has-background wp-block-paragraph\">Quer saber as not\u00edcias do <strong>Aconteceu no Vale<\/strong> em primeira m\u00e3o? Siga-nos no Facebook <a rel=\"noreferrer noopener\" href=\"http:\/\/facebook.com\/aconteceunovale\" target=\"_blank\">@aconteceunovale<\/a>, Twitter <a rel=\"noreferrer noopener\" href=\"https:\/\/twitter.com\/noticiadosvales\" target=\"_blank\">@noticiadosvales<\/a> e Instagram <a rel=\"noreferrer noopener\" href=\"https:\/\/www.instagram.com\/aconteceunovale\" target=\"_blank\">@aconteceunovale<\/a>.<\/p>\n","protected":false},"excerpt":{"rendered":"<p>O\u00a0Departamento de Edifica\u00e7\u00f5es e Estradas de Rodagem de Minas Gerais (DER-MG)\u00a0se prepara para iniciar as obras de implanta\u00e7\u00e3o e pavimenta\u00e7\u00e3o de vias laterais no Contorno Sul de Montes Claros, na regi\u00e3o Norte do estado. Os trabalhos, que ser\u00e3o feitos em 4,63 quil\u00f4metros, far\u00e3o a liga\u00e7\u00e3o das rodovias BR-135 e BR-365 e receber\u00e3o um investimento de, [&hellip;]<\/p>\n","protected":false},"author":4,"featured_media":167947,"comment_status":"open","ping_status":"closed","sticky":false,"template":"","format":"standard","meta":{"amp_status":"","footnotes":""},"categories":[1236,40240],"tags":[42850,207131,207894,228255,121429,215389,1018,6546,210,228466,228465,228464,228463,178207],"class_list":["post-167946","post","type-post","status-publish","format-standard","has-post-thumbnail","hentry","category-norte_de_minas","category-politica","tag-bndes","tag-br-135-2","tag-br-365-2","tag-contorno-sul-de-montes-claros","tag-departamento-de-edificacoes-e-estradas-de-rodagem-de-minas-gerais","tag-der-mg-2","tag-destaque","tag-governo-de-minas","tag-montes-claros","tag-obras-do-governo-de-minas-em-montes-claros","tag-obras-em-montes-claros","tag-obras-no-contorno-sul-de-montes-claros","tag-obras-no-contorno-sul-de-montes-claros-custarao-cerca-de-r-16-milhoes","tag-romeu-zema"],"yoast_head":"<!-- This site is optimized with the Yoast SEO plugin v28.3 - https:\/\/yoast.com\/product\/yoast-seo-wordpress\/ -->\n<title>Obras no Contorno Sul de Montes Claros custar\u00e3o cerca de R$ 16 milh\u00f5es - Aconteceu no Vale<\/title>\n<meta name=\"robots\" content=\"index, follow, max-snippet:-1, max-image-preview:large, max-video-preview:-1\" \/>\n<link rel=\"canonical\" href=\"https:\/\/aconteceunovale.com.br\/portal\/?p=167946\" \/>\n<meta property=\"og:locale\" content=\"pt_BR\" \/>\n<meta property=\"og:type\" content=\"article\" \/>\n<meta property=\"og:title\" content=\"Obras no Contorno Sul de Montes Claros custar\u00e3o cerca de R$ 16 milh\u00f5es - Aconteceu no Vale\" \/>\n<meta property=\"og:description\" content=\"O\u00a0Departamento de Edifica\u00e7\u00f5es e Estradas de Rodagem de Minas Gerais (DER-MG)\u00a0se prepara para iniciar as obras de implanta\u00e7\u00e3o e pavimenta\u00e7\u00e3o de vias laterais no Contorno Sul de Montes Claros, na regi\u00e3o Norte do estado. Os trabalhos, que ser\u00e3o feitos em 4,63 quil\u00f4metros, far\u00e3o a liga\u00e7\u00e3o das rodovias BR-135 e BR-365 e receber\u00e3o um investimento de, [&hellip;]\" \/>\n<meta property=\"og:url\" content=\"https:\/\/aconteceunovale.com.br\/portal\/?p=167946\" \/>\n<meta property=\"og:site_name\" content=\"Aconteceu no Vale\" \/>\n<meta property=\"article:publisher\" content=\"https:\/\/www.facebook.com\/aconteceunovale\/\" \/>\n<meta property=\"article:published_time\" content=\"2020-08-29T14:13:17+00:00\" \/>\n<meta property=\"article:modified_time\" content=\"2020-08-29T14:14:11+00:00\" \/>\n<meta property=\"og:image\" content=\"https:\/\/aconteceunovale.com.br\/portal\/wp-content\/uploads\/2020\/08\/contorno_moc.png\" \/>\n\t<meta property=\"og:image:width\" content=\"648\" \/>\n\t<meta property=\"og:image:height\" content=\"450\" \/>\n\t<meta property=\"og:image:type\" content=\"image\/png\" \/>\n<meta name=\"author\" content=\"Reda\u00e7\u00e3o Aconteceu no Vale\" \/>\n<meta name=\"twitter:card\" content=\"summary_large_image\" \/>\n<meta name=\"twitter:creator\" content=\"@noticiadosvales\" \/>\n<meta name=\"twitter:site\" content=\"@noticiadosvales\" \/>\n<meta name=\"twitter:label1\" content=\"Escrito por\" \/>\n\t<meta name=\"twitter:data1\" content=\"Reda\u00e7\u00e3o Aconteceu no Vale\" \/>\n\t<meta name=\"twitter:label2\" content=\"Est. tempo de leitura\" \/>\n\t<meta name=\"twitter:data2\" content=\"1 minuto\" \/>\n<script type=\"application\/ld+json\" class=\"yoast-schema-graph\">{\"@context\":\"https:\\\/\\\/schema.org\",\"@graph\":[{\"@type\":\"Article\",\"@id\":\"https:\\\/\\\/aconteceunovale.com.br\\\/portal\\\/?p=167946#article\",\"isPartOf\":{\"@id\":\"https:\\\/\\\/aconteceunovale.com.br\\\/portal\\\/?p=167946\"},\"author\":{\"name\":\"Reda\u00e7\u00e3o Aconteceu no Vale\",\"@id\":\"https:\\\/\\\/aconteceunovale.com.br\\\/portal\\\/#\\\/schema\\\/person\\\/7d2f26d1483f8a63de73da1ee0754d35\"},\"headline\":\"Obras no Contorno Sul de Montes Claros custar\u00e3o cerca de R$ 16 milh\u00f5es\",\"datePublished\":\"2020-08-29T14:13:17+00:00\",\"dateModified\":\"2020-08-29T14:14:11+00:00\",\"mainEntityOfPage\":{\"@id\":\"https:\\\/\\\/aconteceunovale.com.br\\\/portal\\\/?p=167946\"},\"wordCount\":304,\"commentCount\":0,\"image\":{\"@id\":\"https:\\\/\\\/aconteceunovale.com.br\\\/portal\\\/?p=167946#primaryimage\"},\"thumbnailUrl\":\"https:\\\/\\\/aconteceunovale.com.br\\\/portal\\\/wp-content\\\/uploads\\\/2020\\\/08\\\/contorno_moc.png\",\"keywords\":[\"BNDES\",\"BR-135\",\"BR-365\",\"Contorno Sul de Montes Claros\",\"Departamento de Edifica\u00e7\u00f5es e Estradas de Rodagem de Minas Gerais\",\"DER-MG\",\"destaque\",\"Governo de Minas\",\"Montes Claros\",\"Obras do Governo de Minas em Montes Claros\",\"Obras em Montes Claros\",\"Obras no Contorno Sul de Montes Claros\",\"Obras no Contorno Sul de Montes Claros custar\u00e3o cerca de R$ 16 milh\u00f5es\",\"Romeu Zema\"],\"articleSection\":[\"Norte de Minas\",\"Pol\u00edtica\"],\"inLanguage\":\"pt-BR\",\"potentialAction\":[{\"@type\":\"CommentAction\",\"name\":\"Comment\",\"target\":[\"https:\\\/\\\/aconteceunovale.com.br\\\/portal\\\/?p=167946#respond\"]}]},{\"@type\":\"WebPage\",\"@id\":\"https:\\\/\\\/aconteceunovale.com.br\\\/portal\\\/?p=167946\",\"url\":\"https:\\\/\\\/aconteceunovale.com.br\\\/portal\\\/?p=167946\",\"name\":\"Obras no Contorno Sul de Montes Claros custar\u00e3o cerca de R$ 16 milh\u00f5es - Aconteceu no Vale\",\"isPartOf\":{\"@id\":\"https:\\\/\\\/aconteceunovale.com.br\\\/portal\\\/#website\"},\"primaryImageOfPage\":{\"@id\":\"https:\\\/\\\/aconteceunovale.com.br\\\/portal\\\/?p=167946#primaryimage\"},\"image\":{\"@id\":\"https:\\\/\\\/aconteceunovale.com.br\\\/portal\\\/?p=167946#primaryimage\"},\"thumbnailUrl\":\"https:\\\/\\\/aconteceunovale.com.br\\\/portal\\\/wp-content\\\/uploads\\\/2020\\\/08\\\/contorno_moc.png\",\"datePublished\":\"2020-08-29T14:13:17+00:00\",\"dateModified\":\"2020-08-29T14:14:11+00:00\",\"author\":{\"@id\":\"https:\\\/\\\/aconteceunovale.com.br\\\/portal\\\/#\\\/schema\\\/person\\\/7d2f26d1483f8a63de73da1ee0754d35\"},\"breadcrumb\":{\"@id\":\"https:\\\/\\\/aconteceunovale.com.br\\\/portal\\\/?p=167946#breadcrumb\"},\"inLanguage\":\"pt-BR\",\"potentialAction\":[{\"@type\":\"ReadAction\",\"target\":[\"https:\\\/\\\/aconteceunovale.com.br\\\/portal\\\/?p=167946\"]}]},{\"@type\":\"ImageObject\",\"inLanguage\":\"pt-BR\",\"@id\":\"https:\\\/\\\/aconteceunovale.com.br\\\/portal\\\/?p=167946#primaryimage\",\"url\":\"https:\\\/\\\/aconteceunovale.com.br\\\/portal\\\/wp-content\\\/uploads\\\/2020\\\/08\\\/contorno_moc.png\",\"contentUrl\":\"https:\\\/\\\/aconteceunovale.com.br\\\/portal\\\/wp-content\\\/uploads\\\/2020\\\/08\\\/contorno_moc.png\",\"width\":648,\"height\":450},{\"@type\":\"BreadcrumbList\",\"@id\":\"https:\\\/\\\/aconteceunovale.com.br\\\/portal\\\/?p=167946#breadcrumb\",\"itemListElement\":[{\"@type\":\"ListItem\",\"position\":1,\"name\":\"In\u00edcio\",\"item\":\"https:\\\/\\\/aconteceunovale.com.br\\\/portal\\\/\"},{\"@type\":\"ListItem\",\"position\":2,\"name\":\"Obras no Contorno Sul de Montes Claros custar\u00e3o cerca de R$ 16 milh\u00f5es\"}]},{\"@type\":\"WebSite\",\"@id\":\"https:\\\/\\\/aconteceunovale.com.br\\\/portal\\\/#website\",\"url\":\"https:\\\/\\\/aconteceunovale.com.br\\\/portal\\\/\",\"name\":\"Aconteceu no Vale\",\"description\":\"Portal de Not\u00edcias\",\"potentialAction\":[{\"@type\":\"SearchAction\",\"target\":{\"@type\":\"EntryPoint\",\"urlTemplate\":\"https:\\\/\\\/aconteceunovale.com.br\\\/portal\\\/?s={search_term_string}\"},\"query-input\":{\"@type\":\"PropertyValueSpecification\",\"valueRequired\":true,\"valueName\":\"search_term_string\"}}],\"inLanguage\":\"pt-BR\"},{\"@type\":\"Person\",\"@id\":\"https:\\\/\\\/aconteceunovale.com.br\\\/portal\\\/#\\\/schema\\\/person\\\/7d2f26d1483f8a63de73da1ee0754d35\",\"name\":\"Reda\u00e7\u00e3o Aconteceu no Vale\",\"description\":\"Equipe de reportagem do Aconteceu no Vale, portal de not\u00edcias do Vale do Jequitinhonha, em Minas Gerais. Cobrimos as 51 cidades do Vale desde 2013. Sugest\u00f5es de pauta e pedidos de corre\u00e7\u00e3o: contato@aconteceunovale.com.br\",\"url\":\"https:\\\/\\\/aconteceunovale.com.br\\\/portal\\\/?author=4\"}]}<\/script>\n<!-- \/ Yoast SEO plugin. -->","yoast_head_json":{"title":"Obras no Contorno Sul de Montes Claros custar\u00e3o cerca de R$ 16 milh\u00f5es - Aconteceu no Vale","robots":{"index":"index","follow":"follow","max-snippet":"max-snippet:-1","max-image-preview":"max-image-preview:large","max-video-preview":"max-video-preview:-1"},"canonical":"https:\/\/aconteceunovale.com.br\/portal\/?p=167946","og_locale":"pt_BR","og_type":"article","og_title":"Obras no Contorno Sul de Montes Claros custar\u00e3o cerca de R$ 16 milh\u00f5es - Aconteceu no Vale","og_description":"O\u00a0Departamento de Edifica\u00e7\u00f5es e Estradas de Rodagem de Minas Gerais (DER-MG)\u00a0se prepara para iniciar as obras de implanta\u00e7\u00e3o e pavimenta\u00e7\u00e3o de vias laterais no Contorno Sul de Montes Claros, na regi\u00e3o Norte do estado. Os trabalhos, que ser\u00e3o feitos em 4,63 quil\u00f4metros, far\u00e3o a liga\u00e7\u00e3o das rodovias BR-135 e BR-365 e receber\u00e3o um investimento de, [&hellip;]","og_url":"https:\/\/aconteceunovale.com.br\/portal\/?p=167946","og_site_name":"Aconteceu no Vale","article_publisher":"https:\/\/www.facebook.com\/aconteceunovale\/","article_published_time":"2020-08-29T14:13:17+00:00","article_modified_time":"2020-08-29T14:14:11+00:00","og_image":[{"width":648,"height":450,"url":"https:\/\/aconteceunovale.com.br\/portal\/wp-content\/uploads\/2020\/08\/contorno_moc.png","type":"image\/png"}],"author":"Reda\u00e7\u00e3o Aconteceu no Vale","twitter_card":"summary_large_image","twitter_creator":"@noticiadosvales","twitter_site":"@noticiadosvales","twitter_misc":{"Escrito por":"Reda\u00e7\u00e3o Aconteceu no Vale","Est. tempo de leitura":"1 minuto"},"schema":{"@context":"https:\/\/schema.org","@graph":[{"@type":"Article","@id":"https:\/\/aconteceunovale.com.br\/portal\/?p=167946#article","isPartOf":{"@id":"https:\/\/aconteceunovale.com.br\/portal\/?p=167946"},"author":{"name":"Reda\u00e7\u00e3o Aconteceu no Vale","@id":"https:\/\/aconteceunovale.com.br\/portal\/#\/schema\/person\/7d2f26d1483f8a63de73da1ee0754d35"},"headline":"Obras no Contorno Sul de Montes Claros custar\u00e3o cerca de R$ 16 milh\u00f5es","datePublished":"2020-08-29T14:13:17+00:00","dateModified":"2020-08-29T14:14:11+00:00","mainEntityOfPage":{"@id":"https:\/\/aconteceunovale.com.br\/portal\/?p=167946"},"wordCount":304,"commentCount":0,"image":{"@id":"https:\/\/aconteceunovale.com.br\/portal\/?p=167946#primaryimage"},"thumbnailUrl":"https:\/\/aconteceunovale.com.br\/portal\/wp-content\/uploads\/2020\/08\/contorno_moc.png","keywords":["BNDES","BR-135","BR-365","Contorno Sul de Montes Claros","Departamento de Edifica\u00e7\u00f5es e Estradas de Rodagem de Minas Gerais","DER-MG","destaque","Governo de Minas","Montes Claros","Obras do Governo de Minas em Montes Claros","Obras em Montes Claros","Obras no Contorno Sul de Montes Claros","Obras no Contorno Sul de Montes Claros custar\u00e3o cerca de R$ 16 milh\u00f5es","Romeu Zema"],"articleSection":["Norte de Minas","Pol\u00edtica"],"inLanguage":"pt-BR","potentialAction":[{"@type":"CommentAction","name":"Comment","target":["https:\/\/aconteceunovale.com.br\/portal\/?p=167946#respond"]}]},{"@type":"WebPage","@id":"https:\/\/aconteceunovale.com.br\/portal\/?p=167946","url":"https:\/\/aconteceunovale.com.br\/portal\/?p=167946","name":"Obras no Contorno Sul de Montes Claros custar\u00e3o cerca de R$ 16 milh\u00f5es - Aconteceu no Vale","isPartOf":{"@id":"https:\/\/aconteceunovale.com.br\/portal\/#website"},"primaryImageOfPage":{"@id":"https:\/\/aconteceunovale.com.br\/portal\/?p=167946#primaryimage"},"image":{"@id":"https:\/\/aconteceunovale.com.br\/portal\/?p=167946#primaryimage"},"thumbnailUrl":"https:\/\/aconteceunovale.com.br\/portal\/wp-content\/uploads\/2020\/08\/contorno_moc.png","datePublished":"2020-08-29T14:13:17+00:00","dateModified":"2020-08-29T14:14:11+00:00","author":{"@id":"https:\/\/aconteceunovale.com.br\/portal\/#\/schema\/person\/7d2f26d1483f8a63de73da1ee0754d35"},"breadcrumb":{"@id":"https:\/\/aconteceunovale.com.br\/portal\/?p=167946#breadcrumb"},"inLanguage":"pt-BR","potentialAction":[{"@type":"ReadAction","target":["https:\/\/aconteceunovale.com.br\/portal\/?p=167946"]}]},{"@type":"ImageObject","inLanguage":"pt-BR","@id":"https:\/\/aconteceunovale.com.br\/portal\/?p=167946#primaryimage","url":"https:\/\/aconteceunovale.com.br\/portal\/wp-content\/uploads\/2020\/08\/contorno_moc.png","contentUrl":"https:\/\/aconteceunovale.com.br\/portal\/wp-content\/uploads\/2020\/08\/contorno_moc.png","width":648,"height":450},{"@type":"BreadcrumbList","@id":"https:\/\/aconteceunovale.com.br\/portal\/?p=167946#breadcrumb","itemListElement":[{"@type":"ListItem","position":1,"name":"In\u00edcio","item":"https:\/\/aconteceunovale.com.br\/portal\/"},{"@type":"ListItem","position":2,"name":"Obras no Contorno Sul de Montes Claros custar\u00e3o cerca de R$ 16 milh\u00f5es"}]},{"@type":"WebSite","@id":"https:\/\/aconteceunovale.com.br\/portal\/#website","url":"https:\/\/aconteceunovale.com.br\/portal\/","name":"Aconteceu no Vale","description":"Portal de Not\u00edcias","potentialAction":[{"@type":"SearchAction","target":{"@type":"EntryPoint","urlTemplate":"https:\/\/aconteceunovale.com.br\/portal\/?s={search_term_string}"},"query-input":{"@type":"PropertyValueSpecification","valueRequired":true,"valueName":"search_term_string"}}],"inLanguage":"pt-BR"},{"@type":"Person","@id":"https:\/\/aconteceunovale.com.br\/portal\/#\/schema\/person\/7d2f26d1483f8a63de73da1ee0754d35","name":"Reda\u00e7\u00e3o Aconteceu no Vale","description":"Equipe de reportagem do Aconteceu no Vale, portal de not\u00edcias do Vale do Jequitinhonha, em Minas Gerais. Cobrimos as 51 cidades do Vale desde 2013. Sugest\u00f5es de pauta e pedidos de corre\u00e7\u00e3o: contato@aconteceunovale.com.br","url":"https:\/\/aconteceunovale.com.br\/portal\/?author=4"}]}},"_links":{"self":[{"href":"https:\/\/aconteceunovale.com.br\/portal\/index.php?rest_route=\/wp\/v2\/posts\/167946","targetHints":{"allow":["GET"]}}],"collection":[{"href":"https:\/\/aconteceunovale.com.br\/portal\/index.php?rest_route=\/wp\/v2\/posts"}],"about":[{"href":"https:\/\/aconteceunovale.com.br\/portal\/index.php?rest_route=\/wp\/v2\/types\/post"}],"author":[{"embeddable":true,"href":"https:\/\/aconteceunovale.com.br\/portal\/index.php?rest_route=\/wp\/v2\/users\/4"}],"replies":[{"embeddable":true,"href":"https:\/\/aconteceunovale.com.br\/portal\/index.php?rest_route=%2Fwp%2Fv2%2Fcomments&post=167946"}],"version-history":[{"count":1,"href":"https:\/\/aconteceunovale.com.br\/portal\/index.php?rest_route=\/wp\/v2\/posts\/167946\/revisions"}],"predecessor-version":[{"id":167948,"href":"https:\/\/aconteceunovale.com.br\/portal\/index.php?rest_route=\/wp\/v2\/posts\/167946\/revisions\/167948"}],"wp:featuredmedia":[{"embeddable":true,"href":"https:\/\/aconteceunovale.com.br\/portal\/index.php?rest_route=\/wp\/v2\/media\/167947"}],"wp:attachment":[{"href":"https:\/\/aconteceunovale.com.br\/portal\/index.php?rest_route=%2Fwp%2Fv2%2Fmedia&parent=167946"}],"wp:term":[{"taxonomy":"category","embeddable":true,"href":"https:\/\/aconteceunovale.com.br\/portal\/index.php?rest_route=%2Fwp%2Fv2%2Fcategories&post=167946"},{"taxonomy":"post_tag","embeddable":true,"href":"https:\/\/aconteceunovale.com.br\/portal\/index.php?rest_route=%2Fwp%2Fv2%2Ftags&post=167946"}],"curies":[{"name":"wp","href":"https:\/\/api.w.org\/{rel}","templated":true}]}}