{"id":167931,"date":"2020-08-28T23:50:32","date_gmt":"2020-08-29T02:50:32","guid":{"rendered":"https:\/\/aconteceunovale.com.br\/portal\/?p=167931"},"modified":"2026-09-02T12:42:22","modified_gmt":"2026-09-02T15:42:22","slug":"cinco-pessoas-sao-presas-durante-operacao-policial-em-coronel-murta","status":"publish","type":"post","link":"https:\/\/aconteceunovale.com.br\/portal\/?p=167931","title":{"rendered":"Cinco pessoas s\u00e3o presas durante opera\u00e7\u00e3o policial em Coronel Murta"},"content":{"rendered":"\n<p class=\"wp-block-paragraph\">A Pol\u00edcia Civil de Minas Gerais (PCMG) desencadeou a opera\u00e7\u00e3o Spartacus, nesta sexta-feira (28\/8\/2020), na cidade de Coronel Murta, na regi\u00e3o do Jequitinhonha. Como resultado da a\u00e7\u00e3o, cinco suspeitos de integrarem uma organiza\u00e7\u00e3o criminosa respons\u00e1vel por homic\u00eddios na cidade, bem como envolvimento com o tr\u00e1fico de drogas, foram presos.<\/p>\n\n\n\n<p class=\"wp-block-paragraph\">Durante a a\u00e7\u00e3o foram apreendidos um autom\u00f3vel e uma motocicleta. Os presos t\u00eam idade entre 22 e 26 anos.<\/p>\n\n\n\n<p class=\"wp-block-paragraph\">O delegado respons\u00e1vel pela opera\u00e7\u00e3o, Geovane Klipel, explica que o objetivo da a\u00e7\u00e3o policial \u00e9 coibir e reduzir os \u00edndices criminais. \u201cA Pol\u00edcia Civil tomou conhecimento de alguns eventos ocorridos desde o ano passado que vem provocando medo nos moradores e, diante destes fatos, n\u00e3o podemos fechar os olhos\u201d, pontuou. \u201cDemos hoje uma resposta para comunidade, esta \u00e9 a primeira de v\u00e1rias opera\u00e7\u00f5es, vamos trabalhar forte na cidade, com o objetivo principal de combater homic\u00eddios, desaparecimentos de pessoas e tr\u00e1fico de drogas\u201d, ressaltou.<\/p>\n\n\n\n<p class=\"wp-block-paragraph\">A autoridade policial solicita que a popula\u00e7\u00e3o continue contribuindo com a PCMG, por meio de den\u00fancias an\u00f4nimas. \u201cQualquer informa\u00e7\u00e3o sobre tr\u00e1fico, homic\u00eddio e outros crimes podem ser denunciadas pelo 181\u201d, finalizou.<\/p>\n\n\n\n<p class=\"wp-block-paragraph\">Os presos foram encaminhados ao Sistema Prisional e as investiga\u00e7\u00f5es continuam.<\/p>\n\n\n\n<p class=\"wp-block-paragraph\">O nome da opera\u00e7\u00e3o faz refer\u00eancia a um g\u00eanio militar e guerreiro que abalou um imp\u00e9rio, da mesma forma que a Pol\u00edcia Civil pretende abalar a estrutura do crime organizado em Coronel Murta.<\/p>\n\n\n\n<figure class=\"wp-block-gallery columns-1 is-cropped wp-block-gallery-1 is-layout-flex wp-block-gallery-is-layout-flex\"><ul class=\"blocks-gallery-grid\"><li class=\"blocks-gallery-item\"><figure><img loading=\"lazy\" decoding=\"async\" width=\"670\" height=\"450\" src=\"https:\/\/aconteceunovale.com.br\/portal\/wp-content\/uploads\/2020\/08\/operacao_coronel_murta.jpg\" alt=\"\" data-id=\"167932\" data-full-url=\"https:\/\/aconteceunovale.com.br\/portal\/wp-content\/uploads\/2020\/08\/operacao_coronel_murta.jpg\" data-link=\"https:\/\/aconteceunovale.com.br\/portal\/?attachment_id=167932\" class=\"wp-image-167932\" srcset=\"https:\/\/aconteceunovale.com.br\/portal\/wp-content\/uploads\/2020\/08\/operacao_coronel_murta.jpg 670w, https:\/\/aconteceunovale.com.br\/portal\/wp-content\/uploads\/2020\/08\/operacao_coronel_murta-300x201.jpg 300w, https:\/\/aconteceunovale.com.br\/portal\/wp-content\/uploads\/2020\/08\/operacao_coronel_murta-625x420.jpg 625w\" sizes=\"auto, (max-width: 670px) 100vw, 670px\" \/><figcaption class=\"blocks-gallery-item__caption\"><em>Foto: Divulga\u00e7\u00e3o\/PCMG<\/em><\/figcaption><\/figure><\/li><\/ul><\/figure>\n\n\n\n<h2 class=\"wp-block-heading\"><strong>Delegado fala sobre a opera\u00e7\u00e3o:<\/strong><\/h2>\n\n\n\n<figure class=\"wp-block-embed-youtube wp-block-embed is-type-rich is-provider-incorporar-manipulador wp-embed-aspect-16-9 wp-has-aspect-ratio\"><div class=\"wp-block-embed__wrapper\">\n<iframe loading=\"lazy\" title=\"Pol\u00edcia Civil realiza opera\u00e7\u00e3o &quot;Spartacus&quot; em Coronel Murta\" width=\"696\" height=\"392\" src=\"https:\/\/www.youtube.com\/embed\/h4SSpFltgkg?feature=oembed\" frameborder=\"0\" allow=\"accelerometer; autoplay; encrypted-media; gyroscope; picture-in-picture\" allowfullscreen><\/iframe>\n<\/div><\/figure>\n\n\n\n<p class=\"has-white-color has-black-background-color has-text-color has-background wp-block-paragraph\">Quer saber as not\u00edcias do <strong>Aconteceu no Vale<\/strong> em primeira m\u00e3o? Siga-nos no Facebook <a rel=\"noreferrer noopener\" href=\"http:\/\/facebook.com\/aconteceunovale\" target=\"_blank\">@aconteceunovale<\/a>, Twitter <a rel=\"noreferrer noopener\" href=\"https:\/\/twitter.com\/noticiadosvales\" target=\"_blank\">@noticiadosvales<\/a> e Instagram <a rel=\"noreferrer noopener\" href=\"https:\/\/www.instagram.com\/aconteceunovale\" target=\"_blank\">@aconteceunovale<\/a>.<\/p>\n","protected":false},"excerpt":{"rendered":"<p>A Pol\u00edcia Civil de Minas Gerais (PCMG) desencadeou a opera\u00e7\u00e3o Spartacus, nesta sexta-feira (28\/8\/2020), na cidade de Coronel Murta, na regi\u00e3o do Jequitinhonha. Como resultado da a\u00e7\u00e3o, cinco suspeitos de integrarem uma organiza\u00e7\u00e3o criminosa respons\u00e1vel por homic\u00eddios na cidade, bem como envolvimento com o tr\u00e1fico de drogas, foram presos. Durante a a\u00e7\u00e3o foram apreendidos um [&hellip;]<\/p>\n","protected":false},"author":4,"featured_media":167932,"comment_status":"open","ping_status":"closed","sticky":false,"template":"","format":"standard","meta":{"amp_status":"","footnotes":""},"categories":[272540,120],"tags":[186,228446,483,228448,210731,1018,228449,228450,143204,604,44644,228447],"class_list":["post-167931","post","type-post","status-publish","format-standard","has-post-thumbnail","hentry","category-coronel-murta","category-jequi","tag-aracuai","tag-cinco-pessoas-sao-presas-durante-operacao-policial-em-coronel-murta","tag-coronel-murta","tag-criminosos-presos-em-coronel-murta","tag-delegado-geovane-klipel","tag-destaque","tag-operacao-da-pcmg-em-coronel-murta","tag-operacao-da-policia-civil-em-coronel-murta","tag-operacao-policial-em-coronel-murta","tag-pcmg","tag-policia-civil-de-minas-gerais","tag-presos-em-coronel-murta"],"yoast_head":"<!-- This site is optimized with the Yoast SEO plugin v28.3 - https:\/\/yoast.com\/product\/yoast-seo-wordpress\/ -->\n<title>Cinco pessoas s\u00e3o presas durante opera\u00e7\u00e3o policial em Coronel Murta - Aconteceu no Vale<\/title>\n<meta name=\"robots\" content=\"index, follow, max-snippet:-1, max-image-preview:large, max-video-preview:-1\" \/>\n<link rel=\"canonical\" href=\"https:\/\/aconteceunovale.com.br\/portal\/?p=167931\" \/>\n<meta property=\"og:locale\" content=\"pt_BR\" \/>\n<meta property=\"og:type\" content=\"article\" \/>\n<meta property=\"og:title\" content=\"Cinco pessoas s\u00e3o presas durante opera\u00e7\u00e3o policial em Coronel Murta - Aconteceu no Vale\" \/>\n<meta property=\"og:description\" content=\"A Pol\u00edcia Civil de Minas Gerais (PCMG) desencadeou a opera\u00e7\u00e3o Spartacus, nesta sexta-feira (28\/8\/2020), na cidade de Coronel Murta, na regi\u00e3o do Jequitinhonha. Como resultado da a\u00e7\u00e3o, cinco suspeitos de integrarem uma organiza\u00e7\u00e3o criminosa respons\u00e1vel por homic\u00eddios na cidade, bem como envolvimento com o tr\u00e1fico de drogas, foram presos. Durante a a\u00e7\u00e3o foram apreendidos um [&hellip;]\" \/>\n<meta property=\"og:url\" content=\"https:\/\/aconteceunovale.com.br\/portal\/?p=167931\" \/>\n<meta property=\"og:site_name\" content=\"Aconteceu no Vale\" \/>\n<meta property=\"article:publisher\" content=\"https:\/\/www.facebook.com\/aconteceunovale\/\" \/>\n<meta property=\"article:published_time\" content=\"2020-08-29T02:50:32+00:00\" \/>\n<meta property=\"article:modified_time\" content=\"2026-09-02T15:42:22+00:00\" \/>\n<meta property=\"og:image\" content=\"https:\/\/aconteceunovale.com.br\/portal\/wp-content\/uploads\/2020\/08\/operacao_coronel_murta.jpg\" \/>\n\t<meta property=\"og:image:width\" content=\"670\" \/>\n\t<meta property=\"og:image:height\" content=\"450\" \/>\n\t<meta property=\"og:image:type\" content=\"image\/jpeg\" \/>\n<meta name=\"author\" content=\"Reda\u00e7\u00e3o Aconteceu no Vale\" \/>\n<meta name=\"twitter:card\" content=\"summary_large_image\" \/>\n<meta name=\"twitter:creator\" content=\"@noticiadosvales\" \/>\n<meta name=\"twitter:site\" content=\"@noticiadosvales\" \/>\n<meta name=\"twitter:label1\" content=\"Escrito por\" \/>\n\t<meta name=\"twitter:data1\" content=\"Reda\u00e7\u00e3o Aconteceu no Vale\" \/>\n\t<meta name=\"twitter:label2\" content=\"Est. tempo de leitura\" \/>\n\t<meta name=\"twitter:data2\" content=\"1 minuto\" \/>\n<script type=\"application\/ld+json\" class=\"yoast-schema-graph\">{\"@context\":\"https:\\\/\\\/schema.org\",\"@graph\":[{\"@type\":\"Article\",\"@id\":\"https:\\\/\\\/aconteceunovale.com.br\\\/portal\\\/?p=167931#article\",\"isPartOf\":{\"@id\":\"https:\\\/\\\/aconteceunovale.com.br\\\/portal\\\/?p=167931\"},\"author\":{\"name\":\"Reda\u00e7\u00e3o Aconteceu no Vale\",\"@id\":\"https:\\\/\\\/aconteceunovale.com.br\\\/portal\\\/#\\\/schema\\\/person\\\/7d2f26d1483f8a63de73da1ee0754d35\"},\"headline\":\"Cinco pessoas s\u00e3o presas durante opera\u00e7\u00e3o policial em Coronel Murta\",\"datePublished\":\"2020-08-29T02:50:32+00:00\",\"dateModified\":\"2026-09-02T15:42:22+00:00\",\"mainEntityOfPage\":{\"@id\":\"https:\\\/\\\/aconteceunovale.com.br\\\/portal\\\/?p=167931\"},\"wordCount\":303,\"commentCount\":0,\"image\":{\"@id\":\"https:\\\/\\\/aconteceunovale.com.br\\\/portal\\\/?p=167931#primaryimage\"},\"thumbnailUrl\":\"https:\\\/\\\/aconteceunovale.com.br\\\/portal\\\/wp-content\\\/uploads\\\/2020\\\/08\\\/operacao_coronel_murta.jpg\",\"keywords\":[\"Ara\u00e7ua\u00ed\",\"Cinco pessoas s\u00e3o presas durante opera\u00e7\u00e3o policial em Coronel Murta\",\"Coronel Murta\",\"Criminosos presos em Coronel Murta\",\"Delegado Geovane Klipel\",\"destaque\",\"Opera\u00e7\u00e3o da PCMG em Coronel Murta\",\"Opera\u00e7\u00e3o da Pol\u00edcia Civil em Coronel Murta\",\"Opera\u00e7\u00e3o policial em Coronel Murta\",\"PCMG\",\"Pol\u00edcia Civil de Minas Gerais\",\"Presos em Coronel Murta\"],\"articleSection\":[\"Coronel Murta\",\"Vale do Jequitinhonha\"],\"inLanguage\":\"pt-BR\",\"potentialAction\":[{\"@type\":\"CommentAction\",\"name\":\"Comment\",\"target\":[\"https:\\\/\\\/aconteceunovale.com.br\\\/portal\\\/?p=167931#respond\"]}]},{\"@type\":\"WebPage\",\"@id\":\"https:\\\/\\\/aconteceunovale.com.br\\\/portal\\\/?p=167931\",\"url\":\"https:\\\/\\\/aconteceunovale.com.br\\\/portal\\\/?p=167931\",\"name\":\"Cinco pessoas s\u00e3o presas durante opera\u00e7\u00e3o policial em Coronel Murta - Aconteceu no Vale\",\"isPartOf\":{\"@id\":\"https:\\\/\\\/aconteceunovale.com.br\\\/portal\\\/#website\"},\"primaryImageOfPage\":{\"@id\":\"https:\\\/\\\/aconteceunovale.com.br\\\/portal\\\/?p=167931#primaryimage\"},\"image\":{\"@id\":\"https:\\\/\\\/aconteceunovale.com.br\\\/portal\\\/?p=167931#primaryimage\"},\"thumbnailUrl\":\"https:\\\/\\\/aconteceunovale.com.br\\\/portal\\\/wp-content\\\/uploads\\\/2020\\\/08\\\/operacao_coronel_murta.jpg\",\"datePublished\":\"2020-08-29T02:50:32+00:00\",\"dateModified\":\"2026-09-02T15:42:22+00:00\",\"author\":{\"@id\":\"https:\\\/\\\/aconteceunovale.com.br\\\/portal\\\/#\\\/schema\\\/person\\\/7d2f26d1483f8a63de73da1ee0754d35\"},\"breadcrumb\":{\"@id\":\"https:\\\/\\\/aconteceunovale.com.br\\\/portal\\\/?p=167931#breadcrumb\"},\"inLanguage\":\"pt-BR\",\"potentialAction\":[{\"@type\":\"ReadAction\",\"target\":[\"https:\\\/\\\/aconteceunovale.com.br\\\/portal\\\/?p=167931\"]}]},{\"@type\":\"ImageObject\",\"inLanguage\":\"pt-BR\",\"@id\":\"https:\\\/\\\/aconteceunovale.com.br\\\/portal\\\/?p=167931#primaryimage\",\"url\":\"https:\\\/\\\/aconteceunovale.com.br\\\/portal\\\/wp-content\\\/uploads\\\/2020\\\/08\\\/operacao_coronel_murta.jpg\",\"contentUrl\":\"https:\\\/\\\/aconteceunovale.com.br\\\/portal\\\/wp-content\\\/uploads\\\/2020\\\/08\\\/operacao_coronel_murta.jpg\",\"width\":670,\"height\":450},{\"@type\":\"BreadcrumbList\",\"@id\":\"https:\\\/\\\/aconteceunovale.com.br\\\/portal\\\/?p=167931#breadcrumb\",\"itemListElement\":[{\"@type\":\"ListItem\",\"position\":1,\"name\":\"In\u00edcio\",\"item\":\"https:\\\/\\\/aconteceunovale.com.br\\\/portal\\\/\"},{\"@type\":\"ListItem\",\"position\":2,\"name\":\"Cinco pessoas s\u00e3o presas durante opera\u00e7\u00e3o policial em Coronel Murta\"}]},{\"@type\":\"WebSite\",\"@id\":\"https:\\\/\\\/aconteceunovale.com.br\\\/portal\\\/#website\",\"url\":\"https:\\\/\\\/aconteceunovale.com.br\\\/portal\\\/\",\"name\":\"Aconteceu no Vale\",\"description\":\"Portal de Not\u00edcias\",\"potentialAction\":[{\"@type\":\"SearchAction\",\"target\":{\"@type\":\"EntryPoint\",\"urlTemplate\":\"https:\\\/\\\/aconteceunovale.com.br\\\/portal\\\/?s={search_term_string}\"},\"query-input\":{\"@type\":\"PropertyValueSpecification\",\"valueRequired\":true,\"valueName\":\"search_term_string\"}}],\"inLanguage\":\"pt-BR\"},{\"@type\":\"Person\",\"@id\":\"https:\\\/\\\/aconteceunovale.com.br\\\/portal\\\/#\\\/schema\\\/person\\\/7d2f26d1483f8a63de73da1ee0754d35\",\"name\":\"Reda\u00e7\u00e3o Aconteceu no Vale\",\"description\":\"Equipe de reportagem do Aconteceu no Vale, portal de not\u00edcias do Vale do Jequitinhonha, em Minas Gerais. Cobrimos as 51 cidades do Vale desde 2013. Sugest\u00f5es de pauta e pedidos de corre\u00e7\u00e3o: contato@aconteceunovale.com.br\",\"url\":\"https:\\\/\\\/aconteceunovale.com.br\\\/portal\\\/?author=4\"}]}<\/script>\n<!-- \/ Yoast SEO plugin. -->","yoast_head_json":{"title":"Cinco pessoas s\u00e3o presas durante opera\u00e7\u00e3o policial em Coronel Murta - Aconteceu no Vale","robots":{"index":"index","follow":"follow","max-snippet":"max-snippet:-1","max-image-preview":"max-image-preview:large","max-video-preview":"max-video-preview:-1"},"canonical":"https:\/\/aconteceunovale.com.br\/portal\/?p=167931","og_locale":"pt_BR","og_type":"article","og_title":"Cinco pessoas s\u00e3o presas durante opera\u00e7\u00e3o policial em Coronel Murta - Aconteceu no Vale","og_description":"A Pol\u00edcia Civil de Minas Gerais (PCMG) desencadeou a opera\u00e7\u00e3o Spartacus, nesta sexta-feira (28\/8\/2020), na cidade de Coronel Murta, na regi\u00e3o do Jequitinhonha. Como resultado da a\u00e7\u00e3o, cinco suspeitos de integrarem uma organiza\u00e7\u00e3o criminosa respons\u00e1vel por homic\u00eddios na cidade, bem como envolvimento com o tr\u00e1fico de drogas, foram presos. Durante a a\u00e7\u00e3o foram apreendidos um [&hellip;]","og_url":"https:\/\/aconteceunovale.com.br\/portal\/?p=167931","og_site_name":"Aconteceu no Vale","article_publisher":"https:\/\/www.facebook.com\/aconteceunovale\/","article_published_time":"2020-08-29T02:50:32+00:00","article_modified_time":"2026-09-02T15:42:22+00:00","og_image":[{"width":670,"height":450,"url":"https:\/\/aconteceunovale.com.br\/portal\/wp-content\/uploads\/2020\/08\/operacao_coronel_murta.jpg","type":"image\/jpeg"}],"author":"Reda\u00e7\u00e3o Aconteceu no Vale","twitter_card":"summary_large_image","twitter_creator":"@noticiadosvales","twitter_site":"@noticiadosvales","twitter_misc":{"Escrito por":"Reda\u00e7\u00e3o Aconteceu no Vale","Est. tempo de leitura":"1 minuto"},"schema":{"@context":"https:\/\/schema.org","@graph":[{"@type":"Article","@id":"https:\/\/aconteceunovale.com.br\/portal\/?p=167931#article","isPartOf":{"@id":"https:\/\/aconteceunovale.com.br\/portal\/?p=167931"},"author":{"name":"Reda\u00e7\u00e3o Aconteceu no Vale","@id":"https:\/\/aconteceunovale.com.br\/portal\/#\/schema\/person\/7d2f26d1483f8a63de73da1ee0754d35"},"headline":"Cinco pessoas s\u00e3o presas durante opera\u00e7\u00e3o policial em Coronel Murta","datePublished":"2020-08-29T02:50:32+00:00","dateModified":"2026-09-02T15:42:22+00:00","mainEntityOfPage":{"@id":"https:\/\/aconteceunovale.com.br\/portal\/?p=167931"},"wordCount":303,"commentCount":0,"image":{"@id":"https:\/\/aconteceunovale.com.br\/portal\/?p=167931#primaryimage"},"thumbnailUrl":"https:\/\/aconteceunovale.com.br\/portal\/wp-content\/uploads\/2020\/08\/operacao_coronel_murta.jpg","keywords":["Ara\u00e7ua\u00ed","Cinco pessoas s\u00e3o presas durante opera\u00e7\u00e3o policial em Coronel Murta","Coronel Murta","Criminosos presos em Coronel Murta","Delegado Geovane Klipel","destaque","Opera\u00e7\u00e3o da PCMG em Coronel Murta","Opera\u00e7\u00e3o da Pol\u00edcia Civil em Coronel Murta","Opera\u00e7\u00e3o policial em Coronel Murta","PCMG","Pol\u00edcia Civil de Minas Gerais","Presos em Coronel Murta"],"articleSection":["Coronel Murta","Vale do Jequitinhonha"],"inLanguage":"pt-BR","potentialAction":[{"@type":"CommentAction","name":"Comment","target":["https:\/\/aconteceunovale.com.br\/portal\/?p=167931#respond"]}]},{"@type":"WebPage","@id":"https:\/\/aconteceunovale.com.br\/portal\/?p=167931","url":"https:\/\/aconteceunovale.com.br\/portal\/?p=167931","name":"Cinco pessoas s\u00e3o presas durante opera\u00e7\u00e3o policial em Coronel Murta - Aconteceu no Vale","isPartOf":{"@id":"https:\/\/aconteceunovale.com.br\/portal\/#website"},"primaryImageOfPage":{"@id":"https:\/\/aconteceunovale.com.br\/portal\/?p=167931#primaryimage"},"image":{"@id":"https:\/\/aconteceunovale.com.br\/portal\/?p=167931#primaryimage"},"thumbnailUrl":"https:\/\/aconteceunovale.com.br\/portal\/wp-content\/uploads\/2020\/08\/operacao_coronel_murta.jpg","datePublished":"2020-08-29T02:50:32+00:00","dateModified":"2026-09-02T15:42:22+00:00","author":{"@id":"https:\/\/aconteceunovale.com.br\/portal\/#\/schema\/person\/7d2f26d1483f8a63de73da1ee0754d35"},"breadcrumb":{"@id":"https:\/\/aconteceunovale.com.br\/portal\/?p=167931#breadcrumb"},"inLanguage":"pt-BR","potentialAction":[{"@type":"ReadAction","target":["https:\/\/aconteceunovale.com.br\/portal\/?p=167931"]}]},{"@type":"ImageObject","inLanguage":"pt-BR","@id":"https:\/\/aconteceunovale.com.br\/portal\/?p=167931#primaryimage","url":"https:\/\/aconteceunovale.com.br\/portal\/wp-content\/uploads\/2020\/08\/operacao_coronel_murta.jpg","contentUrl":"https:\/\/aconteceunovale.com.br\/portal\/wp-content\/uploads\/2020\/08\/operacao_coronel_murta.jpg","width":670,"height":450},{"@type":"BreadcrumbList","@id":"https:\/\/aconteceunovale.com.br\/portal\/?p=167931#breadcrumb","itemListElement":[{"@type":"ListItem","position":1,"name":"In\u00edcio","item":"https:\/\/aconteceunovale.com.br\/portal\/"},{"@type":"ListItem","position":2,"name":"Cinco pessoas s\u00e3o presas durante opera\u00e7\u00e3o policial em Coronel Murta"}]},{"@type":"WebSite","@id":"https:\/\/aconteceunovale.com.br\/portal\/#website","url":"https:\/\/aconteceunovale.com.br\/portal\/","name":"Aconteceu no Vale","description":"Portal de Not\u00edcias","potentialAction":[{"@type":"SearchAction","target":{"@type":"EntryPoint","urlTemplate":"https:\/\/aconteceunovale.com.br\/portal\/?s={search_term_string}"},"query-input":{"@type":"PropertyValueSpecification","valueRequired":true,"valueName":"search_term_string"}}],"inLanguage":"pt-BR"},{"@type":"Person","@id":"https:\/\/aconteceunovale.com.br\/portal\/#\/schema\/person\/7d2f26d1483f8a63de73da1ee0754d35","name":"Reda\u00e7\u00e3o Aconteceu no Vale","description":"Equipe de reportagem do Aconteceu no Vale, portal de not\u00edcias do Vale do Jequitinhonha, em Minas Gerais. Cobrimos as 51 cidades do Vale desde 2013. Sugest\u00f5es de pauta e pedidos de corre\u00e7\u00e3o: contato@aconteceunovale.com.br","url":"https:\/\/aconteceunovale.com.br\/portal\/?author=4"}]}},"_links":{"self":[{"href":"https:\/\/aconteceunovale.com.br\/portal\/index.php?rest_route=\/wp\/v2\/posts\/167931","targetHints":{"allow":["GET"]}}],"collection":[{"href":"https:\/\/aconteceunovale.com.br\/portal\/index.php?rest_route=\/wp\/v2\/posts"}],"about":[{"href":"https:\/\/aconteceunovale.com.br\/portal\/index.php?rest_route=\/wp\/v2\/types\/post"}],"author":[{"embeddable":true,"href":"https:\/\/aconteceunovale.com.br\/portal\/index.php?rest_route=\/wp\/v2\/users\/4"}],"replies":[{"embeddable":true,"href":"https:\/\/aconteceunovale.com.br\/portal\/index.php?rest_route=%2Fwp%2Fv2%2Fcomments&post=167931"}],"version-history":[{"count":1,"href":"https:\/\/aconteceunovale.com.br\/portal\/index.php?rest_route=\/wp\/v2\/posts\/167931\/revisions"}],"predecessor-version":[{"id":167934,"href":"https:\/\/aconteceunovale.com.br\/portal\/index.php?rest_route=\/wp\/v2\/posts\/167931\/revisions\/167934"}],"wp:featuredmedia":[{"embeddable":true,"href":"https:\/\/aconteceunovale.com.br\/portal\/index.php?rest_route=\/wp\/v2\/media\/167932"}],"wp:attachment":[{"href":"https:\/\/aconteceunovale.com.br\/portal\/index.php?rest_route=%2Fwp%2Fv2%2Fmedia&parent=167931"}],"wp:term":[{"taxonomy":"category","embeddable":true,"href":"https:\/\/aconteceunovale.com.br\/portal\/index.php?rest_route=%2Fwp%2Fv2%2Fcategories&post=167931"},{"taxonomy":"post_tag","embeddable":true,"href":"https:\/\/aconteceunovale.com.br\/portal\/index.php?rest_route=%2Fwp%2Fv2%2Ftags&post=167931"}],"curies":[{"name":"wp","href":"https:\/\/api.w.org\/{rel}","templated":true}]}}