{"id":167929,"date":"2020-08-28T23:40:27","date_gmt":"2020-08-29T02:40:27","guid":{"rendered":"https:\/\/aconteceunovale.com.br\/portal\/?p=167929"},"modified":"2026-09-02T13:03:55","modified_gmt":"2026-09-02T16:03:55","slug":"suspeito-de-tentativa-de-homicidio-e-preso-em-flagrante-em-itamarandiba","status":"publish","type":"post","link":"https:\/\/aconteceunovale.com.br\/portal\/?p=167929","title":{"rendered":"Suspeito de tentativa de homic\u00eddio \u00e9 preso em flagrante em Itamarandiba"},"content":{"rendered":"\n<p class=\"wp-block-paragraph\">Minutos ap\u00f3s uma tentativa de homic\u00eddio, a Pol\u00edcia Civil de Minas Gerais (PCMG) prendeu em flagrante, no munic\u00edpio de Itamarandiba, o suspeito do crime. O atentado foi cometido nessa quinta-feira (27\/8\/2020), em via p\u00fablica.<\/p>\n\n\n\n<p class=\"wp-block-paragraph\">Na ocasi\u00e3o, o investigado teria avistado um antigo desafeto caminhando pela rua Diamantina. Ele ent\u00e3o retornou com o ve\u00edculo e, em alta velocidade, lan\u00e7ou o carro na dire\u00e7\u00e3o da v\u00edtima, que estava acompanhada de duas pessoas.<\/p>\n\n\n\n<p class=\"wp-block-paragraph\">Os tr\u00eas conseguiram se esquivar da manobra e o suspeito fugiu do local em alta velocidade. Imediatamente, a equipe policial iniciou os levantamentos e conseguiu localizar o suspeito no local de trabalho dele. Na \u00e1rea externa da empresa, os policiais informaram ao homem que ele estava preso em flagrante pelo crime.<\/p>\n\n\n\n<p class=\"wp-block-paragraph\">O investigado possui ocorr\u00eancia anterior por inj\u00faria racial e amea\u00e7a contra a v\u00edtima. Nessa outra situa\u00e7\u00e3o, ele teria dito que, em determinado dia, teria ficado de tocaia, atr\u00e1s de uma ca\u00e7amba, pronto para disparar um tiro contra a v\u00edtima, quando esta chegava a seu local de trabalho. Tal informa\u00e7\u00e3o foi confirmada, posteriormente, durante depoimentos de testemunhas \u00e0 Pol\u00edcia Civil.<\/p>\n\n\n\n<p class=\"wp-block-paragraph\">A v\u00edtima tamb\u00e9m foi conduzida \u00e0 unidade policial por porte ilegal de arma branca.<\/p>\n\n\n\n<p class=\"has-white-color has-black-background-color has-text-color has-background wp-block-paragraph\">Quer saber as not\u00edcias do <strong>Aconteceu no Vale<\/strong> em primeira m\u00e3o? Siga-nos no Facebook <a rel=\"noreferrer noopener\" href=\"http:\/\/facebook.com\/aconteceunovale\" target=\"_blank\">@aconteceunovale<\/a>, Twitter <a rel=\"noreferrer noopener\" href=\"https:\/\/twitter.com\/noticiadosvales\" target=\"_blank\">@noticiadosvales<\/a> e Instagram <a rel=\"noreferrer noopener\" href=\"https:\/\/www.instagram.com\/aconteceunovale\" target=\"_blank\">@aconteceunovale<\/a>.<\/p>\n","protected":false},"excerpt":{"rendered":"<p>Minutos ap\u00f3s uma tentativa de homic\u00eddio, a Pol\u00edcia Civil de Minas Gerais (PCMG) prendeu em flagrante, no munic\u00edpio de Itamarandiba, o suspeito do crime. O atentado foi cometido nessa quinta-feira (27\/8\/2020), em via p\u00fablica. Na ocasi\u00e3o, o investigado teria avistado um antigo desafeto caminhando pela rua Diamantina. Ele ent\u00e3o retornou com o ve\u00edculo e, em [&hellip;]<\/p>\n","protected":false},"author":4,"featured_media":80079,"comment_status":"open","ping_status":"closed","sticky":false,"template":"","format":"standard","meta":{"amp_status":"","footnotes":""},"categories":[272549,120],"tags":[149,604,44644,76546,228444,228443,228442,228445],"class_list":["post-167929","post","type-post","status-publish","format-standard","has-post-thumbnail","hentry","category-itamarandiba","category-jequi","tag-itamarandiba","tag-pcmg","tag-policia-civil-de-minas-gerais","tag-preso-em-itamarandiba","tag-preso-por-tentativa-de-homicidio-em-itamarandiba","tag-suspeito-de-tentativa-de-homicidio-e-preso-em-flagrante-em-itamarandiba","tag-suspeito-de-tentativa-de-homicidio-em-itamarandiba-e-preso-em-flagrante","tag-tentativa-de-homicidio-em-itamarandiba"],"yoast_head":"<!-- This site is optimized with the Yoast SEO plugin v28.3 - https:\/\/yoast.com\/product\/yoast-seo-wordpress\/ -->\n<title>Suspeito de tentativa de homic\u00eddio \u00e9 preso em flagrante em Itamarandiba - Aconteceu no Vale<\/title>\n<meta name=\"robots\" content=\"index, follow, max-snippet:-1, max-image-preview:large, max-video-preview:-1\" \/>\n<link rel=\"canonical\" href=\"https:\/\/aconteceunovale.com.br\/portal\/?p=167929\" \/>\n<meta property=\"og:locale\" content=\"pt_BR\" \/>\n<meta property=\"og:type\" content=\"article\" \/>\n<meta property=\"og:title\" content=\"Suspeito de tentativa de homic\u00eddio \u00e9 preso em flagrante em Itamarandiba - Aconteceu no Vale\" \/>\n<meta property=\"og:description\" content=\"Minutos ap\u00f3s uma tentativa de homic\u00eddio, a Pol\u00edcia Civil de Minas Gerais (PCMG) prendeu em flagrante, no munic\u00edpio de Itamarandiba, o suspeito do crime. O atentado foi cometido nessa quinta-feira (27\/8\/2020), em via p\u00fablica. Na ocasi\u00e3o, o investigado teria avistado um antigo desafeto caminhando pela rua Diamantina. Ele ent\u00e3o retornou com o ve\u00edculo e, em [&hellip;]\" \/>\n<meta property=\"og:url\" content=\"https:\/\/aconteceunovale.com.br\/portal\/?p=167929\" \/>\n<meta property=\"og:site_name\" content=\"Aconteceu no Vale\" \/>\n<meta property=\"article:publisher\" content=\"https:\/\/www.facebook.com\/aconteceunovale\/\" \/>\n<meta property=\"article:published_time\" content=\"2020-08-29T02:40:27+00:00\" \/>\n<meta property=\"article:modified_time\" content=\"2026-09-02T16:03:55+00:00\" \/>\n<meta property=\"og:image\" content=\"https:\/\/aconteceunovale.com.br\/portal\/wp-content\/uploads\/2016\/02\/itamarandiba.jpg\" \/>\n\t<meta property=\"og:image:width\" content=\"600\" \/>\n\t<meta property=\"og:image:height\" content=\"400\" \/>\n\t<meta property=\"og:image:type\" content=\"image\/jpeg\" \/>\n<meta name=\"author\" content=\"Reda\u00e7\u00e3o Aconteceu no Vale\" \/>\n<meta name=\"twitter:card\" content=\"summary_large_image\" \/>\n<meta name=\"twitter:creator\" content=\"@noticiadosvales\" \/>\n<meta name=\"twitter:site\" content=\"@noticiadosvales\" \/>\n<meta name=\"twitter:label1\" content=\"Escrito por\" \/>\n\t<meta name=\"twitter:data1\" content=\"Reda\u00e7\u00e3o Aconteceu no Vale\" \/>\n\t<meta name=\"twitter:label2\" content=\"Est. tempo de leitura\" \/>\n\t<meta name=\"twitter:data2\" content=\"1 minuto\" \/>\n<script type=\"application\/ld+json\" class=\"yoast-schema-graph\">{\"@context\":\"https:\\\/\\\/schema.org\",\"@graph\":[{\"@type\":\"Article\",\"@id\":\"https:\\\/\\\/aconteceunovale.com.br\\\/portal\\\/?p=167929#article\",\"isPartOf\":{\"@id\":\"https:\\\/\\\/aconteceunovale.com.br\\\/portal\\\/?p=167929\"},\"author\":{\"name\":\"Reda\u00e7\u00e3o Aconteceu no Vale\",\"@id\":\"https:\\\/\\\/aconteceunovale.com.br\\\/portal\\\/#\\\/schema\\\/person\\\/7d2f26d1483f8a63de73da1ee0754d35\"},\"headline\":\"Suspeito de tentativa de homic\u00eddio \u00e9 preso em flagrante em Itamarandiba\",\"datePublished\":\"2020-08-29T02:40:27+00:00\",\"dateModified\":\"2026-09-02T16:03:55+00:00\",\"mainEntityOfPage\":{\"@id\":\"https:\\\/\\\/aconteceunovale.com.br\\\/portal\\\/?p=167929\"},\"wordCount\":248,\"commentCount\":0,\"image\":{\"@id\":\"https:\\\/\\\/aconteceunovale.com.br\\\/portal\\\/?p=167929#primaryimage\"},\"thumbnailUrl\":\"https:\\\/\\\/aconteceunovale.com.br\\\/portal\\\/wp-content\\\/uploads\\\/2016\\\/02\\\/itamarandiba.jpg\",\"keywords\":[\"Itamarandiba\",\"PCMG\",\"Pol\u00edcia Civil de Minas Gerais\",\"preso em Itamarandiba\",\"Preso por tentativa de homic\u00eddio em Itamarandiba\",\"Suspeito de tentativa de homic\u00eddio \u00e9 preso em flagrante em Itamarandiba\",\"Suspeito de tentativa de homic\u00eddio em Itamarandiba \u00e9 preso em flagrante\",\"Tentativa de homic\u00eddio em Itamarandiba\"],\"articleSection\":[\"Itamarandiba\",\"Vale do Jequitinhonha\"],\"inLanguage\":\"pt-BR\",\"potentialAction\":[{\"@type\":\"CommentAction\",\"name\":\"Comment\",\"target\":[\"https:\\\/\\\/aconteceunovale.com.br\\\/portal\\\/?p=167929#respond\"]}]},{\"@type\":\"WebPage\",\"@id\":\"https:\\\/\\\/aconteceunovale.com.br\\\/portal\\\/?p=167929\",\"url\":\"https:\\\/\\\/aconteceunovale.com.br\\\/portal\\\/?p=167929\",\"name\":\"Suspeito de tentativa de homic\u00eddio \u00e9 preso em flagrante em Itamarandiba - Aconteceu no Vale\",\"isPartOf\":{\"@id\":\"https:\\\/\\\/aconteceunovale.com.br\\\/portal\\\/#website\"},\"primaryImageOfPage\":{\"@id\":\"https:\\\/\\\/aconteceunovale.com.br\\\/portal\\\/?p=167929#primaryimage\"},\"image\":{\"@id\":\"https:\\\/\\\/aconteceunovale.com.br\\\/portal\\\/?p=167929#primaryimage\"},\"thumbnailUrl\":\"https:\\\/\\\/aconteceunovale.com.br\\\/portal\\\/wp-content\\\/uploads\\\/2016\\\/02\\\/itamarandiba.jpg\",\"datePublished\":\"2020-08-29T02:40:27+00:00\",\"dateModified\":\"2026-09-02T16:03:55+00:00\",\"author\":{\"@id\":\"https:\\\/\\\/aconteceunovale.com.br\\\/portal\\\/#\\\/schema\\\/person\\\/7d2f26d1483f8a63de73da1ee0754d35\"},\"breadcrumb\":{\"@id\":\"https:\\\/\\\/aconteceunovale.com.br\\\/portal\\\/?p=167929#breadcrumb\"},\"inLanguage\":\"pt-BR\",\"potentialAction\":[{\"@type\":\"ReadAction\",\"target\":[\"https:\\\/\\\/aconteceunovale.com.br\\\/portal\\\/?p=167929\"]}]},{\"@type\":\"ImageObject\",\"inLanguage\":\"pt-BR\",\"@id\":\"https:\\\/\\\/aconteceunovale.com.br\\\/portal\\\/?p=167929#primaryimage\",\"url\":\"https:\\\/\\\/aconteceunovale.com.br\\\/portal\\\/wp-content\\\/uploads\\\/2016\\\/02\\\/itamarandiba.jpg\",\"contentUrl\":\"https:\\\/\\\/aconteceunovale.com.br\\\/portal\\\/wp-content\\\/uploads\\\/2016\\\/02\\\/itamarandiba.jpg\",\"width\":600,\"height\":400},{\"@type\":\"BreadcrumbList\",\"@id\":\"https:\\\/\\\/aconteceunovale.com.br\\\/portal\\\/?p=167929#breadcrumb\",\"itemListElement\":[{\"@type\":\"ListItem\",\"position\":1,\"name\":\"In\u00edcio\",\"item\":\"https:\\\/\\\/aconteceunovale.com.br\\\/portal\\\/\"},{\"@type\":\"ListItem\",\"position\":2,\"name\":\"Suspeito de tentativa de homic\u00eddio \u00e9 preso em flagrante em Itamarandiba\"}]},{\"@type\":\"WebSite\",\"@id\":\"https:\\\/\\\/aconteceunovale.com.br\\\/portal\\\/#website\",\"url\":\"https:\\\/\\\/aconteceunovale.com.br\\\/portal\\\/\",\"name\":\"Aconteceu no Vale\",\"description\":\"Portal de Not\u00edcias\",\"potentialAction\":[{\"@type\":\"SearchAction\",\"target\":{\"@type\":\"EntryPoint\",\"urlTemplate\":\"https:\\\/\\\/aconteceunovale.com.br\\\/portal\\\/?s={search_term_string}\"},\"query-input\":{\"@type\":\"PropertyValueSpecification\",\"valueRequired\":true,\"valueName\":\"search_term_string\"}}],\"inLanguage\":\"pt-BR\"},{\"@type\":\"Person\",\"@id\":\"https:\\\/\\\/aconteceunovale.com.br\\\/portal\\\/#\\\/schema\\\/person\\\/7d2f26d1483f8a63de73da1ee0754d35\",\"name\":\"Reda\u00e7\u00e3o Aconteceu no Vale\",\"description\":\"Equipe de reportagem do Aconteceu no Vale, portal de not\u00edcias do Vale do Jequitinhonha, em Minas Gerais. Cobrimos as 51 cidades do Vale desde 2013. Sugest\u00f5es de pauta e pedidos de corre\u00e7\u00e3o: contato@aconteceunovale.com.br\",\"url\":\"https:\\\/\\\/aconteceunovale.com.br\\\/portal\\\/?author=4\"}]}<\/script>\n<!-- \/ Yoast SEO plugin. -->","yoast_head_json":{"title":"Suspeito de tentativa de homic\u00eddio \u00e9 preso em flagrante em Itamarandiba - Aconteceu no Vale","robots":{"index":"index","follow":"follow","max-snippet":"max-snippet:-1","max-image-preview":"max-image-preview:large","max-video-preview":"max-video-preview:-1"},"canonical":"https:\/\/aconteceunovale.com.br\/portal\/?p=167929","og_locale":"pt_BR","og_type":"article","og_title":"Suspeito de tentativa de homic\u00eddio \u00e9 preso em flagrante em Itamarandiba - Aconteceu no Vale","og_description":"Minutos ap\u00f3s uma tentativa de homic\u00eddio, a Pol\u00edcia Civil de Minas Gerais (PCMG) prendeu em flagrante, no munic\u00edpio de Itamarandiba, o suspeito do crime. O atentado foi cometido nessa quinta-feira (27\/8\/2020), em via p\u00fablica. Na ocasi\u00e3o, o investigado teria avistado um antigo desafeto caminhando pela rua Diamantina. Ele ent\u00e3o retornou com o ve\u00edculo e, em [&hellip;]","og_url":"https:\/\/aconteceunovale.com.br\/portal\/?p=167929","og_site_name":"Aconteceu no Vale","article_publisher":"https:\/\/www.facebook.com\/aconteceunovale\/","article_published_time":"2020-08-29T02:40:27+00:00","article_modified_time":"2026-09-02T16:03:55+00:00","og_image":[{"width":600,"height":400,"url":"https:\/\/aconteceunovale.com.br\/portal\/wp-content\/uploads\/2016\/02\/itamarandiba.jpg","type":"image\/jpeg"}],"author":"Reda\u00e7\u00e3o Aconteceu no Vale","twitter_card":"summary_large_image","twitter_creator":"@noticiadosvales","twitter_site":"@noticiadosvales","twitter_misc":{"Escrito por":"Reda\u00e7\u00e3o Aconteceu no Vale","Est. tempo de leitura":"1 minuto"},"schema":{"@context":"https:\/\/schema.org","@graph":[{"@type":"Article","@id":"https:\/\/aconteceunovale.com.br\/portal\/?p=167929#article","isPartOf":{"@id":"https:\/\/aconteceunovale.com.br\/portal\/?p=167929"},"author":{"name":"Reda\u00e7\u00e3o Aconteceu no Vale","@id":"https:\/\/aconteceunovale.com.br\/portal\/#\/schema\/person\/7d2f26d1483f8a63de73da1ee0754d35"},"headline":"Suspeito de tentativa de homic\u00eddio \u00e9 preso em flagrante em Itamarandiba","datePublished":"2020-08-29T02:40:27+00:00","dateModified":"2026-09-02T16:03:55+00:00","mainEntityOfPage":{"@id":"https:\/\/aconteceunovale.com.br\/portal\/?p=167929"},"wordCount":248,"commentCount":0,"image":{"@id":"https:\/\/aconteceunovale.com.br\/portal\/?p=167929#primaryimage"},"thumbnailUrl":"https:\/\/aconteceunovale.com.br\/portal\/wp-content\/uploads\/2016\/02\/itamarandiba.jpg","keywords":["Itamarandiba","PCMG","Pol\u00edcia Civil de Minas Gerais","preso em Itamarandiba","Preso por tentativa de homic\u00eddio em Itamarandiba","Suspeito de tentativa de homic\u00eddio \u00e9 preso em flagrante em Itamarandiba","Suspeito de tentativa de homic\u00eddio em Itamarandiba \u00e9 preso em flagrante","Tentativa de homic\u00eddio em Itamarandiba"],"articleSection":["Itamarandiba","Vale do Jequitinhonha"],"inLanguage":"pt-BR","potentialAction":[{"@type":"CommentAction","name":"Comment","target":["https:\/\/aconteceunovale.com.br\/portal\/?p=167929#respond"]}]},{"@type":"WebPage","@id":"https:\/\/aconteceunovale.com.br\/portal\/?p=167929","url":"https:\/\/aconteceunovale.com.br\/portal\/?p=167929","name":"Suspeito de tentativa de homic\u00eddio \u00e9 preso em flagrante em Itamarandiba - Aconteceu no Vale","isPartOf":{"@id":"https:\/\/aconteceunovale.com.br\/portal\/#website"},"primaryImageOfPage":{"@id":"https:\/\/aconteceunovale.com.br\/portal\/?p=167929#primaryimage"},"image":{"@id":"https:\/\/aconteceunovale.com.br\/portal\/?p=167929#primaryimage"},"thumbnailUrl":"https:\/\/aconteceunovale.com.br\/portal\/wp-content\/uploads\/2016\/02\/itamarandiba.jpg","datePublished":"2020-08-29T02:40:27+00:00","dateModified":"2026-09-02T16:03:55+00:00","author":{"@id":"https:\/\/aconteceunovale.com.br\/portal\/#\/schema\/person\/7d2f26d1483f8a63de73da1ee0754d35"},"breadcrumb":{"@id":"https:\/\/aconteceunovale.com.br\/portal\/?p=167929#breadcrumb"},"inLanguage":"pt-BR","potentialAction":[{"@type":"ReadAction","target":["https:\/\/aconteceunovale.com.br\/portal\/?p=167929"]}]},{"@type":"ImageObject","inLanguage":"pt-BR","@id":"https:\/\/aconteceunovale.com.br\/portal\/?p=167929#primaryimage","url":"https:\/\/aconteceunovale.com.br\/portal\/wp-content\/uploads\/2016\/02\/itamarandiba.jpg","contentUrl":"https:\/\/aconteceunovale.com.br\/portal\/wp-content\/uploads\/2016\/02\/itamarandiba.jpg","width":600,"height":400},{"@type":"BreadcrumbList","@id":"https:\/\/aconteceunovale.com.br\/portal\/?p=167929#breadcrumb","itemListElement":[{"@type":"ListItem","position":1,"name":"In\u00edcio","item":"https:\/\/aconteceunovale.com.br\/portal\/"},{"@type":"ListItem","position":2,"name":"Suspeito de tentativa de homic\u00eddio \u00e9 preso em flagrante em Itamarandiba"}]},{"@type":"WebSite","@id":"https:\/\/aconteceunovale.com.br\/portal\/#website","url":"https:\/\/aconteceunovale.com.br\/portal\/","name":"Aconteceu no Vale","description":"Portal de Not\u00edcias","potentialAction":[{"@type":"SearchAction","target":{"@type":"EntryPoint","urlTemplate":"https:\/\/aconteceunovale.com.br\/portal\/?s={search_term_string}"},"query-input":{"@type":"PropertyValueSpecification","valueRequired":true,"valueName":"search_term_string"}}],"inLanguage":"pt-BR"},{"@type":"Person","@id":"https:\/\/aconteceunovale.com.br\/portal\/#\/schema\/person\/7d2f26d1483f8a63de73da1ee0754d35","name":"Reda\u00e7\u00e3o Aconteceu no Vale","description":"Equipe de reportagem do Aconteceu no Vale, portal de not\u00edcias do Vale do Jequitinhonha, em Minas Gerais. Cobrimos as 51 cidades do Vale desde 2013. Sugest\u00f5es de pauta e pedidos de corre\u00e7\u00e3o: contato@aconteceunovale.com.br","url":"https:\/\/aconteceunovale.com.br\/portal\/?author=4"}]}},"_links":{"self":[{"href":"https:\/\/aconteceunovale.com.br\/portal\/index.php?rest_route=\/wp\/v2\/posts\/167929","targetHints":{"allow":["GET"]}}],"collection":[{"href":"https:\/\/aconteceunovale.com.br\/portal\/index.php?rest_route=\/wp\/v2\/posts"}],"about":[{"href":"https:\/\/aconteceunovale.com.br\/portal\/index.php?rest_route=\/wp\/v2\/types\/post"}],"author":[{"embeddable":true,"href":"https:\/\/aconteceunovale.com.br\/portal\/index.php?rest_route=\/wp\/v2\/users\/4"}],"replies":[{"embeddable":true,"href":"https:\/\/aconteceunovale.com.br\/portal\/index.php?rest_route=%2Fwp%2Fv2%2Fcomments&post=167929"}],"version-history":[{"count":1,"href":"https:\/\/aconteceunovale.com.br\/portal\/index.php?rest_route=\/wp\/v2\/posts\/167929\/revisions"}],"predecessor-version":[{"id":167930,"href":"https:\/\/aconteceunovale.com.br\/portal\/index.php?rest_route=\/wp\/v2\/posts\/167929\/revisions\/167930"}],"wp:featuredmedia":[{"embeddable":true,"href":"https:\/\/aconteceunovale.com.br\/portal\/index.php?rest_route=\/wp\/v2\/media\/80079"}],"wp:attachment":[{"href":"https:\/\/aconteceunovale.com.br\/portal\/index.php?rest_route=%2Fwp%2Fv2%2Fmedia&parent=167929"}],"wp:term":[{"taxonomy":"category","embeddable":true,"href":"https:\/\/aconteceunovale.com.br\/portal\/index.php?rest_route=%2Fwp%2Fv2%2Fcategories&post=167929"},{"taxonomy":"post_tag","embeddable":true,"href":"https:\/\/aconteceunovale.com.br\/portal\/index.php?rest_route=%2Fwp%2Fv2%2Ftags&post=167929"}],"curies":[{"name":"wp","href":"https:\/\/api.w.org\/{rel}","templated":true}]}}