{"id":167922,"date":"2020-08-28T15:37:04","date_gmt":"2020-08-28T18:37:04","guid":{"rendered":"https:\/\/aconteceunovale.com.br\/portal\/?p=167922"},"modified":"2020-08-28T15:40:24","modified_gmt":"2020-08-28T18:40:24","slug":"jair-bolsonaro-anuncia-que-nao-vai-atuar-nas-eleicoes-municipais","status":"publish","type":"post","link":"https:\/\/aconteceunovale.com.br\/portal\/?p=167922","title":{"rendered":"Jair Bolsonaro anuncia que n\u00e3o vai atuar nas elei\u00e7\u00f5es municipais"},"content":{"rendered":"\n<p class=\"wp-block-paragraph\">O presidente Jair Bolsonaro informou hoje (28\/8\/2020) que decidiu n\u00e3o atuar no primeiro turno nas elei\u00e7\u00f5es para prefeitos, que ser\u00e3o realizadas em novembro, em todo o Brasil. \u201cTenho muito trabalho na Presid\u00eancia e, tal atividade\u00a0tomaria todo meu tempo num momento de pandemia e retomada da nossa economia\u201d, escreveu em publica\u00e7\u00e3o nas redes sociais.<img decoding=\"async\" src=\"https:\/\/agenciabrasil.ebc.com.br\/ebc.png?id=1315078&amp;o=node\"><img decoding=\"async\" src=\"https:\/\/agenciabrasil.ebc.com.br\/ebc.gif?id=1315078&amp;o=node\"><\/p>\n\n\n\n<p class=\"wp-block-paragraph\">De acordo com Bolsonaro, entretanto, ele continua trabalhando para a homologa\u00e7\u00e3o do partido\u00a0Alian\u00e7a pelo Brasil, criado em novembro do ano passado, ap\u00f3s o presidente deixar o PSL, partido pelo qual se elegeu. Para a legenda ser homologada \u00e9 necess\u00e1ria\u00a0a coleta de cerca de 500 mil assinaturas em pelo menos nove estados. As rubricas precisam ser validadas, uma a uma, pelo Tribunal Superior Eleitoral (TSE).<\/p>\n\n\n\n<p class=\"wp-block-paragraph\">\u201cEm comum acordo tenho conversado com tr\u00eas outros partidos para o caso de n\u00e3o se concretizar a tempo o Alian\u00e7a. Nessa segunda hip\u00f3tese, de ambos os lados, se imp\u00f5e condi\u00e7\u00f5es para essa filia\u00e7\u00e3o. Isso tamb\u00e9m decidi que somente poderia acontecer em 2021\u201d, explicou sobre o seu plano para filia\u00e7\u00e3o, caso o Alian\u00e7a pelo Brasil n\u00e3o possa ser oficializado.<\/p>\n\n\n\n<p class=\"wp-block-paragraph\">O presidente desejou boa sorte a todos os candidatos. \u201cE, principalmente, aos eleitores nessas escolhas\u201d, escreveu.<\/p>\n\n\n\n<p class=\"wp-block-paragraph\">As\u00a0elei\u00e7\u00f5es municipais\u00a0deste ano est\u00e3o marcadas, em primeiro turno, para 15 de novembro e, em segundo turno, para 29 de novembro. Originalmente realizado em outubro, este ano o pleito foi adiado em raz\u00e3o da pandemia da covid-19.<\/p>\n\n\n\n<p class=\"has-pale-cyan-blue-background-color has-background wp-block-paragraph\">Quer saber as not\u00edcias do <strong>Aconteceu no Vale<\/strong> em primeira m\u00e3o? Siga-nos no Facebook <a rel=\"noreferrer noopener\" href=\"http:\/\/facebook.com\/aconteceunovale\" target=\"_blank\">@aconteceunovale<\/a>, Twitter <a rel=\"noreferrer noopener\" href=\"https:\/\/twitter.com\/noticiadosvales\" target=\"_blank\">@noticiadosvales<\/a> e Instagram <a rel=\"noreferrer noopener\" href=\"https:\/\/www.instagram.com\/aconteceunovale\" target=\"_blank\">@aconteceunovale<\/a>.<\/p>\n","protected":false},"excerpt":{"rendered":"<p>O presidente Jair Bolsonaro informou hoje (28\/8\/2020) que decidiu n\u00e3o atuar no primeiro turno nas elei\u00e7\u00f5es para prefeitos, que ser\u00e3o realizadas em novembro, em todo o Brasil. \u201cTenho muito trabalho na Presid\u00eancia e, tal atividade\u00a0tomaria todo meu tempo num momento de pandemia e retomada da nossa economia\u201d, escreveu em publica\u00e7\u00e3o nas redes sociais. De acordo [&hellip;]<\/p>\n","protected":false},"author":4,"featured_media":167923,"comment_status":"open","ping_status":"closed","sticky":false,"template":"","format":"standard","meta":{"amp_status":"","footnotes":""},"categories":[6,215642,40240],"tags":[100375,205329,228400,60086,213145,205330,228405,228403,228402,228404,26436,17165,228393,228392,228394,228397,228396,228395,179193,35138,228431,228432,228399,228398,13969,94060,267,228401],"class_list":["post-167922","post","type-post","status-publish","format-standard","has-post-thumbnail","hentry","category-br","category-eleicoes-2020","category-politica","tag-bolsonaro","tag-eleicoes-2020","tag-eleicoes-2020-tse-amplia-horario-de-votacao-em-uma-hora","tag-eleicoes-municipais","tag-eleicoes-municipais-2020","tag-eleicoes-municipais-de-2020","tag-horario-de-votacao-eleicoes-municipais-de-2020","tag-horario-eleicoes-2020","tag-horario-eleicoes-municipais-de-2020","tag-horario-votacao-eleicoes-2020","tag-jair-bolsonaro","tag-justica-eleitoral","tag-justica-eleitoral-proibe-candidatos-de-participar-de-lives-artisticas-para-promover-campanhas","tag-justica-eleitoral-proibe-participacao-de-candidatos-em-lives-para-promocao-de-campanhas","tag-live-de-campanhas","tag-livemicio","tag-lives-eleitorais","tag-lives-politicas","tag-luis-felipe-salomao","tag-luis-roberto-barroso","tag-participacao-de-bolsonaro-nas-eleicoes-2020","tag-participacao-de-bolsonaro-nas-eleicoes-municipais","tag-probicao-de-lives-eleitorais","tag-proibicao-de-livemicio","tag-psol","tag-tribunal-superior-eleitoral","tag-tse","tag-tse-amplia-horario-de-votacao-em-uma-hora"],"yoast_head":"<!-- This site is optimized with the Yoast SEO plugin v28.3 - https:\/\/yoast.com\/product\/yoast-seo-wordpress\/ -->\n<title>Jair Bolsonaro anuncia que n\u00e3o vai atuar nas elei\u00e7\u00f5es municipais - Aconteceu no Vale<\/title>\n<meta name=\"robots\" content=\"index, follow, max-snippet:-1, max-image-preview:large, max-video-preview:-1\" \/>\n<link rel=\"canonical\" href=\"https:\/\/aconteceunovale.com.br\/portal\/?p=167922\" \/>\n<meta property=\"og:locale\" content=\"pt_BR\" \/>\n<meta property=\"og:type\" content=\"article\" \/>\n<meta property=\"og:title\" content=\"Jair Bolsonaro anuncia que n\u00e3o vai atuar nas elei\u00e7\u00f5es municipais - Aconteceu no Vale\" \/>\n<meta property=\"og:description\" content=\"O presidente Jair Bolsonaro informou hoje (28\/8\/2020) que decidiu n\u00e3o atuar no primeiro turno nas elei\u00e7\u00f5es para prefeitos, que ser\u00e3o realizadas em novembro, em todo o Brasil. \u201cTenho muito trabalho na Presid\u00eancia e, tal atividade\u00a0tomaria todo meu tempo num momento de pandemia e retomada da nossa economia\u201d, escreveu em publica\u00e7\u00e3o nas redes sociais. De acordo [&hellip;]\" \/>\n<meta property=\"og:url\" content=\"https:\/\/aconteceunovale.com.br\/portal\/?p=167922\" \/>\n<meta property=\"og:site_name\" content=\"Aconteceu no Vale\" \/>\n<meta property=\"article:publisher\" content=\"https:\/\/www.facebook.com\/aconteceunovale\/\" \/>\n<meta property=\"article:published_time\" content=\"2020-08-28T18:37:04+00:00\" \/>\n<meta property=\"article:modified_time\" content=\"2020-08-28T18:40:24+00:00\" \/>\n<meta property=\"og:image\" content=\"https:\/\/aconteceunovale.com.br\/portal\/wp-content\/uploads\/2020\/08\/bolsonaro_eleicoes.jpg\" \/>\n\t<meta property=\"og:image:width\" content=\"678\" \/>\n\t<meta property=\"og:image:height\" content=\"406\" \/>\n\t<meta property=\"og:image:type\" content=\"image\/jpeg\" \/>\n<meta name=\"author\" content=\"Reda\u00e7\u00e3o Aconteceu no Vale\" \/>\n<meta name=\"twitter:card\" content=\"summary_large_image\" \/>\n<meta name=\"twitter:creator\" content=\"@noticiadosvales\" \/>\n<meta name=\"twitter:site\" content=\"@noticiadosvales\" \/>\n<meta name=\"twitter:label1\" content=\"Escrito por\" \/>\n\t<meta name=\"twitter:data1\" content=\"Reda\u00e7\u00e3o Aconteceu no Vale\" \/>\n\t<meta name=\"twitter:label2\" content=\"Est. tempo de leitura\" \/>\n\t<meta name=\"twitter:data2\" content=\"1 minuto\" \/>\n<script type=\"application\/ld+json\" class=\"yoast-schema-graph\">{\"@context\":\"https:\\\/\\\/schema.org\",\"@graph\":[{\"@type\":\"Article\",\"@id\":\"https:\\\/\\\/aconteceunovale.com.br\\\/portal\\\/?p=167922#article\",\"isPartOf\":{\"@id\":\"https:\\\/\\\/aconteceunovale.com.br\\\/portal\\\/?p=167922\"},\"author\":{\"name\":\"Reda\u00e7\u00e3o Aconteceu no Vale\",\"@id\":\"https:\\\/\\\/aconteceunovale.com.br\\\/portal\\\/#\\\/schema\\\/person\\\/7d2f26d1483f8a63de73da1ee0754d35\"},\"headline\":\"Jair Bolsonaro anuncia que n\u00e3o vai atuar nas elei\u00e7\u00f5es municipais\",\"datePublished\":\"2020-08-28T18:37:04+00:00\",\"dateModified\":\"2020-08-28T18:40:24+00:00\",\"mainEntityOfPage\":{\"@id\":\"https:\\\/\\\/aconteceunovale.com.br\\\/portal\\\/?p=167922\"},\"wordCount\":283,\"commentCount\":0,\"image\":{\"@id\":\"https:\\\/\\\/aconteceunovale.com.br\\\/portal\\\/?p=167922#primaryimage\"},\"thumbnailUrl\":\"https:\\\/\\\/aconteceunovale.com.br\\\/portal\\\/wp-content\\\/uploads\\\/2020\\\/08\\\/bolsonaro_eleicoes.jpg\",\"keywords\":[\"Bolsonaro\",\"Elei\u00e7\u00f5es 2020\",\"Elei\u00e7\u00f5es 2020: TSE amplia hor\u00e1rio de vota\u00e7\u00e3o em uma hora\",\"elei\u00e7\u00f5es municipais\",\"Elei\u00e7\u00f5es municipais 2020\",\"Elei\u00e7\u00f5es Municipais de 2020\",\"Hor\u00e1rio de vota\u00e7\u00e3o Elei\u00e7\u00f5es Municipais de 2020\",\"Hor\u00e1rio elei\u00e7\u00f5es 2020\",\"Hor\u00e1rio Elei\u00e7\u00f5es Municipais de 2020\",\"Hor\u00e1rio vota\u00e7\u00e3o elei\u00e7\u00f5es 2020\",\"Jair Bolsonaro\",\"Justi\u00e7a Eleitoral\",\"Justi\u00e7a Eleitoral pro\u00edbe candidatos de participar de lives art\u00edsticas para promover campanhas\",\"Justi\u00e7a Eleitoral pro\u00edbe participa\u00e7\u00e3o de candidatos em lives para promo\u00e7\u00e3o de campanhas\",\"Live de campanhas\",\"Livem\u00edcio\",\"Lives eleitorais\",\"Lives pol\u00edticas\",\"Lu\u00eds Felipe Salom\u00e3o\",\"Luis Roberto Barroso\",\"Participa\u00e7\u00e3o de Bolsonaro nas Elei\u00e7\u00f5es 2020\",\"Participa\u00e7\u00e3o de Bolsonaro nas Elei\u00e7\u00f5es Municipais\",\"Probi\u00e7\u00e3o de lives eleitorais\",\"Proibi\u00e7\u00e3o de livem\u00edcio\",\"PSOL\",\"Tribunal Superior Eleitoral\",\"TSE\",\"TSE amplia hor\u00e1rio de vota\u00e7\u00e3o em uma hora\"],\"articleSection\":[\"Brasil\",\"Elei\u00e7\u00f5es 2020\",\"Pol\u00edtica\"],\"inLanguage\":\"pt-BR\",\"potentialAction\":[{\"@type\":\"CommentAction\",\"name\":\"Comment\",\"target\":[\"https:\\\/\\\/aconteceunovale.com.br\\\/portal\\\/?p=167922#respond\"]}]},{\"@type\":\"WebPage\",\"@id\":\"https:\\\/\\\/aconteceunovale.com.br\\\/portal\\\/?p=167922\",\"url\":\"https:\\\/\\\/aconteceunovale.com.br\\\/portal\\\/?p=167922\",\"name\":\"Jair Bolsonaro anuncia que n\u00e3o vai atuar nas elei\u00e7\u00f5es municipais - Aconteceu no Vale\",\"isPartOf\":{\"@id\":\"https:\\\/\\\/aconteceunovale.com.br\\\/portal\\\/#website\"},\"primaryImageOfPage\":{\"@id\":\"https:\\\/\\\/aconteceunovale.com.br\\\/portal\\\/?p=167922#primaryimage\"},\"image\":{\"@id\":\"https:\\\/\\\/aconteceunovale.com.br\\\/portal\\\/?p=167922#primaryimage\"},\"thumbnailUrl\":\"https:\\\/\\\/aconteceunovale.com.br\\\/portal\\\/wp-content\\\/uploads\\\/2020\\\/08\\\/bolsonaro_eleicoes.jpg\",\"datePublished\":\"2020-08-28T18:37:04+00:00\",\"dateModified\":\"2020-08-28T18:40:24+00:00\",\"author\":{\"@id\":\"https:\\\/\\\/aconteceunovale.com.br\\\/portal\\\/#\\\/schema\\\/person\\\/7d2f26d1483f8a63de73da1ee0754d35\"},\"breadcrumb\":{\"@id\":\"https:\\\/\\\/aconteceunovale.com.br\\\/portal\\\/?p=167922#breadcrumb\"},\"inLanguage\":\"pt-BR\",\"potentialAction\":[{\"@type\":\"ReadAction\",\"target\":[\"https:\\\/\\\/aconteceunovale.com.br\\\/portal\\\/?p=167922\"]}]},{\"@type\":\"ImageObject\",\"inLanguage\":\"pt-BR\",\"@id\":\"https:\\\/\\\/aconteceunovale.com.br\\\/portal\\\/?p=167922#primaryimage\",\"url\":\"https:\\\/\\\/aconteceunovale.com.br\\\/portal\\\/wp-content\\\/uploads\\\/2020\\\/08\\\/bolsonaro_eleicoes.jpg\",\"contentUrl\":\"https:\\\/\\\/aconteceunovale.com.br\\\/portal\\\/wp-content\\\/uploads\\\/2020\\\/08\\\/bolsonaro_eleicoes.jpg\",\"width\":678,\"height\":406,\"caption\":\"(Bras\u00edlia - DF, 27\\\/08\\\/2020) Solenidade de Posse dos Ministros Humberto Eusta\u0301quio Soares Martins e Jorge Mussi nos cargos de Presidente e de Vice-Presidente do Superior Tribunal de Justic\u0327a e do Conselho da Justic\u0327a Federal. Foto: Marcos Corr\u00eaa\\\/PR\"},{\"@type\":\"BreadcrumbList\",\"@id\":\"https:\\\/\\\/aconteceunovale.com.br\\\/portal\\\/?p=167922#breadcrumb\",\"itemListElement\":[{\"@type\":\"ListItem\",\"position\":1,\"name\":\"In\u00edcio\",\"item\":\"https:\\\/\\\/aconteceunovale.com.br\\\/portal\\\/\"},{\"@type\":\"ListItem\",\"position\":2,\"name\":\"Jair Bolsonaro anuncia que n\u00e3o vai atuar nas elei\u00e7\u00f5es municipais\"}]},{\"@type\":\"WebSite\",\"@id\":\"https:\\\/\\\/aconteceunovale.com.br\\\/portal\\\/#website\",\"url\":\"https:\\\/\\\/aconteceunovale.com.br\\\/portal\\\/\",\"name\":\"Aconteceu no Vale\",\"description\":\"Portal de Not\u00edcias\",\"potentialAction\":[{\"@type\":\"SearchAction\",\"target\":{\"@type\":\"EntryPoint\",\"urlTemplate\":\"https:\\\/\\\/aconteceunovale.com.br\\\/portal\\\/?s={search_term_string}\"},\"query-input\":{\"@type\":\"PropertyValueSpecification\",\"valueRequired\":true,\"valueName\":\"search_term_string\"}}],\"inLanguage\":\"pt-BR\"},{\"@type\":\"Person\",\"@id\":\"https:\\\/\\\/aconteceunovale.com.br\\\/portal\\\/#\\\/schema\\\/person\\\/7d2f26d1483f8a63de73da1ee0754d35\",\"name\":\"Reda\u00e7\u00e3o Aconteceu no Vale\",\"description\":\"Equipe de reportagem do Aconteceu no Vale, portal de not\u00edcias do Vale do Jequitinhonha, em Minas Gerais. Cobrimos as 51 cidades do Vale desde 2013. Sugest\u00f5es de pauta e pedidos de corre\u00e7\u00e3o: contato@aconteceunovale.com.br\",\"url\":\"https:\\\/\\\/aconteceunovale.com.br\\\/portal\\\/?author=4\"}]}<\/script>\n<!-- \/ Yoast SEO plugin. -->","yoast_head_json":{"title":"Jair Bolsonaro anuncia que n\u00e3o vai atuar nas elei\u00e7\u00f5es municipais - Aconteceu no Vale","robots":{"index":"index","follow":"follow","max-snippet":"max-snippet:-1","max-image-preview":"max-image-preview:large","max-video-preview":"max-video-preview:-1"},"canonical":"https:\/\/aconteceunovale.com.br\/portal\/?p=167922","og_locale":"pt_BR","og_type":"article","og_title":"Jair Bolsonaro anuncia que n\u00e3o vai atuar nas elei\u00e7\u00f5es municipais - Aconteceu no Vale","og_description":"O presidente Jair Bolsonaro informou hoje (28\/8\/2020) que decidiu n\u00e3o atuar no primeiro turno nas elei\u00e7\u00f5es para prefeitos, que ser\u00e3o realizadas em novembro, em todo o Brasil. \u201cTenho muito trabalho na Presid\u00eancia e, tal atividade\u00a0tomaria todo meu tempo num momento de pandemia e retomada da nossa economia\u201d, escreveu em publica\u00e7\u00e3o nas redes sociais. De acordo [&hellip;]","og_url":"https:\/\/aconteceunovale.com.br\/portal\/?p=167922","og_site_name":"Aconteceu no Vale","article_publisher":"https:\/\/www.facebook.com\/aconteceunovale\/","article_published_time":"2020-08-28T18:37:04+00:00","article_modified_time":"2020-08-28T18:40:24+00:00","og_image":[{"width":678,"height":406,"url":"https:\/\/aconteceunovale.com.br\/portal\/wp-content\/uploads\/2020\/08\/bolsonaro_eleicoes.jpg","type":"image\/jpeg"}],"author":"Reda\u00e7\u00e3o Aconteceu no Vale","twitter_card":"summary_large_image","twitter_creator":"@noticiadosvales","twitter_site":"@noticiadosvales","twitter_misc":{"Escrito por":"Reda\u00e7\u00e3o Aconteceu no Vale","Est. tempo de leitura":"1 minuto"},"schema":{"@context":"https:\/\/schema.org","@graph":[{"@type":"Article","@id":"https:\/\/aconteceunovale.com.br\/portal\/?p=167922#article","isPartOf":{"@id":"https:\/\/aconteceunovale.com.br\/portal\/?p=167922"},"author":{"name":"Reda\u00e7\u00e3o Aconteceu no Vale","@id":"https:\/\/aconteceunovale.com.br\/portal\/#\/schema\/person\/7d2f26d1483f8a63de73da1ee0754d35"},"headline":"Jair Bolsonaro anuncia que n\u00e3o vai atuar nas elei\u00e7\u00f5es municipais","datePublished":"2020-08-28T18:37:04+00:00","dateModified":"2020-08-28T18:40:24+00:00","mainEntityOfPage":{"@id":"https:\/\/aconteceunovale.com.br\/portal\/?p=167922"},"wordCount":283,"commentCount":0,"image":{"@id":"https:\/\/aconteceunovale.com.br\/portal\/?p=167922#primaryimage"},"thumbnailUrl":"https:\/\/aconteceunovale.com.br\/portal\/wp-content\/uploads\/2020\/08\/bolsonaro_eleicoes.jpg","keywords":["Bolsonaro","Elei\u00e7\u00f5es 2020","Elei\u00e7\u00f5es 2020: TSE amplia hor\u00e1rio de vota\u00e7\u00e3o em uma hora","elei\u00e7\u00f5es municipais","Elei\u00e7\u00f5es municipais 2020","Elei\u00e7\u00f5es Municipais de 2020","Hor\u00e1rio de vota\u00e7\u00e3o Elei\u00e7\u00f5es Municipais de 2020","Hor\u00e1rio elei\u00e7\u00f5es 2020","Hor\u00e1rio Elei\u00e7\u00f5es Municipais de 2020","Hor\u00e1rio vota\u00e7\u00e3o elei\u00e7\u00f5es 2020","Jair Bolsonaro","Justi\u00e7a Eleitoral","Justi\u00e7a Eleitoral pro\u00edbe candidatos de participar de lives art\u00edsticas para promover campanhas","Justi\u00e7a Eleitoral pro\u00edbe participa\u00e7\u00e3o de candidatos em lives para promo\u00e7\u00e3o de campanhas","Live de campanhas","Livem\u00edcio","Lives eleitorais","Lives pol\u00edticas","Lu\u00eds Felipe Salom\u00e3o","Luis Roberto Barroso","Participa\u00e7\u00e3o de Bolsonaro nas Elei\u00e7\u00f5es 2020","Participa\u00e7\u00e3o de Bolsonaro nas Elei\u00e7\u00f5es Municipais","Probi\u00e7\u00e3o de lives eleitorais","Proibi\u00e7\u00e3o de livem\u00edcio","PSOL","Tribunal Superior Eleitoral","TSE","TSE amplia hor\u00e1rio de vota\u00e7\u00e3o em uma hora"],"articleSection":["Brasil","Elei\u00e7\u00f5es 2020","Pol\u00edtica"],"inLanguage":"pt-BR","potentialAction":[{"@type":"CommentAction","name":"Comment","target":["https:\/\/aconteceunovale.com.br\/portal\/?p=167922#respond"]}]},{"@type":"WebPage","@id":"https:\/\/aconteceunovale.com.br\/portal\/?p=167922","url":"https:\/\/aconteceunovale.com.br\/portal\/?p=167922","name":"Jair Bolsonaro anuncia que n\u00e3o vai atuar nas elei\u00e7\u00f5es municipais - Aconteceu no Vale","isPartOf":{"@id":"https:\/\/aconteceunovale.com.br\/portal\/#website"},"primaryImageOfPage":{"@id":"https:\/\/aconteceunovale.com.br\/portal\/?p=167922#primaryimage"},"image":{"@id":"https:\/\/aconteceunovale.com.br\/portal\/?p=167922#primaryimage"},"thumbnailUrl":"https:\/\/aconteceunovale.com.br\/portal\/wp-content\/uploads\/2020\/08\/bolsonaro_eleicoes.jpg","datePublished":"2020-08-28T18:37:04+00:00","dateModified":"2020-08-28T18:40:24+00:00","author":{"@id":"https:\/\/aconteceunovale.com.br\/portal\/#\/schema\/person\/7d2f26d1483f8a63de73da1ee0754d35"},"breadcrumb":{"@id":"https:\/\/aconteceunovale.com.br\/portal\/?p=167922#breadcrumb"},"inLanguage":"pt-BR","potentialAction":[{"@type":"ReadAction","target":["https:\/\/aconteceunovale.com.br\/portal\/?p=167922"]}]},{"@type":"ImageObject","inLanguage":"pt-BR","@id":"https:\/\/aconteceunovale.com.br\/portal\/?p=167922#primaryimage","url":"https:\/\/aconteceunovale.com.br\/portal\/wp-content\/uploads\/2020\/08\/bolsonaro_eleicoes.jpg","contentUrl":"https:\/\/aconteceunovale.com.br\/portal\/wp-content\/uploads\/2020\/08\/bolsonaro_eleicoes.jpg","width":678,"height":406,"caption":"(Bras\u00edlia - DF, 27\/08\/2020) Solenidade de Posse dos Ministros Humberto Eusta\u0301quio Soares Martins e Jorge Mussi nos cargos de Presidente e de Vice-Presidente do Superior Tribunal de Justic\u0327a e do Conselho da Justic\u0327a Federal. Foto: Marcos Corr\u00eaa\/PR"},{"@type":"BreadcrumbList","@id":"https:\/\/aconteceunovale.com.br\/portal\/?p=167922#breadcrumb","itemListElement":[{"@type":"ListItem","position":1,"name":"In\u00edcio","item":"https:\/\/aconteceunovale.com.br\/portal\/"},{"@type":"ListItem","position":2,"name":"Jair Bolsonaro anuncia que n\u00e3o vai atuar nas elei\u00e7\u00f5es municipais"}]},{"@type":"WebSite","@id":"https:\/\/aconteceunovale.com.br\/portal\/#website","url":"https:\/\/aconteceunovale.com.br\/portal\/","name":"Aconteceu no Vale","description":"Portal de Not\u00edcias","potentialAction":[{"@type":"SearchAction","target":{"@type":"EntryPoint","urlTemplate":"https:\/\/aconteceunovale.com.br\/portal\/?s={search_term_string}"},"query-input":{"@type":"PropertyValueSpecification","valueRequired":true,"valueName":"search_term_string"}}],"inLanguage":"pt-BR"},{"@type":"Person","@id":"https:\/\/aconteceunovale.com.br\/portal\/#\/schema\/person\/7d2f26d1483f8a63de73da1ee0754d35","name":"Reda\u00e7\u00e3o Aconteceu no Vale","description":"Equipe de reportagem do Aconteceu no Vale, portal de not\u00edcias do Vale do Jequitinhonha, em Minas Gerais. Cobrimos as 51 cidades do Vale desde 2013. Sugest\u00f5es de pauta e pedidos de corre\u00e7\u00e3o: contato@aconteceunovale.com.br","url":"https:\/\/aconteceunovale.com.br\/portal\/?author=4"}]}},"_links":{"self":[{"href":"https:\/\/aconteceunovale.com.br\/portal\/index.php?rest_route=\/wp\/v2\/posts\/167922","targetHints":{"allow":["GET"]}}],"collection":[{"href":"https:\/\/aconteceunovale.com.br\/portal\/index.php?rest_route=\/wp\/v2\/posts"}],"about":[{"href":"https:\/\/aconteceunovale.com.br\/portal\/index.php?rest_route=\/wp\/v2\/types\/post"}],"author":[{"embeddable":true,"href":"https:\/\/aconteceunovale.com.br\/portal\/index.php?rest_route=\/wp\/v2\/users\/4"}],"replies":[{"embeddable":true,"href":"https:\/\/aconteceunovale.com.br\/portal\/index.php?rest_route=%2Fwp%2Fv2%2Fcomments&post=167922"}],"version-history":[{"count":1,"href":"https:\/\/aconteceunovale.com.br\/portal\/index.php?rest_route=\/wp\/v2\/posts\/167922\/revisions"}],"predecessor-version":[{"id":167924,"href":"https:\/\/aconteceunovale.com.br\/portal\/index.php?rest_route=\/wp\/v2\/posts\/167922\/revisions\/167924"}],"wp:featuredmedia":[{"embeddable":true,"href":"https:\/\/aconteceunovale.com.br\/portal\/index.php?rest_route=\/wp\/v2\/media\/167923"}],"wp:attachment":[{"href":"https:\/\/aconteceunovale.com.br\/portal\/index.php?rest_route=%2Fwp%2Fv2%2Fmedia&parent=167922"}],"wp:term":[{"taxonomy":"category","embeddable":true,"href":"https:\/\/aconteceunovale.com.br\/portal\/index.php?rest_route=%2Fwp%2Fv2%2Fcategories&post=167922"},{"taxonomy":"post_tag","embeddable":true,"href":"https:\/\/aconteceunovale.com.br\/portal\/index.php?rest_route=%2Fwp%2Fv2%2Ftags&post=167922"}],"curies":[{"name":"wp","href":"https:\/\/api.w.org\/{rel}","templated":true}]}}