{"id":167920,"date":"2020-08-28T15:27:00","date_gmt":"2020-08-28T18:27:00","guid":{"rendered":"https:\/\/aconteceunovale.com.br\/portal\/?p=167920"},"modified":"2020-08-28T15:27:29","modified_gmt":"2020-08-28T18:27:29","slug":"caixa-amplia-prazo-de-pausa-na-prestacao-de-creditos-para-180-dias","status":"publish","type":"post","link":"https:\/\/aconteceunovale.com.br\/portal\/?p=167920","title":{"rendered":"Caixa amplia prazo de pausa na presta\u00e7\u00e3o de cr\u00e9ditos para 180 dias"},"content":{"rendered":"\n<p class=\"wp-block-paragraph\">A Caixa ampliou a possibilidade de pausa nas presta\u00e7\u00f5es dos cr\u00e9ditos comerciais de pessoas f\u00edsicas e jur\u00eddicas para um per\u00edodo de at\u00e9 180 dias. A medida vale para contratos como os de Renegocia\u00e7\u00e3o, CDC, Microcr\u00e9dito, Construcard e Cr\u00e9dito Auto.<img decoding=\"async\" src=\"https:\/\/agenciabrasil.ebc.com.br\/ebc.png?id=1315092&amp;o=node\"><img decoding=\"async\" src=\"https:\/\/agenciabrasil.ebc.com.br\/ebc.gif?id=1315092&amp;o=node\"><\/p>\n\n\n\n<p class=\"wp-block-paragraph\">A amplia\u00e7\u00e3o do prazo de 90 para at\u00e9 180 dias \u00e9 uma das medidas de enfrentamento aos efeitos causados \u00e0 economia pela pandemia de&nbsp;covid-19.<\/p>\n\n\n\n<h2 class=\"wp-block-heading\">Regras<\/h2>\n\n\n\n<p class=\"wp-block-paragraph\">Os clientes que j\u00e1 tiveram a pausa de 90 dias conclu\u00edda ou em andamento podem solicitar a prorroga\u00e7\u00e3o do prazo por mais 90 dias. Quem ainda n\u00e3o optou por essa alternativa, pode solicitar a pausa de at\u00e9 180 dias.<\/p>\n\n\n\n<p class=\"wp-block-paragraph\">Com a pausa, os valores das demais presta\u00e7\u00f5es ser\u00e3o alterados e os juros do per\u00edodo pausado ser\u00e3o distribu\u00eddos pelas demais parcelas, aumentando o valor da presta\u00e7\u00e3o mensal. O prazo final de pagamento do contrato tamb\u00e9m \u00e9 postergado automaticamente, permanecendo a quantidade de parcelas a pagar, taxa de juros e demais condi\u00e7\u00f5es contratadas.<\/p>\n\n\n\n<p class=\"wp-block-paragraph\">No caso de empr\u00e9stimos com atraso, o per\u00edodo pausado considera as parcelas atrasadas e os encargos por atraso tamb\u00e9m s\u00e3o incorporados ao saldo devedor.<\/p>\n\n\n\n<h2 class=\"wp-block-heading\">Quem pode solicitar<\/h2>\n\n\n\n<p class=\"wp-block-paragraph\">A Caixa esclarece que n\u00e3o far\u00e1 a prorroga\u00e7\u00e3o do prazo de maneira autom\u00e1tica, sendo necess\u00e1ria a manifesta\u00e7\u00e3o do cliente. Clientes pessoas f\u00edsicas ou jur\u00eddicas com contratos de cr\u00e9dito parcelado em dia ou com at\u00e9 50 dias em atraso podem fazer a solicita\u00e7\u00e3o.<\/p>\n\n\n\n<p class=\"wp-block-paragraph\">Segundo a Caixa, n\u00e3o ser\u00e1 poss\u00edvel fazer a solicita\u00e7\u00e3o nas seguintes situa\u00e7\u00f5es: caso o tipo de empr\u00e9stimo n\u00e3o esteja entre as modalidades pass\u00edveis de pausa; o contrato j\u00e1 tenha atingido o limite m\u00e1ximo de parcelas pausadas; o contrato tenha tido car\u00eancia na contrata\u00e7\u00e3o, o per\u00edodo da pausa estar\u00e1 limitado at\u00e9 6 parcelas no total.<\/p>\n\n\n\n<h2 class=\"wp-block-heading\">Como solicitar<\/h2>\n\n\n\n<p class=\"wp-block-paragraph\">Pedido de Pausa de at\u00e9 3 parcelas &#8211; Solicite pelo Internet Banking Caixa ou pelo App Caixa, op\u00e7\u00e3o &#8220;cr\u00e9dito&#8221; &gt; &#8220;pausar contratos&#8221;.<\/p>\n\n\n\n<p class=\"wp-block-paragraph\">Pedido de Pausa de at\u00e9 6 parcelas &#8211; Ligue 0800 726 8068, op\u00e7\u00e3o 2 ou fale no WhatsApp pelo telefone 0800 726 0104, op\u00e7\u00e3o 4.<\/p>\n\n\n\n<p class=\"wp-block-paragraph\">Construcard e Cr\u00e9dito Auto \u2013 A solicita\u00e7\u00e3o deve ser feita exclusivamente por meio do WhatsApp 0800 726 0104.<\/p>\n\n\n\n<p class=\"wp-block-paragraph\">Os clientes da Ag\u00eancia Digital podem ligar para 3004 8104 (capitais e regi\u00f5es metropolitanas) e 0800 208 8104 (demais regi\u00f5es).<\/p>\n\n\n\n<p class=\"has-pale-cyan-blue-background-color has-background wp-block-paragraph\">Quer saber as not\u00edcias do <strong>Aconteceu no Vale<\/strong> em primeira m\u00e3o? Siga-nos no Facebook <a rel=\"noreferrer noopener\" href=\"http:\/\/facebook.com\/aconteceunovale\" target=\"_blank\">@aconteceunovale<\/a>, Twitter <a rel=\"noreferrer noopener\" href=\"https:\/\/twitter.com\/noticiadosvales\" target=\"_blank\">@noticiadosvales<\/a> e Instagram <a rel=\"noreferrer noopener\" href=\"https:\/\/www.instagram.com\/aconteceunovale\" target=\"_blank\">@aconteceunovale<\/a>.<\/p>\n","protected":false},"excerpt":{"rendered":"<p>A Caixa ampliou a possibilidade de pausa nas presta\u00e7\u00f5es dos cr\u00e9ditos comerciais de pessoas f\u00edsicas e jur\u00eddicas para um per\u00edodo de at\u00e9 180 dias. A medida vale para contratos como os de Renegocia\u00e7\u00e3o, CDC, Microcr\u00e9dito, Construcard e Cr\u00e9dito Auto. A amplia\u00e7\u00e3o do prazo de 90 para at\u00e9 180 dias \u00e9 uma das medidas de enfrentamento [&hellip;]<\/p>\n","protected":false},"author":4,"featured_media":162525,"comment_status":"open","ping_status":"closed","sticky":false,"template":"","format":"standard","meta":{"amp_status":"","footnotes":""},"categories":[6],"tags":[23072,228426,28214,143821,140259,228429,228430,228428,228427,100059],"class_list":["post-167920","post","type-post","status-publish","format-standard","has-post-thumbnail","hentry","category-br","tag-caixa","tag-caixa-amplia-prazo-de-pausa-na-prestacao-de-creditos-para-180-dias","tag-caixa-economica-federal","tag-cdc","tag-cef","tag-construcard","tag-credito-auto","tag-microcredito","tag-pausa-na-prestacao-de-creditos","tag-renegociacao"],"yoast_head":"<!-- This site is optimized with the Yoast SEO plugin v28.3 - https:\/\/yoast.com\/product\/yoast-seo-wordpress\/ -->\n<title>Caixa amplia prazo de pausa na presta\u00e7\u00e3o de cr\u00e9ditos para 180 dias - Aconteceu no Vale<\/title>\n<meta name=\"robots\" content=\"index, follow, max-snippet:-1, max-image-preview:large, max-video-preview:-1\" \/>\n<link rel=\"canonical\" href=\"https:\/\/aconteceunovale.com.br\/portal\/?p=167920\" \/>\n<meta property=\"og:locale\" content=\"pt_BR\" \/>\n<meta property=\"og:type\" content=\"article\" \/>\n<meta property=\"og:title\" content=\"Caixa amplia prazo de pausa na presta\u00e7\u00e3o de cr\u00e9ditos para 180 dias - Aconteceu no Vale\" \/>\n<meta property=\"og:description\" content=\"A Caixa ampliou a possibilidade de pausa nas presta\u00e7\u00f5es dos cr\u00e9ditos comerciais de pessoas f\u00edsicas e jur\u00eddicas para um per\u00edodo de at\u00e9 180 dias. A medida vale para contratos como os de Renegocia\u00e7\u00e3o, CDC, Microcr\u00e9dito, Construcard e Cr\u00e9dito Auto. A amplia\u00e7\u00e3o do prazo de 90 para at\u00e9 180 dias \u00e9 uma das medidas de enfrentamento [&hellip;]\" \/>\n<meta property=\"og:url\" content=\"https:\/\/aconteceunovale.com.br\/portal\/?p=167920\" \/>\n<meta property=\"og:site_name\" content=\"Aconteceu no Vale\" \/>\n<meta property=\"article:publisher\" content=\"https:\/\/www.facebook.com\/aconteceunovale\/\" \/>\n<meta property=\"article:published_time\" content=\"2020-08-28T18:27:00+00:00\" \/>\n<meta property=\"article:modified_time\" content=\"2020-08-28T18:27:29+00:00\" \/>\n<meta property=\"og:image\" content=\"https:\/\/aconteceunovale.com.br\/portal\/wp-content\/uploads\/2020\/05\/caixa_agencia-1.jpg\" \/>\n\t<meta property=\"og:image:width\" content=\"678\" \/>\n\t<meta property=\"og:image:height\" content=\"406\" \/>\n\t<meta property=\"og:image:type\" content=\"image\/jpeg\" \/>\n<meta name=\"author\" content=\"Reda\u00e7\u00e3o Aconteceu no Vale\" \/>\n<meta name=\"twitter:card\" content=\"summary_large_image\" \/>\n<meta name=\"twitter:creator\" content=\"@noticiadosvales\" \/>\n<meta name=\"twitter:site\" content=\"@noticiadosvales\" \/>\n<meta name=\"twitter:label1\" content=\"Escrito por\" \/>\n\t<meta name=\"twitter:data1\" content=\"Reda\u00e7\u00e3o Aconteceu no Vale\" \/>\n\t<meta name=\"twitter:label2\" content=\"Est. tempo de leitura\" \/>\n\t<meta name=\"twitter:data2\" content=\"2 minutos\" \/>\n<script type=\"application\/ld+json\" class=\"yoast-schema-graph\">{\"@context\":\"https:\\\/\\\/schema.org\",\"@graph\":[{\"@type\":\"Article\",\"@id\":\"https:\\\/\\\/aconteceunovale.com.br\\\/portal\\\/?p=167920#article\",\"isPartOf\":{\"@id\":\"https:\\\/\\\/aconteceunovale.com.br\\\/portal\\\/?p=167920\"},\"author\":{\"name\":\"Reda\u00e7\u00e3o Aconteceu no Vale\",\"@id\":\"https:\\\/\\\/aconteceunovale.com.br\\\/portal\\\/#\\\/schema\\\/person\\\/7d2f26d1483f8a63de73da1ee0754d35\"},\"headline\":\"Caixa amplia prazo de pausa na presta\u00e7\u00e3o de cr\u00e9ditos para 180 dias\",\"datePublished\":\"2020-08-28T18:27:00+00:00\",\"dateModified\":\"2020-08-28T18:27:29+00:00\",\"mainEntityOfPage\":{\"@id\":\"https:\\\/\\\/aconteceunovale.com.br\\\/portal\\\/?p=167920\"},\"wordCount\":425,\"commentCount\":0,\"image\":{\"@id\":\"https:\\\/\\\/aconteceunovale.com.br\\\/portal\\\/?p=167920#primaryimage\"},\"thumbnailUrl\":\"https:\\\/\\\/aconteceunovale.com.br\\\/portal\\\/wp-content\\\/uploads\\\/2020\\\/05\\\/caixa_agencia-1.jpg\",\"keywords\":[\"Caixa\",\"Caixa amplia prazo de pausa na presta\u00e7\u00e3o de cr\u00e9ditos para 180 dias\",\"Caixa Econ\u00f4mica Federal\",\"CDC\",\"CEF\",\"Construcard\",\"Cr\u00e9dito Auto\",\"Microcr\u00e9dito\",\"Pausa na presta\u00e7\u00e3o de cr\u00e9ditos\",\"renegocia\u00e7\u00e3o\"],\"articleSection\":[\"Brasil\"],\"inLanguage\":\"pt-BR\",\"potentialAction\":[{\"@type\":\"CommentAction\",\"name\":\"Comment\",\"target\":[\"https:\\\/\\\/aconteceunovale.com.br\\\/portal\\\/?p=167920#respond\"]}]},{\"@type\":\"WebPage\",\"@id\":\"https:\\\/\\\/aconteceunovale.com.br\\\/portal\\\/?p=167920\",\"url\":\"https:\\\/\\\/aconteceunovale.com.br\\\/portal\\\/?p=167920\",\"name\":\"Caixa amplia prazo de pausa na presta\u00e7\u00e3o de cr\u00e9ditos para 180 dias - Aconteceu no Vale\",\"isPartOf\":{\"@id\":\"https:\\\/\\\/aconteceunovale.com.br\\\/portal\\\/#website\"},\"primaryImageOfPage\":{\"@id\":\"https:\\\/\\\/aconteceunovale.com.br\\\/portal\\\/?p=167920#primaryimage\"},\"image\":{\"@id\":\"https:\\\/\\\/aconteceunovale.com.br\\\/portal\\\/?p=167920#primaryimage\"},\"thumbnailUrl\":\"https:\\\/\\\/aconteceunovale.com.br\\\/portal\\\/wp-content\\\/uploads\\\/2020\\\/05\\\/caixa_agencia-1.jpg\",\"datePublished\":\"2020-08-28T18:27:00+00:00\",\"dateModified\":\"2020-08-28T18:27:29+00:00\",\"author\":{\"@id\":\"https:\\\/\\\/aconteceunovale.com.br\\\/portal\\\/#\\\/schema\\\/person\\\/7d2f26d1483f8a63de73da1ee0754d35\"},\"breadcrumb\":{\"@id\":\"https:\\\/\\\/aconteceunovale.com.br\\\/portal\\\/?p=167920#breadcrumb\"},\"inLanguage\":\"pt-BR\",\"potentialAction\":[{\"@type\":\"ReadAction\",\"target\":[\"https:\\\/\\\/aconteceunovale.com.br\\\/portal\\\/?p=167920\"]}]},{\"@type\":\"ImageObject\",\"inLanguage\":\"pt-BR\",\"@id\":\"https:\\\/\\\/aconteceunovale.com.br\\\/portal\\\/?p=167920#primaryimage\",\"url\":\"https:\\\/\\\/aconteceunovale.com.br\\\/portal\\\/wp-content\\\/uploads\\\/2020\\\/05\\\/caixa_agencia-1.jpg\",\"contentUrl\":\"https:\\\/\\\/aconteceunovale.com.br\\\/portal\\\/wp-content\\\/uploads\\\/2020\\\/05\\\/caixa_agencia-1.jpg\",\"width\":678,\"height\":406},{\"@type\":\"BreadcrumbList\",\"@id\":\"https:\\\/\\\/aconteceunovale.com.br\\\/portal\\\/?p=167920#breadcrumb\",\"itemListElement\":[{\"@type\":\"ListItem\",\"position\":1,\"name\":\"In\u00edcio\",\"item\":\"https:\\\/\\\/aconteceunovale.com.br\\\/portal\\\/\"},{\"@type\":\"ListItem\",\"position\":2,\"name\":\"Caixa amplia prazo de pausa na presta\u00e7\u00e3o de cr\u00e9ditos para 180 dias\"}]},{\"@type\":\"WebSite\",\"@id\":\"https:\\\/\\\/aconteceunovale.com.br\\\/portal\\\/#website\",\"url\":\"https:\\\/\\\/aconteceunovale.com.br\\\/portal\\\/\",\"name\":\"Aconteceu no Vale\",\"description\":\"Portal de Not\u00edcias\",\"potentialAction\":[{\"@type\":\"SearchAction\",\"target\":{\"@type\":\"EntryPoint\",\"urlTemplate\":\"https:\\\/\\\/aconteceunovale.com.br\\\/portal\\\/?s={search_term_string}\"},\"query-input\":{\"@type\":\"PropertyValueSpecification\",\"valueRequired\":true,\"valueName\":\"search_term_string\"}}],\"inLanguage\":\"pt-BR\"},{\"@type\":\"Person\",\"@id\":\"https:\\\/\\\/aconteceunovale.com.br\\\/portal\\\/#\\\/schema\\\/person\\\/7d2f26d1483f8a63de73da1ee0754d35\",\"name\":\"Reda\u00e7\u00e3o Aconteceu no Vale\",\"description\":\"Equipe de reportagem do Aconteceu no Vale, portal de not\u00edcias do Vale do Jequitinhonha, em Minas Gerais. Cobrimos as 51 cidades do Vale desde 2013. Sugest\u00f5es de pauta e pedidos de corre\u00e7\u00e3o: contato@aconteceunovale.com.br\",\"url\":\"https:\\\/\\\/aconteceunovale.com.br\\\/portal\\\/?author=4\"}]}<\/script>\n<!-- \/ Yoast SEO plugin. -->","yoast_head_json":{"title":"Caixa amplia prazo de pausa na presta\u00e7\u00e3o de cr\u00e9ditos para 180 dias - Aconteceu no Vale","robots":{"index":"index","follow":"follow","max-snippet":"max-snippet:-1","max-image-preview":"max-image-preview:large","max-video-preview":"max-video-preview:-1"},"canonical":"https:\/\/aconteceunovale.com.br\/portal\/?p=167920","og_locale":"pt_BR","og_type":"article","og_title":"Caixa amplia prazo de pausa na presta\u00e7\u00e3o de cr\u00e9ditos para 180 dias - Aconteceu no Vale","og_description":"A Caixa ampliou a possibilidade de pausa nas presta\u00e7\u00f5es dos cr\u00e9ditos comerciais de pessoas f\u00edsicas e jur\u00eddicas para um per\u00edodo de at\u00e9 180 dias. A medida vale para contratos como os de Renegocia\u00e7\u00e3o, CDC, Microcr\u00e9dito, Construcard e Cr\u00e9dito Auto. A amplia\u00e7\u00e3o do prazo de 90 para at\u00e9 180 dias \u00e9 uma das medidas de enfrentamento [&hellip;]","og_url":"https:\/\/aconteceunovale.com.br\/portal\/?p=167920","og_site_name":"Aconteceu no Vale","article_publisher":"https:\/\/www.facebook.com\/aconteceunovale\/","article_published_time":"2020-08-28T18:27:00+00:00","article_modified_time":"2020-08-28T18:27:29+00:00","og_image":[{"width":678,"height":406,"url":"https:\/\/aconteceunovale.com.br\/portal\/wp-content\/uploads\/2020\/05\/caixa_agencia-1.jpg","type":"image\/jpeg"}],"author":"Reda\u00e7\u00e3o Aconteceu no Vale","twitter_card":"summary_large_image","twitter_creator":"@noticiadosvales","twitter_site":"@noticiadosvales","twitter_misc":{"Escrito por":"Reda\u00e7\u00e3o Aconteceu no Vale","Est. tempo de leitura":"2 minutos"},"schema":{"@context":"https:\/\/schema.org","@graph":[{"@type":"Article","@id":"https:\/\/aconteceunovale.com.br\/portal\/?p=167920#article","isPartOf":{"@id":"https:\/\/aconteceunovale.com.br\/portal\/?p=167920"},"author":{"name":"Reda\u00e7\u00e3o Aconteceu no Vale","@id":"https:\/\/aconteceunovale.com.br\/portal\/#\/schema\/person\/7d2f26d1483f8a63de73da1ee0754d35"},"headline":"Caixa amplia prazo de pausa na presta\u00e7\u00e3o de cr\u00e9ditos para 180 dias","datePublished":"2020-08-28T18:27:00+00:00","dateModified":"2020-08-28T18:27:29+00:00","mainEntityOfPage":{"@id":"https:\/\/aconteceunovale.com.br\/portal\/?p=167920"},"wordCount":425,"commentCount":0,"image":{"@id":"https:\/\/aconteceunovale.com.br\/portal\/?p=167920#primaryimage"},"thumbnailUrl":"https:\/\/aconteceunovale.com.br\/portal\/wp-content\/uploads\/2020\/05\/caixa_agencia-1.jpg","keywords":["Caixa","Caixa amplia prazo de pausa na presta\u00e7\u00e3o de cr\u00e9ditos para 180 dias","Caixa Econ\u00f4mica Federal","CDC","CEF","Construcard","Cr\u00e9dito Auto","Microcr\u00e9dito","Pausa na presta\u00e7\u00e3o de cr\u00e9ditos","renegocia\u00e7\u00e3o"],"articleSection":["Brasil"],"inLanguage":"pt-BR","potentialAction":[{"@type":"CommentAction","name":"Comment","target":["https:\/\/aconteceunovale.com.br\/portal\/?p=167920#respond"]}]},{"@type":"WebPage","@id":"https:\/\/aconteceunovale.com.br\/portal\/?p=167920","url":"https:\/\/aconteceunovale.com.br\/portal\/?p=167920","name":"Caixa amplia prazo de pausa na presta\u00e7\u00e3o de cr\u00e9ditos para 180 dias - Aconteceu no Vale","isPartOf":{"@id":"https:\/\/aconteceunovale.com.br\/portal\/#website"},"primaryImageOfPage":{"@id":"https:\/\/aconteceunovale.com.br\/portal\/?p=167920#primaryimage"},"image":{"@id":"https:\/\/aconteceunovale.com.br\/portal\/?p=167920#primaryimage"},"thumbnailUrl":"https:\/\/aconteceunovale.com.br\/portal\/wp-content\/uploads\/2020\/05\/caixa_agencia-1.jpg","datePublished":"2020-08-28T18:27:00+00:00","dateModified":"2020-08-28T18:27:29+00:00","author":{"@id":"https:\/\/aconteceunovale.com.br\/portal\/#\/schema\/person\/7d2f26d1483f8a63de73da1ee0754d35"},"breadcrumb":{"@id":"https:\/\/aconteceunovale.com.br\/portal\/?p=167920#breadcrumb"},"inLanguage":"pt-BR","potentialAction":[{"@type":"ReadAction","target":["https:\/\/aconteceunovale.com.br\/portal\/?p=167920"]}]},{"@type":"ImageObject","inLanguage":"pt-BR","@id":"https:\/\/aconteceunovale.com.br\/portal\/?p=167920#primaryimage","url":"https:\/\/aconteceunovale.com.br\/portal\/wp-content\/uploads\/2020\/05\/caixa_agencia-1.jpg","contentUrl":"https:\/\/aconteceunovale.com.br\/portal\/wp-content\/uploads\/2020\/05\/caixa_agencia-1.jpg","width":678,"height":406},{"@type":"BreadcrumbList","@id":"https:\/\/aconteceunovale.com.br\/portal\/?p=167920#breadcrumb","itemListElement":[{"@type":"ListItem","position":1,"name":"In\u00edcio","item":"https:\/\/aconteceunovale.com.br\/portal\/"},{"@type":"ListItem","position":2,"name":"Caixa amplia prazo de pausa na presta\u00e7\u00e3o de cr\u00e9ditos para 180 dias"}]},{"@type":"WebSite","@id":"https:\/\/aconteceunovale.com.br\/portal\/#website","url":"https:\/\/aconteceunovale.com.br\/portal\/","name":"Aconteceu no Vale","description":"Portal de Not\u00edcias","potentialAction":[{"@type":"SearchAction","target":{"@type":"EntryPoint","urlTemplate":"https:\/\/aconteceunovale.com.br\/portal\/?s={search_term_string}"},"query-input":{"@type":"PropertyValueSpecification","valueRequired":true,"valueName":"search_term_string"}}],"inLanguage":"pt-BR"},{"@type":"Person","@id":"https:\/\/aconteceunovale.com.br\/portal\/#\/schema\/person\/7d2f26d1483f8a63de73da1ee0754d35","name":"Reda\u00e7\u00e3o Aconteceu no Vale","description":"Equipe de reportagem do Aconteceu no Vale, portal de not\u00edcias do Vale do Jequitinhonha, em Minas Gerais. Cobrimos as 51 cidades do Vale desde 2013. Sugest\u00f5es de pauta e pedidos de corre\u00e7\u00e3o: contato@aconteceunovale.com.br","url":"https:\/\/aconteceunovale.com.br\/portal\/?author=4"}]}},"_links":{"self":[{"href":"https:\/\/aconteceunovale.com.br\/portal\/index.php?rest_route=\/wp\/v2\/posts\/167920","targetHints":{"allow":["GET"]}}],"collection":[{"href":"https:\/\/aconteceunovale.com.br\/portal\/index.php?rest_route=\/wp\/v2\/posts"}],"about":[{"href":"https:\/\/aconteceunovale.com.br\/portal\/index.php?rest_route=\/wp\/v2\/types\/post"}],"author":[{"embeddable":true,"href":"https:\/\/aconteceunovale.com.br\/portal\/index.php?rest_route=\/wp\/v2\/users\/4"}],"replies":[{"embeddable":true,"href":"https:\/\/aconteceunovale.com.br\/portal\/index.php?rest_route=%2Fwp%2Fv2%2Fcomments&post=167920"}],"version-history":[{"count":1,"href":"https:\/\/aconteceunovale.com.br\/portal\/index.php?rest_route=\/wp\/v2\/posts\/167920\/revisions"}],"predecessor-version":[{"id":167921,"href":"https:\/\/aconteceunovale.com.br\/portal\/index.php?rest_route=\/wp\/v2\/posts\/167920\/revisions\/167921"}],"wp:featuredmedia":[{"embeddable":true,"href":"https:\/\/aconteceunovale.com.br\/portal\/index.php?rest_route=\/wp\/v2\/media\/162525"}],"wp:attachment":[{"href":"https:\/\/aconteceunovale.com.br\/portal\/index.php?rest_route=%2Fwp%2Fv2%2Fmedia&parent=167920"}],"wp:term":[{"taxonomy":"category","embeddable":true,"href":"https:\/\/aconteceunovale.com.br\/portal\/index.php?rest_route=%2Fwp%2Fv2%2Fcategories&post=167920"},{"taxonomy":"post_tag","embeddable":true,"href":"https:\/\/aconteceunovale.com.br\/portal\/index.php?rest_route=%2Fwp%2Fv2%2Ftags&post=167920"}],"curies":[{"name":"wp","href":"https:\/\/api.w.org\/{rel}","templated":true}]}}