{"id":167912,"date":"2020-08-28T13:40:04","date_gmt":"2020-08-28T16:40:04","guid":{"rendered":"https:\/\/aconteceunovale.com.br\/portal\/?p=167912"},"modified":"2020-08-28T13:52:11","modified_gmt":"2020-08-28T16:52:11","slug":"eleicoes-2020-tse-amplia-horario-de-votacao-em-uma-hora","status":"publish","type":"post","link":"https:\/\/aconteceunovale.com.br\/portal\/?p=167912","title":{"rendered":"Elei\u00e7\u00f5es 2020: TSE amplia hor\u00e1rio de vota\u00e7\u00e3o em uma hora"},"content":{"rendered":"\n<p class=\"wp-block-paragraph\">O Tribunal Superior Eleitoral (TSE) divulgou&nbsp;hoje&nbsp;(28\/8) ter oficializado a amplia\u00e7\u00e3o em uma hora do hor\u00e1rio de vota\u00e7\u00e3o nas elei\u00e7\u00f5es municipais deste ano, cujo primeiro turno est\u00e1 marcado para&nbsp;15 de novembro. Com isso, as urnas ser\u00e3o abertas mais cedo e ficar\u00e3o aptas a receber votos das 7h \u00e0s 17h, sempre no hor\u00e1rio local.<\/p>\n\n\n\n<p class=\"wp-block-paragraph\">De acordo com o TSE, o hor\u00e1rio de vota\u00e7\u00e3o foi definido ap\u00f3s consultas a estat\u00edsticos do Instituto de Matem\u00e1tica Pura e Aplicada (Impa), do Insper e da Universidade de S\u00e3o Paulo.<\/p>\n\n\n\n<p class=\"wp-block-paragraph\">Outra medida anunciada pelo TSE foi reservar o hor\u00e1rio das 7h \u00e0s 10h preferencialmente para pessoas acima de 60 anos, seguindo orienta\u00e7\u00e3o da consultoria sanit\u00e1ria prestada pela Funda\u00e7\u00e3o Oswaldo Cruz (Fiocruz) e pelos hospitais S\u00edrio-Liban\u00eas e Albert Einstein.<\/p>\n\n\n\n<p class=\"wp-block-paragraph\">A inten\u00e7\u00e3o de ampliar o hor\u00e1rio de vota\u00e7\u00e3o j\u00e1 havia sido antecipada pelo presidente do TSE, Lu\u00eds Roberto Barroso, em entrevistas. \u201cEstamos fazendo todo o poss\u00edvel para conciliar, na maior medida, a sa\u00fade p\u00fablica da popula\u00e7\u00e3o com as demandas da democracia\u201d, disse o ministro nesta&nbsp;sexta-feira (28), em mensagem gravada.<\/p>\n\n\n\n<p class=\"wp-block-paragraph\">O ministro acrescentou ainda&nbsp;ter&nbsp;abandonado a ideia inicial de estender a vota\u00e7\u00e3o para al\u00e9m das 17h ap\u00f3s consultas aos presidentes dos Tribunais Regionais Eleitorais, \u201cporque em muitas partes do Brasil, ap\u00f3s essa hora, h\u00e1 dificuldades de transporte e problemas de viol\u00eancia\u201d, disse Barroso.<\/p>\n\n\n\n<p class=\"wp-block-paragraph\">Segundo ele, ser\u00e3o disponibilizados, em parceria com a iniciativa privada, 7,5 milh\u00f5es de m\u00e1scaras e 1,8 milh\u00e3o de prote\u00e7\u00f5es faciais (face shields) aos mes\u00e1rios. Al\u00e9m disso, 1 milh\u00e3o de litros de \u00e1lcool gel devem ser distribu\u00eddos para que os eleitores limpem as m\u00e3os na entrada e na sa\u00edda das se\u00e7\u00f5es eleitorais.<\/p>\n\n\n\n<p class=\"wp-block-paragraph\"><strong>Veja a&nbsp;\u00edntegra do pronunciamento do ministro Barroso:<\/strong><\/p>\n\n\n\n<figure class=\"wp-block-embed-youtube wp-block-embed is-type-rich is-provider-incorporar-manipulador wp-embed-aspect-16-9 wp-has-aspect-ratio\"><div class=\"wp-block-embed__wrapper\">\n<iframe loading=\"lazy\" title=\"Pandemia leva a Justi\u00e7a Eleitoral a ampliar o hor\u00e1rio de vota\u00e7\u00e3o em 2020\" width=\"696\" height=\"392\" src=\"https:\/\/www.youtube.com\/embed\/bNiLUUa0l-g?feature=oembed\" frameborder=\"0\" allow=\"accelerometer; autoplay; encrypted-media; gyroscope; picture-in-picture\" allowfullscreen><\/iframe>\n<\/div><\/figure>\n\n\n\n<p class=\"wp-block-paragraph\"><em>&#8220;Ap\u00f3s ouvirmos os estat\u00edsticos do Tribunal Superior Eleitoral e estat\u00edsticos externos do Instituto de Matem\u00e1tica Pura e Aplicada, do Insper e da USP, o Tribunal Superior Eleitoral est\u00e1 definindo a extens\u00e3o do hor\u00e1rio de elei\u00e7\u00f5es em uma hora.<\/em><\/p>\n\n\n\n<p class=\"wp-block-paragraph\"><em>Ap\u00f3s ouvirmos os presidentes de Tribunais Regionais Eleitorais e os respectivos diretores-gerais, ficou decidido, por unanimidade, que este hor\u00e1rio ser\u00e1 de 7 horas da manh\u00e3 \u00e0s 17 horas. N\u00e3o foi poss\u00edvel estender para mais tarde do que isso porque, em muitas partes do Brasil, depois dessa hora, h\u00e1 dificuldade de transporte e h\u00e1 problemas de viol\u00eancia.<\/em><\/p>\n\n\n\n<p class=\"wp-block-paragraph\"><em>E, ap\u00f3s ouvir a consultoria sanit\u00e1ria, o Tribunal Superior Eleitoral estar\u00e1 reservando o primeiro hor\u00e1rio, de 7h \u00e0s 10 horas da manh\u00e3, preferencialmente, para as pessoas maiores de 60 anos, que j\u00e1 est\u00e3o no grupo de risco para a pandemia de Covid-19.<\/em><\/p>\n\n\n\n<p class=\"wp-block-paragraph\"><em>O Tribunal Superior Eleitoral est\u00e1 diligenciando todas as medidas poss\u00edveis e razo\u00e1veis para promover a seguran\u00e7a dos mes\u00e1rios e dos eleitores. E n\u00f3s estaremos oferecendo, em parceria com a iniciativa privada, 7,5 milh\u00f5es de m\u00e1scaras para todos os mes\u00e1rios, para que possam troc\u00e1-las tr\u00eas vezes ao longo do dia; estaremos fornecendo mais de 1 milh\u00e3o e 800 mil prote\u00e7\u00f5es faciais &#8211; o face shield -, igualmente, para os mes\u00e1rios.<\/em><\/p>\n\n\n\n<p class=\"wp-block-paragraph\"><em>Cada mes\u00e1rio ter\u00e1 um frasco de 200 mililitros de \u00e1lcool em gel, para a sua higieniza\u00e7\u00e3o pessoal, e teremos mais de um milh\u00e3o de litros de \u00e1lcool em gel espalhados pelas se\u00e7\u00f5es eleitorais de todo Brasil, para que os eleitores &#8211; que devem entrar com m\u00e1scara pr\u00f3pria &#8211; possam limpar as suas m\u00e3os na entrada, votar e limpar novamente as m\u00e3os na sa\u00edda da vota\u00e7\u00e3o.<\/em><\/p>\n\n\n\n<p class=\"wp-block-paragraph\"><em>N\u00f3s estamos fazendo todo o poss\u00edvel para conciliar, na maior medida, a sa\u00fade p\u00fablica da popula\u00e7\u00e3o com as demandas da democracia. \u00c9 votando nas elei\u00e7\u00f5es municipais que voc\u00ea define o destino da sua cidade e, em \u00faltima an\u00e1lise, os rumos do Brasil. Vote consciente!&#8221;<\/em><\/p>\n\n\n\n<p class=\"has-pale-cyan-blue-background-color has-background wp-block-paragraph\">Quer saber as not\u00edcias do <strong>Aconteceu no Vale<\/strong> em primeira m\u00e3o? Siga-nos no Facebook <a rel=\"noreferrer noopener\" href=\"http:\/\/facebook.com\/aconteceunovale\" target=\"_blank\">@aconteceunovale<\/a>, Twitter <a rel=\"noreferrer noopener\" href=\"https:\/\/twitter.com\/noticiadosvales\" target=\"_blank\">@noticiadosvales<\/a> e Instagram <a rel=\"noreferrer noopener\" href=\"https:\/\/www.instagram.com\/aconteceunovale\" target=\"_blank\">@aconteceunovale<\/a>.<\/p>\n","protected":false},"excerpt":{"rendered":"<p>O Tribunal Superior Eleitoral (TSE) divulgou&nbsp;hoje&nbsp;(28\/8) ter oficializado a amplia\u00e7\u00e3o em uma hora do hor\u00e1rio de vota\u00e7\u00e3o nas elei\u00e7\u00f5es municipais deste ano, cujo primeiro turno est\u00e1 marcado para&nbsp;15 de novembro. Com isso, as urnas ser\u00e3o abertas mais cedo e ficar\u00e3o aptas a receber votos das 7h \u00e0s 17h, sempre no hor\u00e1rio local. De acordo com [&hellip;]<\/p>\n","protected":false},"author":4,"featured_media":156345,"comment_status":"open","ping_status":"closed","sticky":false,"template":"","format":"standard","meta":{"amp_status":"","footnotes":""},"categories":[6,215642,40240],"tags":[205329,228400,60086,213145,205330,228405,228403,228402,228404,35138,94060,267,228401],"class_list":["post-167912","post","type-post","status-publish","format-standard","has-post-thumbnail","hentry","category-br","category-eleicoes-2020","category-politica","tag-eleicoes-2020","tag-eleicoes-2020-tse-amplia-horario-de-votacao-em-uma-hora","tag-eleicoes-municipais","tag-eleicoes-municipais-2020","tag-eleicoes-municipais-de-2020","tag-horario-de-votacao-eleicoes-municipais-de-2020","tag-horario-eleicoes-2020","tag-horario-eleicoes-municipais-de-2020","tag-horario-votacao-eleicoes-2020","tag-luis-roberto-barroso","tag-tribunal-superior-eleitoral","tag-tse","tag-tse-amplia-horario-de-votacao-em-uma-hora"],"yoast_head":"<!-- This site is optimized with the Yoast SEO plugin v28.3 - https:\/\/yoast.com\/product\/yoast-seo-wordpress\/ -->\n<title>Elei\u00e7\u00f5es 2020: TSE amplia hor\u00e1rio de vota\u00e7\u00e3o em uma hora - Aconteceu no Vale<\/title>\n<meta name=\"robots\" content=\"index, follow, max-snippet:-1, max-image-preview:large, max-video-preview:-1\" \/>\n<link rel=\"canonical\" href=\"https:\/\/aconteceunovale.com.br\/portal\/?p=167912\" \/>\n<meta property=\"og:locale\" content=\"pt_BR\" \/>\n<meta property=\"og:type\" content=\"article\" \/>\n<meta property=\"og:title\" content=\"Elei\u00e7\u00f5es 2020: TSE amplia hor\u00e1rio de vota\u00e7\u00e3o em uma hora - Aconteceu no Vale\" \/>\n<meta property=\"og:description\" content=\"O Tribunal Superior Eleitoral (TSE) divulgou&nbsp;hoje&nbsp;(28\/8) ter oficializado a amplia\u00e7\u00e3o em uma hora do hor\u00e1rio de vota\u00e7\u00e3o nas elei\u00e7\u00f5es municipais deste ano, cujo primeiro turno est\u00e1 marcado para&nbsp;15 de novembro. Com isso, as urnas ser\u00e3o abertas mais cedo e ficar\u00e3o aptas a receber votos das 7h \u00e0s 17h, sempre no hor\u00e1rio local. De acordo com [&hellip;]\" \/>\n<meta property=\"og:url\" content=\"https:\/\/aconteceunovale.com.br\/portal\/?p=167912\" \/>\n<meta property=\"og:site_name\" content=\"Aconteceu no Vale\" \/>\n<meta property=\"article:publisher\" content=\"https:\/\/www.facebook.com\/aconteceunovale\/\" \/>\n<meta property=\"article:published_time\" content=\"2020-08-28T16:40:04+00:00\" \/>\n<meta property=\"article:modified_time\" content=\"2020-08-28T16:52:11+00:00\" \/>\n<meta property=\"og:image\" content=\"https:\/\/aconteceunovale.com.br\/portal\/wp-content\/uploads\/2019\/12\/eleicoes_2020.jpeg\" \/>\n\t<meta property=\"og:image:width\" content=\"650\" \/>\n\t<meta property=\"og:image:height\" content=\"351\" \/>\n\t<meta property=\"og:image:type\" content=\"image\/jpeg\" \/>\n<meta name=\"author\" content=\"Reda\u00e7\u00e3o Aconteceu no Vale\" \/>\n<meta name=\"twitter:card\" content=\"summary_large_image\" \/>\n<meta name=\"twitter:creator\" content=\"@noticiadosvales\" \/>\n<meta name=\"twitter:site\" content=\"@noticiadosvales\" \/>\n<meta name=\"twitter:label1\" content=\"Escrito por\" \/>\n\t<meta name=\"twitter:data1\" content=\"Reda\u00e7\u00e3o Aconteceu no Vale\" \/>\n\t<meta name=\"twitter:label2\" content=\"Est. tempo de leitura\" \/>\n\t<meta name=\"twitter:data2\" content=\"4 minutos\" \/>\n<script type=\"application\/ld+json\" class=\"yoast-schema-graph\">{\"@context\":\"https:\\\/\\\/schema.org\",\"@graph\":[{\"@type\":\"Article\",\"@id\":\"https:\\\/\\\/aconteceunovale.com.br\\\/portal\\\/?p=167912#article\",\"isPartOf\":{\"@id\":\"https:\\\/\\\/aconteceunovale.com.br\\\/portal\\\/?p=167912\"},\"author\":{\"name\":\"Reda\u00e7\u00e3o Aconteceu no Vale\",\"@id\":\"https:\\\/\\\/aconteceunovale.com.br\\\/portal\\\/#\\\/schema\\\/person\\\/7d2f26d1483f8a63de73da1ee0754d35\"},\"headline\":\"Elei\u00e7\u00f5es 2020: TSE amplia hor\u00e1rio de vota\u00e7\u00e3o em uma hora\",\"datePublished\":\"2020-08-28T16:40:04+00:00\",\"dateModified\":\"2020-08-28T16:52:11+00:00\",\"mainEntityOfPage\":{\"@id\":\"https:\\\/\\\/aconteceunovale.com.br\\\/portal\\\/?p=167912\"},\"wordCount\":713,\"commentCount\":0,\"image\":{\"@id\":\"https:\\\/\\\/aconteceunovale.com.br\\\/portal\\\/?p=167912#primaryimage\"},\"thumbnailUrl\":\"https:\\\/\\\/aconteceunovale.com.br\\\/portal\\\/wp-content\\\/uploads\\\/2019\\\/12\\\/eleicoes_2020.jpeg\",\"keywords\":[\"Elei\u00e7\u00f5es 2020\",\"Elei\u00e7\u00f5es 2020: TSE amplia hor\u00e1rio de vota\u00e7\u00e3o em uma hora\",\"elei\u00e7\u00f5es municipais\",\"Elei\u00e7\u00f5es municipais 2020\",\"Elei\u00e7\u00f5es Municipais de 2020\",\"Hor\u00e1rio de vota\u00e7\u00e3o Elei\u00e7\u00f5es Municipais de 2020\",\"Hor\u00e1rio elei\u00e7\u00f5es 2020\",\"Hor\u00e1rio Elei\u00e7\u00f5es Municipais de 2020\",\"Hor\u00e1rio vota\u00e7\u00e3o elei\u00e7\u00f5es 2020\",\"Luis Roberto Barroso\",\"Tribunal Superior Eleitoral\",\"TSE\",\"TSE amplia hor\u00e1rio de vota\u00e7\u00e3o em uma hora\"],\"articleSection\":[\"Brasil\",\"Elei\u00e7\u00f5es 2020\",\"Pol\u00edtica\"],\"inLanguage\":\"pt-BR\",\"potentialAction\":[{\"@type\":\"CommentAction\",\"name\":\"Comment\",\"target\":[\"https:\\\/\\\/aconteceunovale.com.br\\\/portal\\\/?p=167912#respond\"]}]},{\"@type\":\"WebPage\",\"@id\":\"https:\\\/\\\/aconteceunovale.com.br\\\/portal\\\/?p=167912\",\"url\":\"https:\\\/\\\/aconteceunovale.com.br\\\/portal\\\/?p=167912\",\"name\":\"Elei\u00e7\u00f5es 2020: TSE amplia hor\u00e1rio de vota\u00e7\u00e3o em uma hora - Aconteceu no Vale\",\"isPartOf\":{\"@id\":\"https:\\\/\\\/aconteceunovale.com.br\\\/portal\\\/#website\"},\"primaryImageOfPage\":{\"@id\":\"https:\\\/\\\/aconteceunovale.com.br\\\/portal\\\/?p=167912#primaryimage\"},\"image\":{\"@id\":\"https:\\\/\\\/aconteceunovale.com.br\\\/portal\\\/?p=167912#primaryimage\"},\"thumbnailUrl\":\"https:\\\/\\\/aconteceunovale.com.br\\\/portal\\\/wp-content\\\/uploads\\\/2019\\\/12\\\/eleicoes_2020.jpeg\",\"datePublished\":\"2020-08-28T16:40:04+00:00\",\"dateModified\":\"2020-08-28T16:52:11+00:00\",\"author\":{\"@id\":\"https:\\\/\\\/aconteceunovale.com.br\\\/portal\\\/#\\\/schema\\\/person\\\/7d2f26d1483f8a63de73da1ee0754d35\"},\"breadcrumb\":{\"@id\":\"https:\\\/\\\/aconteceunovale.com.br\\\/portal\\\/?p=167912#breadcrumb\"},\"inLanguage\":\"pt-BR\",\"potentialAction\":[{\"@type\":\"ReadAction\",\"target\":[\"https:\\\/\\\/aconteceunovale.com.br\\\/portal\\\/?p=167912\"]}]},{\"@type\":\"ImageObject\",\"inLanguage\":\"pt-BR\",\"@id\":\"https:\\\/\\\/aconteceunovale.com.br\\\/portal\\\/?p=167912#primaryimage\",\"url\":\"https:\\\/\\\/aconteceunovale.com.br\\\/portal\\\/wp-content\\\/uploads\\\/2019\\\/12\\\/eleicoes_2020.jpeg\",\"contentUrl\":\"https:\\\/\\\/aconteceunovale.com.br\\\/portal\\\/wp-content\\\/uploads\\\/2019\\\/12\\\/eleicoes_2020.jpeg\",\"width\":650,\"height\":351},{\"@type\":\"BreadcrumbList\",\"@id\":\"https:\\\/\\\/aconteceunovale.com.br\\\/portal\\\/?p=167912#breadcrumb\",\"itemListElement\":[{\"@type\":\"ListItem\",\"position\":1,\"name\":\"In\u00edcio\",\"item\":\"https:\\\/\\\/aconteceunovale.com.br\\\/portal\\\/\"},{\"@type\":\"ListItem\",\"position\":2,\"name\":\"Elei\u00e7\u00f5es 2020: TSE amplia hor\u00e1rio de vota\u00e7\u00e3o em uma hora\"}]},{\"@type\":\"WebSite\",\"@id\":\"https:\\\/\\\/aconteceunovale.com.br\\\/portal\\\/#website\",\"url\":\"https:\\\/\\\/aconteceunovale.com.br\\\/portal\\\/\",\"name\":\"Aconteceu no Vale\",\"description\":\"Portal de Not\u00edcias\",\"potentialAction\":[{\"@type\":\"SearchAction\",\"target\":{\"@type\":\"EntryPoint\",\"urlTemplate\":\"https:\\\/\\\/aconteceunovale.com.br\\\/portal\\\/?s={search_term_string}\"},\"query-input\":{\"@type\":\"PropertyValueSpecification\",\"valueRequired\":true,\"valueName\":\"search_term_string\"}}],\"inLanguage\":\"pt-BR\"},{\"@type\":\"Person\",\"@id\":\"https:\\\/\\\/aconteceunovale.com.br\\\/portal\\\/#\\\/schema\\\/person\\\/7d2f26d1483f8a63de73da1ee0754d35\",\"name\":\"Reda\u00e7\u00e3o Aconteceu no Vale\",\"description\":\"Equipe de reportagem do Aconteceu no Vale, portal de not\u00edcias do Vale do Jequitinhonha, em Minas Gerais. Cobrimos as 51 cidades do Vale desde 2013. Sugest\u00f5es de pauta e pedidos de corre\u00e7\u00e3o: contato@aconteceunovale.com.br\",\"url\":\"https:\\\/\\\/aconteceunovale.com.br\\\/portal\\\/?author=4\"}]}<\/script>\n<!-- \/ Yoast SEO plugin. -->","yoast_head_json":{"title":"Elei\u00e7\u00f5es 2020: TSE amplia hor\u00e1rio de vota\u00e7\u00e3o em uma hora - Aconteceu no Vale","robots":{"index":"index","follow":"follow","max-snippet":"max-snippet:-1","max-image-preview":"max-image-preview:large","max-video-preview":"max-video-preview:-1"},"canonical":"https:\/\/aconteceunovale.com.br\/portal\/?p=167912","og_locale":"pt_BR","og_type":"article","og_title":"Elei\u00e7\u00f5es 2020: TSE amplia hor\u00e1rio de vota\u00e7\u00e3o em uma hora - Aconteceu no Vale","og_description":"O Tribunal Superior Eleitoral (TSE) divulgou&nbsp;hoje&nbsp;(28\/8) ter oficializado a amplia\u00e7\u00e3o em uma hora do hor\u00e1rio de vota\u00e7\u00e3o nas elei\u00e7\u00f5es municipais deste ano, cujo primeiro turno est\u00e1 marcado para&nbsp;15 de novembro. Com isso, as urnas ser\u00e3o abertas mais cedo e ficar\u00e3o aptas a receber votos das 7h \u00e0s 17h, sempre no hor\u00e1rio local. De acordo com [&hellip;]","og_url":"https:\/\/aconteceunovale.com.br\/portal\/?p=167912","og_site_name":"Aconteceu no Vale","article_publisher":"https:\/\/www.facebook.com\/aconteceunovale\/","article_published_time":"2020-08-28T16:40:04+00:00","article_modified_time":"2020-08-28T16:52:11+00:00","og_image":[{"width":650,"height":351,"url":"https:\/\/aconteceunovale.com.br\/portal\/wp-content\/uploads\/2019\/12\/eleicoes_2020.jpeg","type":"image\/jpeg"}],"author":"Reda\u00e7\u00e3o Aconteceu no Vale","twitter_card":"summary_large_image","twitter_creator":"@noticiadosvales","twitter_site":"@noticiadosvales","twitter_misc":{"Escrito por":"Reda\u00e7\u00e3o Aconteceu no Vale","Est. tempo de leitura":"4 minutos"},"schema":{"@context":"https:\/\/schema.org","@graph":[{"@type":"Article","@id":"https:\/\/aconteceunovale.com.br\/portal\/?p=167912#article","isPartOf":{"@id":"https:\/\/aconteceunovale.com.br\/portal\/?p=167912"},"author":{"name":"Reda\u00e7\u00e3o Aconteceu no Vale","@id":"https:\/\/aconteceunovale.com.br\/portal\/#\/schema\/person\/7d2f26d1483f8a63de73da1ee0754d35"},"headline":"Elei\u00e7\u00f5es 2020: TSE amplia hor\u00e1rio de vota\u00e7\u00e3o em uma hora","datePublished":"2020-08-28T16:40:04+00:00","dateModified":"2020-08-28T16:52:11+00:00","mainEntityOfPage":{"@id":"https:\/\/aconteceunovale.com.br\/portal\/?p=167912"},"wordCount":713,"commentCount":0,"image":{"@id":"https:\/\/aconteceunovale.com.br\/portal\/?p=167912#primaryimage"},"thumbnailUrl":"https:\/\/aconteceunovale.com.br\/portal\/wp-content\/uploads\/2019\/12\/eleicoes_2020.jpeg","keywords":["Elei\u00e7\u00f5es 2020","Elei\u00e7\u00f5es 2020: TSE amplia hor\u00e1rio de vota\u00e7\u00e3o em uma hora","elei\u00e7\u00f5es municipais","Elei\u00e7\u00f5es municipais 2020","Elei\u00e7\u00f5es Municipais de 2020","Hor\u00e1rio de vota\u00e7\u00e3o Elei\u00e7\u00f5es Municipais de 2020","Hor\u00e1rio elei\u00e7\u00f5es 2020","Hor\u00e1rio Elei\u00e7\u00f5es Municipais de 2020","Hor\u00e1rio vota\u00e7\u00e3o elei\u00e7\u00f5es 2020","Luis Roberto Barroso","Tribunal Superior Eleitoral","TSE","TSE amplia hor\u00e1rio de vota\u00e7\u00e3o em uma hora"],"articleSection":["Brasil","Elei\u00e7\u00f5es 2020","Pol\u00edtica"],"inLanguage":"pt-BR","potentialAction":[{"@type":"CommentAction","name":"Comment","target":["https:\/\/aconteceunovale.com.br\/portal\/?p=167912#respond"]}]},{"@type":"WebPage","@id":"https:\/\/aconteceunovale.com.br\/portal\/?p=167912","url":"https:\/\/aconteceunovale.com.br\/portal\/?p=167912","name":"Elei\u00e7\u00f5es 2020: TSE amplia hor\u00e1rio de vota\u00e7\u00e3o em uma hora - Aconteceu no Vale","isPartOf":{"@id":"https:\/\/aconteceunovale.com.br\/portal\/#website"},"primaryImageOfPage":{"@id":"https:\/\/aconteceunovale.com.br\/portal\/?p=167912#primaryimage"},"image":{"@id":"https:\/\/aconteceunovale.com.br\/portal\/?p=167912#primaryimage"},"thumbnailUrl":"https:\/\/aconteceunovale.com.br\/portal\/wp-content\/uploads\/2019\/12\/eleicoes_2020.jpeg","datePublished":"2020-08-28T16:40:04+00:00","dateModified":"2020-08-28T16:52:11+00:00","author":{"@id":"https:\/\/aconteceunovale.com.br\/portal\/#\/schema\/person\/7d2f26d1483f8a63de73da1ee0754d35"},"breadcrumb":{"@id":"https:\/\/aconteceunovale.com.br\/portal\/?p=167912#breadcrumb"},"inLanguage":"pt-BR","potentialAction":[{"@type":"ReadAction","target":["https:\/\/aconteceunovale.com.br\/portal\/?p=167912"]}]},{"@type":"ImageObject","inLanguage":"pt-BR","@id":"https:\/\/aconteceunovale.com.br\/portal\/?p=167912#primaryimage","url":"https:\/\/aconteceunovale.com.br\/portal\/wp-content\/uploads\/2019\/12\/eleicoes_2020.jpeg","contentUrl":"https:\/\/aconteceunovale.com.br\/portal\/wp-content\/uploads\/2019\/12\/eleicoes_2020.jpeg","width":650,"height":351},{"@type":"BreadcrumbList","@id":"https:\/\/aconteceunovale.com.br\/portal\/?p=167912#breadcrumb","itemListElement":[{"@type":"ListItem","position":1,"name":"In\u00edcio","item":"https:\/\/aconteceunovale.com.br\/portal\/"},{"@type":"ListItem","position":2,"name":"Elei\u00e7\u00f5es 2020: TSE amplia hor\u00e1rio de vota\u00e7\u00e3o em uma hora"}]},{"@type":"WebSite","@id":"https:\/\/aconteceunovale.com.br\/portal\/#website","url":"https:\/\/aconteceunovale.com.br\/portal\/","name":"Aconteceu no Vale","description":"Portal de Not\u00edcias","potentialAction":[{"@type":"SearchAction","target":{"@type":"EntryPoint","urlTemplate":"https:\/\/aconteceunovale.com.br\/portal\/?s={search_term_string}"},"query-input":{"@type":"PropertyValueSpecification","valueRequired":true,"valueName":"search_term_string"}}],"inLanguage":"pt-BR"},{"@type":"Person","@id":"https:\/\/aconteceunovale.com.br\/portal\/#\/schema\/person\/7d2f26d1483f8a63de73da1ee0754d35","name":"Reda\u00e7\u00e3o Aconteceu no Vale","description":"Equipe de reportagem do Aconteceu no Vale, portal de not\u00edcias do Vale do Jequitinhonha, em Minas Gerais. Cobrimos as 51 cidades do Vale desde 2013. Sugest\u00f5es de pauta e pedidos de corre\u00e7\u00e3o: contato@aconteceunovale.com.br","url":"https:\/\/aconteceunovale.com.br\/portal\/?author=4"}]}},"_links":{"self":[{"href":"https:\/\/aconteceunovale.com.br\/portal\/index.php?rest_route=\/wp\/v2\/posts\/167912","targetHints":{"allow":["GET"]}}],"collection":[{"href":"https:\/\/aconteceunovale.com.br\/portal\/index.php?rest_route=\/wp\/v2\/posts"}],"about":[{"href":"https:\/\/aconteceunovale.com.br\/portal\/index.php?rest_route=\/wp\/v2\/types\/post"}],"author":[{"embeddable":true,"href":"https:\/\/aconteceunovale.com.br\/portal\/index.php?rest_route=\/wp\/v2\/users\/4"}],"replies":[{"embeddable":true,"href":"https:\/\/aconteceunovale.com.br\/portal\/index.php?rest_route=%2Fwp%2Fv2%2Fcomments&post=167912"}],"version-history":[{"count":2,"href":"https:\/\/aconteceunovale.com.br\/portal\/index.php?rest_route=\/wp\/v2\/posts\/167912\/revisions"}],"predecessor-version":[{"id":167916,"href":"https:\/\/aconteceunovale.com.br\/portal\/index.php?rest_route=\/wp\/v2\/posts\/167912\/revisions\/167916"}],"wp:featuredmedia":[{"embeddable":true,"href":"https:\/\/aconteceunovale.com.br\/portal\/index.php?rest_route=\/wp\/v2\/media\/156345"}],"wp:attachment":[{"href":"https:\/\/aconteceunovale.com.br\/portal\/index.php?rest_route=%2Fwp%2Fv2%2Fmedia&parent=167912"}],"wp:term":[{"taxonomy":"category","embeddable":true,"href":"https:\/\/aconteceunovale.com.br\/portal\/index.php?rest_route=%2Fwp%2Fv2%2Fcategories&post=167912"},{"taxonomy":"post_tag","embeddable":true,"href":"https:\/\/aconteceunovale.com.br\/portal\/index.php?rest_route=%2Fwp%2Fv2%2Ftags&post=167912"}],"curies":[{"name":"wp","href":"https:\/\/api.w.org\/{rel}","templated":true}]}}