{"id":167910,"date":"2020-08-28T13:32:37","date_gmt":"2020-08-28T16:32:37","guid":{"rendered":"https:\/\/aconteceunovale.com.br\/portal\/?p=167910"},"modified":"2020-08-28T13:50:38","modified_gmt":"2020-08-28T16:50:38","slug":"justica-eleitoral-proibe-candidatos-de-participar-de-lives-artisticas-para-promover-campanhas","status":"publish","type":"post","link":"https:\/\/aconteceunovale.com.br\/portal\/?p=167910","title":{"rendered":"Justi\u00e7a Eleitoral pro\u00edbe candidatos de participar de lives art\u00edsticas para promover campanhas"},"content":{"rendered":"\n<p class=\"wp-block-paragraph\">O plen\u00e1rio do Tribunal Superior Eleitoral (TSE) afirmou\u00a0hoje\u00a0(28\/8\/2020), por unanimidade, ser vedada a apresenta\u00e7\u00e3o de artistas como cantores e atores, sejam estes remunerados ou n\u00e3o, em transmiss\u00f5es ao vivo pela internet (lives) feitas por candidatos.<img decoding=\"async\" src=\"https:\/\/agenciabrasil.ebc.com.br\/ebc.png?id=1315101&amp;o=node\"><img decoding=\"async\" src=\"https:\/\/agenciabrasil.ebc.com.br\/ebc.gif?id=1315101&amp;o=node\"><\/p>\n\n\n\n<p class=\"wp-block-paragraph\">O entendimento foi proferido em resposta a uma consulta do Psol, que havia indagado ao TSE se, levando&nbsp;em considera\u00e7\u00e3o o contexto da pandemia de covid-19, seria permitida a \u201crealiza\u00e7\u00e3o de apresenta\u00e7\u00e3o dos candidatos aos eleitores juntamente com atores, cantores e outros artistas atrav\u00e9s de shows (lives eleitorais) n\u00e3o remunerados e realizados em plataforma digital\u201d.<\/p>\n\n\n\n<p class=\"wp-block-paragraph\">O relator da consulta, ministro Lu\u00eds Felipe Salom\u00e3o, entendeu que as&nbsp;lives&nbsp;com candidatos e a apresenta\u00e7\u00e3o de artistas equivalem a showm\u00edcios, que s\u00e3o proibidos pela legisla\u00e7\u00e3o eleitoral. Para o magistrado, \u00e9 \u201cirrelevante\u201d que tais eventos sejam realizados em uma plataforma diferente.<\/p>\n\n\n\n<p class=\"wp-block-paragraph\">\u201cAli\u00e1s, o potencial de alcance desses eventos, quando realizados e transmitidos pela internet, \u00e9 inequivocamente maior em compara\u00e7\u00e3o com o formato presencial, dada a not\u00f3ria amplitude desse meio de comunica\u00e7\u00e3o, acess\u00edvel por qualquer pessoa em quase todos os lugares\u201d, disse Salom\u00e3o em seu voto.<\/p>\n\n\n\n<p class=\"wp-block-paragraph\">Para vedar o que chamou de \u201clivem\u00edcios\u201d, o ministro aplicou o artigo 39 da Lei das Elei\u00e7\u00f5es (9.504\/1997), que pro\u00edbe a \u201crealiza\u00e7\u00e3o de&nbsp;showm\u00edcio&nbsp;e de evento assemelhado para promo\u00e7\u00e3o de candidatos, bem como a apresenta\u00e7\u00e3o, remunerada ou n\u00e3o, de artistas com a finalidade de animar com\u00edcio e reuni\u00e3o eleitoral\u201d.&nbsp;<\/p>\n\n\n\n<p class=\"wp-block-paragraph\">Ao votar, Salom\u00e3o afirmou ainda que \u201co cen\u00e1rio de pandemia atualmente vivido em nosso pa\u00eds n\u00e3o autoriza por si s\u00f3 transformar em l\u00edcita conduta expressamente vedada pela legisla\u00e7\u00e3o de reg\u00eancia\u201d. O entendimento dele foi seguido por todos os outros seis ministros que comp\u00f5em o TSE.<\/p>\n\n\n\n<p class=\"wp-block-paragraph\">O TSE j\u00e1 afirmou, no entanto, que os pr\u00e9-candidatos podem aparecer em\u00a0lives\u00a0na internet ou aparecer na m\u00eddia em geral, inclusive em entrevistas, embora n\u00e3o possam pedir votos antes de\u00a027 de setembro, quando se inicia o per\u00edodo de campanha.\u00a0<\/p>\n\n\n\n<p class=\"has-pale-cyan-blue-background-color has-background wp-block-paragraph\">Quer saber as not\u00edcias do <strong>Aconteceu no Vale<\/strong> em primeira m\u00e3o? Siga-nos no Facebook <a rel=\"noreferrer noopener\" href=\"http:\/\/facebook.com\/aconteceunovale\" target=\"_blank\">@aconteceunovale<\/a>, Twitter <a rel=\"noreferrer noopener\" href=\"https:\/\/twitter.com\/noticiadosvales\" target=\"_blank\">@noticiadosvales<\/a> e Instagram <a rel=\"noreferrer noopener\" href=\"https:\/\/www.instagram.com\/aconteceunovale\" target=\"_blank\">@aconteceunovale<\/a>.<\/p>\n","protected":false},"excerpt":{"rendered":"<p>O plen\u00e1rio do Tribunal Superior Eleitoral (TSE) afirmou\u00a0hoje\u00a0(28\/8\/2020), por unanimidade, ser vedada a apresenta\u00e7\u00e3o de artistas como cantores e atores, sejam estes remunerados ou n\u00e3o, em transmiss\u00f5es ao vivo pela internet (lives) feitas por candidatos. O entendimento foi proferido em resposta a uma consulta do Psol, que havia indagado ao TSE se, levando&nbsp;em considera\u00e7\u00e3o o [&hellip;]<\/p>\n","protected":false},"author":4,"featured_media":139491,"comment_status":"open","ping_status":"closed","sticky":false,"template":"","format":"standard","meta":{"amp_status":"","footnotes":""},"categories":[6,215642,40240],"tags":[1018,17165,228393,228392,228394,228397,228396,228395,179193,228399,228398,13969,94060,267],"class_list":["post-167910","post","type-post","status-publish","format-standard","has-post-thumbnail","hentry","category-br","category-eleicoes-2020","category-politica","tag-destaque","tag-justica-eleitoral","tag-justica-eleitoral-proibe-candidatos-de-participar-de-lives-artisticas-para-promover-campanhas","tag-justica-eleitoral-proibe-participacao-de-candidatos-em-lives-para-promocao-de-campanhas","tag-live-de-campanhas","tag-livemicio","tag-lives-eleitorais","tag-lives-politicas","tag-luis-felipe-salomao","tag-probicao-de-lives-eleitorais","tag-proibicao-de-livemicio","tag-psol","tag-tribunal-superior-eleitoral","tag-tse"],"yoast_head":"<!-- This site is optimized with the Yoast SEO plugin v28.3 - https:\/\/yoast.com\/product\/yoast-seo-wordpress\/ -->\n<title>Justi\u00e7a Eleitoral pro\u00edbe candidatos de participar de lives art\u00edsticas para promover campanhas - Aconteceu no Vale<\/title>\n<meta name=\"robots\" content=\"index, follow, max-snippet:-1, max-image-preview:large, max-video-preview:-1\" \/>\n<link rel=\"canonical\" href=\"https:\/\/aconteceunovale.com.br\/portal\/?p=167910\" \/>\n<meta property=\"og:locale\" content=\"pt_BR\" \/>\n<meta property=\"og:type\" content=\"article\" \/>\n<meta property=\"og:title\" content=\"Justi\u00e7a Eleitoral pro\u00edbe candidatos de participar de lives art\u00edsticas para promover campanhas - Aconteceu no Vale\" \/>\n<meta property=\"og:description\" content=\"O plen\u00e1rio do Tribunal Superior Eleitoral (TSE) afirmou\u00a0hoje\u00a0(28\/8\/2020), por unanimidade, ser vedada a apresenta\u00e7\u00e3o de artistas como cantores e atores, sejam estes remunerados ou n\u00e3o, em transmiss\u00f5es ao vivo pela internet (lives) feitas por candidatos. O entendimento foi proferido em resposta a uma consulta do Psol, que havia indagado ao TSE se, levando&nbsp;em considera\u00e7\u00e3o o [&hellip;]\" \/>\n<meta property=\"og:url\" content=\"https:\/\/aconteceunovale.com.br\/portal\/?p=167910\" \/>\n<meta property=\"og:site_name\" content=\"Aconteceu no Vale\" \/>\n<meta property=\"article:publisher\" content=\"https:\/\/www.facebook.com\/aconteceunovale\/\" \/>\n<meta property=\"article:published_time\" content=\"2020-08-28T16:32:37+00:00\" \/>\n<meta property=\"article:modified_time\" content=\"2020-08-28T16:50:38+00:00\" \/>\n<meta property=\"og:image\" content=\"https:\/\/aconteceunovale.com.br\/portal\/wp-content\/uploads\/2018\/11\/tse_se.jpg\" \/>\n\t<meta property=\"og:image:width\" content=\"675\" \/>\n\t<meta property=\"og:image:height\" content=\"450\" \/>\n\t<meta property=\"og:image:type\" content=\"image\/jpeg\" \/>\n<meta name=\"author\" content=\"Reda\u00e7\u00e3o Aconteceu no Vale\" \/>\n<meta name=\"twitter:card\" content=\"summary_large_image\" \/>\n<meta name=\"twitter:creator\" content=\"@noticiadosvales\" \/>\n<meta name=\"twitter:site\" content=\"@noticiadosvales\" \/>\n<meta name=\"twitter:label1\" content=\"Escrito por\" \/>\n\t<meta name=\"twitter:data1\" content=\"Reda\u00e7\u00e3o Aconteceu no Vale\" \/>\n\t<meta name=\"twitter:label2\" content=\"Est. tempo de leitura\" \/>\n\t<meta name=\"twitter:data2\" content=\"2 minutos\" \/>\n<script type=\"application\/ld+json\" class=\"yoast-schema-graph\">{\"@context\":\"https:\\\/\\\/schema.org\",\"@graph\":[{\"@type\":\"Article\",\"@id\":\"https:\\\/\\\/aconteceunovale.com.br\\\/portal\\\/?p=167910#article\",\"isPartOf\":{\"@id\":\"https:\\\/\\\/aconteceunovale.com.br\\\/portal\\\/?p=167910\"},\"author\":{\"name\":\"Reda\u00e7\u00e3o Aconteceu no Vale\",\"@id\":\"https:\\\/\\\/aconteceunovale.com.br\\\/portal\\\/#\\\/schema\\\/person\\\/7d2f26d1483f8a63de73da1ee0754d35\"},\"headline\":\"Justi\u00e7a Eleitoral pro\u00edbe candidatos de participar de lives art\u00edsticas para promover campanhas\",\"datePublished\":\"2020-08-28T16:32:37+00:00\",\"dateModified\":\"2020-08-28T16:50:38+00:00\",\"mainEntityOfPage\":{\"@id\":\"https:\\\/\\\/aconteceunovale.com.br\\\/portal\\\/?p=167910\"},\"wordCount\":394,\"commentCount\":0,\"image\":{\"@id\":\"https:\\\/\\\/aconteceunovale.com.br\\\/portal\\\/?p=167910#primaryimage\"},\"thumbnailUrl\":\"https:\\\/\\\/aconteceunovale.com.br\\\/portal\\\/wp-content\\\/uploads\\\/2018\\\/11\\\/tse_se.jpg\",\"keywords\":[\"destaque\",\"Justi\u00e7a Eleitoral\",\"Justi\u00e7a Eleitoral pro\u00edbe candidatos de participar de lives art\u00edsticas para promover campanhas\",\"Justi\u00e7a Eleitoral pro\u00edbe participa\u00e7\u00e3o de candidatos em lives para promo\u00e7\u00e3o de campanhas\",\"Live de campanhas\",\"Livem\u00edcio\",\"Lives eleitorais\",\"Lives pol\u00edticas\",\"Lu\u00eds Felipe Salom\u00e3o\",\"Probi\u00e7\u00e3o de lives eleitorais\",\"Proibi\u00e7\u00e3o de livem\u00edcio\",\"PSOL\",\"Tribunal Superior Eleitoral\",\"TSE\"],\"articleSection\":[\"Brasil\",\"Elei\u00e7\u00f5es 2020\",\"Pol\u00edtica\"],\"inLanguage\":\"pt-BR\",\"potentialAction\":[{\"@type\":\"CommentAction\",\"name\":\"Comment\",\"target\":[\"https:\\\/\\\/aconteceunovale.com.br\\\/portal\\\/?p=167910#respond\"]}]},{\"@type\":\"WebPage\",\"@id\":\"https:\\\/\\\/aconteceunovale.com.br\\\/portal\\\/?p=167910\",\"url\":\"https:\\\/\\\/aconteceunovale.com.br\\\/portal\\\/?p=167910\",\"name\":\"Justi\u00e7a Eleitoral pro\u00edbe candidatos de participar de lives art\u00edsticas para promover campanhas - Aconteceu no Vale\",\"isPartOf\":{\"@id\":\"https:\\\/\\\/aconteceunovale.com.br\\\/portal\\\/#website\"},\"primaryImageOfPage\":{\"@id\":\"https:\\\/\\\/aconteceunovale.com.br\\\/portal\\\/?p=167910#primaryimage\"},\"image\":{\"@id\":\"https:\\\/\\\/aconteceunovale.com.br\\\/portal\\\/?p=167910#primaryimage\"},\"thumbnailUrl\":\"https:\\\/\\\/aconteceunovale.com.br\\\/portal\\\/wp-content\\\/uploads\\\/2018\\\/11\\\/tse_se.jpg\",\"datePublished\":\"2020-08-28T16:32:37+00:00\",\"dateModified\":\"2020-08-28T16:50:38+00:00\",\"author\":{\"@id\":\"https:\\\/\\\/aconteceunovale.com.br\\\/portal\\\/#\\\/schema\\\/person\\\/7d2f26d1483f8a63de73da1ee0754d35\"},\"breadcrumb\":{\"@id\":\"https:\\\/\\\/aconteceunovale.com.br\\\/portal\\\/?p=167910#breadcrumb\"},\"inLanguage\":\"pt-BR\",\"potentialAction\":[{\"@type\":\"ReadAction\",\"target\":[\"https:\\\/\\\/aconteceunovale.com.br\\\/portal\\\/?p=167910\"]}]},{\"@type\":\"ImageObject\",\"inLanguage\":\"pt-BR\",\"@id\":\"https:\\\/\\\/aconteceunovale.com.br\\\/portal\\\/?p=167910#primaryimage\",\"url\":\"https:\\\/\\\/aconteceunovale.com.br\\\/portal\\\/wp-content\\\/uploads\\\/2018\\\/11\\\/tse_se.jpg\",\"contentUrl\":\"https:\\\/\\\/aconteceunovale.com.br\\\/portal\\\/wp-content\\\/uploads\\\/2018\\\/11\\\/tse_se.jpg\",\"width\":675,\"height\":450},{\"@type\":\"BreadcrumbList\",\"@id\":\"https:\\\/\\\/aconteceunovale.com.br\\\/portal\\\/?p=167910#breadcrumb\",\"itemListElement\":[{\"@type\":\"ListItem\",\"position\":1,\"name\":\"In\u00edcio\",\"item\":\"https:\\\/\\\/aconteceunovale.com.br\\\/portal\\\/\"},{\"@type\":\"ListItem\",\"position\":2,\"name\":\"Justi\u00e7a Eleitoral pro\u00edbe candidatos de participar de lives art\u00edsticas para promover campanhas\"}]},{\"@type\":\"WebSite\",\"@id\":\"https:\\\/\\\/aconteceunovale.com.br\\\/portal\\\/#website\",\"url\":\"https:\\\/\\\/aconteceunovale.com.br\\\/portal\\\/\",\"name\":\"Aconteceu no Vale\",\"description\":\"Portal de Not\u00edcias\",\"potentialAction\":[{\"@type\":\"SearchAction\",\"target\":{\"@type\":\"EntryPoint\",\"urlTemplate\":\"https:\\\/\\\/aconteceunovale.com.br\\\/portal\\\/?s={search_term_string}\"},\"query-input\":{\"@type\":\"PropertyValueSpecification\",\"valueRequired\":true,\"valueName\":\"search_term_string\"}}],\"inLanguage\":\"pt-BR\"},{\"@type\":\"Person\",\"@id\":\"https:\\\/\\\/aconteceunovale.com.br\\\/portal\\\/#\\\/schema\\\/person\\\/7d2f26d1483f8a63de73da1ee0754d35\",\"name\":\"Reda\u00e7\u00e3o Aconteceu no Vale\",\"description\":\"Equipe de reportagem do Aconteceu no Vale, portal de not\u00edcias do Vale do Jequitinhonha, em Minas Gerais. Cobrimos as 51 cidades do Vale desde 2013. Sugest\u00f5es de pauta e pedidos de corre\u00e7\u00e3o: contato@aconteceunovale.com.br\",\"url\":\"https:\\\/\\\/aconteceunovale.com.br\\\/portal\\\/?author=4\"}]}<\/script>\n<!-- \/ Yoast SEO plugin. -->","yoast_head_json":{"title":"Justi\u00e7a Eleitoral pro\u00edbe candidatos de participar de lives art\u00edsticas para promover campanhas - Aconteceu no Vale","robots":{"index":"index","follow":"follow","max-snippet":"max-snippet:-1","max-image-preview":"max-image-preview:large","max-video-preview":"max-video-preview:-1"},"canonical":"https:\/\/aconteceunovale.com.br\/portal\/?p=167910","og_locale":"pt_BR","og_type":"article","og_title":"Justi\u00e7a Eleitoral pro\u00edbe candidatos de participar de lives art\u00edsticas para promover campanhas - Aconteceu no Vale","og_description":"O plen\u00e1rio do Tribunal Superior Eleitoral (TSE) afirmou\u00a0hoje\u00a0(28\/8\/2020), por unanimidade, ser vedada a apresenta\u00e7\u00e3o de artistas como cantores e atores, sejam estes remunerados ou n\u00e3o, em transmiss\u00f5es ao vivo pela internet (lives) feitas por candidatos. O entendimento foi proferido em resposta a uma consulta do Psol, que havia indagado ao TSE se, levando&nbsp;em considera\u00e7\u00e3o o [&hellip;]","og_url":"https:\/\/aconteceunovale.com.br\/portal\/?p=167910","og_site_name":"Aconteceu no Vale","article_publisher":"https:\/\/www.facebook.com\/aconteceunovale\/","article_published_time":"2020-08-28T16:32:37+00:00","article_modified_time":"2020-08-28T16:50:38+00:00","og_image":[{"width":675,"height":450,"url":"https:\/\/aconteceunovale.com.br\/portal\/wp-content\/uploads\/2018\/11\/tse_se.jpg","type":"image\/jpeg"}],"author":"Reda\u00e7\u00e3o Aconteceu no Vale","twitter_card":"summary_large_image","twitter_creator":"@noticiadosvales","twitter_site":"@noticiadosvales","twitter_misc":{"Escrito por":"Reda\u00e7\u00e3o Aconteceu no Vale","Est. tempo de leitura":"2 minutos"},"schema":{"@context":"https:\/\/schema.org","@graph":[{"@type":"Article","@id":"https:\/\/aconteceunovale.com.br\/portal\/?p=167910#article","isPartOf":{"@id":"https:\/\/aconteceunovale.com.br\/portal\/?p=167910"},"author":{"name":"Reda\u00e7\u00e3o Aconteceu no Vale","@id":"https:\/\/aconteceunovale.com.br\/portal\/#\/schema\/person\/7d2f26d1483f8a63de73da1ee0754d35"},"headline":"Justi\u00e7a Eleitoral pro\u00edbe candidatos de participar de lives art\u00edsticas para promover campanhas","datePublished":"2020-08-28T16:32:37+00:00","dateModified":"2020-08-28T16:50:38+00:00","mainEntityOfPage":{"@id":"https:\/\/aconteceunovale.com.br\/portal\/?p=167910"},"wordCount":394,"commentCount":0,"image":{"@id":"https:\/\/aconteceunovale.com.br\/portal\/?p=167910#primaryimage"},"thumbnailUrl":"https:\/\/aconteceunovale.com.br\/portal\/wp-content\/uploads\/2018\/11\/tse_se.jpg","keywords":["destaque","Justi\u00e7a Eleitoral","Justi\u00e7a Eleitoral pro\u00edbe candidatos de participar de lives art\u00edsticas para promover campanhas","Justi\u00e7a Eleitoral pro\u00edbe participa\u00e7\u00e3o de candidatos em lives para promo\u00e7\u00e3o de campanhas","Live de campanhas","Livem\u00edcio","Lives eleitorais","Lives pol\u00edticas","Lu\u00eds Felipe Salom\u00e3o","Probi\u00e7\u00e3o de lives eleitorais","Proibi\u00e7\u00e3o de livem\u00edcio","PSOL","Tribunal Superior Eleitoral","TSE"],"articleSection":["Brasil","Elei\u00e7\u00f5es 2020","Pol\u00edtica"],"inLanguage":"pt-BR","potentialAction":[{"@type":"CommentAction","name":"Comment","target":["https:\/\/aconteceunovale.com.br\/portal\/?p=167910#respond"]}]},{"@type":"WebPage","@id":"https:\/\/aconteceunovale.com.br\/portal\/?p=167910","url":"https:\/\/aconteceunovale.com.br\/portal\/?p=167910","name":"Justi\u00e7a Eleitoral pro\u00edbe candidatos de participar de lives art\u00edsticas para promover campanhas - Aconteceu no Vale","isPartOf":{"@id":"https:\/\/aconteceunovale.com.br\/portal\/#website"},"primaryImageOfPage":{"@id":"https:\/\/aconteceunovale.com.br\/portal\/?p=167910#primaryimage"},"image":{"@id":"https:\/\/aconteceunovale.com.br\/portal\/?p=167910#primaryimage"},"thumbnailUrl":"https:\/\/aconteceunovale.com.br\/portal\/wp-content\/uploads\/2018\/11\/tse_se.jpg","datePublished":"2020-08-28T16:32:37+00:00","dateModified":"2020-08-28T16:50:38+00:00","author":{"@id":"https:\/\/aconteceunovale.com.br\/portal\/#\/schema\/person\/7d2f26d1483f8a63de73da1ee0754d35"},"breadcrumb":{"@id":"https:\/\/aconteceunovale.com.br\/portal\/?p=167910#breadcrumb"},"inLanguage":"pt-BR","potentialAction":[{"@type":"ReadAction","target":["https:\/\/aconteceunovale.com.br\/portal\/?p=167910"]}]},{"@type":"ImageObject","inLanguage":"pt-BR","@id":"https:\/\/aconteceunovale.com.br\/portal\/?p=167910#primaryimage","url":"https:\/\/aconteceunovale.com.br\/portal\/wp-content\/uploads\/2018\/11\/tse_se.jpg","contentUrl":"https:\/\/aconteceunovale.com.br\/portal\/wp-content\/uploads\/2018\/11\/tse_se.jpg","width":675,"height":450},{"@type":"BreadcrumbList","@id":"https:\/\/aconteceunovale.com.br\/portal\/?p=167910#breadcrumb","itemListElement":[{"@type":"ListItem","position":1,"name":"In\u00edcio","item":"https:\/\/aconteceunovale.com.br\/portal\/"},{"@type":"ListItem","position":2,"name":"Justi\u00e7a Eleitoral pro\u00edbe candidatos de participar de lives art\u00edsticas para promover campanhas"}]},{"@type":"WebSite","@id":"https:\/\/aconteceunovale.com.br\/portal\/#website","url":"https:\/\/aconteceunovale.com.br\/portal\/","name":"Aconteceu no Vale","description":"Portal de Not\u00edcias","potentialAction":[{"@type":"SearchAction","target":{"@type":"EntryPoint","urlTemplate":"https:\/\/aconteceunovale.com.br\/portal\/?s={search_term_string}"},"query-input":{"@type":"PropertyValueSpecification","valueRequired":true,"valueName":"search_term_string"}}],"inLanguage":"pt-BR"},{"@type":"Person","@id":"https:\/\/aconteceunovale.com.br\/portal\/#\/schema\/person\/7d2f26d1483f8a63de73da1ee0754d35","name":"Reda\u00e7\u00e3o Aconteceu no Vale","description":"Equipe de reportagem do Aconteceu no Vale, portal de not\u00edcias do Vale do Jequitinhonha, em Minas Gerais. Cobrimos as 51 cidades do Vale desde 2013. Sugest\u00f5es de pauta e pedidos de corre\u00e7\u00e3o: contato@aconteceunovale.com.br","url":"https:\/\/aconteceunovale.com.br\/portal\/?author=4"}]}},"_links":{"self":[{"href":"https:\/\/aconteceunovale.com.br\/portal\/index.php?rest_route=\/wp\/v2\/posts\/167910","targetHints":{"allow":["GET"]}}],"collection":[{"href":"https:\/\/aconteceunovale.com.br\/portal\/index.php?rest_route=\/wp\/v2\/posts"}],"about":[{"href":"https:\/\/aconteceunovale.com.br\/portal\/index.php?rest_route=\/wp\/v2\/types\/post"}],"author":[{"embeddable":true,"href":"https:\/\/aconteceunovale.com.br\/portal\/index.php?rest_route=\/wp\/v2\/users\/4"}],"replies":[{"embeddable":true,"href":"https:\/\/aconteceunovale.com.br\/portal\/index.php?rest_route=%2Fwp%2Fv2%2Fcomments&post=167910"}],"version-history":[{"count":2,"href":"https:\/\/aconteceunovale.com.br\/portal\/index.php?rest_route=\/wp\/v2\/posts\/167910\/revisions"}],"predecessor-version":[{"id":167915,"href":"https:\/\/aconteceunovale.com.br\/portal\/index.php?rest_route=\/wp\/v2\/posts\/167910\/revisions\/167915"}],"wp:featuredmedia":[{"embeddable":true,"href":"https:\/\/aconteceunovale.com.br\/portal\/index.php?rest_route=\/wp\/v2\/media\/139491"}],"wp:attachment":[{"href":"https:\/\/aconteceunovale.com.br\/portal\/index.php?rest_route=%2Fwp%2Fv2%2Fmedia&parent=167910"}],"wp:term":[{"taxonomy":"category","embeddable":true,"href":"https:\/\/aconteceunovale.com.br\/portal\/index.php?rest_route=%2Fwp%2Fv2%2Fcategories&post=167910"},{"taxonomy":"post_tag","embeddable":true,"href":"https:\/\/aconteceunovale.com.br\/portal\/index.php?rest_route=%2Fwp%2Fv2%2Ftags&post=167910"}],"curies":[{"name":"wp","href":"https:\/\/api.w.org\/{rel}","templated":true}]}}