{"id":167898,"date":"2020-08-27T23:26:08","date_gmt":"2020-08-28T02:26:08","guid":{"rendered":"https:\/\/aconteceunovale.com.br\/portal\/?p=167898"},"modified":"2020-08-27T23:26:38","modified_gmt":"2020-08-28T02:26:38","slug":"operacao-prende-suspeitos-de-homicidio-e-tentativa-de-roubo-no-municipio-de-materlandia","status":"publish","type":"post","link":"https:\/\/aconteceunovale.com.br\/portal\/?p=167898","title":{"rendered":"Opera\u00e7\u00e3o prende suspeitos de homic\u00eddio e tentativa de roubo no munic\u00edpio de Materl\u00e2ndia"},"content":{"rendered":"\n<p class=\"wp-block-paragraph\">A Pol\u00edcia Civil de Minas Gerais (PCMG) realizou, na manh\u00e3 desta quinta-feira (27\/8\/2020), a opera\u00e7\u00e3o Murderers, com o objetivo de cumprir quatro mandados de pris\u00e3o e outros quatro de busca e apreens\u00e3o, nas cidades de Materl\u00e2ndia e Rio Vermelho.<\/p>\n\n\n\n<p class=\"wp-block-paragraph\">Os suspeitos s\u00e3o investigados pelo homic\u00eddio de um homem, de 37 anos, e pela tentativa de roubo cometido contra a mesma v\u00edtima. O homem foi assassinado a tiros, no dia 19 julho deste ano, tr\u00eas dias depois do roubo tentado. Ap\u00f3s 27 dias de investiga\u00e7\u00e3o, a Pol\u00edcia Civil apurou a autoria do homic\u00eddio, cometido na zona rural de Materl\u00e2ndia, assim como a do roubo tentado.<\/p>\n\n\n\n<p class=\"wp-block-paragraph\">De acordo com o delegado da comarca de Sabin\u00f3polis, S\u00e1vio Assis Machado Moraes, &#8220;ap\u00f3s incans\u00e1vel e qualificado trabalho de investiga\u00e7\u00e3o da equipe de policiais da Delegacia em Sabin\u00f3polis, foram levantados elementos de informa\u00e7\u00e3o suficientes que indicam que os crimes foram cometidos a mando de uma mesma pessoa&#8221;.<\/p>\n\n\n\n<h2 class=\"wp-block-heading\"><strong>O crime<\/strong><\/h2>\n\n\n\n<p class=\"wp-block-paragraph\">Segundo as investiga\u00e7\u00f5es, no dia 16 de julho, dois suspeitos, de 17 e 26 anos, tentaram roubar a v\u00edtima a mando de um homem, de 52, mas n\u00e3o obtiveram \u00eaxito. J\u00e1 na manh\u00e3 do dia 19 de julho, novamente sob as ordens do mesmo homem, outros dois indiv\u00edduos, de 19 e 22 anos, assassinaram a v\u00edtima a tiros, no momento em que ela chegava ao curral onde trabalhava, na zona rural de Materl\u00e2ndia.<\/p>\n\n\n\n<p class=\"wp-block-paragraph\">Durante a opera\u00e7\u00e3o, tr\u00eas dos investigados, de 19, 26 e 52 anos, foram presos e encaminhados ao Sistema Prisional. Um dos suspeitos permanece foragido.<\/p>\n\n\n\n<p class=\"wp-block-paragraph\">A a\u00e7\u00e3o contou com o apoio das equipes de policiais civis das Delegacias em Virgin\u00f3polis, Guanh\u00e3es e Santa Maria do Sua\u00e7u\u00ed.<\/p>\n\n\n\n<p class=\"wp-block-paragraph\"><strong>Confira v\u00eddeo da opera\u00e7\u00e3o:<\/strong><\/p>\n\n\n\n<figure class=\"wp-block-embed-youtube wp-block-embed is-type-rich is-provider-incorporar-manipulador wp-embed-aspect-16-9 wp-has-aspect-ratio\"><div class=\"wp-block-embed__wrapper\">\n<iframe loading=\"lazy\" title=\"PCMG deflagra Opera\u00e7\u00e3o Murderers e prende suspeitos de homic\u00eddio e tentativa de roubo\" width=\"696\" height=\"392\" src=\"https:\/\/www.youtube.com\/embed\/8pAPnE1lI8o?feature=oembed\" frameborder=\"0\" allow=\"accelerometer; autoplay; encrypted-media; gyroscope; picture-in-picture\" allowfullscreen><\/iframe>\n<\/div><\/figure>\n\n\n\n<p class=\"has-pale-cyan-blue-background-color has-background wp-block-paragraph\">Quer saber as not\u00edcias do <strong>Aconteceu no Vale<\/strong> em primeira m\u00e3o? Siga-nos no Facebook <a rel=\"noreferrer noopener\" href=\"http:\/\/facebook.com\/aconteceunovale\" target=\"_blank\">@aconteceunovale<\/a>, Twitter <a rel=\"noreferrer noopener\" href=\"https:\/\/twitter.com\/noticiadosvales\" target=\"_blank\">@noticiadosvales<\/a> e Instagram <a rel=\"noreferrer noopener\" href=\"https:\/\/www.instagram.com\/aconteceunovale\" target=\"_blank\">@aconteceunovale<\/a>.<\/p>\n","protected":false},"excerpt":{"rendered":"<p>A Pol\u00edcia Civil de Minas Gerais (PCMG) realizou, na manh\u00e3 desta quinta-feira (27\/8\/2020), a opera\u00e7\u00e3o Murderers, com o objetivo de cumprir quatro mandados de pris\u00e3o e outros quatro de busca e apreens\u00e3o, nas cidades de Materl\u00e2ndia e Rio Vermelho. Os suspeitos s\u00e3o investigados pelo homic\u00eddio de um homem, de 37 anos, e pela tentativa de [&hellip;]<\/p>\n","protected":false},"author":4,"featured_media":167900,"comment_status":"open","ping_status":"closed","sticky":false,"template":"","format":"standard","meta":{"amp_status":"","footnotes":""},"categories":[121],"tags":[187421,228389,221461,1018,228383,187419,228384,301,228387,228386,228388,228385,228382,44644,59153,445,310,240,221460,332],"class_list":["post-167898","post","type-post","status-publish","format-standard","has-post-thumbnail","hentry","category-leste","tag-assassinado-em-materlandia","tag-delegado-de-sabinopolis","tag-delegado-savio-assis-machado-moraes","tag-destaque","tag-homem-morto-em-materlandia","tag-homicidio-em-materlandia","tag-latrocinio-em-materlandia","tag-materlandia","tag-operacao-da-pcmg-em-materlandia","tag-operacao-da-policia-civil-em-materlandia","tag-operacao-murderers-em-materlandia","tag-operacao-policial-em-materlandia","tag-operacao-prende-suspeitos-de-homicidio-e-tentativa-de-roubo-no-municipio-de-materlandia","tag-policia-civil-de-minas-gerais","tag-presos-em-materlandia","tag-rio-vermelho","tag-sabinopolis","tag-santa-maria-do-suacui","tag-savio-assis-machado-moraes","tag-virginopolis"],"yoast_head":"<!-- This site is optimized with the Yoast SEO plugin v28.3 - https:\/\/yoast.com\/product\/yoast-seo-wordpress\/ -->\n<title>Opera\u00e7\u00e3o prende suspeitos de homic\u00eddio e tentativa de roubo no munic\u00edpio de Materl\u00e2ndia - Aconteceu no Vale<\/title>\n<meta name=\"robots\" content=\"index, follow, max-snippet:-1, max-image-preview:large, max-video-preview:-1\" \/>\n<link rel=\"canonical\" href=\"https:\/\/aconteceunovale.com.br\/portal\/?p=167898\" \/>\n<meta property=\"og:locale\" content=\"pt_BR\" \/>\n<meta property=\"og:type\" content=\"article\" \/>\n<meta property=\"og:title\" content=\"Opera\u00e7\u00e3o prende suspeitos de homic\u00eddio e tentativa de roubo no munic\u00edpio de Materl\u00e2ndia - Aconteceu no Vale\" \/>\n<meta property=\"og:description\" content=\"A Pol\u00edcia Civil de Minas Gerais (PCMG) realizou, na manh\u00e3 desta quinta-feira (27\/8\/2020), a opera\u00e7\u00e3o Murderers, com o objetivo de cumprir quatro mandados de pris\u00e3o e outros quatro de busca e apreens\u00e3o, nas cidades de Materl\u00e2ndia e Rio Vermelho. Os suspeitos s\u00e3o investigados pelo homic\u00eddio de um homem, de 37 anos, e pela tentativa de [&hellip;]\" \/>\n<meta property=\"og:url\" content=\"https:\/\/aconteceunovale.com.br\/portal\/?p=167898\" \/>\n<meta property=\"og:site_name\" content=\"Aconteceu no Vale\" \/>\n<meta property=\"article:publisher\" content=\"https:\/\/www.facebook.com\/aconteceunovale\/\" \/>\n<meta property=\"article:published_time\" content=\"2020-08-28T02:26:08+00:00\" \/>\n<meta property=\"article:modified_time\" content=\"2020-08-28T02:26:38+00:00\" \/>\n<meta property=\"og:image\" content=\"https:\/\/aconteceunovale.com.br\/portal\/wp-content\/uploads\/2020\/08\/operacao_materlandia.png\" \/>\n\t<meta property=\"og:image:width\" content=\"678\" \/>\n\t<meta property=\"og:image:height\" content=\"363\" \/>\n\t<meta property=\"og:image:type\" content=\"image\/png\" \/>\n<meta name=\"author\" content=\"Reda\u00e7\u00e3o Aconteceu no Vale\" \/>\n<meta name=\"twitter:card\" content=\"summary_large_image\" \/>\n<meta name=\"twitter:creator\" content=\"@noticiadosvales\" \/>\n<meta name=\"twitter:site\" content=\"@noticiadosvales\" \/>\n<meta name=\"twitter:label1\" content=\"Escrito por\" \/>\n\t<meta name=\"twitter:data1\" content=\"Reda\u00e7\u00e3o Aconteceu no Vale\" \/>\n\t<meta name=\"twitter:label2\" content=\"Est. tempo de leitura\" \/>\n\t<meta name=\"twitter:data2\" content=\"2 minutos\" \/>\n<script type=\"application\/ld+json\" class=\"yoast-schema-graph\">{\"@context\":\"https:\\\/\\\/schema.org\",\"@graph\":[{\"@type\":\"Article\",\"@id\":\"https:\\\/\\\/aconteceunovale.com.br\\\/portal\\\/?p=167898#article\",\"isPartOf\":{\"@id\":\"https:\\\/\\\/aconteceunovale.com.br\\\/portal\\\/?p=167898\"},\"author\":{\"name\":\"Reda\u00e7\u00e3o Aconteceu no Vale\",\"@id\":\"https:\\\/\\\/aconteceunovale.com.br\\\/portal\\\/#\\\/schema\\\/person\\\/7d2f26d1483f8a63de73da1ee0754d35\"},\"headline\":\"Opera\u00e7\u00e3o prende suspeitos de homic\u00eddio e tentativa de roubo no munic\u00edpio de Materl\u00e2ndia\",\"datePublished\":\"2020-08-28T02:26:08+00:00\",\"dateModified\":\"2020-08-28T02:26:38+00:00\",\"mainEntityOfPage\":{\"@id\":\"https:\\\/\\\/aconteceunovale.com.br\\\/portal\\\/?p=167898\"},\"wordCount\":343,\"commentCount\":0,\"image\":{\"@id\":\"https:\\\/\\\/aconteceunovale.com.br\\\/portal\\\/?p=167898#primaryimage\"},\"thumbnailUrl\":\"https:\\\/\\\/aconteceunovale.com.br\\\/portal\\\/wp-content\\\/uploads\\\/2020\\\/08\\\/operacao_materlandia.png\",\"keywords\":[\"Assassinado em Materl\u00e2ndia\",\"Delegado de Sabin\u00f3polis\",\"Delegado S\u00e1vio Assis Machado Moraes\",\"destaque\",\"Homem morto em Materl\u00e2ndia\",\"Homic\u00eddio em Materl\u00e2ndia\",\"Latroc\u00ednio em Materl\u00e2ndia\",\"Materl\u00e2ndia\",\"Opera\u00e7\u00e3o da PCMG em Materl\u00e2ndia\",\"Opera\u00e7\u00e3o da Pol\u00edcia Civil em Materl\u00e2ndia\",\"Opera\u00e7\u00e3o Murderers em Materl\u00e2ndia\",\"Opera\u00e7\u00e3o policial em Materl\u00e2ndia\",\"Opera\u00e7\u00e3o prende suspeitos de homic\u00eddio e tentativa de roubo no munic\u00edpio de Materl\u00e2ndia\",\"Pol\u00edcia Civil de Minas Gerais\",\"presos em materl\u00e2ndia\",\"Rio Vermelho\",\"Sabin\u00f3polis\",\"Santa Maria do Sua\u00e7u\u00ed\",\"S\u00e1vio Assis Machado Moraes\",\"Virgin\u00f3polis\"],\"articleSection\":[\"Leste de Minas\"],\"inLanguage\":\"pt-BR\",\"potentialAction\":[{\"@type\":\"CommentAction\",\"name\":\"Comment\",\"target\":[\"https:\\\/\\\/aconteceunovale.com.br\\\/portal\\\/?p=167898#respond\"]}]},{\"@type\":\"WebPage\",\"@id\":\"https:\\\/\\\/aconteceunovale.com.br\\\/portal\\\/?p=167898\",\"url\":\"https:\\\/\\\/aconteceunovale.com.br\\\/portal\\\/?p=167898\",\"name\":\"Opera\u00e7\u00e3o prende suspeitos de homic\u00eddio e tentativa de roubo no munic\u00edpio de Materl\u00e2ndia - Aconteceu no Vale\",\"isPartOf\":{\"@id\":\"https:\\\/\\\/aconteceunovale.com.br\\\/portal\\\/#website\"},\"primaryImageOfPage\":{\"@id\":\"https:\\\/\\\/aconteceunovale.com.br\\\/portal\\\/?p=167898#primaryimage\"},\"image\":{\"@id\":\"https:\\\/\\\/aconteceunovale.com.br\\\/portal\\\/?p=167898#primaryimage\"},\"thumbnailUrl\":\"https:\\\/\\\/aconteceunovale.com.br\\\/portal\\\/wp-content\\\/uploads\\\/2020\\\/08\\\/operacao_materlandia.png\",\"datePublished\":\"2020-08-28T02:26:08+00:00\",\"dateModified\":\"2020-08-28T02:26:38+00:00\",\"author\":{\"@id\":\"https:\\\/\\\/aconteceunovale.com.br\\\/portal\\\/#\\\/schema\\\/person\\\/7d2f26d1483f8a63de73da1ee0754d35\"},\"breadcrumb\":{\"@id\":\"https:\\\/\\\/aconteceunovale.com.br\\\/portal\\\/?p=167898#breadcrumb\"},\"inLanguage\":\"pt-BR\",\"potentialAction\":[{\"@type\":\"ReadAction\",\"target\":[\"https:\\\/\\\/aconteceunovale.com.br\\\/portal\\\/?p=167898\"]}]},{\"@type\":\"ImageObject\",\"inLanguage\":\"pt-BR\",\"@id\":\"https:\\\/\\\/aconteceunovale.com.br\\\/portal\\\/?p=167898#primaryimage\",\"url\":\"https:\\\/\\\/aconteceunovale.com.br\\\/portal\\\/wp-content\\\/uploads\\\/2020\\\/08\\\/operacao_materlandia.png\",\"contentUrl\":\"https:\\\/\\\/aconteceunovale.com.br\\\/portal\\\/wp-content\\\/uploads\\\/2020\\\/08\\\/operacao_materlandia.png\",\"width\":678,\"height\":363},{\"@type\":\"BreadcrumbList\",\"@id\":\"https:\\\/\\\/aconteceunovale.com.br\\\/portal\\\/?p=167898#breadcrumb\",\"itemListElement\":[{\"@type\":\"ListItem\",\"position\":1,\"name\":\"In\u00edcio\",\"item\":\"https:\\\/\\\/aconteceunovale.com.br\\\/portal\\\/\"},{\"@type\":\"ListItem\",\"position\":2,\"name\":\"Opera\u00e7\u00e3o prende suspeitos de homic\u00eddio e tentativa de roubo no munic\u00edpio de Materl\u00e2ndia\"}]},{\"@type\":\"WebSite\",\"@id\":\"https:\\\/\\\/aconteceunovale.com.br\\\/portal\\\/#website\",\"url\":\"https:\\\/\\\/aconteceunovale.com.br\\\/portal\\\/\",\"name\":\"Aconteceu no Vale\",\"description\":\"Portal de Not\u00edcias\",\"potentialAction\":[{\"@type\":\"SearchAction\",\"target\":{\"@type\":\"EntryPoint\",\"urlTemplate\":\"https:\\\/\\\/aconteceunovale.com.br\\\/portal\\\/?s={search_term_string}\"},\"query-input\":{\"@type\":\"PropertyValueSpecification\",\"valueRequired\":true,\"valueName\":\"search_term_string\"}}],\"inLanguage\":\"pt-BR\"},{\"@type\":\"Person\",\"@id\":\"https:\\\/\\\/aconteceunovale.com.br\\\/portal\\\/#\\\/schema\\\/person\\\/7d2f26d1483f8a63de73da1ee0754d35\",\"name\":\"Reda\u00e7\u00e3o Aconteceu no Vale\",\"description\":\"Equipe de reportagem do Aconteceu no Vale, portal de not\u00edcias do Vale do Jequitinhonha, em Minas Gerais. Cobrimos as 51 cidades do Vale desde 2013. Sugest\u00f5es de pauta e pedidos de corre\u00e7\u00e3o: contato@aconteceunovale.com.br\",\"url\":\"https:\\\/\\\/aconteceunovale.com.br\\\/portal\\\/?author=4\"}]}<\/script>\n<!-- \/ Yoast SEO plugin. -->","yoast_head_json":{"title":"Opera\u00e7\u00e3o prende suspeitos de homic\u00eddio e tentativa de roubo no munic\u00edpio de Materl\u00e2ndia - Aconteceu no Vale","robots":{"index":"index","follow":"follow","max-snippet":"max-snippet:-1","max-image-preview":"max-image-preview:large","max-video-preview":"max-video-preview:-1"},"canonical":"https:\/\/aconteceunovale.com.br\/portal\/?p=167898","og_locale":"pt_BR","og_type":"article","og_title":"Opera\u00e7\u00e3o prende suspeitos de homic\u00eddio e tentativa de roubo no munic\u00edpio de Materl\u00e2ndia - Aconteceu no Vale","og_description":"A Pol\u00edcia Civil de Minas Gerais (PCMG) realizou, na manh\u00e3 desta quinta-feira (27\/8\/2020), a opera\u00e7\u00e3o Murderers, com o objetivo de cumprir quatro mandados de pris\u00e3o e outros quatro de busca e apreens\u00e3o, nas cidades de Materl\u00e2ndia e Rio Vermelho. Os suspeitos s\u00e3o investigados pelo homic\u00eddio de um homem, de 37 anos, e pela tentativa de [&hellip;]","og_url":"https:\/\/aconteceunovale.com.br\/portal\/?p=167898","og_site_name":"Aconteceu no Vale","article_publisher":"https:\/\/www.facebook.com\/aconteceunovale\/","article_published_time":"2020-08-28T02:26:08+00:00","article_modified_time":"2020-08-28T02:26:38+00:00","og_image":[{"width":678,"height":363,"url":"https:\/\/aconteceunovale.com.br\/portal\/wp-content\/uploads\/2020\/08\/operacao_materlandia.png","type":"image\/png"}],"author":"Reda\u00e7\u00e3o Aconteceu no Vale","twitter_card":"summary_large_image","twitter_creator":"@noticiadosvales","twitter_site":"@noticiadosvales","twitter_misc":{"Escrito por":"Reda\u00e7\u00e3o Aconteceu no Vale","Est. tempo de leitura":"2 minutos"},"schema":{"@context":"https:\/\/schema.org","@graph":[{"@type":"Article","@id":"https:\/\/aconteceunovale.com.br\/portal\/?p=167898#article","isPartOf":{"@id":"https:\/\/aconteceunovale.com.br\/portal\/?p=167898"},"author":{"name":"Reda\u00e7\u00e3o Aconteceu no Vale","@id":"https:\/\/aconteceunovale.com.br\/portal\/#\/schema\/person\/7d2f26d1483f8a63de73da1ee0754d35"},"headline":"Opera\u00e7\u00e3o prende suspeitos de homic\u00eddio e tentativa de roubo no munic\u00edpio de Materl\u00e2ndia","datePublished":"2020-08-28T02:26:08+00:00","dateModified":"2020-08-28T02:26:38+00:00","mainEntityOfPage":{"@id":"https:\/\/aconteceunovale.com.br\/portal\/?p=167898"},"wordCount":343,"commentCount":0,"image":{"@id":"https:\/\/aconteceunovale.com.br\/portal\/?p=167898#primaryimage"},"thumbnailUrl":"https:\/\/aconteceunovale.com.br\/portal\/wp-content\/uploads\/2020\/08\/operacao_materlandia.png","keywords":["Assassinado em Materl\u00e2ndia","Delegado de Sabin\u00f3polis","Delegado S\u00e1vio Assis Machado Moraes","destaque","Homem morto em Materl\u00e2ndia","Homic\u00eddio em Materl\u00e2ndia","Latroc\u00ednio em Materl\u00e2ndia","Materl\u00e2ndia","Opera\u00e7\u00e3o da PCMG em Materl\u00e2ndia","Opera\u00e7\u00e3o da Pol\u00edcia Civil em Materl\u00e2ndia","Opera\u00e7\u00e3o Murderers em Materl\u00e2ndia","Opera\u00e7\u00e3o policial em Materl\u00e2ndia","Opera\u00e7\u00e3o prende suspeitos de homic\u00eddio e tentativa de roubo no munic\u00edpio de Materl\u00e2ndia","Pol\u00edcia Civil de Minas Gerais","presos em materl\u00e2ndia","Rio Vermelho","Sabin\u00f3polis","Santa Maria do Sua\u00e7u\u00ed","S\u00e1vio Assis Machado Moraes","Virgin\u00f3polis"],"articleSection":["Leste de Minas"],"inLanguage":"pt-BR","potentialAction":[{"@type":"CommentAction","name":"Comment","target":["https:\/\/aconteceunovale.com.br\/portal\/?p=167898#respond"]}]},{"@type":"WebPage","@id":"https:\/\/aconteceunovale.com.br\/portal\/?p=167898","url":"https:\/\/aconteceunovale.com.br\/portal\/?p=167898","name":"Opera\u00e7\u00e3o prende suspeitos de homic\u00eddio e tentativa de roubo no munic\u00edpio de Materl\u00e2ndia - Aconteceu no Vale","isPartOf":{"@id":"https:\/\/aconteceunovale.com.br\/portal\/#website"},"primaryImageOfPage":{"@id":"https:\/\/aconteceunovale.com.br\/portal\/?p=167898#primaryimage"},"image":{"@id":"https:\/\/aconteceunovale.com.br\/portal\/?p=167898#primaryimage"},"thumbnailUrl":"https:\/\/aconteceunovale.com.br\/portal\/wp-content\/uploads\/2020\/08\/operacao_materlandia.png","datePublished":"2020-08-28T02:26:08+00:00","dateModified":"2020-08-28T02:26:38+00:00","author":{"@id":"https:\/\/aconteceunovale.com.br\/portal\/#\/schema\/person\/7d2f26d1483f8a63de73da1ee0754d35"},"breadcrumb":{"@id":"https:\/\/aconteceunovale.com.br\/portal\/?p=167898#breadcrumb"},"inLanguage":"pt-BR","potentialAction":[{"@type":"ReadAction","target":["https:\/\/aconteceunovale.com.br\/portal\/?p=167898"]}]},{"@type":"ImageObject","inLanguage":"pt-BR","@id":"https:\/\/aconteceunovale.com.br\/portal\/?p=167898#primaryimage","url":"https:\/\/aconteceunovale.com.br\/portal\/wp-content\/uploads\/2020\/08\/operacao_materlandia.png","contentUrl":"https:\/\/aconteceunovale.com.br\/portal\/wp-content\/uploads\/2020\/08\/operacao_materlandia.png","width":678,"height":363},{"@type":"BreadcrumbList","@id":"https:\/\/aconteceunovale.com.br\/portal\/?p=167898#breadcrumb","itemListElement":[{"@type":"ListItem","position":1,"name":"In\u00edcio","item":"https:\/\/aconteceunovale.com.br\/portal\/"},{"@type":"ListItem","position":2,"name":"Opera\u00e7\u00e3o prende suspeitos de homic\u00eddio e tentativa de roubo no munic\u00edpio de Materl\u00e2ndia"}]},{"@type":"WebSite","@id":"https:\/\/aconteceunovale.com.br\/portal\/#website","url":"https:\/\/aconteceunovale.com.br\/portal\/","name":"Aconteceu no Vale","description":"Portal de Not\u00edcias","potentialAction":[{"@type":"SearchAction","target":{"@type":"EntryPoint","urlTemplate":"https:\/\/aconteceunovale.com.br\/portal\/?s={search_term_string}"},"query-input":{"@type":"PropertyValueSpecification","valueRequired":true,"valueName":"search_term_string"}}],"inLanguage":"pt-BR"},{"@type":"Person","@id":"https:\/\/aconteceunovale.com.br\/portal\/#\/schema\/person\/7d2f26d1483f8a63de73da1ee0754d35","name":"Reda\u00e7\u00e3o Aconteceu no Vale","description":"Equipe de reportagem do Aconteceu no Vale, portal de not\u00edcias do Vale do Jequitinhonha, em Minas Gerais. Cobrimos as 51 cidades do Vale desde 2013. Sugest\u00f5es de pauta e pedidos de corre\u00e7\u00e3o: contato@aconteceunovale.com.br","url":"https:\/\/aconteceunovale.com.br\/portal\/?author=4"}]}},"_links":{"self":[{"href":"https:\/\/aconteceunovale.com.br\/portal\/index.php?rest_route=\/wp\/v2\/posts\/167898","targetHints":{"allow":["GET"]}}],"collection":[{"href":"https:\/\/aconteceunovale.com.br\/portal\/index.php?rest_route=\/wp\/v2\/posts"}],"about":[{"href":"https:\/\/aconteceunovale.com.br\/portal\/index.php?rest_route=\/wp\/v2\/types\/post"}],"author":[{"embeddable":true,"href":"https:\/\/aconteceunovale.com.br\/portal\/index.php?rest_route=\/wp\/v2\/users\/4"}],"replies":[{"embeddable":true,"href":"https:\/\/aconteceunovale.com.br\/portal\/index.php?rest_route=%2Fwp%2Fv2%2Fcomments&post=167898"}],"version-history":[{"count":1,"href":"https:\/\/aconteceunovale.com.br\/portal\/index.php?rest_route=\/wp\/v2\/posts\/167898\/revisions"}],"predecessor-version":[{"id":167901,"href":"https:\/\/aconteceunovale.com.br\/portal\/index.php?rest_route=\/wp\/v2\/posts\/167898\/revisions\/167901"}],"wp:featuredmedia":[{"embeddable":true,"href":"https:\/\/aconteceunovale.com.br\/portal\/index.php?rest_route=\/wp\/v2\/media\/167900"}],"wp:attachment":[{"href":"https:\/\/aconteceunovale.com.br\/portal\/index.php?rest_route=%2Fwp%2Fv2%2Fmedia&parent=167898"}],"wp:term":[{"taxonomy":"category","embeddable":true,"href":"https:\/\/aconteceunovale.com.br\/portal\/index.php?rest_route=%2Fwp%2Fv2%2Fcategories&post=167898"},{"taxonomy":"post_tag","embeddable":true,"href":"https:\/\/aconteceunovale.com.br\/portal\/index.php?rest_route=%2Fwp%2Fv2%2Ftags&post=167898"}],"curies":[{"name":"wp","href":"https:\/\/api.w.org\/{rel}","templated":true}]}}