{"id":167864,"date":"2020-08-26T23:32:49","date_gmt":"2020-08-27T02:32:49","guid":{"rendered":"https:\/\/aconteceunovale.com.br\/portal\/?p=167864"},"modified":"2020-08-26T23:33:00","modified_gmt":"2020-08-27T02:33:00","slug":"ex-prefeito-e-ex-vice-prefeito-de-medina-sao-condenados-por-improbidade-administrativa","status":"publish","type":"post","link":"https:\/\/aconteceunovale.com.br\/portal\/?p=167864","title":{"rendered":"Ex-prefeito e ex-vice-prefeito de Medina s\u00e3o condenados por improbidade administrativa"},"content":{"rendered":"\n<p>O Minist\u00e9rio P\u00fablico de Minas Gerais (MPMG) conseguiu na Justi\u00e7a a condena\u00e7\u00e3o do ex-prefeito (gest\u00e3o 2013-2016) e do ex-vice-prefeito (gest\u00e3o 2009-2012) de Medina por improbidade administrativa na contra\u00e7\u00e3o direta, em 2012, e na renova\u00e7\u00e3o contratual, em 2013, de uma advogada para a presta\u00e7\u00e3o de servi\u00e7os de assessoria e consultoria jur\u00eddica ao munic\u00edpio. Os dois pol\u00edticos e a advogada foram condenados ao pagamento de multa de R$ 32,5 mil, o que corresponde ao valor do contrato firmado em 2013. Essa quantia, de acordo com a senten\u00e7a, deve passar por corre\u00e7\u00e3o monet\u00e1ria e ser devolvida aos cofres p\u00fablicos.<\/p>\n\n\n\n<p>Segundo a Promotoria de Justi\u00e7a de Defesa do Patrim\u00f4nio P\u00fablico de Medina, o ex-vice-prefeito, em 2012, contratou irregularmente, por nove meses, os servi\u00e7os da advogada sem qualquer processo licitat\u00f3rio ou dispensa de licita\u00e7\u00e3o. E em 2013, o ex-prefeito renovou o contrato por mais 12 meses para a presta\u00e7\u00e3o de servi\u00e7os rotineiros da Administra\u00e7\u00e3o P\u00fablica Municipal, que at\u00e9 ent\u00e3o n\u00e3o contatava com procurador Jur\u00eddico concursado.<\/p>\n\n\n\n<p>\u201cO ex-vice prefeito fez, em 2012, a contrata\u00e7\u00e3o direta dos servi\u00e7os de advocacia, sem realizar o devido e regular processo licitat\u00f3rio e sem que a advogada possu\u00edsse not\u00f3ria especializa\u00e7\u00e3o que justificasse a dispensa ou inexigibilidade de licita\u00e7\u00e3o. E esse contrato foi renovado pelo ex-prefeito em 2013, mantendo a ilegalidade da contrata\u00e7\u00e3o\u201d, afirmou o promotor de Justi\u00e7a Uilian Carlos Barbosa de Carvalho.<\/p>\n\n\n\n<p>Cabe recurso da decis\u00e3o.<\/p>\n\n\n\n<p class=\"has-pale-cyan-blue-background-color has-background\">Quer saber as not\u00edcias do <strong>Aconteceu no Vale<\/strong> em primeira m\u00e3o? Siga-nos no Facebook <a rel=\"noreferrer noopener\" href=\"http:\/\/facebook.com\/aconteceunovale\" target=\"_blank\">@aconteceunovale<\/a>, Twitter <a rel=\"noreferrer noopener\" href=\"https:\/\/twitter.com\/noticiadosvales\" target=\"_blank\">@noticiadosvales<\/a> e Instagram <a rel=\"noreferrer noopener\" href=\"https:\/\/www.instagram.com\/aconteceunovale\" target=\"_blank\">@aconteceunovale<\/a>.<\/p>\n","protected":false},"excerpt":{"rendered":"<p>O Minist\u00e9rio P\u00fablico de Minas Gerais (MPMG) conseguiu na Justi\u00e7a a condena\u00e7\u00e3o do ex-prefeito (gest\u00e3o 2013-2016) e do ex-vice-prefeito (gest\u00e3o 2009-2012) de Medina por improbidade administrativa na contra\u00e7\u00e3o direta, em 2012, e na renova\u00e7\u00e3o contratual, em 2013, de uma advogada para a presta\u00e7\u00e3o de servi\u00e7os de assessoria e consultoria jur\u00eddica ao munic\u00edpio. Os dois pol\u00edticos [&hellip;]<\/p>\n","protected":false},"author":4,"featured_media":163415,"comment_status":"open","ping_status":"closed","sticky":false,"template":"","format":"standard","meta":{"amp_status":"","footnotes":""},"categories":[40240,120],"tags":[228327,1018,228326,226507,389,228330,228329,228328,158543,207788],"class_list":["post-167864","post","type-post","status-publish","format-standard","has-post-thumbnail","hentry","category-politica-2","category-jequi","tag-condenados-em-medina","tag-destaque","tag-ex-prefeito-e-ex-vice-prefeito-de-medina-sao-condenados-por-improbidade-administrativa","tag-improbidade-administrativa-em-medina","tag-medina","tag-ministerio-publico-em-medina","tag-mpmg-medina","tag-politicos-condenados-em-medina","tag-promotor-uilian-carlos-barbosa-de-carvalho","tag-promotoria-de-justica-de-defesa-do-patrimonio-publico-de-medina"],"_links":{"self":[{"href":"https:\/\/aconteceunovale.com.br\/portal\/index.php?rest_route=\/wp\/v2\/posts\/167864","targetHints":{"allow":["GET"]}}],"collection":[{"href":"https:\/\/aconteceunovale.com.br\/portal\/index.php?rest_route=\/wp\/v2\/posts"}],"about":[{"href":"https:\/\/aconteceunovale.com.br\/portal\/index.php?rest_route=\/wp\/v2\/types\/post"}],"author":[{"embeddable":true,"href":"https:\/\/aconteceunovale.com.br\/portal\/index.php?rest_route=\/wp\/v2\/users\/4"}],"replies":[{"embeddable":true,"href":"https:\/\/aconteceunovale.com.br\/portal\/index.php?rest_route=%2Fwp%2Fv2%2Fcomments&post=167864"}],"version-history":[{"count":1,"href":"https:\/\/aconteceunovale.com.br\/portal\/index.php?rest_route=\/wp\/v2\/posts\/167864\/revisions"}],"predecessor-version":[{"id":167865,"href":"https:\/\/aconteceunovale.com.br\/portal\/index.php?rest_route=\/wp\/v2\/posts\/167864\/revisions\/167865"}],"wp:featuredmedia":[{"embeddable":true,"href":"https:\/\/aconteceunovale.com.br\/portal\/index.php?rest_route=\/wp\/v2\/media\/163415"}],"wp:attachment":[{"href":"https:\/\/aconteceunovale.com.br\/portal\/index.php?rest_route=%2Fwp%2Fv2%2Fmedia&parent=167864"}],"wp:term":[{"taxonomy":"category","embeddable":true,"href":"https:\/\/aconteceunovale.com.br\/portal\/index.php?rest_route=%2Fwp%2Fv2%2Fcategories&post=167864"},{"taxonomy":"post_tag","embeddable":true,"href":"https:\/\/aconteceunovale.com.br\/portal\/index.php?rest_route=%2Fwp%2Fv2%2Ftags&post=167864"}],"curies":[{"name":"wp","href":"https:\/\/api.w.org\/{rel}","templated":true}]}}