{"id":167862,"date":"2020-08-26T23:26:52","date_gmt":"2020-08-27T02:26:52","guid":{"rendered":"https:\/\/aconteceunovale.com.br\/portal\/?p=167862"},"modified":"2020-08-26T23:27:15","modified_gmt":"2020-08-27T02:27:15","slug":"homem-e-condenado-a-mais-de-15-anos-de-prisao-pela-morte-de-ex-companheira-no-municipio-de-minas-novas","status":"publish","type":"post","link":"https:\/\/aconteceunovale.com.br\/portal\/?p=167862","title":{"rendered":"Homem \u00e9 condenado a mais de 15 anos de pris\u00e3o pela morte de ex-companheira no munic\u00edpio de Minas Novas"},"content":{"rendered":"\n<p>Um homem de 50 anos foi condenado, em sess\u00e3o do Tribunal do J\u00fari realizada no dia 19 de agosto de 2020, em Minas Novas, a uma pena de 15 anos e nove meses de reclus\u00e3o, a ser cumprida inicialmente em regime fechado, pelo assassinato de sua ex-mulher.\u00a0\u00a0 \u00a0<br><br>Durante o julgamento, a representante do Minist\u00e9rio P\u00fablico de Minas Gerais (MPMG) promotora de Justi\u00e7a Tatiane de Almeida Carvalho defendeu a condena\u00e7\u00e3o do acusado nos termos da pron\u00fancia, ou seja, por homic\u00eddio triplamente qualificado: por motivo f\u00fatil; uso de recurso que dificultou a defesa da v\u00edtima e em raz\u00e3o da condi\u00e7\u00e3o de sexo feminino (feminic\u00eddio).\u00a0 \u00a0<br><br>Os jurados acolheram, integralmente, a tese do Minist\u00e9rio P\u00fablico, tendo o juiz Ot\u00e1vio\u00a0 Nevony, ao proferir a senten\u00e7a penal condenat\u00f3ria, determinado a manuten\u00e7\u00e3o da pris\u00e3o preventiva do condenado, que j\u00e1 se encontrava preso, n\u00e3o permitindo que aguardasse o tr\u00e2nsito em julgado em liberdade.\u00a0 \u00a0<br><br>Segundo apurado, no dia 28 de janeiro de 2016, por volta das 22h, a v\u00edtima foi \u00e0 casa do ex-marido na comunidade de Ribeir\u00e3o dos Santos, zona rural de Minas Novas, inform\u00e1-lo sobre quest\u00f5es relacionadas aos pap\u00e9is do div\u00f3rcio, e foi surpreendida por ele que, armado com uma faca, desferiu 12 golpes contra ela, matando-a na presen\u00e7a do filho, ent\u00e3o com 17 anos de idade.\u00a0\u00a0 \u00a0<br><br>Na den\u00fancia, oferecida em maio de 2017, o promotor de Justi\u00e7a F\u00e1bio Martinolli Monteiro ressaltou a despropor\u00e7\u00e3o entre o motivo do crime e seu resultado. Al\u00e9m do motivo f\u00fatil consistente\u00a0 no inconformismo com o fim do casamento, alegou que o crime foi praticado mediante recurso que dificultou a defesa da v\u00edtima, uma vez que o homem, que j\u00e1 estava com a faca na cintura, durante uma conversa normal, sacou a arma inesperadamente e desferiu v\u00e1rios golpes contra a mulher. Argumentou ainda que o crime contra a ex-esposa foi praticado em raz\u00e3o de sua condi\u00e7\u00e3o de mulher, em n\u00edtida situa\u00e7\u00e3o de viol\u00eancia dom\u00e9stica e familiar.<\/p>\n\n\n\n<p class=\"has-pale-cyan-blue-background-color has-background\">Quer saber as not\u00edcias do <strong>Aconteceu no Vale<\/strong> em primeira m\u00e3o? Siga-nos no Facebook <a rel=\"noreferrer noopener\" href=\"http:\/\/facebook.com\/aconteceunovale\" target=\"_blank\">@aconteceunovale<\/a>, Twitter <a rel=\"noreferrer noopener\" href=\"https:\/\/twitter.com\/noticiadosvales\" target=\"_blank\">@noticiadosvales<\/a> e Instagram <a rel=\"noreferrer noopener\" href=\"https:\/\/www.instagram.com\/aconteceunovale\" target=\"_blank\">@aconteceunovale<\/a>.<\/p>\n","protected":false},"excerpt":{"rendered":"<p>Um homem de 50 anos foi condenado, em sess\u00e3o do Tribunal do J\u00fari realizada no dia 19 de agosto de 2020, em Minas Novas, a uma pena de 15 anos e nove meses de reclus\u00e3o, a ser cumprida inicialmente em regime fechado, pelo assassinato de sua ex-mulher.\u00a0\u00a0 \u00a0 Durante o julgamento, a representante do Minist\u00e9rio [&hellip;]<\/p>\n","protected":false},"author":4,"featured_media":153477,"comment_status":"open","ping_status":"closed","sticky":false,"template":"","format":"standard","meta":{"amp_status":"","footnotes":""},"categories":[120],"tags":[228318,228316,228317,1018,220563,228324,228315,228322,137,19675,200176,29071,228323,228321,228325,228320,220565,228319],"class_list":["post-167862","post","type-post","status-publish","format-standard","has-post-thumbnail","hentry","category-jequi","tag-condenado-em-minas-novas","tag-condenado-por-matar-ex-esposa-em-minas-novas","tag-condenado-por-matar-ex-mulher-em-minas-novas","tag-destaque","tag-feminicidio-em-minas-novas","tag-feminicidio-em-ribeirao-dos-santos","tag-homem-e-condenado-a-mais-de-15-anos-de-prisao-pela-morte-de-ex-companheira-no-municipio-de-minas-novas","tag-juiz-otavio-nevony","tag-minas-novas","tag-mpmg","tag-mulher-assassinada-em-minas-novas","tag-mulher-morta-em-minas-novas","tag-mulher-morta-em-ribeirao-dos-santos","tag-otavio-nevony","tag-promotor-fabio-martinolli-monteiro","tag-promotora-tatiane-de-almeida-carvalho","tag-ribeirao-dos-santos","tag-tatiane-de-almeida-carvalho"],"_links":{"self":[{"href":"https:\/\/aconteceunovale.com.br\/portal\/index.php?rest_route=\/wp\/v2\/posts\/167862","targetHints":{"allow":["GET"]}}],"collection":[{"href":"https:\/\/aconteceunovale.com.br\/portal\/index.php?rest_route=\/wp\/v2\/posts"}],"about":[{"href":"https:\/\/aconteceunovale.com.br\/portal\/index.php?rest_route=\/wp\/v2\/types\/post"}],"author":[{"embeddable":true,"href":"https:\/\/aconteceunovale.com.br\/portal\/index.php?rest_route=\/wp\/v2\/users\/4"}],"replies":[{"embeddable":true,"href":"https:\/\/aconteceunovale.com.br\/portal\/index.php?rest_route=%2Fwp%2Fv2%2Fcomments&post=167862"}],"version-history":[{"count":1,"href":"https:\/\/aconteceunovale.com.br\/portal\/index.php?rest_route=\/wp\/v2\/posts\/167862\/revisions"}],"predecessor-version":[{"id":167863,"href":"https:\/\/aconteceunovale.com.br\/portal\/index.php?rest_route=\/wp\/v2\/posts\/167862\/revisions\/167863"}],"wp:featuredmedia":[{"embeddable":true,"href":"https:\/\/aconteceunovale.com.br\/portal\/index.php?rest_route=\/wp\/v2\/media\/153477"}],"wp:attachment":[{"href":"https:\/\/aconteceunovale.com.br\/portal\/index.php?rest_route=%2Fwp%2Fv2%2Fmedia&parent=167862"}],"wp:term":[{"taxonomy":"category","embeddable":true,"href":"https:\/\/aconteceunovale.com.br\/portal\/index.php?rest_route=%2Fwp%2Fv2%2Fcategories&post=167862"},{"taxonomy":"post_tag","embeddable":true,"href":"https:\/\/aconteceunovale.com.br\/portal\/index.php?rest_route=%2Fwp%2Fv2%2Ftags&post=167862"}],"curies":[{"name":"wp","href":"https:\/\/api.w.org\/{rel}","templated":true}]}}