{"id":167860,"date":"2020-08-26T22:23:53","date_gmt":"2020-08-27T01:23:53","guid":{"rendered":"https:\/\/aconteceunovale.com.br\/portal\/?p=167860"},"modified":"2020-08-26T22:24:16","modified_gmt":"2020-08-27T01:24:16","slug":"tcu-pede-revisao-mensal-de-beneficiarios-do-auxilio-emergencial-de-r-600","status":"publish","type":"post","link":"https:\/\/aconteceunovale.com.br\/portal\/?p=167860","title":{"rendered":"TCU pede revis\u00e3o mensal de benefici\u00e1rios do aux\u00edlio emergencial de R$ 600"},"content":{"rendered":"\n<p>O Tribunal de Contas da Uni\u00e3o (TCU) determinou que o Minist\u00e9rio da Cidadania passe a reavaliar mensalmente a condi\u00e7\u00e3o dos benefici\u00e1rios do aux\u00edlio emergencial federal pago a trabalhadores informais, microempreendedores individuais (MEI), aut\u00f4nomos e desempregados afetados pela crise decorrente da pandemia da covid-19.<\/p>\n\n\n\n<p>Proposta pelo ministro Bruno Dantas, respons\u00e1vel pelo terceiro relat\u00f3rio de acompanhamento da Corte em rela\u00e7\u00e3o ao aux\u00edlio emergencial, a medida visa a evitar o pagamento da ajuda mensal de R$ 600 a R$ 1.200 (no caso das m\u00e3es chefes de fam\u00edlia) para quem deixar de precisar do benef\u00edcio ou descumprir os pr\u00e9-requisitos legais, como o que limita a concess\u00e3o do benef\u00edcio a dois benefici\u00e1rios por fam\u00edlia.&nbsp;Cerca de 1,31 milh\u00e3o de pessoas foram exclu\u00eddas do programa desde o in\u00edcio.&nbsp;&nbsp;<\/p>\n\n\n\n<p>\u201cQuest\u00e3o relevante nesta fase de acompanhamento \u00e9 a necessidade do Minist\u00e9rio da Cidadania verifique regularmente a elegebilidade dos benefici\u00e1rios que est\u00e3o recebendo o aux\u00edlio. Ou seja, \u00e9 importante que o governo verifique se os benefici\u00e1rios que, em mar\u00e7o, preenchiam os requisitos para recebimento do benef\u00edcio, permanecem nas mesmas condi\u00e7\u00f5es de vulnerabilidade\u201d, apontou Dantas em seu voto, lembrando que, segundo dados oficiais, cerca de 2 milh\u00f5es de pessoas conseguiram se reinserir no mercado de trabalho desde o in\u00edcio da pandemia. \u201cEste contingente, \u00e9 claro, n\u00e3o mais precisa do aux\u00edlio emergencial\u201d.<\/p>\n\n\n\n<p>O ministro-relator disse estar ciente dos custos de reprocessar, mensalmente, os dados relativos a mais de 66 milh\u00f5es de benefici\u00e1rios, mas argumentou que, frente \u00e0 possibilidade de se evitar fraudes, \u201cos benef\u00edcios financeiros e moral justificam tal medida\u201d. Dantas ainda determinou que, ap\u00f3s nova an\u00e1lise dos dados, sejam exclu\u00eddos os eventuais benefici\u00e1rios que possuam emprego formal ou que sejam titulares de outros benef\u00edcios federais de natureza previdenci\u00e1ria, assistencial ou trabalhista.<\/p>\n\n\n\n<p>Durante a leitura de seu voto, o ministro Bruno Dantas chegou a classificar o programa de aux\u00edlio emergencial como uma iniciativa \u201cbem sucedida\u201d na \u201credu\u00e7\u00e3o transit\u00f3ria da pobreza\u201d, mas destacou a import\u00e2ncia de \u201ccorre\u00e7\u00f5es\u201d, a fim de evitar irregularidades, como a inscri\u00e7\u00e3o de mais 70 mil militares para receber o benef\u00edcio indevidamente, \u201cenquanto 3.3 milh\u00f5es de pessoas carentes foram indevidamente exclu\u00eddas do programa\u201d que, at\u00e9 junho, de acordo com o ministro-relator, j\u00e1 havia desembolsado a R$ 167,610 bilh\u00f5es, ou 66% dos R$ 254 bilh\u00f5es de cr\u00e9ditos extraordin\u00e1rios que o Congresso Nacional abriu em favor do Tesouro Nacional.<\/p>\n\n\n\n<p>Dantas tamb\u00e9m destacou que, dos R$ 254 bilh\u00f5es de cr\u00e9ditos extraordin\u00e1rios abertos para o pagamento do aux\u00edlio emergencial, cerca de R$ 130 bi impactam diretamente a D\u00edvida Bruta do Governo Geral (a soma dos d\u00e9bitos de responsabilidade dos governos federal, estaduais e municipais) que, segundo nota do Banco Central do fim de julho, saltou de R$ 5,61 trilh\u00f5es em fevereiro deste ano, para R$ 6,15 trilh\u00f5es em junho, o que equivale a 85,5% do Produto Interno Bruto (PIB).<\/p>\n\n\n\n<p>\u201c\u00c9 importante que o Minist\u00e9rio da Economia elabore estimativas do impacto dos juros que incidir\u00e3o sobre o aumento do endividamento p\u00fablico decorrente do total das despesas extraordin\u00e1rias com medidas de respostas \u00e0 crise\u201d, recomendou Dantas.<\/p>\n\n\n\n<p>\u00danico ministro a comentar o voto do relator, o ministro Walton Alencar fez cr\u00edticas ao volume de problemas identificados. Dada a dimens\u00e3o da iniciativa de ajuda emergencial, Alencar chegou a dizer que, \u201cem termos de montante de fraudes, n\u00e3o h\u00e1 nada superior a este programa de benef\u00edcio social\u201d.<\/p>\n\n\n\n<p>\u201cExistem 5 milh\u00f5es de brasileiros que desrespeitaram as regras do setor no sentido da limita\u00e7\u00e3o expressa na lei, de dois benefici\u00e1rios [por fam\u00edlia contemplada]. H\u00e1 fam\u00edlias com cinco, at\u00e9 seis benefici\u00e1rios. N\u00e3o h\u00e1 condi\u00e7\u00e3o moral de suporte de algum programa social dentro do Brasil. As fraudes andam par e passo com o programa\u201d, comentou Alencar. \u201c\u00c9 muita gente, \u00e9 muita fraude. E isto \u00e9 o que estamos vendo. Porque no interior do Brasil, h\u00e1 prefeitos com um cordel de benefici\u00e1rios que eles mesmo catalogam e inserem. A fraude \u00e9 inerente ao sistema. Se n\u00e3o houver um adequado processamento de informa\u00e7\u00f5es, tudo est\u00e1 fadado ao esc\u00e2ndalos\u201d, acrescentou o ministro.<\/p>\n\n\n\n<p class=\"has-pale-cyan-blue-background-color has-background\">Quer saber as not\u00edcias do <strong>Aconteceu no Vale<\/strong> em primeira m\u00e3o? Siga-nos no Facebook <a rel=\"noreferrer noopener\" href=\"http:\/\/facebook.com\/aconteceunovale\" target=\"_blank\">@aconteceunovale<\/a>, Twitter <a rel=\"noreferrer noopener\" href=\"https:\/\/twitter.com\/noticiadosvales\" target=\"_blank\">@noticiadosvales<\/a> e Instagram <a rel=\"noreferrer noopener\" href=\"https:\/\/www.instagram.com\/aconteceunovale\" target=\"_blank\">@aconteceunovale<\/a>.<\/p>\n","protected":false},"excerpt":{"rendered":"<p>O Tribunal de Contas da Uni\u00e3o (TCU) determinou que o Minist\u00e9rio da Cidadania passe a reavaliar mensalmente a condi\u00e7\u00e3o dos benefici\u00e1rios do aux\u00edlio emergencial federal pago a trabalhadores informais, microempreendedores individuais (MEI), aut\u00f4nomos e desempregados afetados pela crise decorrente da pandemia da covid-19. Proposta pelo ministro Bruno Dantas, respons\u00e1vel pelo terceiro relat\u00f3rio de acompanhamento da [&hellip;]<\/p>\n","protected":false},"author":4,"featured_media":88982,"comment_status":"open","ping_status":"closed","sticky":false,"template":"","format":"standard","meta":{"amp_status":"","footnotes":""},"categories":[6],"tags":[219405,219383,225996,219292,225074,225788,225789,225075,225949,219977,100375,225948,227485,227055,226016,228081,225732,223087,226744,225178,225552,225551,20922,225787,225176,225962,226017,226018,1018,221649,223267,184405,4610,26436,225826,184661,225077,225076,225550,225549,225961,225177,225548],"class_list":["post-167860","post","type-post","status-publish","format-standard","has-post-thumbnail","hentry","category-br","tag-auxilio-de-r-600","tag-auxilio-emergencial","tag-auxilio-emergencial-chega-a-29-milhoes-de-domicilios","tag-auxilio-emergencial-de-r-600","tag-auxilio-emergencial-de-r-600-elevou-padrao-de-vida-em-23-milhoes-de-domicilios","tag-auxilio-emergencial-para-agricultor-familiar","tag-auxilio-para-agricultor-familiar","tag-beneficio-do-auxilio-emergencial-de-r-600","tag-bloqueio-de-contas-da-poupanca-social","tag-bloqueio-do-auxilio-emergencial","tag-bolsonaro","tag-caixa-bloqueia-contas-da-poupanca-social","tag-caixa-credita-auxilio-emergencial-para-4-milhoes-nascidos-em-agosto","tag-caixa-credita-auxilio-emergencial-para-nascidos-em-junho","tag-caixa-divulga-orientacao-para-desbloqueio-de-contas","tag-caixa-paga-auxilio-emergencial-de-r-600-a-beneficiarios-do-bolsa-familia","tag-caixa-paga-quarta-parcela-do-auxilio-emergencial-a-beneficiarios-do-bolsa-familia","tag-caixa-tem","tag-caixa-vai-pagar-auxilio-emergencial-de-r-600-a-805-mil-novos-beneficiarios","tag-calendario-para-saque-em-dinheiro-do-auxilio-emergencial","tag-calendario-quarta-parcela-do-auxilio-emergencial","tag-calendario-quinta-parcela-do-auxilio-emergencial","tag-camara-dos-deputados","tag-camara-dos-deputados-aprova-auxilio-emergencial-para-agricultor-familiar-durante-a-pandemia","tag-confira-o-calendario-para-saque-em-dinheiro-do-auxilio-emergencial-de-r-600","tag-desbloquear-as-contas-digitais-do-auxilio-emergencial","tag-desbloqueio-caixa-tem","tag-desbloqueio-de-contas-caixa-tem","tag-destaque","tag-fraude-no-auxilio-emergencial","tag-fraudes-no-auxilio-emergencial","tag-governo-bolsonaro","tag-governo-federal","tag-jair-bolsonaro","tag-mais-de-700-mil-receberao-amanha-primeira-parcela-do-auxilio-emergencial","tag-ministerio-da-economia","tag-padrao-de-vida-auxilio-emergencial","tag-padrao-de-vida-auxilio-emergencial-de-r-600","tag-quarta-parcela-auxilio-emergencial","tag-quinta-parcela-auxilio-emergencial","tag-saiba-como-desbloquear-as-contas-digitais-do-auxilio-emergencial","tag-saque-em-dinheiro-do-auxilio-emergencial","tag-veja-os-calendarios-dos-novos-pagamentos-do-auxilio-emergencial-de-r-600"],"_links":{"self":[{"href":"https:\/\/aconteceunovale.com.br\/portal\/index.php?rest_route=\/wp\/v2\/posts\/167860","targetHints":{"allow":["GET"]}}],"collection":[{"href":"https:\/\/aconteceunovale.com.br\/portal\/index.php?rest_route=\/wp\/v2\/posts"}],"about":[{"href":"https:\/\/aconteceunovale.com.br\/portal\/index.php?rest_route=\/wp\/v2\/types\/post"}],"author":[{"embeddable":true,"href":"https:\/\/aconteceunovale.com.br\/portal\/index.php?rest_route=\/wp\/v2\/users\/4"}],"replies":[{"embeddable":true,"href":"https:\/\/aconteceunovale.com.br\/portal\/index.php?rest_route=%2Fwp%2Fv2%2Fcomments&post=167860"}],"version-history":[{"count":1,"href":"https:\/\/aconteceunovale.com.br\/portal\/index.php?rest_route=\/wp\/v2\/posts\/167860\/revisions"}],"predecessor-version":[{"id":167861,"href":"https:\/\/aconteceunovale.com.br\/portal\/index.php?rest_route=\/wp\/v2\/posts\/167860\/revisions\/167861"}],"wp:featuredmedia":[{"embeddable":true,"href":"https:\/\/aconteceunovale.com.br\/portal\/index.php?rest_route=\/wp\/v2\/media\/88982"}],"wp:attachment":[{"href":"https:\/\/aconteceunovale.com.br\/portal\/index.php?rest_route=%2Fwp%2Fv2%2Fmedia&parent=167860"}],"wp:term":[{"taxonomy":"category","embeddable":true,"href":"https:\/\/aconteceunovale.com.br\/portal\/index.php?rest_route=%2Fwp%2Fv2%2Fcategories&post=167860"},{"taxonomy":"post_tag","embeddable":true,"href":"https:\/\/aconteceunovale.com.br\/portal\/index.php?rest_route=%2Fwp%2Fv2%2Ftags&post=167860"}],"curies":[{"name":"wp","href":"https:\/\/api.w.org\/{rel}","templated":true}]}}