{"id":167857,"date":"2020-08-26T22:17:36","date_gmt":"2020-08-27T01:17:36","guid":{"rendered":"https:\/\/aconteceunovale.com.br\/portal\/?p=167857"},"modified":"2020-08-26T22:17:44","modified_gmt":"2020-08-27T01:17:44","slug":"camara-dos-deputados-aprova-criacao-do-trf-da-6a-regiao-com-jurisdicao-em-minas-gerais","status":"publish","type":"post","link":"https:\/\/aconteceunovale.com.br\/portal\/?p=167857","title":{"rendered":"C\u00e2mara dos Deputados aprova cria\u00e7\u00e3o do TRF da 6\u00aa Regi\u00e3o com jurisdi\u00e7\u00e3o em Minas Gerais"},"content":{"rendered":"\n<p>A C\u00e2mara dos Deputados aprovou nesta quarta-feira (26) o Projeto de Lei 5919\/2019 que cria o Tribunal Regional Federal (TRF) da 6\u00aa Regi\u00e3o, com sede em Belo Horizonte e jurisdi\u00e7\u00e3o no estado de Minas Gerais.<\/p>\n\n\n\n<p>A proposta prev\u00ea que o novo tribunal ser\u00e1 um desmembramento do TRF da 1\u00aa Regi\u00e3o, que hoje atua em 13 estados (Acre, Amap\u00e1, Amazonas, Bahia, Goi\u00e1s, Maranh\u00e3o, Mato Grosso, Minas Gerais, Par\u00e1, Piau\u00ed, Rond\u00f4nia, Roraima e Tocantins) e no Distrito Federal. A mat\u00e9ria segue para o Senado.&nbsp;<\/p>\n\n\n\n<p>O relator da proposta, deputado F\u00e1bio Ramalho (MDB-MG), argumentou que o Estado de Minas Gerais \u201c\u00e9 um dos grandes respons\u00e1veis pela assoberbada demanda processual na 1\u00aa Regi\u00e3o, justificando a cria\u00e7\u00e3o do novo tribunal\u201d.&nbsp;&nbsp;<\/p>\n\n\n\n<p>Segundo dados do Relat\u00f3rio Justi\u00e7a em N\u00fameros 2018, do Conselho Nacional de Justi\u00e7a, a \u00e1rea do Tribunal Regional Federal da 1\u00aa Regi\u00e3o corresponde a 80% do territ\u00f3rio nacional, abrangendo 46% dos munic\u00edpios do Brasil e atendendo a 37% da popula\u00e7\u00e3o.&nbsp;<\/p>\n\n\n\n<p>Ap\u00f3s cr\u00edticas de parlamentares de que o projeto n\u00e3o teria urg\u00eancia necess\u00e1ria no momento em que o pa\u00eds enfrenta a pandemia provocada pelo novo coronav\u00edrus, o relator, deputado F\u00e1bio Ramalho (MDB-MG), incluiu um dispositivo estabelecendo que a efetiva instala\u00e7\u00e3o do novo tribunal ocorrer\u00e1 apenas quando terminar o estado de calamidade p\u00fablica.&nbsp;<\/p>\n\n\n\n<p>O texto aumenta de tr\u00eas para quatro o n\u00famero de ministros do Superior Tribunal de Justi\u00e7a (STJ) que integram o Conselho da Justi\u00e7a Federal (CJF), cujos presidente e vice-presidente s\u00e3o os mesmos do STJ. Quando o TRF da 6\u00ba Regi\u00e3o for instalado, o presidente do novo tribunal far\u00e1 parte do conselho, assim como j\u00e1 ocorre com os presidentes dos demais tribunais regionais.<\/p>\n\n\n\n<p>O novo tribunal contar\u00e1 com a m\u00e9dia do or\u00e7amento da se\u00e7\u00e3o judici\u00e1ria de Minas Gerais nos \u00faltimos cinco anos, podendo ser complementado at\u00e9 o limite do teto de gastos.<\/p>\n\n\n\n<p>Contr\u00e1rio ao projeto, o presidente da C\u00e2mara, deputado Rodrigo Maia (DEM-RJ) foi favor\u00e1vel ao destaque do Partido Novo que pretendia limitar o aumento de despesas de todos os TRFs ao valor deste ano, acrescido da varia\u00e7\u00e3o do teto para 2021, de 2,13%. A proposta foi rejeitada.&nbsp;<\/p>\n\n\n\n<p>\u201cN\u00f3s que somos contr\u00e1rios \u00e0 cria\u00e7\u00e3o do novo TRF deixamos claro que haver\u00e1 aumento das despesas\u201d, afirmou Maia.<\/p>\n\n\n\n<p class=\"has-pale-cyan-blue-background-color has-background\">Quer saber as not\u00edcias do <strong>Aconteceu no Vale<\/strong> em primeira m\u00e3o? Siga-nos no Facebook <a rel=\"noreferrer noopener\" href=\"http:\/\/facebook.com\/aconteceunovale\" target=\"_blank\">@aconteceunovale<\/a>, Twitter <a rel=\"noreferrer noopener\" href=\"https:\/\/twitter.com\/noticiadosvales\" target=\"_blank\">@noticiadosvales<\/a> e Instagram <a rel=\"noreferrer noopener\" href=\"https:\/\/www.instagram.com\/aconteceunovale\" target=\"_blank\">@aconteceunovale<\/a>.<\/p>\n","protected":false},"excerpt":{"rendered":"<p>A C\u00e2mara dos Deputados aprovou nesta quarta-feira (26) o Projeto de Lei 5919\/2019 que cria o Tribunal Regional Federal (TRF) da 6\u00aa Regi\u00e3o, com sede em Belo Horizonte e jurisdi\u00e7\u00e3o no estado de Minas Gerais. A proposta prev\u00ea que o novo tribunal ser\u00e1 um desmembramento do TRF da 1\u00aa Regi\u00e3o, que hoje atua em 13 [&hellip;]<\/p>\n","protected":false},"author":4,"featured_media":167858,"comment_status":"open","ping_status":"closed","sticky":false,"template":"","format":"standard","meta":{"amp_status":"","footnotes":""},"categories":[6,123,40240],"tags":[20922,228314,228309,41240,23452,131,228308,164508,228311,228310,228312,228313],"class_list":["post-167857","post","type-post","status-publish","format-standard","has-post-thumbnail","hentry","category-br","category-gerais","category-politica-2","tag-camara-dos-deputados","tag-camara-dos-deputados-aprova-criacao-do-trf-da-6a-regiao-com-jurisdicao-em-minas-gerais","tag-criacao-de-tribunal-em-minas-gerais","tag-fabio-ramalho","tag-justica-federal","tag-minas-gerais","tag-novo-tribunal","tag-trf","tag-trf-da-sexta-regiao","tag-tribunal-da-6a-regiao","tag-tribunal-regional-federal-da-sexta-regiao","tag-tribunal-regional-federal-em-minas-gerais"],"_links":{"self":[{"href":"https:\/\/aconteceunovale.com.br\/portal\/index.php?rest_route=\/wp\/v2\/posts\/167857","targetHints":{"allow":["GET"]}}],"collection":[{"href":"https:\/\/aconteceunovale.com.br\/portal\/index.php?rest_route=\/wp\/v2\/posts"}],"about":[{"href":"https:\/\/aconteceunovale.com.br\/portal\/index.php?rest_route=\/wp\/v2\/types\/post"}],"author":[{"embeddable":true,"href":"https:\/\/aconteceunovale.com.br\/portal\/index.php?rest_route=\/wp\/v2\/users\/4"}],"replies":[{"embeddable":true,"href":"https:\/\/aconteceunovale.com.br\/portal\/index.php?rest_route=%2Fwp%2Fv2%2Fcomments&post=167857"}],"version-history":[{"count":1,"href":"https:\/\/aconteceunovale.com.br\/portal\/index.php?rest_route=\/wp\/v2\/posts\/167857\/revisions"}],"predecessor-version":[{"id":167859,"href":"https:\/\/aconteceunovale.com.br\/portal\/index.php?rest_route=\/wp\/v2\/posts\/167857\/revisions\/167859"}],"wp:featuredmedia":[{"embeddable":true,"href":"https:\/\/aconteceunovale.com.br\/portal\/index.php?rest_route=\/wp\/v2\/media\/167858"}],"wp:attachment":[{"href":"https:\/\/aconteceunovale.com.br\/portal\/index.php?rest_route=%2Fwp%2Fv2%2Fmedia&parent=167857"}],"wp:term":[{"taxonomy":"category","embeddable":true,"href":"https:\/\/aconteceunovale.com.br\/portal\/index.php?rest_route=%2Fwp%2Fv2%2Fcategories&post=167857"},{"taxonomy":"post_tag","embeddable":true,"href":"https:\/\/aconteceunovale.com.br\/portal\/index.php?rest_route=%2Fwp%2Fv2%2Ftags&post=167857"}],"curies":[{"name":"wp","href":"https:\/\/api.w.org\/{rel}","templated":true}]}}