{"id":167827,"date":"2020-08-26T19:52:55","date_gmt":"2020-08-26T22:52:55","guid":{"rendered":"https:\/\/aconteceunovale.com.br\/portal\/?p=167827"},"modified":"2020-08-26T20:19:24","modified_gmt":"2020-08-26T23:19:24","slug":"com-presenca-de-jair-bolsonaro-e-romeu-zema-usiminas-reativa-alto-forno-desligado-por-causa-da-pandemia","status":"publish","type":"post","link":"https:\/\/aconteceunovale.com.br\/portal\/?p=167827","title":{"rendered":"Com presen\u00e7a de Jair Bolsonaro e Romeu Zema, Usiminas reativa alto-forno desligado por causa da pandemia"},"content":{"rendered":"\n<p>O governador Romeu Zema participou nesta quarta-feira (26\/8\/2020), ao lado do presidente da Rep\u00fablica, Jair Bolsonaro, da cerim\u00f4nia da retomada de produ\u00e7\u00e3o do Alto-Forno 1 da usina da Usiminas, em Ipatinga, no Vale do A\u00e7o.<\/p>\n\n\n\n<p>A estrutura de transforma\u00e7\u00e3o do min\u00e9rio em ferro gusa, para a produ\u00e7\u00e3o de a\u00e7o, teve as atividades interrompidas em abril diante da queda de demanda provocada pela pandemia de covid-19.<\/p>\n\n\n\n<p>Durante o evento, o governador Romeu Zema anunciou o in\u00edcio das obras de restaura\u00e7\u00e3o do pavimento do Aeroporto Regional do Vale do A\u00e7o, localizado no munic\u00edpio de Santana do Para\u00edso, pr\u00f3ximo \u00e0 cidade de Ipatinga. Os recursos, provenientes do Fundo Nacional de Avia\u00e7\u00e3o Civil (FNAC), s\u00e3o de R$ 12 milh\u00f5es e foram viabilizados por meio de parceria entre o Governo de Minas Gerais e o governo federal.<\/p>\n\n\n\n<h2 class=\"wp-block-heading\"><strong>Minimiza\u00e7\u00e3o de impactos<\/strong><\/h2>\n\n\n\n<p>Zema ressaltou as a\u00e7\u00f5es realizadas pelo seu governo para minimizar os impactos da pandemia na \u00e1rea da Sa\u00fade e destacou a import\u00e2ncia deste momento para o processo de recupera\u00e7\u00e3o e desenvolvimento econ\u00f4mico da regi\u00e3o, de Minas Gerais e do pa\u00eds.<\/p>\n\n\n\n<p>\u201cEstamos aqui hoje reinaugurando o Alto-Forno I e estamos tamb\u00e9m em um momento de otimismo. O governo federal j\u00e1 est\u00e1 iniciando as obras de recupera\u00e7\u00e3o da pista do Aeroporto do Vale do A\u00e7o. Em breve, ele ser\u00e1 reaberto para opera\u00e7\u00e3o normalmente. Sou grato pela iniciativa\u201d, disse o governador.<\/p>\n\n\n\n<figure class=\"wp-block-gallery columns-1 is-cropped wp-block-gallery-1 is-layout-flex wp-block-gallery-is-layout-flex\"><ul class=\"blocks-gallery-grid\"><li class=\"blocks-gallery-item\"><figure><img loading=\"lazy\" decoding=\"async\" width=\"675\" height=\"450\" src=\"https:\/\/aconteceunovale.com.br\/portal\/wp-content\/uploads\/2020\/08\/zema_bolsonaro_ipatinga_4.jpg\" alt=\"\" data-id=\"167828\" data-full-url=\"https:\/\/aconteceunovale.com.br\/portal\/wp-content\/uploads\/2020\/08\/zema_bolsonaro_ipatinga_4.jpg\" data-link=\"https:\/\/aconteceunovale.com.br\/portal\/?attachment_id=167828\" class=\"wp-image-167828\" srcset=\"https:\/\/aconteceunovale.com.br\/portal\/wp-content\/uploads\/2020\/08\/zema_bolsonaro_ipatinga_4.jpg 675w, https:\/\/aconteceunovale.com.br\/portal\/wp-content\/uploads\/2020\/08\/zema_bolsonaro_ipatinga_4-300x200.jpg 300w, https:\/\/aconteceunovale.com.br\/portal\/wp-content\/uploads\/2020\/08\/zema_bolsonaro_ipatinga_4-630x420.jpg 630w\" sizes=\"auto, (max-width: 675px) 100vw, 675px\" \/><figcaption class=\"blocks-gallery-item__caption\"><em>Foto: Pedro Gontijo \/ Imprensa MG<\/em><\/figcaption><\/figure><\/li><\/ul><\/figure>\n\n\n\n<h2 class=\"wp-block-heading\"><strong>Retomada do crescimento<\/strong><\/h2>\n\n\n\n<p>O presidente da Rep\u00fablica, Jair Bolsonaro, destacou em seu discurso o simbolismo do evento para a retomada do crescimento econ\u00f4mico do pa\u00eds.<\/p>\n\n\n\n<p>\u201cPrecisamos sim gerar emprego e trabalhar, e que cada um, na medida do poss\u00edvel, busque o seu sustento com o suor do pr\u00f3prio rosto. Este \u00e9 o nosso lema, al\u00e9m de outras medidas. Estou muito feliz em estar numa empresa como esta que \u00e9 um orgulho nacional, uma das maiores e melhores empresas do Brasil, que realmente trazem divisas e produzem aqui o que interessa \u00e0 nossa constru\u00e7\u00e3o de maneira geral\u201d, afirmou o presidente.<\/p>\n\n\n\n<p>O governador Romeu Zema tamb\u00e9m ressaltou o esfor\u00e7o de sua gest\u00e3o em Minas para investir em infraestrutura, gerando empregos e impulsionando a economia com projetos de desenvolvimento regional. Nesta ter\u00e7a-feira (25\/8), Zema anunciou um pacote de oito obras vi\u00e1rias, com investimentos de R$ 100 milh\u00f5es em diversas regi\u00f5es mineiras.<\/p>\n\n\n\n<p>\u201cMinas \u00e9 um Estado falido, mas estamos conseguindo recursos para obras important\u00edssimas, em todas as regi\u00f5es, que v\u00e3o criar empregos e gerar desenvolvimento\u201d, afirmou. Ainda segundo o governador, as interven\u00e7\u00f5es s\u00f3 ser\u00e3o poss\u00edveis gra\u00e7as ao trabalho realizado para dar apoio aos investidores.<\/p>\n\n\n\n<p>\u201cEstamos tratando bem quem investe e gera empregos. Desde o in\u00edcio do meu governo, estamos, sistematicamente, desburocratizando, simplificando e digitalizando todos os processos que dependem do governo e que dizem respeito a quest\u00f5es tribut\u00e1ria e ambientais\u201d, finalizou o governador, lembrando que, somente em 2019, Minas Gerais recebeu mais de R$ 50 bilh\u00f5es em investimentos, valor superior \u00e0 soma dos quatro anos da gest\u00e3o anterior.<\/p>\n\n\n\n<figure class=\"wp-block-gallery columns-1 is-cropped wp-block-gallery-2 is-layout-flex wp-block-gallery-is-layout-flex\"><ul class=\"blocks-gallery-grid\"><li class=\"blocks-gallery-item\"><figure><img loading=\"lazy\" decoding=\"async\" width=\"675\" height=\"450\" src=\"https:\/\/aconteceunovale.com.br\/portal\/wp-content\/uploads\/2020\/08\/zema_bolsonaro_ipatinga_1.jpg\" alt=\"\" data-id=\"167829\" data-full-url=\"https:\/\/aconteceunovale.com.br\/portal\/wp-content\/uploads\/2020\/08\/zema_bolsonaro_ipatinga_1.jpg\" data-link=\"https:\/\/aconteceunovale.com.br\/portal\/?attachment_id=167829\" class=\"wp-image-167829\" srcset=\"https:\/\/aconteceunovale.com.br\/portal\/wp-content\/uploads\/2020\/08\/zema_bolsonaro_ipatinga_1.jpg 675w, https:\/\/aconteceunovale.com.br\/portal\/wp-content\/uploads\/2020\/08\/zema_bolsonaro_ipatinga_1-300x200.jpg 300w, https:\/\/aconteceunovale.com.br\/portal\/wp-content\/uploads\/2020\/08\/zema_bolsonaro_ipatinga_1-630x420.jpg 630w\" sizes=\"auto, (max-width: 675px) 100vw, 675px\" \/><figcaption class=\"blocks-gallery-item__caption\"><em>Foto: Pedro Gontijo \/ Imprensa MG<\/em><\/figcaption><\/figure><\/li><\/ul><\/figure>\n\n\n\n<h2 class=\"wp-block-heading\"><strong>Aeroporto Regional<\/strong><\/h2>\n\n\n\n<p>A recupera\u00e7\u00e3o definitiva da pista do aeroporto \u00e9 uma antiga demanda da regi\u00e3o, j\u00e1 que o equipamento tem grande import\u00e2ncia para a gera\u00e7\u00e3o e manuten\u00e7\u00e3o de neg\u00f3cios no Vale do A\u00e7o, onde se concentram grandes ind\u00fastrias, como Usiminas, Cenibra, Aperam e ArcelorMittal. As obras contribuir\u00e3o no processo de recupera\u00e7\u00e3o e desenvolvimento econ\u00f4mico da regi\u00e3o e de Minas Gerais.<\/p>\n\n\n\n<p>No local, ser\u00e1 feita a restaura\u00e7\u00e3o do pavimento da pista de pouso e decolagem, da \u00e1rea de taxiamento, do p\u00e1tio de aeronaves, al\u00e9m da execu\u00e7\u00e3o de uma nova sinaliza\u00e7\u00e3o horizontal das \u00e1reas mencionadas. Todas as fases da obra ser\u00e3o fiscalizadas pela Secretaria Nacional de Avia\u00e7\u00e3o Civil (SAC). A previs\u00e3o \u00e9 a de que o trabalho seja finalizado em dezembro de 2020.<\/p>\n\n\n\n<p>O\u00a0Governo de Minas\u00a0tamb\u00e9m assinou contrato com a Empresa Brasileira de Infraestrutura Aeroportu\u00e1ria (Infraero), que ser\u00e1 respons\u00e1vel pela administra\u00e7\u00e3o, opera\u00e7\u00e3o, gerenciamento e manuten\u00e7\u00e3o do aeroporto pelos pr\u00f3ximos 12 meses. O contrato com a Socicam, que at\u00e9 ent\u00e3o administrava o equipamento, foi encerrado no \u00faltimo dia 23. Com o novo contrato, o aeroporto permanece sob controle do Estado de Minas Gerais e com opera\u00e7\u00e3o aos cuidados da Infraero, que ser\u00e1 uma prestadora de servi\u00e7os.<\/p>\n\n\n\n<p>Em fevereiro de 2019, o Governo de Minas, por meio da\u00a0<a rel=\"noreferrer noopener\" href=\"http:\/\/infraestrutura.mg.gov.br\/\" target=\"_blank\">Secretaria de Infraestrutura e Mobildade (Seinfra)<\/a>\u00a0e do\u00a0<a rel=\"noreferrer noopener\" href=\"http:\/\/der.mg.gov.br\/\" target=\"_blank\">Departamento de Estradas de Rodagem (DER\/MG)<\/a>, realizou interven\u00e7\u00f5es emergenciais no aeroporto, devido \u00e0s m\u00e1s condi\u00e7\u00f5es da pista. Em maio de 2020, o aeroporto voltou a ser fechado para a realiza\u00e7\u00e3o das obras definitivas.<\/p>\n\n\n\n<h2 class=\"wp-block-heading\"><strong>Alto-forno 1<\/strong><\/h2>\n\n\n\n<figure class=\"wp-block-gallery columns-1 is-cropped wp-block-gallery-3 is-layout-flex wp-block-gallery-is-layout-flex\"><ul class=\"blocks-gallery-grid\"><li class=\"blocks-gallery-item\"><figure><img loading=\"lazy\" decoding=\"async\" width=\"675\" height=\"450\" src=\"https:\/\/aconteceunovale.com.br\/portal\/wp-content\/uploads\/2020\/08\/zema_bolsonaro_ipatinga_2.jpg\" alt=\"\" data-id=\"167830\" class=\"wp-image-167830\" srcset=\"https:\/\/aconteceunovale.com.br\/portal\/wp-content\/uploads\/2020\/08\/zema_bolsonaro_ipatinga_2.jpg 675w, https:\/\/aconteceunovale.com.br\/portal\/wp-content\/uploads\/2020\/08\/zema_bolsonaro_ipatinga_2-300x200.jpg 300w, https:\/\/aconteceunovale.com.br\/portal\/wp-content\/uploads\/2020\/08\/zema_bolsonaro_ipatinga_2-630x420.jpg 630w\" sizes=\"auto, (max-width: 675px) 100vw, 675px\" \/><figcaption class=\"blocks-gallery-item__caption\"><em>Foto: Pedro Gontijo \/ Imprensa MG<\/em><\/figcaption><\/figure><\/li><\/ul><\/figure>\n\n\n\n<p>A Usiminas retomou oficialmente a opera\u00e7\u00e3o do Alto-Forno 1 da usina de Ipatinga. O equipamento tem capacidade de produ\u00e7\u00e3o de cerca de 2 mil toneladas di\u00e1rias de ferro gusa. A aciaria 1 da unidade tamb\u00e9m foi retomada, ampliando a produ\u00e7\u00e3o de a\u00e7o bruto na planta. A opera\u00e7\u00e3o da estrutura havia sido interrompida em abril, diante da queda de demanda provocada pela pandemia de covid-19.<\/p>\n\n\n\n<p>Em opera\u00e7\u00e3o desde 1962, o alto-forno 1 \u00e9 um s\u00edmbolo da Usiminas e do crescimento econ\u00f4mico e social da regi\u00e3o do Vale do A\u00e7o. Da primeira corrida at\u00e9 a paralisa\u00e7\u00e3o em abril, ele produziu cerca de 31 milh\u00f5es de toneladas de gusa. O religamento atual marca o in\u00edcio da 9\u00aa campanha do forno.<\/p>\n\n\n\n<p>Para o presidente da Usiminas, Sergio Leite, a retomada \u00e9 tamb\u00e9m uma mensagem de otimismo e refor\u00e7a o compromisso com a perenidade da companhia e o desenvolvimento do pa\u00eds.<\/p>\n\n\n\n<p>\u201cEsse religamento tem um significado especial para n\u00f3s, por marcar a confian\u00e7a da Usiminas no futuro. O ponto mais agudo da crise, vivido em abril, ficou para tr\u00e1s e diversos indicadores sinalizam para uma retomada gradual da economia ao longo do segundo semestre e do pr\u00f3ximo ano\u201d, afirmou o presidente da companhia.<\/p>\n\n\n\n<p class=\"has-pale-cyan-blue-background-color has-background\">Quer saber as not\u00edcias do <strong>Aconteceu no Vale<\/strong> em primeira m\u00e3o? Siga-nos no Facebook <a rel=\"noreferrer noopener\" href=\"http:\/\/facebook.com\/aconteceunovale\" target=\"_blank\">@aconteceunovale<\/a>, Twitter <a rel=\"noreferrer noopener\" href=\"https:\/\/twitter.com\/noticiadosvales\" target=\"_blank\">@noticiadosvales<\/a> e Instagram <a rel=\"noreferrer noopener\" href=\"https:\/\/www.instagram.com\/aconteceunovale\" target=\"_blank\">@aconteceunovale<\/a>.<\/p>\n","protected":false},"excerpt":{"rendered":"<p>O governador Romeu Zema participou nesta quarta-feira (26\/8\/2020), ao lado do presidente da Rep\u00fablica, Jair Bolsonaro, da cerim\u00f4nia da retomada de produ\u00e7\u00e3o do Alto-Forno 1 da usina da Usiminas, em Ipatinga, no Vale do A\u00e7o. A estrutura de transforma\u00e7\u00e3o do min\u00e9rio em ferro gusa, para a produ\u00e7\u00e3o de a\u00e7o, teve as atividades interrompidas em abril [&hellip;]<\/p>\n","protected":false},"author":4,"featured_media":167828,"comment_status":"open","ping_status":"closed","sticky":false,"template":"","format":"standard","meta":{"amp_status":"","footnotes":""},"categories":[6,121,123,40240],"tags":[99335,148994,100375,1018,228273,184213,228275,228284,228285,26436,228283,228281,114636,228279,228280,228286,228278,2101,148996,6808,228276,228282,228274,228277],"class_list":["post-167827","post","type-post","status-publish","format-standard","has-post-thumbnail","hentry","category-br","category-leste","category-gerais","category-politica-2","tag-aeroporto-regional-do-vale-do-aco","tag-alto-forno-1-da-usiminas","tag-bolsonaro","tag-destaque","tag-governador-e-presidente-participam-da-cerimonia-da-retomada-de-producao-do-alto-forno-1-da-usiminas","tag-governador-romeu-zema","tag-governador-romeu-zema-usiminas","tag-ipatinga-jair-bolsonaro","tag-ipatinga-romeu-zema","tag-jair-bolsonaro","tag-jair-bolsonaro-em-ipatinga","tag-jair-bolsonaro-usiminas","tag-presidente-da-usiminas","tag-reabertura-do-alto-forno-1-da-usiminas","tag-reativacao-do-alto-forno-1-da-usiminas","tag-romeu-zema-ipatinga","tag-romeu-zema-usiminas","tag-santana-do-paraiso","tag-sergio-leite","tag-usiminas","tag-usiminas-governador-romeu-zema","tag-usiminas-jair-bolsonaro","tag-usiminas-reativa-alto-forno-desligado-por-causa-da-pandemia","tag-zema-usiminas"],"_links":{"self":[{"href":"https:\/\/aconteceunovale.com.br\/portal\/index.php?rest_route=\/wp\/v2\/posts\/167827","targetHints":{"allow":["GET"]}}],"collection":[{"href":"https:\/\/aconteceunovale.com.br\/portal\/index.php?rest_route=\/wp\/v2\/posts"}],"about":[{"href":"https:\/\/aconteceunovale.com.br\/portal\/index.php?rest_route=\/wp\/v2\/types\/post"}],"author":[{"embeddable":true,"href":"https:\/\/aconteceunovale.com.br\/portal\/index.php?rest_route=\/wp\/v2\/users\/4"}],"replies":[{"embeddable":true,"href":"https:\/\/aconteceunovale.com.br\/portal\/index.php?rest_route=%2Fwp%2Fv2%2Fcomments&post=167827"}],"version-history":[{"count":1,"href":"https:\/\/aconteceunovale.com.br\/portal\/index.php?rest_route=\/wp\/v2\/posts\/167827\/revisions"}],"predecessor-version":[{"id":167831,"href":"https:\/\/aconteceunovale.com.br\/portal\/index.php?rest_route=\/wp\/v2\/posts\/167827\/revisions\/167831"}],"wp:featuredmedia":[{"embeddable":true,"href":"https:\/\/aconteceunovale.com.br\/portal\/index.php?rest_route=\/wp\/v2\/media\/167828"}],"wp:attachment":[{"href":"https:\/\/aconteceunovale.com.br\/portal\/index.php?rest_route=%2Fwp%2Fv2%2Fmedia&parent=167827"}],"wp:term":[{"taxonomy":"category","embeddable":true,"href":"https:\/\/aconteceunovale.com.br\/portal\/index.php?rest_route=%2Fwp%2Fv2%2Fcategories&post=167827"},{"taxonomy":"post_tag","embeddable":true,"href":"https:\/\/aconteceunovale.com.br\/portal\/index.php?rest_route=%2Fwp%2Fv2%2Ftags&post=167827"}],"curies":[{"name":"wp","href":"https:\/\/api.w.org\/{rel}","templated":true}]}}