{"id":167824,"date":"2020-08-26T19:22:36","date_gmt":"2020-08-26T22:22:36","guid":{"rendered":"https:\/\/aconteceunovale.com.br\/portal\/?p=167824"},"modified":"2020-08-26T20:19:32","modified_gmt":"2020-08-26T23:19:32","slug":"mais-quatro-regioes-poderao-avancar-para-a-onda-amarela-do-plano-minas-consciente","status":"publish","type":"post","link":"https:\/\/aconteceunovale.com.br\/portal\/?p=167824","title":{"rendered":"Mais quatro regi\u00f5es poder\u00e3o avan\u00e7ar para a Onda Amarela do plano Minas Consciente"},"content":{"rendered":"\n<p>As 200 cidades que comp\u00f5em as macrorregi\u00f5es de Sa\u00fade Centro &#8211; que inclui a Grande BH -, Jequitinhonha, Vale do A\u00e7o e Noroeste poder\u00e3o avan\u00e7ar para a onda amarela do plano Minas Consciente, criado pelo governo estadual para promover a retomada gradual e segura da economia. Nessa fase, j\u00e1 \u00e9 permitida a abertura de bares e restaurantes com consumo no local, al\u00e9m de autoescolas, sal\u00f5es de beleza e lojas de roupas, desde que os crit\u00e9rios de seguran\u00e7a sejam cumpridos.&nbsp;<\/p>\n\n\n\n<p>A progress\u00e3o foi poss\u00edvel ap\u00f3s um estudo, desenvolvido nos \u00faltimos 15 dias pela\u00a0Secretaria de Sa\u00fade, mostrar que 24% dos mineiros possuem acesso \u00e0 rede de Sa\u00fade suplementar e que, portanto, os quase 700 leitos de UTI dispon\u00edveis em hospitais privados aumentam ainda mais a capacidade assistencial no estado.\u00a0<\/p>\n\n\n\n<h2 class=\"wp-block-heading\"><strong>Preserva\u00e7\u00e3o de vidas<\/strong><\/h2>\n\n\n\n<p>O vice-governador, Paulo Brant, que comandou a reuni\u00e3o do Comit\u00ea Extraordin\u00e1rio Covid-19 nesta quarta-feira (26\/8), ressaltou que a medida foi tomada de forma criteriosa e colocando a preserva\u00e7\u00e3o de vidas em primeiro lugar.&nbsp;<br><br>\u201cOs avan\u00e7os s\u00e3o importantes, na medida em que todas as regi\u00f5es de Minas, com exce\u00e7\u00e3o da Nordeste, est\u00e3o agora na onda amarela. Isso se deu a partir de crit\u00e9rios t\u00e9cnicos, basicamente considerando o n\u00famero de leitos da rede privada. \u00c9 uma medida cuidadosa e, obviamente, qualquer avan\u00e7o est\u00e1 sujeito a ser reavaliado\u201d, destacou.&nbsp;<\/p>\n\n\n\n<p>Ele lembrou ainda que a regi\u00e3o Nordeste, \u00fanica que segue na onda vermelha, com abertura apenas de servi\u00e7os essenciais, \u00e9 tamb\u00e9m a que tem menor ades\u00e3o ao plano&nbsp;<a href=\"https:\/\/www.mg.gov.br\/minasconsciente\" target=\"_blank\" rel=\"noreferrer noopener\">Minas Consciente<\/a>, demonstrando a import\u00e2ncia dos protocolos.&nbsp;<\/p>\n\n\n\n<p>As mudan\u00e7as passam a valer nesta sexta-feira (28\/8). Com a aprova\u00e7\u00e3o, tamb\u00e9m fica revogada a delibera\u00e7\u00e3o que permitia que munic\u00edpios com rede de Sa\u00fade suplementar adotassem regras pr\u00f3prias enquanto o estudo estivesse sendo realizado.&nbsp;<\/p>\n\n\n\n<h2 class=\"wp-block-heading\"><strong>Cuidados<\/strong><\/h2>\n\n\n\n<figure class=\"wp-block-image size-large\"><img decoding=\"async\" src=\"https:\/\/aconteceu.info\/boletins\/mudancas_minas_consciente_1.jpeg\" alt=\"\"\/><\/figure>\n\n\n\n<p>Com o avan\u00e7o da flexibiliza\u00e7\u00e3o, o vice-governador Paulo Brant pediu que os mineiros mantenham todos os cuidados para evitar a contamina\u00e7\u00e3o.<br>\u201cAgora, que avan\u00e7amos no sentido de flexibilizar, as pessoas precisam seguir os protocolos de forma ainda mais cuidadosa. \u00c9 muito importante manter o uso da m\u00e1scara, do \u00e1lcool em gel, o distanciamento. O v\u00edrus ainda n\u00e3o foi embora, ele continua aqui. Ent\u00e3o, at\u00e9 o advento da vacina, precisamos tomar cuidado, mais do que nunca\u201d, orientou.&nbsp;<\/p>\n\n\n\n<h2 class=\"wp-block-heading\"><strong>Rede suplementar<\/strong><\/h2>\n\n\n\n<p>O estudo que apontou a relev\u00e2ncia dos leitos de UTI privados para a capacidade assistencial do Estado utilizou como base dados fornecidos pela Ag\u00eancia Nacional de Sa\u00fade Suplementar (ANS).<\/p>\n\n\n\n<figure class=\"wp-block-image size-large\"><img decoding=\"async\" src=\"https:\/\/aconteceu.info\/boletins\/mudancas_minas_consciente_2.jpeg\" alt=\"\"\/><\/figure>\n\n\n\n<p>A an\u00e1lise mostrou que Minas possui, hoje, 46 hospitais que atendem exclusivamente planos de sa\u00fade, em 21 cidades. Esses munic\u00edpios correspondem a 32% da popula\u00e7\u00e3o. S\u00e3o quase 700 leitos de UTI, com 61% de ocupa\u00e7\u00e3o. No SUS, s\u00e3o quase 4 mil leitos, com 65% de ocupa\u00e7\u00e3o.&nbsp;<\/p>\n\n\n\n<p>Os dados mostram, ainda, que 24% da popula\u00e7\u00e3o mineira tem acesso \u00e0 rede de Sa\u00fade suplementar, colocando o estado em terceiro lugar no pa\u00eds em cobertura pela rede privada. A macrorregi\u00e3o de Sa\u00fade Centro, que engloba a Regi\u00e3o Metropolitana de Belo Horizonte, tem a maior cobertura (34% da popula\u00e7\u00e3o).&nbsp;<\/p>\n\n\n\n<p>Dados da ANS tamb\u00e9m apontam que os planos de sa\u00fade no Brasil t\u00eam estabilidade financeira para cumprir seu papel e que houve queda de 10% na taxa de ocupa\u00e7\u00e3o de leitos em rela\u00e7\u00e3o ao ano passado.<br>Outros quatro estados brasileiros tamb\u00e9m analisam a disponibilidade de leitos na rede de Sa\u00fade suplementar. S\u00e3o eles: S\u00e3o Paulo, Rio Grande do Sul, Piau\u00ed e Amap\u00e1.<\/p>\n\n\n\n<h2 class=\"wp-block-heading\"><strong>Munic\u00edpios<\/strong><\/h2>\n\n\n\n<figure class=\"wp-block-image size-large\"><img decoding=\"async\" src=\"https:\/\/aconteceu.info\/boletins\/mudancas_minas_consciente_3.jpeg\" alt=\"\"\/><\/figure>\n\n\n\n<p>At\u00e9 esta quarta-feira, 65% dos munic\u00edpios mineiros (561) aderiram ao plano Minas Consciente, impactando cerca de 13 milh\u00f5es de pessoas.<br>Entre as 763 cidades com menos de 30 mil habitantes, 445 apresentaram menos de 50 casos por 100 mil habitantes nos \u00faltimos 14 dias. Assim, elas est\u00e3o autorizadas a avan\u00e7ar automaticamente para a onda amarela do plano, independentemente da situa\u00e7\u00e3o das macro ou microrregi\u00f5es nas quais est\u00e3o inseridas.<\/p>\n\n\n\n<h2 class=\"wp-block-heading\"><strong>Onda Vermelha<\/strong><\/h2>\n\n\n\n<figure class=\"wp-block-image size-large\"><img decoding=\"async\" src=\"https:\/\/aconteceu.info\/boletins\/mudancas_minas_consciente_4.jpeg\" alt=\"\"\/><\/figure>\n\n\n\n<p>A macrorregi\u00e3o de Sa\u00fade&nbsp;<a href=\"http:\/\/www.agenciaminas.mg.gov.br\/ckeditor_assets\/attachments\/8141\/06_-_regional_nordeste.pdf\" target=\"_blank\" rel=\"noreferrer noopener\">Nordeste<\/a>&nbsp;est\u00e1 na onda vermelha do plano. Portanto, nesse local est\u00e1 autorizada a abertura dos seguintes servi\u00e7os:<\/p>\n\n\n\n<p>&#8211; Supermercados, padarias, restaurantes, lanchonetes, lojas de conveni\u00eancia;<br>&#8211; Bares (somente para delivery ou retirada no balc\u00e3o);<br>&#8211; A\u00e7ougues, peixarias, hortifrutigranjeiros;<br>&#8211; Servi\u00e7os de ambulantes de alimenta\u00e7\u00e3o;<br>&#8211; Farm\u00e1cias, drogarias, lojas de cosm\u00e9ticos, lavanderias, pet shop;<br>&#8211; Bancos, casas lot\u00e9ricas, cooperativas de cr\u00e9dito;<br>&#8211; Vigil\u00e2ncia e seguran\u00e7a privada;<br>&#8211; Servi\u00e7os de reparo e manuten\u00e7\u00e3o;<br>&#8211; Lojas de inform\u00e1tica e aparelhos de comunica\u00e7\u00e3o;<br>&#8211; Hot\u00e9is, mot\u00e9is, campings, alojamentos e pens\u00f5es;<br>&#8211; Constru\u00e7\u00e3o civil e obras de infraestrutura;<br>&#8211; Com\u00e9rcio de ve\u00edculos, pe\u00e7as e acess\u00f3rios automotores.<\/p>\n\n\n\n<h2 class=\"wp-block-heading\"><strong>Onda Amarela<\/strong><\/h2>\n\n\n\n<figure class=\"wp-block-image size-large\"><img decoding=\"async\" src=\"https:\/\/aconteceu.info\/boletins\/mudancas_minas_consciente_5.jpeg\" alt=\"\"\/><\/figure>\n\n\n\n<p>As macrorregi\u00f5es de Sa\u00fade&nbsp;<a href=\"http:\/\/www.agenciaminas.mg.gov.br\/ckeditor_assets\/attachments\/8231\/01_-_regional_centro_vr.pdf\" target=\"_blank\" rel=\"noreferrer noopener\">Centro<\/a>,&nbsp;<a href=\"http:\/\/www.agenciaminas.mg.gov.br\/ckeditor_assets\/attachments\/8149\/14_-_regional_vale_do_aco.pdf\" target=\"_blank\" rel=\"noreferrer noopener\">Vale do A\u00e7o<\/a>,<a href=\"http:\/\/www.agenciaminas.mg.gov.br\/ckeditor_assets\/attachments\/8142\/07_-_regional_noroeste.pdf\" target=\"_blank\" rel=\"noreferrer noopener\">Noroeste<\/a>,&nbsp;<a href=\"http:\/\/www.agenciaminas.mg.gov.br\/ckeditor_assets\/attachments\/8138\/03_-_regional_jequitinhonha.pdf\" target=\"_blank\" rel=\"noreferrer noopener\">Jequitinhonha<\/a>,&nbsp;<a href=\"http:\/\/www.agenciaminas.mg.gov.br\/ckeditor_assets\/attachments\/8139\/04_-_regional_leste.pdf\" target=\"_blank\" rel=\"noreferrer noopener\">Leste<\/a>,&nbsp;<a href=\"http:\/\/www.agenciaminas.mg.gov.br\/ckeditor_assets\/attachments\/8143\/08_-_regional_norte.pdf\" target=\"_blank\" rel=\"noreferrer noopener\">Norte<\/a>,&nbsp;<a href=\"http:\/\/www.agenciaminas.mg.gov.br\/ckeditor_assets\/attachments\/8147\/12_-_regional_triangulo_norte.pdf\" target=\"_blank\" rel=\"noreferrer noopener\">Tri\u00e2ngulo do Norte<\/a>,&nbsp;<a href=\"http:\/\/www.agenciaminas.mg.gov.br\/ckeditor_assets\/attachments\/8148\/13_-_regional_triangulo_sul.pdf\" target=\"_blank\" rel=\"noreferrer noopener\">Tri\u00e2ngulo do Sul<\/a>,&nbsp;<a href=\"http:\/\/www.agenciaminas.mg.gov.br\/ckeditor_assets\/attachments\/8144\/09_-_regional_oeste.pdf\" target=\"_blank\" rel=\"noreferrer noopener\">Oeste<\/a>,<a href=\"http:\/\/www.agenciaminas.mg.gov.br\/ckeditor_assets\/attachments\/8146\/11_-_regional_sul.pdf\" target=\"_blank\" rel=\"noreferrer noopener\">&nbsp;Sul<\/a>,<a href=\"http:\/\/www.agenciaminas.mg.gov.br\/ckeditor_assets\/attachments\/8137\/02_-_regional_centro_sul.pdf\" target=\"_blank\" rel=\"noreferrer noopener\">&nbsp;Centro-Sul<\/a>,<a href=\"http:\/\/www.agenciaminas.mg.gov.br\/ckeditor_assets\/attachments\/8145\/10_-_regional_sudeste.pdf\" target=\"_blank\" rel=\"noreferrer noopener\">&nbsp;Sudeste<\/a>&nbsp;e<a href=\"http:\/\/www.agenciaminas.mg.gov.br\/ckeditor_assets\/attachments\/8140\/05_-_regional_leste_do_sul.pdf\" target=\"_blank\" rel=\"noreferrer noopener\">&nbsp;Leste do Sul<\/a>&nbsp;apresentaram \u00edndices favor\u00e1veis para a abertura de servi\u00e7os n\u00e3o essenciais, contemplados pela onda amarela.<\/p>\n\n\n\n<p>Nesta fase, s\u00e3o permitidos:<br><br>&#8211; Bares (consumo no local);<br>&#8211; Autoescolas e cursos de pilotagem;<br>&#8211; Sal\u00f5es de beleza e atividades de est\u00e9tica;<br>&#8211; Com\u00e9rcio de eletrodom\u00e9sticos e equipamentos de \u00e1udio e v\u00eddeo;<br>&#8211; Papelarias, lojas de livros, discos e revistas;<br>&#8211; Lojas de roupas, bijuterias, joias, cal\u00e7ados, e artigos de viagem;<br>&#8211; Com\u00e9rcio de itens de cama, mesa e banho;<br>&#8211; Lojas de m\u00f3veis e lustres;<br>&#8211; Imobili\u00e1rias;<br>&#8211; Lojas de departamento e duty free;<br>&#8211; Lojas de brinquedos;<br>&#8211; Academias (com restri\u00e7\u00f5es)<br>&#8211; Ag\u00eancias de viagem<\/p>\n\n\n\n<h2 class=\"wp-block-heading\"><strong>Onda verde<\/strong><\/h2>\n\n\n\n<p>Nenhuma macrorregi\u00e3o mineira apresentou, at\u00e9 o momento, \u00edndices favor\u00e1veis para inclus\u00e3o na onda verde, que permite a abertura de clubes, cinemas e est\u00fadios de piercings e tatuagens, entre outros servi\u00e7os. Para avan\u00e7ar para a onda verde, as cidades precisam estar h\u00e1 28 dias consecutivos na onda amarela, sem sofrer retrocessos durante esse per\u00edodo.<\/p>\n\n\n\n<h2 class=\"wp-block-heading\"><strong>Microrregi\u00f5es<\/strong><\/h2>\n\n\n\n<p>Al\u00e9m das macrorregi\u00f5es, os dados das 67 microrregi\u00f5es mineiras s\u00e3o considerados pelo Comit\u00ea Executivo Covid-19, permitindo que elas sejam divididas por ondas, conforme as realidades espec\u00edficas. Caso as ondas indicadas para as macro e microrregi\u00f5es sejam diferentes, caber\u00e1 a cada prefeito optar por qual das duas recomenda\u00e7\u00f5es seguir.\u00a0<br><br>Confira <a rel=\"noreferrer noopener\" href=\"http:\/\/agenciaminas.mg.gov.br\/ckeditor_assets\/attachments\/9170\/analise_de_macro_e_micro_-_novo_minas_consciente_v16.xls\" target=\"_blank\">aqui a planilha<\/a> com os munic\u00edpios inclu\u00eddos nas microrregi\u00f5es.<\/p>\n\n\n\n<p class=\"has-pale-cyan-blue-background-color has-background\">Quer saber as not\u00edcias do <strong>Aconteceu no Vale<\/strong> em primeira m\u00e3o? Siga-nos no Facebook <a rel=\"noreferrer noopener\" href=\"http:\/\/facebook.com\/aconteceunovale\" target=\"_blank\">@aconteceunovale<\/a>, Twitter <a rel=\"noreferrer noopener\" href=\"https:\/\/twitter.com\/noticiadosvales\" target=\"_blank\">@noticiadosvales<\/a> e Instagram <a rel=\"noreferrer noopener\" href=\"https:\/\/www.instagram.com\/aconteceunovale\" target=\"_blank\">@aconteceunovale<\/a>.<\/p>\n","protected":false},"excerpt":{"rendered":"<p>As 200 cidades que comp\u00f5em as macrorregi\u00f5es de Sa\u00fade Centro &#8211; que inclui a Grande BH -, Jequitinhonha, Vale do A\u00e7o e Noroeste poder\u00e3o avan\u00e7ar para a onda amarela do plano Minas Consciente, criado pelo governo estadual para promover a retomada gradual e segura da economia. Nessa fase, j\u00e1 \u00e9 permitida a abertura de bares [&hellip;]<\/p>\n","protected":false},"author":4,"featured_media":167825,"comment_status":"open","ping_status":"closed","sticky":false,"template":"","format":"standard","meta":{"amp_status":"","footnotes":""},"categories":[121,123,1236,120,122],"tags":[226899,227899,227901,752,226639,217799,219851,219853,225459,214884,216498,221718,1018,226771,226773,225458,226298,228272,226455,219855,226300,226452,226453,226451,226299,226772,215653,226301,226535,221717,219854,219852,217692,222637,227897,227898,227900,221719,226454,220285,220287,220286],"class_list":["post-167824","post","type-post","status-publish","format-standard","has-post-thumbnail","hentry","category-leste","category-gerais","category-norte_de_minas","category-jequi","category-mucuri","tag-362-cidades-de-pequeno-porte-passarao-automaticamente-para-a-onda-amarela-do-minas-consciente","tag-abertura-das-academias-de-ginastica","tag-abertura-das-agencias-de-turismo","tag-almg","tag-atividades-economicas-terao-protocolo-unico-na-nova-fase-do-plano-minas-consciente","tag-casos-de-coronavirus-em-minas-gerais","tag-casos-de-covid-19-em-minas-gerais","tag-cidades-com-casos-de-coronavirus-em-minas-gerais","tag-consulta-publica-minas-consciente","tag-coronavirus","tag-covid-19","tag-curados-do-coronavirus-em-minas-gerais","tag-destaque","tag-entenda-a-divisao-por-ondas-nas-novas-regras-do-plano-minas-consciente","tag-entenda-as-ondas-do-minas-consciente","tag-governo-lanca-consulta-publica-sobre-o-plano-minas-consciente","tag-governo-lanca-novas-regras-para-o-plano-minas-consciente","tag-mais-quatro-regioes-poderao-avancar-para-a-onda-amarela-do-plano-minas-consciente","tag-microrregioes-minas-consciente","tag-mortes-por-coronavirus-em-minas-gerais","tag-mudancas-no-minas-consciente","tag-municipios-pequenos","tag-municipios-pequenos-minas-consciente","tag-municipios-receberao-tratamento-individualizado-na-nova-fase-do-minas-consciente","tag-novas-regras-do-minas-consciente","tag-novas-regras-do-plano-minas-consciente","tag-novo-coronavirus","tag-novo-minas-consciente","tag-novos-indicadores-do-plano-minas-consciente-vao-simplificar-tomada-de-decisao-de-prefeitos","tag-numero-de-curados-do-coronavirus-em-minas-gerais","tag-numeros-do-coronavirus-em-minas-gerais","tag-obitos-por-coronavirus-em-minas-gerias","tag-pandemia-de-coronavirus","tag-plano-minas-consciente","tag-plano-minas-consciente-tera-protocolo-para-academias-de-ginastica-e-agencias-de-turismo-na-onda-amarela","tag-reabertura-das-academias-de-ginastica","tag-reabertura-das-agencia-de-turismo","tag-recuperados-do-coronavirus-em-minas-gerais","tag-regioes-minas-consciente","tag-secretaria-de-saude-atualiza-numeros-do-coronavirus-em-minas-gerais","tag-secretaria-de-saude-de-minas-gerais-atualiza-numeros-do-coronavirus","tag-ses-mg-atualiza-numeros-do-coronavirus"],"_links":{"self":[{"href":"https:\/\/aconteceunovale.com.br\/portal\/index.php?rest_route=\/wp\/v2\/posts\/167824","targetHints":{"allow":["GET"]}}],"collection":[{"href":"https:\/\/aconteceunovale.com.br\/portal\/index.php?rest_route=\/wp\/v2\/posts"}],"about":[{"href":"https:\/\/aconteceunovale.com.br\/portal\/index.php?rest_route=\/wp\/v2\/types\/post"}],"author":[{"embeddable":true,"href":"https:\/\/aconteceunovale.com.br\/portal\/index.php?rest_route=\/wp\/v2\/users\/4"}],"replies":[{"embeddable":true,"href":"https:\/\/aconteceunovale.com.br\/portal\/index.php?rest_route=%2Fwp%2Fv2%2Fcomments&post=167824"}],"version-history":[{"count":1,"href":"https:\/\/aconteceunovale.com.br\/portal\/index.php?rest_route=\/wp\/v2\/posts\/167824\/revisions"}],"predecessor-version":[{"id":167826,"href":"https:\/\/aconteceunovale.com.br\/portal\/index.php?rest_route=\/wp\/v2\/posts\/167824\/revisions\/167826"}],"wp:featuredmedia":[{"embeddable":true,"href":"https:\/\/aconteceunovale.com.br\/portal\/index.php?rest_route=\/wp\/v2\/media\/167825"}],"wp:attachment":[{"href":"https:\/\/aconteceunovale.com.br\/portal\/index.php?rest_route=%2Fwp%2Fv2%2Fmedia&parent=167824"}],"wp:term":[{"taxonomy":"category","embeddable":true,"href":"https:\/\/aconteceunovale.com.br\/portal\/index.php?rest_route=%2Fwp%2Fv2%2Fcategories&post=167824"},{"taxonomy":"post_tag","embeddable":true,"href":"https:\/\/aconteceunovale.com.br\/portal\/index.php?rest_route=%2Fwp%2Fv2%2Ftags&post=167824"}],"curies":[{"name":"wp","href":"https:\/\/api.w.org\/{rel}","templated":true}]}}