{"id":167763,"date":"2020-08-24T19:18:02","date_gmt":"2020-08-24T22:18:02","guid":{"rendered":"https:\/\/aconteceunovale.com.br\/portal\/?p=167763"},"modified":"2020-08-24T19:18:11","modified_gmt":"2020-08-24T22:18:11","slug":"trem-de-passageiros-da-estrada-de-ferro-vitoria-a-minas-volta-a-circular-dia-1o-de-setembro","status":"publish","type":"post","link":"https:\/\/aconteceunovale.com.br\/portal\/?p=167763","title":{"rendered":"Trem de Passageiros da Estrada de Ferro Vit\u00f3ria a Minas volta a circular dia 1\u00ba de setembro"},"content":{"rendered":"\n<p>O Trem de Passageiros da Estrada de Ferro Vit\u00f3ria a Minas (EFVM) voltar\u00e1 a circular no pr\u00f3ximo dia 1\u00ba de setembro. A venda de passagens ser\u00e1 feita, prioritariamente pela internet, a partir de amanh\u00e3 (25\/8\/2020). Novos procedimentos ser\u00e3o adotados durante a compra de passagens, embarque e viagem visando a sa\u00fade e a seguran\u00e7a de passageiros e empregados, levando em considera\u00e7\u00e3o os protocolos estabelecidos pelo Minist\u00e9rio da Sa\u00fade.<\/p>\n\n\n\n<p>O embarque de passageiros nas esta\u00e7\u00f5es Pedro Nolasco, em Cariacica (ES), e Belo Horizonte, em Minas Gerais, ser\u00e1 encerrado 15 minutos antes do hor\u00e1rio de partida do trem. A circula\u00e7\u00e3o tamb\u00e9m ser\u00e1 retomada no trecho entre Nova Era e Itabira, em ambos os sentidos, e o hor\u00e1rio de partida ser\u00e1 mantido.<\/p>\n\n\n\n<p>A compra ser\u00e1 poss\u00edvel com at\u00e9 sete dias de anteced\u00eancia. A ocupa\u00e7\u00e3o ser\u00e1 reduzida para permitir o distanciamento entre assentos durante a viagem. Entre as medidas adotadas para preservar a seguran\u00e7a e o conforto dos passageiros tamb\u00e9m est\u00e3o a aferi\u00e7\u00e3o de temperatura antes do embarque, o uso obrigat\u00f3rio de m\u00e1scaras, a oferta de \u00e1lcool em gel nas esta\u00e7\u00f5es e a bordo do trem e a intensifica\u00e7\u00e3o da limpeza e da desinfec\u00e7\u00e3o de \u00e1reas comuns.<\/p>\n\n\n\n<h3 class=\"wp-block-heading\">Confira algumas medidas adotadas:<\/h3>\n\n\n\n<ul class=\"wp-block-list\"><li>Distanciamento social durante as vendas de passagens, embarque e desembarque;<\/li><li>Isen\u00e7\u00e3o de cobran\u00e7a de multa para remarca\u00e7\u00e3o e cancelamento;<\/li><li>N\u00e3o ser\u00e3o vendidos bilhetes nas esta\u00e7\u00f5es nos hor\u00e1rios de passagem de trens;<\/li><li>N\u00e3o ser\u00e3o vendidos bilhetes para o mesmo dia da viagem;<\/li><li>O hor\u00e1rio de atendimento nas bilheterias ser\u00e1 alterado;<\/li><li>A bagagem a bordo ser\u00e1 limitada a uma mala e uma bolsa pessoal por passageiro;<\/li><li>As vendas ser\u00e3o feitas prioritariamente pela internet (<a rel=\"noreferrer noopener\" target=\"_blank\" href=\"http:\/\/vale.com\/tremdepassageiros\">vale.com\/tremdepassageiros<\/a>). As bilheterias e os pontos de venda funcionar\u00e3o com hor\u00e1rios diferenciados;<\/li><li>Totens de higieniza\u00e7\u00e3o estar\u00e3o dispon\u00edveis em todas as esta\u00e7\u00f5es e ser\u00e1 disponibilizado \u00e1lcool em gel a bordo do trem;<\/li><li>A bordo, a circula\u00e7\u00e3o estar\u00e1 restrita ao carro indicado no bilhete;<\/li><li>Os carros lanchonete e restaurante n\u00e3o ser\u00e3o abertos ao p\u00fablico, e as refei\u00e7\u00f5es ser\u00e3o servidas nos assentos para reduzir a circula\u00e7\u00e3o de pessoas;<\/li><li>Ser\u00e3o suspensas as vendas de passagens a bordo.<\/li><\/ul>\n\n\n\n<p>Para mais informa\u00e7\u00f5es, os passageiros podem entrar em contato com o canal de atendimento Al\u00f4 Ferrovias (0800 285 7000).<\/p>\n\n\n\n<p class=\"has-pale-cyan-blue-background-color has-background\">Quer saber as not\u00edcias do <strong>Aconteceu no Vale<\/strong> em primeira m\u00e3o? Siga-nos no Facebook <a rel=\"noreferrer noopener\" href=\"http:\/\/facebook.com\/aconteceunovale\" target=\"_blank\">@aconteceunovale<\/a>, Twitter <a rel=\"noreferrer noopener\" href=\"https:\/\/twitter.com\/noticiadosvales\" target=\"_blank\">@noticiadosvales<\/a> e Instagram <a rel=\"noreferrer noopener\" href=\"https:\/\/www.instagram.com\/aconteceunovale\" target=\"_blank\">@aconteceunovale<\/a>.<\/p>\n","protected":false},"excerpt":{"rendered":"<p>O Trem de Passageiros da Estrada de Ferro Vit\u00f3ria a Minas (EFVM) voltar\u00e1 a circular no pr\u00f3ximo dia 1\u00ba de setembro. A venda de passagens ser\u00e1 feita, prioritariamente pela internet, a partir de amanh\u00e3 (25\/8\/2020). Novos procedimentos ser\u00e3o adotados durante a compra de passagens, embarque e viagem visando a sa\u00fade e a seguran\u00e7a de passageiros [&hellip;]<\/p>\n","protected":false},"author":4,"featured_media":103984,"comment_status":"open","ping_status":"closed","sticky":false,"template":"","format":"standard","meta":{"amp_status":"","footnotes":""},"categories":[6,121,123],"tags":[194,1017,15869,26413,202,1103,228198,27764,228196,228195,82223,218346,2352,71045,228194,71047,2910,228197],"class_list":["post-167763","post","type-post","status-publish","format-standard","has-post-thumbnail","hentry","category-br","category-leste","category-gerais","tag-belo-horizonte","tag-bh","tag-cariacica","tag-estrada-de-ferro-vitoria-a-minas","tag-itabira","tag-nova-era","tag-passagens-trem-da-efvm","tag-passagens-trem-da-vale","tag-passagens-trem-de-passageiros-da-estrada-de-ferro-vitoria-a-minas","tag-passagens-trem-de-passageiros-da-vale","tag-pedro-nolasco","tag-trem-da-efvm","tag-trem-da-vale","tag-trem-de-passageiros-da-estrada-de-ferro-vitoria-a-minas","tag-trem-de-passageiros-da-estrada-de-ferro-vitoria-a-minas-volta-a-circular-dia-1o-de-setembro","tag-trem-de-passageiros-da-vale","tag-vale","tag-volta-do-trem-de-passageiros-da-estrada-de-ferro-vitoria-a-minas"],"_links":{"self":[{"href":"https:\/\/aconteceunovale.com.br\/portal\/index.php?rest_route=\/wp\/v2\/posts\/167763","targetHints":{"allow":["GET"]}}],"collection":[{"href":"https:\/\/aconteceunovale.com.br\/portal\/index.php?rest_route=\/wp\/v2\/posts"}],"about":[{"href":"https:\/\/aconteceunovale.com.br\/portal\/index.php?rest_route=\/wp\/v2\/types\/post"}],"author":[{"embeddable":true,"href":"https:\/\/aconteceunovale.com.br\/portal\/index.php?rest_route=\/wp\/v2\/users\/4"}],"replies":[{"embeddable":true,"href":"https:\/\/aconteceunovale.com.br\/portal\/index.php?rest_route=%2Fwp%2Fv2%2Fcomments&post=167763"}],"version-history":[{"count":1,"href":"https:\/\/aconteceunovale.com.br\/portal\/index.php?rest_route=\/wp\/v2\/posts\/167763\/revisions"}],"predecessor-version":[{"id":167764,"href":"https:\/\/aconteceunovale.com.br\/portal\/index.php?rest_route=\/wp\/v2\/posts\/167763\/revisions\/167764"}],"wp:featuredmedia":[{"embeddable":true,"href":"https:\/\/aconteceunovale.com.br\/portal\/index.php?rest_route=\/wp\/v2\/media\/103984"}],"wp:attachment":[{"href":"https:\/\/aconteceunovale.com.br\/portal\/index.php?rest_route=%2Fwp%2Fv2%2Fmedia&parent=167763"}],"wp:term":[{"taxonomy":"category","embeddable":true,"href":"https:\/\/aconteceunovale.com.br\/portal\/index.php?rest_route=%2Fwp%2Fv2%2Fcategories&post=167763"},{"taxonomy":"post_tag","embeddable":true,"href":"https:\/\/aconteceunovale.com.br\/portal\/index.php?rest_route=%2Fwp%2Fv2%2Ftags&post=167763"}],"curies":[{"name":"wp","href":"https:\/\/api.w.org\/{rel}","templated":true}]}}