{"id":167761,"date":"2020-08-24T19:07:17","date_gmt":"2020-08-24T22:07:17","guid":{"rendered":"https:\/\/aconteceunovale.com.br\/portal\/?p=167761"},"modified":"2020-08-24T19:07:29","modified_gmt":"2020-08-24T22:07:29","slug":"mulher-suspeita-de-trafico-de-drogas-e-presa-pela-policia-civil-em-angelandia-no-vale-do-jequitinhonha","status":"publish","type":"post","link":"https:\/\/aconteceunovale.com.br\/portal\/?p=167761","title":{"rendered":"Mulher suspeita de tr\u00e1fico de drogas \u00e9 presa pela Pol\u00edcia Civil em Angel\u00e2ndia, no Vale do Jequitinhonha"},"content":{"rendered":"\n<p>Uma mulher de 37 anos foi presa pela Pol\u00edcia Civil de Minas Gerais (PCMG) em Angel\u00e2ndia, no Vale do Jequitinhonha, na \u00faltima sexta-feira (21\/8\/2020). Segundo as investiga\u00e7\u00f5es, a suspeita teria envolvimento com o tr\u00e1fico de drogas naquela cidade e, inclusive, j\u00e1 tinha sido detida em flagrante em meados de julho ap\u00f3s apreens\u00e3o de materiais entorpecentes na resid\u00eancia dela.<\/p>\n\n\n\n<p>\u201cCom isso, durante o andamento do inqu\u00e9rito policial, a Pol\u00edcia Civil representou pela pris\u00e3o preventiva da suspeita, que foi atendida pela Justi\u00e7a\u201d, informou a Delegacia Regional de Capelinha.<\/p>\n\n\n\n<p>A mulher foi encaminhada \u00e0 Delegacia e, ap\u00f3s a formaliza\u00e7\u00e3o do procedimento, foi conduzida ao Sistema Prisional, onde se encontra \u00e0 disposi\u00e7\u00e3o da Justi\u00e7a.<\/p>\n\n\n\n<figure class=\"wp-block-gallery columns-1 is-cropped wp-block-gallery-1 is-layout-flex wp-block-gallery-is-layout-flex\"><ul class=\"blocks-gallery-grid\"><li class=\"blocks-gallery-item\"><figure><img loading=\"lazy\" decoding=\"async\" width=\"678\" height=\"442\" src=\"https:\/\/aconteceunovale.com.br\/portal\/wp-content\/uploads\/2020\/08\/delegacia_capelinha.jpg\" alt=\"\" data-id=\"167241\" class=\"wp-image-167241\" srcset=\"https:\/\/aconteceunovale.com.br\/portal\/wp-content\/uploads\/2020\/08\/delegacia_capelinha.jpg 678w, https:\/\/aconteceunovale.com.br\/portal\/wp-content\/uploads\/2020\/08\/delegacia_capelinha-300x196.jpg 300w, https:\/\/aconteceunovale.com.br\/portal\/wp-content\/uploads\/2020\/08\/delegacia_capelinha-644x420.jpg 644w\" sizes=\"auto, (max-width: 678px) 100vw, 678px\" \/><figcaption class=\"blocks-gallery-item__caption\"><em>Pris\u00e3o foi formalizada na Delegacia de Capelinha &#8211; Foto: Divulga\u00e7\u00e3o\/PCMG<\/em><\/figcaption><\/figure><\/li><\/ul><\/figure>\n\n\n\n<p class=\"has-pale-cyan-blue-background-color has-background\">Quer saber as not\u00edcias do <strong>Aconteceu no Vale<\/strong> em primeira m\u00e3o? Siga-nos no Facebook <a rel=\"noreferrer noopener\" href=\"http:\/\/facebook.com\/aconteceunovale\" target=\"_blank\">@aconteceunovale<\/a>, Twitter <a rel=\"noreferrer noopener\" href=\"https:\/\/twitter.com\/noticiadosvales\" target=\"_blank\">@noticiadosvales<\/a> e Instagram <a rel=\"noreferrer noopener\" href=\"https:\/\/www.instagram.com\/aconteceunovale\" target=\"_blank\">@aconteceunovale<\/a>.<\/p>\n","protected":false},"excerpt":{"rendered":"<p>Uma mulher de 37 anos foi presa pela Pol\u00edcia Civil de Minas Gerais (PCMG) em Angel\u00e2ndia, no Vale do Jequitinhonha, na \u00faltima sexta-feira (21\/8\/2020). Segundo as investiga\u00e7\u00f5es, a suspeita teria envolvimento com o tr\u00e1fico de drogas naquela cidade e, inclusive, j\u00e1 tinha sido detida em flagrante em meados de julho ap\u00f3s apreens\u00e3o de materiais entorpecentes [&hellip;]<\/p>\n","protected":false},"author":4,"featured_media":167241,"comment_status":"open","ping_status":"closed","sticky":false,"template":"","format":"standard","meta":{"amp_status":"","footnotes":""},"categories":[120],"tags":[657,228192,132,63550,228193,228187,604,228191,228190,228189,228188],"class_list":["post-167761","post","type-post","status-publish","format-standard","has-post-thumbnail","hentry","category-jequi","tag-angelandia","tag-apreensao-de-drogas-em-angelandia","tag-capelinha","tag-delegacia-regional-de-capelinha","tag-drogas-apreendidas-em-angelandia","tag-mulher-suspeita-de-trafico-de-drogas-e-presa-pela-policia-civil-em-angelandia","tag-pcmg","tag-presa-por-trafico-em-angelandia","tag-traficante-presa-em-angelandia","tag-trafico-de-drogas-em-angelandia","tag-trafico-em-angelandia"],"_links":{"self":[{"href":"https:\/\/aconteceunovale.com.br\/portal\/index.php?rest_route=\/wp\/v2\/posts\/167761","targetHints":{"allow":["GET"]}}],"collection":[{"href":"https:\/\/aconteceunovale.com.br\/portal\/index.php?rest_route=\/wp\/v2\/posts"}],"about":[{"href":"https:\/\/aconteceunovale.com.br\/portal\/index.php?rest_route=\/wp\/v2\/types\/post"}],"author":[{"embeddable":true,"href":"https:\/\/aconteceunovale.com.br\/portal\/index.php?rest_route=\/wp\/v2\/users\/4"}],"replies":[{"embeddable":true,"href":"https:\/\/aconteceunovale.com.br\/portal\/index.php?rest_route=%2Fwp%2Fv2%2Fcomments&post=167761"}],"version-history":[{"count":1,"href":"https:\/\/aconteceunovale.com.br\/portal\/index.php?rest_route=\/wp\/v2\/posts\/167761\/revisions"}],"predecessor-version":[{"id":167762,"href":"https:\/\/aconteceunovale.com.br\/portal\/index.php?rest_route=\/wp\/v2\/posts\/167761\/revisions\/167762"}],"wp:featuredmedia":[{"embeddable":true,"href":"https:\/\/aconteceunovale.com.br\/portal\/index.php?rest_route=\/wp\/v2\/media\/167241"}],"wp:attachment":[{"href":"https:\/\/aconteceunovale.com.br\/portal\/index.php?rest_route=%2Fwp%2Fv2%2Fmedia&parent=167761"}],"wp:term":[{"taxonomy":"category","embeddable":true,"href":"https:\/\/aconteceunovale.com.br\/portal\/index.php?rest_route=%2Fwp%2Fv2%2Fcategories&post=167761"},{"taxonomy":"post_tag","embeddable":true,"href":"https:\/\/aconteceunovale.com.br\/portal\/index.php?rest_route=%2Fwp%2Fv2%2Ftags&post=167761"}],"curies":[{"name":"wp","href":"https:\/\/api.w.org\/{rel}","templated":true}]}}