{"id":167754,"date":"2020-08-24T18:46:54","date_gmt":"2020-08-24T21:46:54","guid":{"rendered":"https:\/\/aconteceunovale.com.br\/portal\/?p=167754"},"modified":"2020-08-24T18:47:44","modified_gmt":"2020-08-24T21:47:44","slug":"projeto-de-recuperacao-de-veredas-no-norte-de-minas-tem-primeiros-resultados-positivos","status":"publish","type":"post","link":"https:\/\/aconteceunovale.com.br\/portal\/?p=167754","title":{"rendered":"Projeto de recupera\u00e7\u00e3o de veredas no Norte de Minas tem primeiros resultados positivos"},"content":{"rendered":"\n<p>As veredas do Cerrado norte-mineiro destacam-se pela oferta de \u00e1gua e boa qualidade de vida para popula\u00e7\u00f5es humanas e animais. Conhecidos pela alta concentra\u00e7\u00e3o de \u00e1gua e solo f\u00e9rtil, esses ambientes t\u00eam grande valor social e ecol\u00f3gico. No entanto, na \u00faltima d\u00e9cada, algumas dessas \u00e1reas est\u00e3o secando, o que leva \u00e0 redu\u00e7\u00e3o da biodiversidade nativa.<\/p>\n\n\n\n<p>Projeto de recupera\u00e7\u00e3o implantado como piloto, em 2019,&nbsp;pelo Instituto de Ci\u00eancias Agr\u00e1rias (ICA), localizado no campus da UFMG em Montes Claros,&nbsp;j\u00e1 apresenta os primeiros resultados positivos. A a\u00e7\u00e3o de extens\u00e3o \u00e9 realizada na Vereda do Perua\u00e7u,&nbsp;munic\u00edpio de Janu\u00e1ria. De acordo com o professor&nbsp;Fl\u00e1vio Pimenta, entre as a\u00e7\u00f5es do projeto, est\u00e3o a planta\u00e7\u00e3o de mudas nativas e a implanta\u00e7\u00e3o de barragens subterr\u00e2neas em \u00e1rea atingida por inc\u00eandios florestais.<\/p>\n\n\n\n<p>\u201cImplementamos uma barragem subterr\u00e2nea com o objetivo de elevar&nbsp;o n\u00edvel fre\u00e1tico e promover o umedecimento no perfil do solo e dar condi\u00e7\u00f5es para regenera\u00e7\u00e3o de sementes\u201d, explica Pimenta. Um ano ap\u00f3s a implanta\u00e7\u00e3o das barragens, a \u00e1rea come\u00e7ou a apresentar sinais de recupera\u00e7\u00e3o, com o aumento da umidade do solo e crescimento das esp\u00e9cies nativas. A proposta \u00e9 que a metodologia possa ser expandida para outras regi\u00f5es afetadas.<\/p>\n\n\n\n<p>As barragens de conten\u00e7\u00e3o de \u00e1gua j\u00e1 s\u00e3o alternativas amplamente utilizadas para abastecimento e consumo de popula\u00e7\u00f5es humanas e animais e tamb\u00e9m para irriga\u00e7\u00e3o de agricultura, mas sua utiliza\u00e7\u00e3o n\u00e3o \u00e9 comum com o objetivo de recupera\u00e7\u00e3o ambiental. De acordo com o professor do ICA, o monitoramento continuar\u00e1 por tr\u00eas anos, incluindo a verifica\u00e7\u00e3o dos n\u00edveis fre\u00e1ticos e o estudo do perfil das veredas.<\/p>\n\n\n\n<figure class=\"wp-block-gallery columns-1 is-cropped wp-block-gallery-1 is-layout-flex wp-block-gallery-is-layout-flex\"><ul class=\"blocks-gallery-grid\"><li class=\"blocks-gallery-item\"><figure><img loading=\"lazy\" decoding=\"async\" width=\"618\" height=\"351\" src=\"https:\/\/aconteceunovale.com.br\/portal\/wp-content\/uploads\/2020\/08\/vereada_januaria.png\" alt=\"\" data-id=\"167756\" data-full-url=\"https:\/\/aconteceunovale.com.br\/portal\/wp-content\/uploads\/2020\/08\/vereada_januaria.png\" data-link=\"https:\/\/aconteceunovale.com.br\/portal\/?attachment_id=167756\" class=\"wp-image-167756\" srcset=\"https:\/\/aconteceunovale.com.br\/portal\/wp-content\/uploads\/2020\/08\/vereada_januaria.png 618w, https:\/\/aconteceunovale.com.br\/portal\/wp-content\/uploads\/2020\/08\/vereada_januaria-300x170.png 300w\" sizes=\"auto, (max-width: 618px) 100vw, 618px\" \/><figcaption class=\"blocks-gallery-item__caption\"><em>Vereda em in\u00edcio de recupera\u00e7\u00e3o no norte de Minas &#8211; Foto: Eduardo Gomes \/ ICA<\/em><\/figcaption><\/figure><\/li><\/ul><\/figure>\n\n\n\n<h2 class=\"wp-block-heading\"><strong>Buriti e xiriri<\/strong><\/h2>\n\n\n\n<p>Fl\u00e1vio Pimenta alerta para o risco embutido na utiliza\u00e7\u00e3o do fogo para limpar \u00e1reas de agricultura e pastagens. A expans\u00e3o do fogo pode levar \u00e0 queimada de grandes \u00e1reas, levando ao esgotamento da disponibilidade h\u00eddrica e \u00e0 mortalidade de esp\u00e9cies vegetais adaptadas \u00e0s regi\u00f5es alagadas e importantes para o ecossistema local, como o buriti e xiriri.<\/p>\n\n\n\n<p>O projeto \u00e9 realizado com recursos de Termo de Ajustamento de Conduta (TAC) entre o Instituto Brasileiro do Meio Ambiente e dos Recursos Naturais (Ibama) e o Minist\u00e9rio P\u00fablico de Minas Gerais. Al\u00e9m da restaura\u00e7\u00e3o da \u00e1rea, o acordo prev\u00ea a reestrutura\u00e7\u00e3o de um viveiro de mudas de S\u00e3o Jo\u00e3o das Miss\u00f5es. A equipe respons\u00e1vel pelo projeto inclui representantes do Ibama e da prefeitura de S\u00e3o Jo\u00e3o das Miss\u00f5es e estudantes de p\u00f3s-gradua\u00e7\u00e3o.&nbsp;<\/p>\n\n\n\n<p class=\"has-pale-cyan-blue-background-color has-background\">Quer saber as not\u00edcias do <strong>Aconteceu no Vale<\/strong> em primeira m\u00e3o? Siga-nos no Facebook <a rel=\"noreferrer noopener\" href=\"http:\/\/facebook.com\/aconteceunovale\" target=\"_blank\">@aconteceunovale<\/a>, Twitter <a rel=\"noreferrer noopener\" href=\"https:\/\/twitter.com\/noticiadosvales\" target=\"_blank\">@noticiadosvales<\/a> e Instagram <a rel=\"noreferrer noopener\" href=\"https:\/\/www.instagram.com\/aconteceunovale\" target=\"_blank\">@aconteceunovale<\/a>.<\/p>\n","protected":false},"excerpt":{"rendered":"<p>As veredas do Cerrado norte-mineiro destacam-se pela oferta de \u00e1gua e boa qualidade de vida para popula\u00e7\u00f5es humanas e animais. Conhecidos pela alta concentra\u00e7\u00e3o de \u00e1gua e solo f\u00e9rtil, esses ambientes t\u00eam grande valor social e ecol\u00f3gico. No entanto, na \u00faltima d\u00e9cada, algumas dessas \u00e1reas est\u00e3o secando, o que leva \u00e0 redu\u00e7\u00e3o da biodiversidade nativa. [&hellip;]<\/p>\n","protected":false},"author":4,"featured_media":167756,"comment_status":"open","ping_status":"closed","sticky":false,"template":"","format":"standard","meta":{"amp_status":"","footnotes":""},"categories":[1236],"tags":[5319,228172,180813,181051,214075,205,228168,228169,1810,874,124273,228171,228170,228173],"class_list":["post-167754","post","type-post","status-publish","format-standard","has-post-thumbnail","hentry","category-norte_de_minas","tag-buriti","tag-flavio-pimenta","tag-ica-ufmg","tag-instituto-de-ciencias-agrarias","tag-instituto-de-ciencias-agrarias-da-ufmg","tag-januaria","tag-projeto-de-recuperacao-de-veredas-no-norte-de-minas-tem-primeiros-resultados-positivos","tag-recuperacao-de-veredas-no-norte-de-minas","tag-sao-joao-das-missoes","tag-ufmg","tag-ufmg-em-montes-claros","tag-vereda-do-peruacu","tag-veredas-do-cerrado-norte-mineiro","tag-xiriri"],"_links":{"self":[{"href":"https:\/\/aconteceunovale.com.br\/portal\/index.php?rest_route=\/wp\/v2\/posts\/167754","targetHints":{"allow":["GET"]}}],"collection":[{"href":"https:\/\/aconteceunovale.com.br\/portal\/index.php?rest_route=\/wp\/v2\/posts"}],"about":[{"href":"https:\/\/aconteceunovale.com.br\/portal\/index.php?rest_route=\/wp\/v2\/types\/post"}],"author":[{"embeddable":true,"href":"https:\/\/aconteceunovale.com.br\/portal\/index.php?rest_route=\/wp\/v2\/users\/4"}],"replies":[{"embeddable":true,"href":"https:\/\/aconteceunovale.com.br\/portal\/index.php?rest_route=%2Fwp%2Fv2%2Fcomments&post=167754"}],"version-history":[{"count":2,"href":"https:\/\/aconteceunovale.com.br\/portal\/index.php?rest_route=\/wp\/v2\/posts\/167754\/revisions"}],"predecessor-version":[{"id":167757,"href":"https:\/\/aconteceunovale.com.br\/portal\/index.php?rest_route=\/wp\/v2\/posts\/167754\/revisions\/167757"}],"wp:featuredmedia":[{"embeddable":true,"href":"https:\/\/aconteceunovale.com.br\/portal\/index.php?rest_route=\/wp\/v2\/media\/167756"}],"wp:attachment":[{"href":"https:\/\/aconteceunovale.com.br\/portal\/index.php?rest_route=%2Fwp%2Fv2%2Fmedia&parent=167754"}],"wp:term":[{"taxonomy":"category","embeddable":true,"href":"https:\/\/aconteceunovale.com.br\/portal\/index.php?rest_route=%2Fwp%2Fv2%2Fcategories&post=167754"},{"taxonomy":"post_tag","embeddable":true,"href":"https:\/\/aconteceunovale.com.br\/portal\/index.php?rest_route=%2Fwp%2Fv2%2Ftags&post=167754"}],"curies":[{"name":"wp","href":"https:\/\/api.w.org\/{rel}","templated":true}]}}