{"id":167710,"date":"2020-08-24T11:48:52","date_gmt":"2020-08-24T14:48:52","guid":{"rendered":"https:\/\/aconteceunovale.com.br\/portal\/?p=167710"},"modified":"2020-08-24T11:49:29","modified_gmt":"2020-08-24T14:49:29","slug":"caixa-paga-auxilio-emergencial-de-r-600-a-beneficiarios-do-bolsa-familia","status":"publish","type":"post","link":"https:\/\/aconteceunovale.com.br\/portal\/?p=167710","title":{"rendered":"Caixa paga aux\u00edlio emergencial de R$ 600 a benefici\u00e1rios do Bolsa Fam\u00edlia"},"content":{"rendered":"\n<p>A Caixa continua pagando\u00a0hoje\u00a0(24\/8\/2020) a quinta parcela do aux\u00edlio emergencial para os benefici\u00e1rios do programa Bolsa Fam\u00edlia. A cada dia, o saque \u00e9 liberado a um novo grupo conforme o final do N\u00famero de Identifica\u00e7\u00e3o Social (NIS). Ao todo, 19,2 milh\u00f5es de pessoas cadastradas no programa receber\u00e3o o dinheiro at\u00e9\u00a031 de agosto.<img decoding=\"async\" src=\"https:\/\/agenciabrasil.ebc.com.br\/ebc.png?id=1314592&amp;o=node\"><img decoding=\"async\" src=\"https:\/\/agenciabrasil.ebc.com.br\/ebc.gif?id=1314592&amp;o=node\"><\/p>\n\n\n\n<p>O aux\u00edlio, com parcelas de R$ 600 (R$ 1,2 mil para m\u00e3es solteiras), foi criado para reduzir os efeitos da crise econ\u00f4mica causada pela pandemia da covid-19.<\/p>\n\n\n\n<p>Nesta&nbsp;segunda-feira (24), \u00e9 a vez dos benefici\u00e1rios com NIS final 5 que podem fazer&nbsp;o saque em esp\u00e9cie. Os primeiros a receber foram os benefici\u00e1rios com NIS final 1, na \u00faltima&nbsp;ter\u00e7a-feira (18). O pagamento segue em ordem crescente at\u00e9 chegar ao NIS 9 no dia 28 e termina com o NIS 0, no dia 31. N\u00e3o h\u00e1 pagamentos nos finais de semana.<\/p>\n\n\n\n<p>O recebimento do aux\u00edlio emergencial por esse p\u00fablico \u00e9 feito da mesma forma que o benef\u00edcio regular do Bolsa Fam\u00edlia, utilizando o cart\u00e3o nos canais de autoatendimento, unidades lot\u00e9ricas e correspondentes Caixa Aqui ou por cr\u00e9dito na conta Caixa F\u00e1cil.<\/p>\n\n\n\n<h2 class=\"wp-block-heading\">Demais benefici\u00e1rios<\/h2>\n\n\n\n<p>Os demais benefici\u00e1rios do aux\u00edlio emergencial, como os trabalhadores informais, recebem inicialmente o cr\u00e9dito do benef\u00edcio na poupan\u00e7a social da Caixa, conforme calend\u00e1rio organizado por m\u00eas de nascimento. Pelo aplicativo Caixa Tem, \u00e9 poss\u00edvel fazer compras&nbsp;<em>online<\/em>&nbsp;em estabelecimentos autorizados e pagar boletos.<\/p>\n\n\n\n<p>O saque em dinheiro do benef\u00edcio, em uma ag\u00eancia do banco, \u00e9 autorizado posteriormente, de acordo com calend\u00e1rio definido pelo governo, considerando tamb\u00e9m o m\u00eas de nascimento do benefici\u00e1rio. As transfer\u00eancias para outros bancos ou para contas na pr\u00f3pria Caixa seguem o mesmo calend\u00e1rio de saque. Nesse caso, os recursos s\u00e3o transferidos automaticamente para as contas indicadas pelo benefici\u00e1rio.<\/p>\n\n\n\n<p>Na pr\u00f3xima quarta-feira (26), a Caixa far\u00e1 o cr\u00e9dito do benef\u00edcio para nascidos em dezembro. O saque ser\u00e1 liberado no dia\u00a017 de setembro.<\/p>\n\n\n\n<p class=\"has-pale-cyan-blue-background-color has-background\">Quer saber as not\u00edcias do <strong>Aconteceu no Vale<\/strong> em primeira m\u00e3o? Siga-nos no Facebook <a rel=\"noreferrer noopener\" href=\"http:\/\/facebook.com\/aconteceunovale\" target=\"_blank\">@aconteceunovale<\/a>, Twitter <a rel=\"noreferrer noopener\" href=\"https:\/\/twitter.com\/noticiadosvales\" target=\"_blank\">@noticiadosvales<\/a> e Instagram <a rel=\"noreferrer noopener\" href=\"https:\/\/www.instagram.com\/aconteceunovale\" target=\"_blank\">@aconteceunovale<\/a>.<\/p>\n","protected":false},"excerpt":{"rendered":"<p>A Caixa continua pagando\u00a0hoje\u00a0(24\/8\/2020) a quinta parcela do aux\u00edlio emergencial para os benefici\u00e1rios do programa Bolsa Fam\u00edlia. A cada dia, o saque \u00e9 liberado a um novo grupo conforme o final do N\u00famero de Identifica\u00e7\u00e3o Social (NIS). Ao todo, 19,2 milh\u00f5es de pessoas cadastradas no programa receber\u00e3o o dinheiro at\u00e9\u00a031 de agosto. O aux\u00edlio, com [&hellip;]<\/p>\n","protected":false},"author":4,"featured_media":162525,"comment_status":"open","ping_status":"closed","sticky":false,"template":"","format":"standard","meta":{"amp_status":"","footnotes":""},"categories":[6],"tags":[219405,219383,225996,219292,225074,225788,225789,225075,225949,219977,100375,225948,227485,227055,226016,228081,225732,223087,226744,225178,225552,225551,20922,225787,225176,225962,226017,226018,1018,221649,223267,184405,4610,26436,225826,184661,225077,225076,225550,225549,225961,225177,225548],"class_list":["post-167710","post","type-post","status-publish","format-standard","has-post-thumbnail","hentry","category-br","tag-auxilio-de-r-600","tag-auxilio-emergencial","tag-auxilio-emergencial-chega-a-29-milhoes-de-domicilios","tag-auxilio-emergencial-de-r-600","tag-auxilio-emergencial-de-r-600-elevou-padrao-de-vida-em-23-milhoes-de-domicilios","tag-auxilio-emergencial-para-agricultor-familiar","tag-auxilio-para-agricultor-familiar","tag-beneficio-do-auxilio-emergencial-de-r-600","tag-bloqueio-de-contas-da-poupanca-social","tag-bloqueio-do-auxilio-emergencial","tag-bolsonaro","tag-caixa-bloqueia-contas-da-poupanca-social","tag-caixa-credita-auxilio-emergencial-para-4-milhoes-nascidos-em-agosto","tag-caixa-credita-auxilio-emergencial-para-nascidos-em-junho","tag-caixa-divulga-orientacao-para-desbloqueio-de-contas","tag-caixa-paga-auxilio-emergencial-de-r-600-a-beneficiarios-do-bolsa-familia","tag-caixa-paga-quarta-parcela-do-auxilio-emergencial-a-beneficiarios-do-bolsa-familia","tag-caixa-tem","tag-caixa-vai-pagar-auxilio-emergencial-de-r-600-a-805-mil-novos-beneficiarios","tag-calendario-para-saque-em-dinheiro-do-auxilio-emergencial","tag-calendario-quarta-parcela-do-auxilio-emergencial","tag-calendario-quinta-parcela-do-auxilio-emergencial","tag-camara-dos-deputados","tag-camara-dos-deputados-aprova-auxilio-emergencial-para-agricultor-familiar-durante-a-pandemia","tag-confira-o-calendario-para-saque-em-dinheiro-do-auxilio-emergencial-de-r-600","tag-desbloquear-as-contas-digitais-do-auxilio-emergencial","tag-desbloqueio-caixa-tem","tag-desbloqueio-de-contas-caixa-tem","tag-destaque","tag-fraude-no-auxilio-emergencial","tag-fraudes-no-auxilio-emergencial","tag-governo-bolsonaro","tag-governo-federal","tag-jair-bolsonaro","tag-mais-de-700-mil-receberao-amanha-primeira-parcela-do-auxilio-emergencial","tag-ministerio-da-economia","tag-padrao-de-vida-auxilio-emergencial","tag-padrao-de-vida-auxilio-emergencial-de-r-600","tag-quarta-parcela-auxilio-emergencial","tag-quinta-parcela-auxilio-emergencial","tag-saiba-como-desbloquear-as-contas-digitais-do-auxilio-emergencial","tag-saque-em-dinheiro-do-auxilio-emergencial","tag-veja-os-calendarios-dos-novos-pagamentos-do-auxilio-emergencial-de-r-600"],"_links":{"self":[{"href":"https:\/\/aconteceunovale.com.br\/portal\/index.php?rest_route=\/wp\/v2\/posts\/167710","targetHints":{"allow":["GET"]}}],"collection":[{"href":"https:\/\/aconteceunovale.com.br\/portal\/index.php?rest_route=\/wp\/v2\/posts"}],"about":[{"href":"https:\/\/aconteceunovale.com.br\/portal\/index.php?rest_route=\/wp\/v2\/types\/post"}],"author":[{"embeddable":true,"href":"https:\/\/aconteceunovale.com.br\/portal\/index.php?rest_route=\/wp\/v2\/users\/4"}],"replies":[{"embeddable":true,"href":"https:\/\/aconteceunovale.com.br\/portal\/index.php?rest_route=%2Fwp%2Fv2%2Fcomments&post=167710"}],"version-history":[{"count":1,"href":"https:\/\/aconteceunovale.com.br\/portal\/index.php?rest_route=\/wp\/v2\/posts\/167710\/revisions"}],"predecessor-version":[{"id":167711,"href":"https:\/\/aconteceunovale.com.br\/portal\/index.php?rest_route=\/wp\/v2\/posts\/167710\/revisions\/167711"}],"wp:featuredmedia":[{"embeddable":true,"href":"https:\/\/aconteceunovale.com.br\/portal\/index.php?rest_route=\/wp\/v2\/media\/162525"}],"wp:attachment":[{"href":"https:\/\/aconteceunovale.com.br\/portal\/index.php?rest_route=%2Fwp%2Fv2%2Fmedia&parent=167710"}],"wp:term":[{"taxonomy":"category","embeddable":true,"href":"https:\/\/aconteceunovale.com.br\/portal\/index.php?rest_route=%2Fwp%2Fv2%2Fcategories&post=167710"},{"taxonomy":"post_tag","embeddable":true,"href":"https:\/\/aconteceunovale.com.br\/portal\/index.php?rest_route=%2Fwp%2Fv2%2Ftags&post=167710"}],"curies":[{"name":"wp","href":"https:\/\/api.w.org\/{rel}","templated":true}]}}