{"id":167697,"date":"2020-08-24T10:20:05","date_gmt":"2020-08-24T13:20:05","guid":{"rendered":"https:\/\/aconteceunovale.com.br\/portal\/?p=167697"},"modified":"2020-08-24T10:22:13","modified_gmt":"2020-08-24T13:22:13","slug":"reabertura-das-agencias-do-inss-e-adiada-para-14-de-setembro","status":"publish","type":"post","link":"https:\/\/aconteceunovale.com.br\/portal\/?p=167697","title":{"rendered":"Reabertura das ag\u00eancias do INSS \u00e9 adiada para 14 de setembro"},"content":{"rendered":"\n<p>Foi publicada hoje, 24\/8\/2020, no\u00a0<a rel=\"noreferrer noopener\" href=\"https:\/\/pesquisa.in.gov.br\/imprensa\/jsp\/visualiza\/index.jsp?data=24\/08\/2020&amp;jornal=515&amp;pagina=15\" target=\"_blank\"><em>Di\u00e1rio Oficial da Uni\u00e3o<\/em><\/a>\u00a0a portaria do Instituto Nacional do Seguro Social (INSS) e da Secretaria Especial de Previd\u00eancia e Trabalho do Minist\u00e9rio da Economia que prorroga o atendimento aos segurados e benefici\u00e1rios, exclusivamente por canais remotos, at\u00e9 o dia 11 de setembro. A retomada do atendimento presencial nas ag\u00eancias da Previd\u00eancia est\u00e1 prevista para ocorrer em 14 de setembro.<\/p>\n\n\n\n<p>A decis\u00e3o pela\u00a0prorroga\u00e7\u00e3o\u00a0foi anunciada na sexta-feira (21) passada. A suspens\u00e3o do atendimento nas unidades ocorreu em mar\u00e7o em raz\u00e3o da pandemia da covid-19 e, desde ent\u00e3o, o INSS e o Minist\u00e9rio da Economia v\u00eam prorrogando o atendimento remoto. De acordo com a \u00faltima portaria, publicada em julho, a\u00a0reabertura\u00a0estava prevista para hoje (24).<\/p>\n\n\n\n<p>A retomada dever\u00e1 ser gradual e o atendimento com agendamento pr\u00e9vio pelos canais remotos. At\u00e9 l\u00e1, para acessar os servi\u00e7os da Previd\u00eancia, os segurados e benefici\u00e1rios devem utilizar os canais\u00a0<a href=\"https:\/\/meu.inss.gov.br\/central\/#\/login?redirectUrl=\/\" target=\"_blank\" rel=\"noreferrer noopener\">Meu INSS<\/a>, pela internet, e Central 135, pelo telefone. Segundo o INSS, essas formas de atendimento continuar\u00e3o sendo utilizadas mesmo ap\u00f3s a reabertura das ag\u00eancias e ser\u00e3o adotadas medidas para simplifica\u00e7\u00e3o dos procedimentos e a amplia\u00e7\u00e3o do prazo para cumprir exig\u00eancias.<\/p>\n\n\n\n<p>A reabertura considerar\u00e1 as especificidades das 1.525 ag\u00eancias da Previd\u00eancia Social em todo o Brasil. Cada unidade dever\u00e1 avaliar o perfil do quadro de servidores e contratados, o volume de atendimentos realizados, a organiza\u00e7\u00e3o do espa\u00e7o f\u00edsico, as medidas de limpeza e os equipamentos de prote\u00e7\u00e3o individual e coletiva. Aquelas que n\u00e3o reunirem as condi\u00e7\u00f5es m\u00ednimas de seguran\u00e7a sanit\u00e1ria continuar\u00e3o em regime de plant\u00e3o reduzido para tirar d\u00favidas.<\/p>\n\n\n\n<h2 class=\"wp-block-heading\">Novos procedimentos<\/h2>\n\n\n\n<p>Para agilizar os seus procedimentos, o INSS passou a adotar o servi\u00e7o chamado Exig\u00eancia Expressa para entrega de documenta\u00e7\u00e3o para a an\u00e1lise de requerimentos que, por algum motivo, n\u00e3o puderam ser conclu\u00eddos por meio remoto. Desde julho, a novidade est\u00e1 em vigor em S\u00e3o Paulo e, este m\u00eas, foi estendida a todo o pa\u00eds.<\/p>\n\n\n\n<p>Os documentos poder\u00e3o ser entregues em urnas que foram colocadas na entrada das ag\u00eancias. O interessado deve depositar nelas c\u00f3pias simples dos documentos solicitados pelo INSS, na unidade da Previd\u00eancia mais pr\u00f3xima de sua resid\u00eancia. Para isso, \u00e9 preciso fazer o agendamento pelo <a href=\"https:\/\/meu.inss.gov.br\/central\/#\/login?redirectUrl=\/\" target=\"_blank\" rel=\"noreferrer noopener\">Meu INSS<\/a> ou Central 135.<\/p>\n\n\n\n<p>Al\u00e9m disso, o instituto iniciou o projeto-piloto da prova de vida por\u00a0biometria facial. A prova de vida digital ser\u00e1 feita nos aplicativos do\u00a0<a rel=\"noreferrer noopener\" href=\"https:\/\/www.gov.br\/pt-br\/apps\/meu-gov.br\" target=\"_blank\">Governo Digital<\/a>\u00a0e <a href=\"https:\/\/meu.inss.gov.br\/central\/#\/login?redirectUrl=\/\" target=\"_blank\" rel=\"noreferrer noopener\">Meu INSS<\/a> com o uso da c\u00e2mera do celular do cidad\u00e3o. Como se trata de um projeto-piloto, o \u00edcone para a prova de vida digital s\u00f3 estar\u00e1 dispon\u00edvel para os usu\u00e1rios escolhidos. Cerca de 500 mil segurados foram selecionados pelo \u00f3rg\u00e3o.<\/p>\n\n\n\n<p>Obrigat\u00f3ria para o recebimento de aposentadoria, aux\u00edlios e pens\u00f5es, a prova de vida deve ser feita todos os anos, no m\u00eas de anivers\u00e1rio do segurado, na ag\u00eancia banc\u00e1ria onde o benef\u00edcio \u00e9 sacado. Caso o pr\u00f3prio segurado n\u00e3o possa comparecer, algum representante legal pode ir em seu lugar. Por causa da pandemia do novo coronav\u00edrus, o procedimento est\u00e1\u00a0suspenso at\u00e9 setembro.<\/p>\n\n\n\n<p class=\"has-pale-cyan-blue-background-color has-background\">Quer saber as not\u00edcias do <strong>Aconteceu no Vale<\/strong> em primeira m\u00e3o? Siga-nos no Facebook <a rel=\"noreferrer noopener\" href=\"http:\/\/facebook.com\/aconteceunovale\" target=\"_blank\">@aconteceunovale<\/a>, Twitter <a rel=\"noreferrer noopener\" href=\"https:\/\/twitter.com\/noticiadosvales\" target=\"_blank\">@noticiadosvales<\/a> e Instagram <a rel=\"noreferrer noopener\" href=\"https:\/\/www.instagram.com\/aconteceunovale\" target=\"_blank\">@aconteceunovale<\/a>.<\/p>\n","protected":false},"excerpt":{"rendered":"<p>Foi publicada hoje, 24\/8\/2020, no\u00a0Di\u00e1rio Oficial da Uni\u00e3o\u00a0a portaria do Instituto Nacional do Seguro Social (INSS) e da Secretaria Especial de Previd\u00eancia e Trabalho do Minist\u00e9rio da Economia que prorroga o atendimento aos segurados e benefici\u00e1rios, exclusivamente por canais remotos, at\u00e9 o dia 11 de setembro. A retomada do atendimento presencial nas ag\u00eancias da Previd\u00eancia [&hellip;]<\/p>\n","protected":false},"author":4,"featured_media":164663,"comment_status":"open","ping_status":"closed","sticky":false,"template":"","format":"standard","meta":{"amp_status":"","footnotes":""},"categories":[6],"tags":[225039,225040,225730,225729,225731,225041,6528,226180,169010,206547,225037,225038,228062,225036,226181,226183,226182,225728],"class_list":["post-167697","post","type-post","status-publish","format-standard","has-post-thumbnail","hentry","category-br","tag-adiamento-da-reabertura-das-agencias-do-inss","tag-agencias-do-inss","tag-agendamento-de-servicos-no-meu-inss","tag-agendar-servicos-no-meu-inss","tag-entenda-como-agendar-servicos-no-meu-inss","tag-funcionamento-das-agencias-do-inss","tag-inss","tag-inss-autoriza-bancos-a-renovar-prova-de-vida-por-procuracao","tag-meu-inss","tag-prova-de-vida-inss","tag-reabertura-das-agencias-do-inss","tag-reabertura-das-agencias-do-inss-e-adiada","tag-reabertura-das-agencias-do-inss-e-adiada-para-14-de-setembro","tag-reabertura-das-agencias-do-inss-e-adiada-para-dia-3-de-agosto","tag-renovacao-da-prova-de-vida","tag-renovacao-da-prova-de-vida-do-inss","tag-renovar-prova-de-vida-inss","tag-saiba-como-agendar-servicos-no-meu-inss"],"_links":{"self":[{"href":"https:\/\/aconteceunovale.com.br\/portal\/index.php?rest_route=\/wp\/v2\/posts\/167697","targetHints":{"allow":["GET"]}}],"collection":[{"href":"https:\/\/aconteceunovale.com.br\/portal\/index.php?rest_route=\/wp\/v2\/posts"}],"about":[{"href":"https:\/\/aconteceunovale.com.br\/portal\/index.php?rest_route=\/wp\/v2\/types\/post"}],"author":[{"embeddable":true,"href":"https:\/\/aconteceunovale.com.br\/portal\/index.php?rest_route=\/wp\/v2\/users\/4"}],"replies":[{"embeddable":true,"href":"https:\/\/aconteceunovale.com.br\/portal\/index.php?rest_route=%2Fwp%2Fv2%2Fcomments&post=167697"}],"version-history":[{"count":1,"href":"https:\/\/aconteceunovale.com.br\/portal\/index.php?rest_route=\/wp\/v2\/posts\/167697\/revisions"}],"predecessor-version":[{"id":167698,"href":"https:\/\/aconteceunovale.com.br\/portal\/index.php?rest_route=\/wp\/v2\/posts\/167697\/revisions\/167698"}],"wp:featuredmedia":[{"embeddable":true,"href":"https:\/\/aconteceunovale.com.br\/portal\/index.php?rest_route=\/wp\/v2\/media\/164663"}],"wp:attachment":[{"href":"https:\/\/aconteceunovale.com.br\/portal\/index.php?rest_route=%2Fwp%2Fv2%2Fmedia&parent=167697"}],"wp:term":[{"taxonomy":"category","embeddable":true,"href":"https:\/\/aconteceunovale.com.br\/portal\/index.php?rest_route=%2Fwp%2Fv2%2Fcategories&post=167697"},{"taxonomy":"post_tag","embeddable":true,"href":"https:\/\/aconteceunovale.com.br\/portal\/index.php?rest_route=%2Fwp%2Fv2%2Ftags&post=167697"}],"curies":[{"name":"wp","href":"https:\/\/api.w.org\/{rel}","templated":true}]}}