{"id":167683,"date":"2020-08-23T21:25:22","date_gmt":"2020-08-24T00:25:22","guid":{"rendered":"https:\/\/aconteceunovale.com.br\/portal\/?p=167683"},"modified":"2020-08-23T21:25:34","modified_gmt":"2020-08-24T00:25:34","slug":"motorista-e-preso-com-carga-de-carvao-vegetal-ilegal-no-norte-de-minas","status":"publish","type":"post","link":"https:\/\/aconteceunovale.com.br\/portal\/?p=167683","title":{"rendered":"Motorista \u00e9 preso com carga de carv\u00e3o vegetal ilegal no Norte de Minas"},"content":{"rendered":"\n<p>Um homem foi detido por transporte ilegal de 40 metros c\u00fabicos de carv\u00e3o vegetal. De acordo com a Pol\u00edcia Militar de Meio Ambiente, uma den\u00fancia informou sobre o crime e o motorista foi abordado na MG-120, na zona rural de Riacho dos Machados, no Norte de Minas.<\/p>\n\n\n\n<p>Ainda segundo a PM, o homem disse que trabalhava para uma empresa e que n\u00e3o possu\u00eda documenta\u00e7\u00e3o da carga. Por isso, ele foi preso e multado em mais de R$ 16 mil.<\/p>\n\n\n\n<p>A pol\u00edcia informou tamb\u00e9m que o ve\u00edculo e a carga foram apreendidos e encaminhados para um p\u00e1tio na cidade de Porteirinha.<\/p>\n\n\n\n<figure class=\"wp-block-gallery columns-1 is-cropped wp-block-gallery-1 is-layout-flex wp-block-gallery-is-layout-flex\"><ul class=\"blocks-gallery-grid\"><li class=\"blocks-gallery-item\"><figure><img loading=\"lazy\" decoding=\"async\" width=\"656\" height=\"450\" src=\"https:\/\/aconteceunovale.com.br\/portal\/wp-content\/uploads\/2020\/08\/carga_carvao_nm.jpeg\" alt=\"\" data-id=\"167684\" data-full-url=\"https:\/\/aconteceunovale.com.br\/portal\/wp-content\/uploads\/2020\/08\/carga_carvao_nm.jpeg\" data-link=\"https:\/\/aconteceunovale.com.br\/portal\/?attachment_id=167684\" class=\"wp-image-167684\" srcset=\"https:\/\/aconteceunovale.com.br\/portal\/wp-content\/uploads\/2020\/08\/carga_carvao_nm.jpeg 656w, https:\/\/aconteceunovale.com.br\/portal\/wp-content\/uploads\/2020\/08\/carga_carvao_nm-300x206.jpeg 300w, https:\/\/aconteceunovale.com.br\/portal\/wp-content\/uploads\/2020\/08\/carga_carvao_nm-100x70.jpeg 100w, https:\/\/aconteceunovale.com.br\/portal\/wp-content\/uploads\/2020\/08\/carga_carvao_nm-218x150.jpeg 218w, https:\/\/aconteceunovale.com.br\/portal\/wp-content\/uploads\/2020\/08\/carga_carvao_nm-612x420.jpeg 612w\" sizes=\"auto, (max-width: 656px) 100vw, 656px\" \/><figcaption class=\"blocks-gallery-item__caption\"><em>Foto: Pol\u00edcia Militar de Meio Ambiente \/ Divulga\u00e7\u00e3o<\/em><\/figcaption><\/figure><\/li><\/ul><\/figure>\n\n\n\n<p class=\"has-pale-cyan-blue-background-color has-background\">Quer saber as not\u00edcias do <strong>Aconteceu no Vale<\/strong> em primeira m\u00e3o? Siga-nos no Facebook <a rel=\"noreferrer noopener\" href=\"http:\/\/facebook.com\/aconteceunovale\" target=\"_blank\">@aconteceunovale<\/a>, Twitter <a rel=\"noreferrer noopener\" href=\"https:\/\/twitter.com\/noticiadosvales\" target=\"_blank\">@noticiadosvales<\/a> e Instagram <a rel=\"noreferrer noopener\" href=\"https:\/\/www.instagram.com\/aconteceunovale\" target=\"_blank\">@aconteceunovale<\/a>.<\/p>\n","protected":false},"excerpt":{"rendered":"<p>Um homem foi detido por transporte ilegal de 40 metros c\u00fabicos de carv\u00e3o vegetal. De acordo com a Pol\u00edcia Militar de Meio Ambiente, uma den\u00fancia informou sobre o crime e o motorista foi abordado na MG-120, na zona rural de Riacho dos Machados, no Norte de Minas. Ainda segundo a PM, o homem disse que [&hellip;]<\/p>\n","protected":false},"author":4,"featured_media":167684,"comment_status":"open","ping_status":"closed","sticky":false,"template":"","format":"standard","meta":{"amp_status":"","footnotes":""},"categories":[1236],"tags":[228036,1018,50828,228035,228034,1194,228037,1807],"class_list":["post-167683","post","type-post","status-publish","format-standard","has-post-thumbnail","hentry","category-norte_de_minas","tag-caminhoneiro-preso-em-riacho-dos-machados","tag-destaque","tag-mg-120","tag-motorista-e-preso-com-carga-de-carvao-vegetal-ilegal-em-riacho-dos-machados","tag-motorista-e-preso-com-carga-de-carvao-vegetal-ilegal-no-norte-de-minas","tag-porteirinha","tag-prisao-de-caminhoneiro-em-riacho-dos-machados","tag-riacho-dos-machados"],"_links":{"self":[{"href":"https:\/\/aconteceunovale.com.br\/portal\/index.php?rest_route=\/wp\/v2\/posts\/167683","targetHints":{"allow":["GET"]}}],"collection":[{"href":"https:\/\/aconteceunovale.com.br\/portal\/index.php?rest_route=\/wp\/v2\/posts"}],"about":[{"href":"https:\/\/aconteceunovale.com.br\/portal\/index.php?rest_route=\/wp\/v2\/types\/post"}],"author":[{"embeddable":true,"href":"https:\/\/aconteceunovale.com.br\/portal\/index.php?rest_route=\/wp\/v2\/users\/4"}],"replies":[{"embeddable":true,"href":"https:\/\/aconteceunovale.com.br\/portal\/index.php?rest_route=%2Fwp%2Fv2%2Fcomments&post=167683"}],"version-history":[{"count":1,"href":"https:\/\/aconteceunovale.com.br\/portal\/index.php?rest_route=\/wp\/v2\/posts\/167683\/revisions"}],"predecessor-version":[{"id":167685,"href":"https:\/\/aconteceunovale.com.br\/portal\/index.php?rest_route=\/wp\/v2\/posts\/167683\/revisions\/167685"}],"wp:featuredmedia":[{"embeddable":true,"href":"https:\/\/aconteceunovale.com.br\/portal\/index.php?rest_route=\/wp\/v2\/media\/167684"}],"wp:attachment":[{"href":"https:\/\/aconteceunovale.com.br\/portal\/index.php?rest_route=%2Fwp%2Fv2%2Fmedia&parent=167683"}],"wp:term":[{"taxonomy":"category","embeddable":true,"href":"https:\/\/aconteceunovale.com.br\/portal\/index.php?rest_route=%2Fwp%2Fv2%2Fcategories&post=167683"},{"taxonomy":"post_tag","embeddable":true,"href":"https:\/\/aconteceunovale.com.br\/portal\/index.php?rest_route=%2Fwp%2Fv2%2Ftags&post=167683"}],"curies":[{"name":"wp","href":"https:\/\/api.w.org\/{rel}","templated":true}]}}