{"id":167679,"date":"2020-08-23T21:18:32","date_gmt":"2020-08-24T00:18:32","guid":{"rendered":"https:\/\/aconteceunovale.com.br\/portal\/?p=167679"},"modified":"2020-08-23T21:18:43","modified_gmt":"2020-08-24T00:18:43","slug":"acidente-deixa-motorista-ferida-na-br-251-no-norte-de-minas","status":"publish","type":"post","link":"https:\/\/aconteceunovale.com.br\/portal\/?p=167679","title":{"rendered":"Acidente deixa motorista ferida na BR-251, no Norte de Minas"},"content":{"rendered":"\n<p>Um acidente entre tr\u00eas carretas deixou uma motorista ferida na BR-251, em Francisco S\u00e1 (MG), no s\u00e1bado (22\/8\/2020). A ocorr\u00eancia foi registrada no quil\u00f4metro 464 da rodovia.<\/p>\n\n\n\n<p>Segundo as informa\u00e7\u00f5es do Corpo de Bombeiros, a mulher dirigia um ve\u00edculo carregado de frutas e bateu nos demais. As carretas trafegavam no sentido contr\u00e1rio e levavam motos aqu\u00e1ticas e compensado de madeira.<\/p>\n\n\n\n<p>Ainda de acordo com os militares, duas das carretas ficaram na pista, interditando parcialmente a rodovia. A terceira ficou no acostamento. O tr\u00e2nsito j\u00e1 foi normalizado.<\/p>\n\n\n\n<p>Quando a equipe chegou, foi feita a sinaliza\u00e7\u00e3o do local, avalia\u00e7\u00e3o do risco de inc\u00eandio e socorro \u00e0s v\u00edtimas. Dois dos motoristas, de 32 e 44 anos, estavam fora dos ve\u00edculos. Eles foram atendidos e liberados.<\/p>\n\n\n\n<p>O Corpo de Bombeiros informou que a mulher apresentava ferimentos leves e foi levada para o hospital de Francisco S\u00e1 pelo Samu.<\/p>\n\n\n\n<p>A Pol\u00edcia Rodovi\u00e1ria Federal foi acionada. As causas do acidente ser\u00e3o apuradas.<\/p>\n\n\n\n<figure class=\"wp-block-gallery columns-1 is-cropped wp-block-gallery-1 is-layout-flex wp-block-gallery-is-layout-flex\"><ul class=\"blocks-gallery-grid\"><li class=\"blocks-gallery-item\"><figure><img loading=\"lazy\" decoding=\"async\" width=\"678\" height=\"443\" src=\"https:\/\/aconteceunovale.com.br\/portal\/wp-content\/uploads\/2020\/08\/acidente_251_francisco_sa_2.jpeg\" alt=\"\" data-id=\"167680\" data-full-url=\"https:\/\/aconteceunovale.com.br\/portal\/wp-content\/uploads\/2020\/08\/acidente_251_francisco_sa_2.jpeg\" data-link=\"https:\/\/aconteceunovale.com.br\/portal\/?attachment_id=167680\" class=\"wp-image-167680\" srcset=\"https:\/\/aconteceunovale.com.br\/portal\/wp-content\/uploads\/2020\/08\/acidente_251_francisco_sa_2.jpeg 678w, https:\/\/aconteceunovale.com.br\/portal\/wp-content\/uploads\/2020\/08\/acidente_251_francisco_sa_2-300x196.jpeg 300w, https:\/\/aconteceunovale.com.br\/portal\/wp-content\/uploads\/2020\/08\/acidente_251_francisco_sa_2-643x420.jpeg 643w\" sizes=\"auto, (max-width: 678px) 100vw, 678px\" \/><figcaption class=\"blocks-gallery-item__caption\"><em>Foto: Corpo de Bombeiros \/ Divulga\u00e7\u00e3o<\/em><\/figcaption><\/figure><\/li><li class=\"blocks-gallery-item\"><figure><img loading=\"lazy\" decoding=\"async\" width=\"656\" height=\"450\" src=\"https:\/\/aconteceunovale.com.br\/portal\/wp-content\/uploads\/2020\/08\/acidente_251_francisco_sa_1.jpeg\" alt=\"\" data-id=\"167681\" data-full-url=\"https:\/\/aconteceunovale.com.br\/portal\/wp-content\/uploads\/2020\/08\/acidente_251_francisco_sa_1.jpeg\" data-link=\"https:\/\/aconteceunovale.com.br\/portal\/?attachment_id=167681\" class=\"wp-image-167681\" srcset=\"https:\/\/aconteceunovale.com.br\/portal\/wp-content\/uploads\/2020\/08\/acidente_251_francisco_sa_1.jpeg 656w, https:\/\/aconteceunovale.com.br\/portal\/wp-content\/uploads\/2020\/08\/acidente_251_francisco_sa_1-300x206.jpeg 300w, https:\/\/aconteceunovale.com.br\/portal\/wp-content\/uploads\/2020\/08\/acidente_251_francisco_sa_1-100x70.jpeg 100w, https:\/\/aconteceunovale.com.br\/portal\/wp-content\/uploads\/2020\/08\/acidente_251_francisco_sa_1-218x150.jpeg 218w, https:\/\/aconteceunovale.com.br\/portal\/wp-content\/uploads\/2020\/08\/acidente_251_francisco_sa_1-612x420.jpeg 612w\" sizes=\"auto, (max-width: 656px) 100vw, 656px\" \/><figcaption class=\"blocks-gallery-item__caption\"><em>Foto: Corpo de Bombeiros \/ Divulga\u00e7\u00e3o<\/em><\/figcaption><\/figure><\/li><\/ul><\/figure>\n\n\n\n<p class=\"has-pale-cyan-blue-background-color has-background\">Quer saber as not\u00edcias do <strong>Aconteceu no Vale<\/strong> em primeira m\u00e3o? Siga-nos no Facebook <a rel=\"noreferrer noopener\" href=\"http:\/\/facebook.com\/aconteceunovale\" target=\"_blank\">@aconteceunovale<\/a>, Twitter <a rel=\"noreferrer noopener\" href=\"https:\/\/twitter.com\/noticiadosvales\" target=\"_blank\">@noticiadosvales<\/a> e Instagram <a rel=\"noreferrer noopener\" href=\"https:\/\/www.instagram.com\/aconteceunovale\" target=\"_blank\">@aconteceunovale<\/a>.<\/p>\n","protected":false},"excerpt":{"rendered":"<p>Um acidente entre tr\u00eas carretas deixou uma motorista ferida na BR-251, em Francisco S\u00e1 (MG), no s\u00e1bado (22\/8\/2020). A ocorr\u00eancia foi registrada no quil\u00f4metro 464 da rodovia. Segundo as informa\u00e7\u00f5es do Corpo de Bombeiros, a mulher dirigia um ve\u00edculo carregado de frutas e bateu nos demais. As carretas trafegavam no sentido contr\u00e1rio e levavam motos [&hellip;]<\/p>\n","protected":false},"author":4,"featured_media":167680,"comment_status":"open","ping_status":"closed","sticky":false,"template":"","format":"standard","meta":{"amp_status":"","footnotes":""},"categories":[1236],"tags":[228033,2034,163630,114004,206350,209231,206349,1395],"class_list":["post-167679","post","type-post","status-publish","format-standard","has-post-thumbnail","hentry","category-norte_de_minas","tag-acidente-deixa-motorista-ferida-na-br-251","tag-acidente-em-francisco-sa","tag-acidente-entre-caminhoes-na-br-251","tag-acidente-entre-carretas-na-br-251","tag-acidente-na-br-251-2","tag-acidente-na-br-251-em-francisco-sa-2","tag-br-251-2","tag-francisco-sa"],"_links":{"self":[{"href":"https:\/\/aconteceunovale.com.br\/portal\/index.php?rest_route=\/wp\/v2\/posts\/167679","targetHints":{"allow":["GET"]}}],"collection":[{"href":"https:\/\/aconteceunovale.com.br\/portal\/index.php?rest_route=\/wp\/v2\/posts"}],"about":[{"href":"https:\/\/aconteceunovale.com.br\/portal\/index.php?rest_route=\/wp\/v2\/types\/post"}],"author":[{"embeddable":true,"href":"https:\/\/aconteceunovale.com.br\/portal\/index.php?rest_route=\/wp\/v2\/users\/4"}],"replies":[{"embeddable":true,"href":"https:\/\/aconteceunovale.com.br\/portal\/index.php?rest_route=%2Fwp%2Fv2%2Fcomments&post=167679"}],"version-history":[{"count":1,"href":"https:\/\/aconteceunovale.com.br\/portal\/index.php?rest_route=\/wp\/v2\/posts\/167679\/revisions"}],"predecessor-version":[{"id":167682,"href":"https:\/\/aconteceunovale.com.br\/portal\/index.php?rest_route=\/wp\/v2\/posts\/167679\/revisions\/167682"}],"wp:featuredmedia":[{"embeddable":true,"href":"https:\/\/aconteceunovale.com.br\/portal\/index.php?rest_route=\/wp\/v2\/media\/167680"}],"wp:attachment":[{"href":"https:\/\/aconteceunovale.com.br\/portal\/index.php?rest_route=%2Fwp%2Fv2%2Fmedia&parent=167679"}],"wp:term":[{"taxonomy":"category","embeddable":true,"href":"https:\/\/aconteceunovale.com.br\/portal\/index.php?rest_route=%2Fwp%2Fv2%2Fcategories&post=167679"},{"taxonomy":"post_tag","embeddable":true,"href":"https:\/\/aconteceunovale.com.br\/portal\/index.php?rest_route=%2Fwp%2Fv2%2Ftags&post=167679"}],"curies":[{"name":"wp","href":"https:\/\/api.w.org\/{rel}","templated":true}]}}