{"id":167677,"date":"2020-08-23T20:52:39","date_gmt":"2020-08-23T23:52:39","guid":{"rendered":"https:\/\/aconteceunovale.com.br\/portal\/?p=167677"},"modified":"2020-08-23T20:52:48","modified_gmt":"2020-08-23T23:52:48","slug":"jovem-morre-em-acidente-no-municipio-de-almenara","status":"publish","type":"post","link":"https:\/\/aconteceunovale.com.br\/portal\/?p=167677","title":{"rendered":"Jovem morre em acidente no munic\u00edpio de Almenara"},"content":{"rendered":"\n<p>Um motociclista de 22 anos morreu ap\u00f3s bater em um cavalo solto na BR-367, em Almenara (MG), na noite de sexta-feira (21\/8\/2020). Segundo informa\u00e7\u00f5es da Pol\u00edcia Militar, Thalysson Alves de Oliveira chegou a ser socorrido pelo Corpo de Bombeiros e encaminhado ao hospital local, mas n\u00e3o resistiu aos ferimentos e veio a \u00f3bito na madrugada de s\u00e1bado (22).<\/p>\n\n\n\n<p>Ainda de acordo com a PM, o cavalo morreu no local da batida. Segundo moradores, constantemente h\u00e1 diversos animais soltos no trecho de rodovia onde ocorreu acidente.<\/p>\n\n\n\n<p class=\"has-pale-cyan-blue-background-color has-background\">Quer saber as not\u00edcias do <strong>Aconteceu no Vale<\/strong> em primeira m\u00e3o? Siga-nos no Facebook <a rel=\"noreferrer noopener\" href=\"http:\/\/facebook.com\/aconteceunovale\" target=\"_blank\">@aconteceunovale<\/a>, Twitter <a rel=\"noreferrer noopener\" href=\"https:\/\/twitter.com\/noticiadosvales\" target=\"_blank\">@noticiadosvales<\/a> e Instagram <a rel=\"noreferrer noopener\" href=\"https:\/\/www.instagram.com\/aconteceunovale\" target=\"_blank\">@aconteceunovale<\/a>.<\/p>\n","protected":false},"excerpt":{"rendered":"<p>Um motociclista de 22 anos morreu ap\u00f3s bater em um cavalo solto na BR-367, em Almenara (MG), na noite de sexta-feira (21\/8\/2020). Segundo informa\u00e7\u00f5es da Pol\u00edcia Militar, Thalysson Alves de Oliveira chegou a ser socorrido pelo Corpo de Bombeiros e encaminhado ao hospital local, mas n\u00e3o resistiu aos ferimentos e veio a \u00f3bito na madrugada [&hellip;]<\/p>\n","protected":false},"author":4,"featured_media":151866,"comment_status":"open","ping_status":"closed","sticky":false,"template":"","format":"standard","meta":{"amp_status":"","footnotes":""},"categories":[120],"tags":[19358,148585,142,228030,228031,228029,228032],"class_list":["post-167677","post","type-post","status-publish","format-standard","has-post-thumbnail","hentry","category-jequi","tag-acidente-em-almenara","tag-acidente-na-br-367-em-almenara","tag-almenara","tag-colisao-contra-cavalo-em-almenara","tag-colisao-contra-cavalo-na-br-367-em-almenara","tag-jovem-morre-em-acidente-no-municipio-de-almenara","tag-thalysson-alves-de-oliveira"],"_links":{"self":[{"href":"https:\/\/aconteceunovale.com.br\/portal\/index.php?rest_route=\/wp\/v2\/posts\/167677","targetHints":{"allow":["GET"]}}],"collection":[{"href":"https:\/\/aconteceunovale.com.br\/portal\/index.php?rest_route=\/wp\/v2\/posts"}],"about":[{"href":"https:\/\/aconteceunovale.com.br\/portal\/index.php?rest_route=\/wp\/v2\/types\/post"}],"author":[{"embeddable":true,"href":"https:\/\/aconteceunovale.com.br\/portal\/index.php?rest_route=\/wp\/v2\/users\/4"}],"replies":[{"embeddable":true,"href":"https:\/\/aconteceunovale.com.br\/portal\/index.php?rest_route=%2Fwp%2Fv2%2Fcomments&post=167677"}],"version-history":[{"count":1,"href":"https:\/\/aconteceunovale.com.br\/portal\/index.php?rest_route=\/wp\/v2\/posts\/167677\/revisions"}],"predecessor-version":[{"id":167678,"href":"https:\/\/aconteceunovale.com.br\/portal\/index.php?rest_route=\/wp\/v2\/posts\/167677\/revisions\/167678"}],"wp:featuredmedia":[{"embeddable":true,"href":"https:\/\/aconteceunovale.com.br\/portal\/index.php?rest_route=\/wp\/v2\/media\/151866"}],"wp:attachment":[{"href":"https:\/\/aconteceunovale.com.br\/portal\/index.php?rest_route=%2Fwp%2Fv2%2Fmedia&parent=167677"}],"wp:term":[{"taxonomy":"category","embeddable":true,"href":"https:\/\/aconteceunovale.com.br\/portal\/index.php?rest_route=%2Fwp%2Fv2%2Fcategories&post=167677"},{"taxonomy":"post_tag","embeddable":true,"href":"https:\/\/aconteceunovale.com.br\/portal\/index.php?rest_route=%2Fwp%2Fv2%2Ftags&post=167677"}],"curies":[{"name":"wp","href":"https:\/\/api.w.org\/{rel}","templated":true}]}}