{"id":167674,"date":"2020-08-23T20:44:17","date_gmt":"2020-08-23T23:44:17","guid":{"rendered":"https:\/\/aconteceunovale.com.br\/portal\/?p=167674"},"modified":"2020-08-23T20:44:54","modified_gmt":"2020-08-23T23:44:54","slug":"suspeito-de-participacao-em-cerca-de-30-homicidios-e-preso-em-governador-valadares","status":"publish","type":"post","link":"https:\/\/aconteceunovale.com.br\/portal\/?p=167674","title":{"rendered":"Suspeito de participa\u00e7\u00e3o em cerca de 30 homic\u00eddios \u00e9 preso em Governador Valadares"},"content":{"rendered":"\n<p>Um homem de 43 anos foi preso em Governador Valadares, no Leste de Minas, na sexta-feira (21\/8\/2020). A opera\u00e7\u00e3o foi realizada pela For\u00e7a Integrada de Combate ao Crime Organizado (FICCO), coordenada pela Pol\u00edcia Federal e integrada pelas Pol\u00edcias Civil, Militar, Penal e Rodovi\u00e1ria Federal.<\/p>\n\n\n\n<p>De acordo com a FICCO, o autor \u00e9 considerado um dos chefes do tr\u00e1fico de drogas nos estados do Esp\u00edrito Santo e Bahia. Ele estava foragido h\u00e1 quatro meses e foi localizado no bairro Vale Pastoril.<\/p>\n\n\n\n<p>Ainda segundo a FICCO, o mandado de pris\u00e3o foi expedido pela 1\u00aa Vara Criminal de S\u00e3o Mateus (ES), pelos crimes de tr\u00e1fico de drogas, associa\u00e7\u00e3o para o tr\u00e1fico e porte ilegal de arma de fogo de uso restrito. O homem \u00e9 suspeito de participar de, aproximadamente, 30 homic\u00eddios.<\/p>\n\n\n\n<p>A FICCO informou ainda que, no momento da pris\u00e3o, foram encontrados com ele duas pistolas, de calibre .40 e .22, e um rifle de calibre .22.<\/p>\n\n\n\n<p>O autor foi encaminhado para a Delegacia Regional da Pol\u00edcia Federal em Governador Valadares para ser ouvido e autuado em flagrante, e depois levado para o Sistema Prisional de Minas Gerais.<\/p>\n\n\n\n<figure class=\"wp-block-gallery columns-1 is-cropped wp-block-gallery-1 is-layout-flex wp-block-gallery-is-layout-flex\"><ul class=\"blocks-gallery-grid\"><li class=\"blocks-gallery-item\"><figure><img loading=\"lazy\" decoding=\"async\" width=\"678\" height=\"378\" src=\"https:\/\/aconteceunovale.com.br\/portal\/wp-content\/uploads\/2020\/08\/preso_armas_gv.jpeg\" alt=\"\" data-id=\"167675\" data-full-url=\"https:\/\/aconteceunovale.com.br\/portal\/wp-content\/uploads\/2020\/08\/preso_armas_gv.jpeg\" data-link=\"https:\/\/aconteceunovale.com.br\/portal\/?attachment_id=167675\" class=\"wp-image-167675\" srcset=\"https:\/\/aconteceunovale.com.br\/portal\/wp-content\/uploads\/2020\/08\/preso_armas_gv.jpeg 678w, https:\/\/aconteceunovale.com.br\/portal\/wp-content\/uploads\/2020\/08\/preso_armas_gv-300x167.jpeg 300w\" sizes=\"auto, (max-width: 678px) 100vw, 678px\" \/><figcaption class=\"blocks-gallery-item__caption\"><em>Foto: Pol\u00edcia Federal \/ Divulga\u00e7\u00e3o<\/em><\/figcaption><\/figure><\/li><\/ul><\/figure>\n\n\n\n<p class=\"has-pale-cyan-blue-background-color has-background\">Quer saber as not\u00edcias do <strong>Aconteceu no Vale<\/strong> em primeira m\u00e3o? Siga-nos no Facebook <a rel=\"noreferrer noopener\" href=\"http:\/\/facebook.com\/aconteceunovale\" target=\"_blank\">@aconteceunovale<\/a>, Twitter <a rel=\"noreferrer noopener\" href=\"https:\/\/twitter.com\/noticiadosvales\" target=\"_blank\">@noticiadosvales<\/a> e Instagram <a rel=\"noreferrer noopener\" href=\"https:\/\/www.instagram.com\/aconteceunovale\" target=\"_blank\">@aconteceunovale<\/a>.<\/p>\n","protected":false},"excerpt":{"rendered":"<p>Um homem de 43 anos foi preso em Governador Valadares, no Leste de Minas, na sexta-feira (21\/8\/2020). A opera\u00e7\u00e3o foi realizada pela For\u00e7a Integrada de Combate ao Crime Organizado (FICCO), coordenada pela Pol\u00edcia Federal e integrada pelas Pol\u00edcias Civil, Militar, Penal e Rodovi\u00e1ria Federal. De acordo com a FICCO, o autor \u00e9 considerado um dos [&hellip;]<\/p>\n","protected":false},"author":4,"featured_media":167675,"comment_status":"open","ping_status":"closed","sticky":false,"template":"","format":"standard","meta":{"amp_status":"","footnotes":""},"categories":[6,121],"tags":[228027,247,48037,228028,15950,228026],"class_list":["post-167674","post","type-post","status-publish","format-standard","has-post-thumbnail","hentry","category-br","category-leste","tag-foragido-da-justica-localizado-em-governador-valadares","tag-governador-valadares","tag-preso-em-governador-valadares","tag-preso-em-operacao-da-ficco-em-governador-valadares","tag-sao-mateus","tag-suspeito-de-participacao-em-cerca-de-30-homicidios-e-preso-em-governador-valadares"],"_links":{"self":[{"href":"https:\/\/aconteceunovale.com.br\/portal\/index.php?rest_route=\/wp\/v2\/posts\/167674","targetHints":{"allow":["GET"]}}],"collection":[{"href":"https:\/\/aconteceunovale.com.br\/portal\/index.php?rest_route=\/wp\/v2\/posts"}],"about":[{"href":"https:\/\/aconteceunovale.com.br\/portal\/index.php?rest_route=\/wp\/v2\/types\/post"}],"author":[{"embeddable":true,"href":"https:\/\/aconteceunovale.com.br\/portal\/index.php?rest_route=\/wp\/v2\/users\/4"}],"replies":[{"embeddable":true,"href":"https:\/\/aconteceunovale.com.br\/portal\/index.php?rest_route=%2Fwp%2Fv2%2Fcomments&post=167674"}],"version-history":[{"count":1,"href":"https:\/\/aconteceunovale.com.br\/portal\/index.php?rest_route=\/wp\/v2\/posts\/167674\/revisions"}],"predecessor-version":[{"id":167676,"href":"https:\/\/aconteceunovale.com.br\/portal\/index.php?rest_route=\/wp\/v2\/posts\/167674\/revisions\/167676"}],"wp:featuredmedia":[{"embeddable":true,"href":"https:\/\/aconteceunovale.com.br\/portal\/index.php?rest_route=\/wp\/v2\/media\/167675"}],"wp:attachment":[{"href":"https:\/\/aconteceunovale.com.br\/portal\/index.php?rest_route=%2Fwp%2Fv2%2Fmedia&parent=167674"}],"wp:term":[{"taxonomy":"category","embeddable":true,"href":"https:\/\/aconteceunovale.com.br\/portal\/index.php?rest_route=%2Fwp%2Fv2%2Fcategories&post=167674"},{"taxonomy":"post_tag","embeddable":true,"href":"https:\/\/aconteceunovale.com.br\/portal\/index.php?rest_route=%2Fwp%2Fv2%2Ftags&post=167674"}],"curies":[{"name":"wp","href":"https:\/\/api.w.org\/{rel}","templated":true}]}}