{"id":167595,"date":"2020-08-20T17:31:26","date_gmt":"2020-08-20T20:31:26","guid":{"rendered":"https:\/\/aconteceunovale.com.br\/portal\/?p=167595"},"modified":"2020-08-20T17:31:40","modified_gmt":"2020-08-20T20:31:40","slug":"entrega-de-animais-silvestres-e-exoticos-cresce-71-em-minas-gerais","status":"publish","type":"post","link":"https:\/\/aconteceunovale.com.br\/portal\/?p=167595","title":{"rendered":"Entrega de animais silvestres e ex\u00f3ticos cresce 71% em Minas Gerais"},"content":{"rendered":"\n<p>As entregas volunt\u00e1rias de animais silvestres e ex\u00f3ticos que estavam sob tutela indevida em Minas Gerais aumentaram 71%, entre janeiro e julho de 2020, nos Centros de Triagem e Reabilita\u00e7\u00e3o de Animais Silvestres do&nbsp;<a href=\"http:\/\/ief.mg.gov.br\/\" target=\"_blank\" rel=\"noreferrer noopener\">Instituto Estadual de Florestas (IEF)<\/a>. O \u00f3rg\u00e3o \u00e9 respons\u00e1vel pela gest\u00e3o da fauna silvestre e ex\u00f3tica em cativeiro e por garantir, em parceria com o Instituto Brasileiro de Meio Ambiente e dos Recursos Naturais Renov\u00e1veis (Ibama), a reabilita\u00e7\u00e3o desses animais no&nbsp;estado.&nbsp;<\/p>\n\n\n\n<p>Balan\u00e7o da Diretoria de Prote\u00e7\u00e3o \u00e0 Fauna do IEF aponta que, nos primeiros sete meses de 2020, o instituto recebeu 575 animais silvestres e ex\u00f3ticos, contra 336 no mesmo per\u00edodo de 2019. Diante do aumento das entregas, os dois \u00f3rg\u00e3os\u00a0prepararam\u00a0esclarecimentos sobre a guarda em cativeiro. Para ter acesso ao documento,\u00a0<a rel=\"noreferrer noopener\" href=\"http:\/\/www.ief.mg.gov.br\/images\/stories\/2020\/MATERIAS\/AGOSTO\/IBAMA_-_IEF_13-08-2020.pdf\" target=\"_blank\">clique aqui<\/a>.<\/p>\n\n\n\n<figure class=\"wp-block-gallery columns-1 is-cropped wp-block-gallery-1 is-layout-flex wp-block-gallery-is-layout-flex\"><ul class=\"blocks-gallery-grid\"><li class=\"blocks-gallery-item\"><figure><img loading=\"lazy\" decoding=\"async\" width=\"678\" height=\"450\" src=\"https:\/\/aconteceunovale.com.br\/portal\/wp-content\/uploads\/2020\/08\/animais_mg_1.jpeg\" alt=\"\" data-id=\"167596\" data-full-url=\"https:\/\/aconteceunovale.com.br\/portal\/wp-content\/uploads\/2020\/08\/animais_mg_1.jpeg\" data-link=\"https:\/\/aconteceunovale.com.br\/portal\/?attachment_id=167596\" class=\"wp-image-167596\" srcset=\"https:\/\/aconteceunovale.com.br\/portal\/wp-content\/uploads\/2020\/08\/animais_mg_1.jpeg 678w, https:\/\/aconteceunovale.com.br\/portal\/wp-content\/uploads\/2020\/08\/animais_mg_1-300x199.jpeg 300w, https:\/\/aconteceunovale.com.br\/portal\/wp-content\/uploads\/2020\/08\/animais_mg_1-633x420.jpeg 633w\" sizes=\"auto, (max-width: 678px) 100vw, 678px\" \/><figcaption class=\"blocks-gallery-item__caption\"><em>Foto: Evandro Rodney \/ IEF<\/em><\/figcaption><\/figure><\/li><\/ul><\/figure>\n\n\n\n<p><strong>Onde levar<\/strong><\/p>\n\n\n\n<p>A entrega de animais silvestres ou ex\u00f3ticas pode ser feita nos Centros de Triagem de Animais Silvestres (Cetas) de Belo Horizonte, Juiz de Fora e Montes Claros e no Centro de Triagem e Reabilita\u00e7\u00e3o de Animais Silvestres (Cetras) de Patos de Minas.<\/p>\n\n\n\n<p>De acordo com a diretora de Prote\u00e7\u00e3o \u00e0 Fauna do IEF, Liliana Adriana Nappi Mateus, a fauna ex\u00f3tica corresponde \u00e0s esp\u00e9cies cuja distribui\u00e7\u00e3o geogr\u00e1fica original n\u00e3o inclui o territ\u00f3rio brasileiro,&nbsp;\u201cainda que sejam introduzidas pelo homem ou espontaneamente, em ambiente natural\u201d. Entre as esp\u00e9cies ex\u00f3ticas estrangeiras mais conhecidas est\u00e3o le\u00f5es, zebras, elefantes, ursos, crocodilos, najas, entre outros.&nbsp;<\/p>\n\n\n\n<p>Para fins de estima\u00e7\u00e3o, os animais ex\u00f3ticos mais comuns no Brasil s\u00e3o as aves, por exemplo, calopsitas, periquitos australianos, can\u00e1rios do reino e cacatuas.&nbsp;<\/p>\n\n\n\n<p>Entre as principais esp\u00e9cies silvestres entregues voluntariamente por particulares nos Centros de Triagem est\u00e3o os psitac\u00eddeos (papagaios, araras, maritacas e periquitos), seguidos de jabutis. Em rela\u00e7\u00e3o aos animais ex\u00f3ticos recebidos, destaca-se o tigre d\u2019\u00e1gua americano, tamb\u00e9m conhecido como tartaruga-de-orelha-vermelha.<\/p>\n\n\n\n<p><strong>Puni\u00e7\u00f5es<\/strong><\/p>\n\n\n\n<p>A\u00a0legisla\u00e7\u00e3o brasileira prev\u00ea penalidades para quem comercializa, mant\u00e9m ou guarda animais silvestres sem autoriza\u00e7\u00e3o ambiental\u00a0e\u00a0existem puni\u00e7\u00f5es espec\u00edficas para quem introduz esp\u00e9cies\u00a0ex\u00f3ticas\u00a0no pa\u00eds.\u00a0A\u00a0Lei de Crimes Ambientais prev\u00ea deten\u00e7\u00e3o de seis meses a um ano e multa para quem captura, vende e tem em dep\u00f3sito fauna silvestre sem autoriza\u00e7\u00e3o ambiental, e deten\u00e7\u00e3o de tr\u00eas meses a um ano e multa para quem introduzir fauna ex\u00f3tica.<\/p>\n\n\n\n<p><strong>Em casa<\/strong><\/p>\n\n\n\n<p>A manuten\u00e7\u00e3o de animais silvestres e ex\u00f3ticos \u00e9 autorizada desde que sejam seguidas as legisla\u00e7\u00f5es. Antes de adquirir uma esp\u00e9cie de um criadouro comercial ou comerciante de animais vivos \u00e9 importante verificar a regularidade do empreendimento. O interessado deve entrar em contato com o N\u00facleo de Biodiversidade do IEF do munic\u00edpio onde se encontra o criat\u00f3rio. Os endere\u00e7os podem ser acessados&nbsp;<a href=\"http:\/\/www.ief.mg.gov.br\/unidades-regionais-do-ief\" target=\"_blank\" rel=\"noreferrer noopener\">neste link<\/a>.<\/p>\n\n\n\n<p>Em seguida, as pessoas devem observar se os locais possuem autoriza\u00e7\u00f5es de uso e manejo de fauna silvestre v\u00e1lidas.&nbsp;O&nbsp;animal a ser vendido deve constar na lista de esp\u00e9cies autorizadas.<\/p>\n\n\n\n<p>A esp\u00e9cie deve estar acompanhada de nota fiscal; autoriza\u00e7\u00e3o de transporte emitida pelo Sisfauna e cartilha com descri\u00e7\u00e3o do manejo e com orienta\u00e7\u00f5es b\u00e1sicas sobre alimenta\u00e7\u00e3o, fornecimento de \u00e1gua, abrigo, exerc\u00edcio, repouso, poss\u00edveis doen\u00e7as, aspectos sanit\u00e1rios das instala\u00e7\u00f5es, cuidados de trato e manejo.<\/p>\n\n\n\n<p>O comprador deve estar ciente que n\u00e3o deve jamais reproduzir, fazer uso cient\u00edfico, laboratorial, comercial ou exposi\u00e7\u00e3o \u00e0 visita\u00e7\u00e3o p\u00fablica os animais silvestres comprados com a finalidade de estima\u00e7\u00e3o. Desta forma, os animais eventualmente nascidos em resid\u00eancias s\u00e3o sempre ilegais e a reprodu\u00e7\u00e3o deve ser comunicada ao IEF e os filhotes entregues ao \u00f3rg\u00e3o ambiental.<\/p>\n\n\n\n<p>\u201c\u00c9 importante ressaltar tamb\u00e9m que, independentemente&nbsp;do que possa ocorrer, estes animais n\u00e3o devem nunca ser soltos na natureza. Os animais silvestres ou ex\u00f3ticos devem ser entregues \u00e0s institui\u00e7\u00f5es ambientais, de prefer\u00eancia nos Centros de Triagem e Reabilita\u00e7\u00e3o de Animais Silvestres\u201d, destaca a diretora do IEF, Liliana Nappi.<\/p>\n\n\n\n<p>Os endere\u00e7os e telefones dos Cetas e do Cetras podem ser conferidos no&nbsp;<a href=\"http:\/\/www.ief.mg.gov.br\/fauna\/cetas\" target=\"_blank\" rel=\"noreferrer noopener\">site do IEF<\/a>.&nbsp;Mais orienta\u00e7\u00f5es&nbsp;tamb\u00e9m&nbsp;est\u00e3o dispon\u00edveis nos sites do&nbsp;<a href=\"http:\/\/www.ief.mg.gov.br\/fauna\" target=\"_blank\" rel=\"noreferrer noopener\">IEF<\/a>&nbsp;e do&nbsp;<a href=\"https:\/\/www.gov.br\/ibama\/pt-br\/assuntos\/noticias\/2020\/entenda-as-regras-para-criacao-de-animais-silvestres\" target=\"_blank\" rel=\"noreferrer noopener\">Ibama<\/a>. O cidad\u00e3o ainda pode denunciar a cria\u00e7\u00e3o e a manuten\u00e7\u00e3o de animais silvestres e ex\u00f3ticos em cativeiro irregular nos seguintes contatos:<\/p>\n\n\n\n<ul class=\"wp-block-list\"><li>Linha Verde do Ibama &#8211; 0800-61-8080<\/li><li>Pol\u00edcia Militar de Meio Ambiente (PM Mamb) &#8211; (31) 2123-1600\/1635<\/li><li>Disque Den\u00fancia 181<\/li><\/ul>\n\n\n\n<figure class=\"wp-block-gallery columns-1 is-cropped wp-block-gallery-2 is-layout-flex wp-block-gallery-is-layout-flex\"><ul class=\"blocks-gallery-grid\"><li class=\"blocks-gallery-item\"><figure><img loading=\"lazy\" decoding=\"async\" width=\"678\" height=\"450\" src=\"https:\/\/aconteceunovale.com.br\/portal\/wp-content\/uploads\/2020\/08\/animais_mg_4.jpeg\" alt=\"\" data-id=\"167597\" data-full-url=\"https:\/\/aconteceunovale.com.br\/portal\/wp-content\/uploads\/2020\/08\/animais_mg_4.jpeg\" data-link=\"https:\/\/aconteceunovale.com.br\/portal\/?attachment_id=167597\" class=\"wp-image-167597\" srcset=\"https:\/\/aconteceunovale.com.br\/portal\/wp-content\/uploads\/2020\/08\/animais_mg_4.jpeg 678w, https:\/\/aconteceunovale.com.br\/portal\/wp-content\/uploads\/2020\/08\/animais_mg_4-300x199.jpeg 300w, https:\/\/aconteceunovale.com.br\/portal\/wp-content\/uploads\/2020\/08\/animais_mg_4-633x420.jpeg 633w\" sizes=\"auto, (max-width: 678px) 100vw, 678px\" \/><figcaption class=\"blocks-gallery-item__caption\"><em>Foto: Evandro Rodney \/ IEF<\/em><\/figcaption><\/figure><\/li><li class=\"blocks-gallery-item\"><figure><img loading=\"lazy\" decoding=\"async\" width=\"678\" height=\"450\" src=\"https:\/\/aconteceunovale.com.br\/portal\/wp-content\/uploads\/2020\/08\/animais_mg_3.jpeg\" alt=\"\" data-id=\"167598\" data-full-url=\"https:\/\/aconteceunovale.com.br\/portal\/wp-content\/uploads\/2020\/08\/animais_mg_3.jpeg\" data-link=\"https:\/\/aconteceunovale.com.br\/portal\/?attachment_id=167598\" class=\"wp-image-167598\" srcset=\"https:\/\/aconteceunovale.com.br\/portal\/wp-content\/uploads\/2020\/08\/animais_mg_3.jpeg 678w, https:\/\/aconteceunovale.com.br\/portal\/wp-content\/uploads\/2020\/08\/animais_mg_3-300x199.jpeg 300w, https:\/\/aconteceunovale.com.br\/portal\/wp-content\/uploads\/2020\/08\/animais_mg_3-633x420.jpeg 633w\" sizes=\"auto, (max-width: 678px) 100vw, 678px\" \/><figcaption class=\"blocks-gallery-item__caption\"><em>Foto: Evandro Rodney \/ IEF<\/em><\/figcaption><\/figure><\/li><li class=\"blocks-gallery-item\"><figure><img loading=\"lazy\" decoding=\"async\" width=\"678\" height=\"450\" src=\"https:\/\/aconteceunovale.com.br\/portal\/wp-content\/uploads\/2020\/08\/animais_mg_2.jpeg\" alt=\"\" data-id=\"167599\" data-full-url=\"https:\/\/aconteceunovale.com.br\/portal\/wp-content\/uploads\/2020\/08\/animais_mg_2.jpeg\" data-link=\"https:\/\/aconteceunovale.com.br\/portal\/?attachment_id=167599\" class=\"wp-image-167599\" srcset=\"https:\/\/aconteceunovale.com.br\/portal\/wp-content\/uploads\/2020\/08\/animais_mg_2.jpeg 678w, https:\/\/aconteceunovale.com.br\/portal\/wp-content\/uploads\/2020\/08\/animais_mg_2-300x199.jpeg 300w, https:\/\/aconteceunovale.com.br\/portal\/wp-content\/uploads\/2020\/08\/animais_mg_2-633x420.jpeg 633w\" sizes=\"auto, (max-width: 678px) 100vw, 678px\" \/><figcaption class=\"blocks-gallery-item__caption\"><em>Foto: Evandro Rodney \/ IEF<\/em><\/figcaption><\/figure><\/li><\/ul><\/figure>\n\n\n\n<p class=\"has-pale-cyan-blue-background-color has-background\">Quer saber as not\u00edcias do <strong>Aconteceu no Vale<\/strong> em primeira m\u00e3o? Siga-nos no Facebook <a rel=\"noreferrer noopener\" href=\"http:\/\/facebook.com\/aconteceunovale\" target=\"_blank\">@aconteceunovale<\/a>, Twitter <a rel=\"noreferrer noopener\" href=\"https:\/\/twitter.com\/noticiadosvales\" target=\"_blank\">@noticiadosvales<\/a> e Instagram <a rel=\"noreferrer noopener\" href=\"https:\/\/www.instagram.com\/aconteceunovale\" target=\"_blank\">@aconteceunovale<\/a>.<\/p>\n","protected":false},"excerpt":{"rendered":"<p>As entregas volunt\u00e1rias de animais silvestres e ex\u00f3ticos que estavam sob tutela indevida em Minas Gerais aumentaram 71%, entre janeiro e julho de 2020, nos Centros de Triagem e Reabilita\u00e7\u00e3o de Animais Silvestres do&nbsp;Instituto Estadual de Florestas (IEF). O \u00f3rg\u00e3o \u00e9 respons\u00e1vel pela gest\u00e3o da fauna silvestre e ex\u00f3tica em cativeiro e por garantir, em [&hellip;]<\/p>\n","protected":false},"author":4,"featured_media":167596,"comment_status":"open","ping_status":"closed","sticky":false,"template":"","format":"standard","meta":{"amp_status":"","footnotes":""},"categories":[123],"tags":[227913,227912,211368,194,1017,1018,227910,227911,227914,54148,748,219562,206,210,214,72668],"class_list":["post-167595","post","type-post","status-publish","format-standard","has-post-thumbnail","hentry","category-gerais","tag-animais-exoticos","tag-animais-silvestres","tag-animais-traficados-em-minas-gerais","tag-belo-horizonte","tag-bh","tag-destaque","tag-entrega-de-animais-silvestres-e-exoticos-cresce-71-em-minas-gerais","tag-entrega-de-animais-silvestres-e-exoticos-em-minas-gerais","tag-entrega-voluntaria-de-animais-em-minas-gerais","tag-ibama","tag-ief","tag-ief-mg","tag-juiz-de-fora","tag-montes-claros","tag-patos-de-minas","tag-trafico-de-animais-em-minas-gerais"],"_links":{"self":[{"href":"https:\/\/aconteceunovale.com.br\/portal\/index.php?rest_route=\/wp\/v2\/posts\/167595","targetHints":{"allow":["GET"]}}],"collection":[{"href":"https:\/\/aconteceunovale.com.br\/portal\/index.php?rest_route=\/wp\/v2\/posts"}],"about":[{"href":"https:\/\/aconteceunovale.com.br\/portal\/index.php?rest_route=\/wp\/v2\/types\/post"}],"author":[{"embeddable":true,"href":"https:\/\/aconteceunovale.com.br\/portal\/index.php?rest_route=\/wp\/v2\/users\/4"}],"replies":[{"embeddable":true,"href":"https:\/\/aconteceunovale.com.br\/portal\/index.php?rest_route=%2Fwp%2Fv2%2Fcomments&post=167595"}],"version-history":[{"count":1,"href":"https:\/\/aconteceunovale.com.br\/portal\/index.php?rest_route=\/wp\/v2\/posts\/167595\/revisions"}],"predecessor-version":[{"id":167600,"href":"https:\/\/aconteceunovale.com.br\/portal\/index.php?rest_route=\/wp\/v2\/posts\/167595\/revisions\/167600"}],"wp:featuredmedia":[{"embeddable":true,"href":"https:\/\/aconteceunovale.com.br\/portal\/index.php?rest_route=\/wp\/v2\/media\/167596"}],"wp:attachment":[{"href":"https:\/\/aconteceunovale.com.br\/portal\/index.php?rest_route=%2Fwp%2Fv2%2Fmedia&parent=167595"}],"wp:term":[{"taxonomy":"category","embeddable":true,"href":"https:\/\/aconteceunovale.com.br\/portal\/index.php?rest_route=%2Fwp%2Fv2%2Fcategories&post=167595"},{"taxonomy":"post_tag","embeddable":true,"href":"https:\/\/aconteceunovale.com.br\/portal\/index.php?rest_route=%2Fwp%2Fv2%2Ftags&post=167595"}],"curies":[{"name":"wp","href":"https:\/\/api.w.org\/{rel}","templated":true}]}}